{"id":310902,"date":"2023-08-13T07:09:33","date_gmt":"2023-08-13T10:09:33","guid":{"rendered":"https:\/\/www.notibras.com\/site\/?p=310902"},"modified":"2023-08-14T09:25:07","modified_gmt":"2023-08-14T12:25:07","slug":"chuva-de-meteoros-encanta-madrugada-dominical","status":"publish","type":"post","link":"https:\/\/www.notibras.com\/site\/chuva-de-meteoros-encanta-madrugada-dominical\/","title":{"rendered":"Chuva de meteoros encanta madrugada dominical"},"content":{"rendered":"<p>Quem esteve acordado nas regi\u00f5es Norte e Nordeste, e parte do Centro-Oeste de Bras\u00edlia para cima, observou, na madrugada deste domingo (13) o pico da chuva de meteoros Perseidas, fen\u00f4meno que resulta da passagem da Terra pela regi\u00e3o do espa\u00e7o onde est\u00e3o os detritos deixados pelo cometa 109P\/Swift-Tuttle, que d\u00e1 uma volta em torno do Sol a cada 133 anos e que entrou pela \u00faltima vez na parte interna do Sistema Solar em 1992.<\/p>\n<p>Observadores localizados em regi\u00f5es do Hemisf\u00e9rio Norte tiveram a melhor visualiza\u00e7\u00e3o do fen\u00f4meno astron\u00f4mico. Em seu pico, as pessoas viram de 50 a 75 meteoros por hora, nas condi\u00e7\u00f5es ideais. No Hemisf\u00e9rio Sul, a observa\u00e7\u00e3o foi um tanto limitada.<\/p>\n<p>De acordo com o astr\u00f4nomo Marcelo De Cicco, coordenador do Projeto Exoss, parceiro do Observat\u00f3rio Nacional, \u00f3rg\u00e3o do Minist\u00e9rio da Ci\u00eancia, Tecnologia e Inova\u00e7\u00e3o, essa chuva de meteoros \u00e9 talvez a mais popular. \u201cEst\u00e1 ativa durante os meses de ver\u00e3o no Hemisf\u00e9rio Norte, quando as condi\u00e7\u00f5es clim\u00e1ticas s\u00e3o mais favor\u00e1veis para a observa\u00e7\u00e3o das chamadas \u201cestrelas cadentes\u201d.<\/p>\n<p>A maioria dos meteoros Perseidas s\u00e3o fracos, mas a fase da Lua no pico da atividade favoreceuu a visualiza\u00e7\u00e3o dos meteoros. A Lua, em fase crescente e n\u00e3o interferiu na observa\u00e7\u00e3o como ocorreu no ano passado, explica o Observat\u00f3rio Nacional.<\/p>\n<p>A visibilidade nas regi\u00f5es Norte e Nordeste do Brasil ocorreu devido \u00e0 posi\u00e7\u00e3o do radiante das Perseidas, que \u00e9 visto na constela\u00e7\u00e3o de Perseu. O radiante \u00e9 um ponto no c\u00e9u de onde os meteoros parecem surgir.<\/p>\n<p>\u201cQuanto mais baixo est\u00e1 o radiante no c\u00e9u, menor o fluxo de meteoros observado. E como as Perseidas est\u00e3o baixas no horizonte, aqui no hemisf\u00e9rio sul, s\u00f3 ser\u00e1 poss\u00edvel observar uma parte dos meteoros, cerca de um quinto ou um ter\u00e7o dessa regi\u00e3o total que est\u00e1 irradiando\u201d, antecipou de Cicco.<\/p>\n<p>Esse fen\u00f4meno acontece quando a Terra passa pelas zonas de detritos deixadas pelos cometas. Eles s\u00e3o geralmente pequenos, desde part\u00edculas de poeira at\u00e9 pedregulhos e queimam rapidamente ao entrar em contato com a atmosfera do planeta. Conforme a rocha espacial cai em dire\u00e7\u00e3o \u00e0 Terra, a resist\u00eancia do ar, atuando no meteoroide, ocasiona a abla\u00e7\u00e3o, formando um \u201crastro\u201d brilhante.<\/p>\n<p>Do ponto de vista cient\u00edfico, o estudo das chuvas de meteoros permite estimar a quantidade e per\u00edodo de maior penetra\u00e7\u00e3o de detritos na Terra. A partir desse estudo, as miss\u00f5es espaciais e centros de controle de sat\u00e9lites podem elaborar meios de prote\u00e7\u00e3o de suas naves e equipamentos. Eles tamb\u00e9m importantes para o conhecimento da forma\u00e7\u00e3o do Sistema Solar.<\/p>\n","protected":false},"excerpt":{"rendered":"<p>Quem esteve acordado nas regi\u00f5es Norte e Nordeste, e parte do Centro-Oeste de Bras\u00edlia para cima, observou, na madrugada deste domingo (13) o pico da chuva de meteoros Perseidas, fen\u00f4meno que resulta da passagem da Terra pela regi\u00e3o do espa\u00e7o onde est\u00e3o os detritos deixados pelo cometa 109P\/Swift-Tuttle, que d\u00e1 uma volta em torno do [&hellip;]<\/p>\n","protected":false},"author":2,"featured_media":310903,"comment_status":"closed","ping_status":"closed","sticky":false,"template":"","format":"standard","meta":{"_acf_changed":false,"footnotes":""},"categories":[161],"tags":[],"class_list":["post-310902","post","type-post","status-publish","format-standard","has-post-thumbnail","hentry","category-quadradinho-em-foco"],"acf":[],"yoast_head":"<!-- This site is optimized with the Yoast SEO plugin v27.2 - https:\/\/yoast.com\/product\/yoast-seo-wordpress\/ -->\n<title>Chuva de meteoros encanta madrugada dominical - Notibras<\/title>\n<meta name=\"robots\" content=\"index, follow, max-snippet:-1, max-image-preview:large, max-video-preview:-1\" \/>\n<link rel=\"canonical\" href=\"https:\/\/www.notibras.com\/site\/chuva-de-meteoros-encanta-madrugada-dominical\/\" \/>\n<meta property=\"og:locale\" content=\"pt_BR\" \/>\n<meta property=\"og:type\" content=\"article\" \/>\n<meta property=\"og:title\" content=\"Chuva de meteoros encanta madrugada dominical - Notibras\" \/>\n<meta property=\"og:description\" content=\"Quem esteve acordado nas regi\u00f5es Norte e Nordeste, e parte do Centro-Oeste de Bras\u00edlia para cima, observou, na madrugada deste domingo (13) o pico da chuva de meteoros Perseidas, fen\u00f4meno que resulta da passagem da Terra pela regi\u00e3o do espa\u00e7o onde est\u00e3o os detritos deixados pelo cometa 109P\/Swift-Tuttle, que d\u00e1 uma volta em torno do [&hellip;]\" \/>\n<meta property=\"og:url\" content=\"https:\/\/www.notibras.com\/site\/chuva-de-meteoros-encanta-madrugada-dominical\/\" \/>\n<meta property=\"og:site_name\" content=\"Notibras\" \/>\n<meta property=\"article:publisher\" content=\"https:\/\/www.facebook.com\/notibras\/\" \/>\n<meta property=\"article:published_time\" content=\"2023-08-13T10:09:33+00:00\" \/>\n<meta property=\"article:modified_time\" content=\"2023-08-14T12:25:07+00:00\" \/>\n<meta property=\"og:image\" content=\"https:\/\/www.notibras.com\/site\/wp-content\/uploads\/2023\/08\/owen-humphreys.Reuters-Via-ABr.jpg\" \/>\n\t<meta property=\"og:image:width\" content=\"1170\" \/>\n\t<meta property=\"og:image:height\" content=\"700\" \/>\n\t<meta property=\"og:image:type\" content=\"image\/jpeg\" \/>\n<meta name=\"author\" content=\"Reda\u00e7\u00e3o\" \/>\n<meta name=\"twitter:card\" content=\"summary_large_image\" \/>\n<meta name=\"twitter:creator\" content=\"@Notibras\" \/>\n<meta name=\"twitter:site\" content=\"@Notibras\" \/>\n<meta name=\"twitter:label1\" content=\"Escrito por\" \/>\n\t<meta name=\"twitter:data1\" content=\"Reda\u00e7\u00e3o\" \/>\n\t<meta name=\"twitter:label2\" content=\"Est. tempo de leitura\" \/>\n\t<meta name=\"twitter:data2\" content=\"3 minutos\" \/>\n<script type=\"application\/ld+json\" class=\"yoast-schema-graph\">{\"@context\":\"https:\/\/schema.org\",\"@graph\":[{\"@type\":\"Article\",\"@id\":\"https:\/\/www.notibras.com\/site\/chuva-de-meteoros-encanta-madrugada-dominical\/#article\",\"isPartOf\":{\"@id\":\"https:\/\/www.notibras.com\/site\/chuva-de-meteoros-encanta-madrugada-dominical\/\"},\"author\":{\"name\":\"Reda\u00e7\u00e3o\",\"@id\":\"https:\/\/www.notibras.com\/site\/#\/schema\/person\/36ab0979449956132d3e5b517ea76ac8\"},\"headline\":\"Chuva de meteoros encanta madrugada dominical\",\"datePublished\":\"2023-08-13T10:09:33+00:00\",\"dateModified\":\"2023-08-14T12:25:07+00:00\",\"mainEntityOfPage\":{\"@id\":\"https:\/\/www.notibras.com\/site\/chuva-de-meteoros-encanta-madrugada-dominical\/\"},\"wordCount\":467,\"publisher\":{\"@id\":\"https:\/\/www.notibras.com\/site\/#organization\"},\"image\":{\"@id\":\"https:\/\/www.notibras.com\/site\/chuva-de-meteoros-encanta-madrugada-dominical\/#primaryimage\"},\"thumbnailUrl\":\"https:\/\/www.notibras.com\/site\/wp-content\/uploads\/2023\/08\/owen-humphreys.Reuters-Via-ABr.jpg\",\"articleSection\":[\"Quadradinho em Foco\"],\"inLanguage\":\"pt-BR\"},{\"@type\":\"WebPage\",\"@id\":\"https:\/\/www.notibras.com\/site\/chuva-de-meteoros-encanta-madrugada-dominical\/\",\"url\":\"https:\/\/www.notibras.com\/site\/chuva-de-meteoros-encanta-madrugada-dominical\/\",\"name\":\"Chuva de meteoros encanta madrugada dominical - Notibras\",\"isPartOf\":{\"@id\":\"https:\/\/www.notibras.com\/site\/#website\"},\"primaryImageOfPage\":{\"@id\":\"https:\/\/www.notibras.com\/site\/chuva-de-meteoros-encanta-madrugada-dominical\/#primaryimage\"},\"image\":{\"@id\":\"https:\/\/www.notibras.com\/site\/chuva-de-meteoros-encanta-madrugada-dominical\/#primaryimage\"},\"thumbnailUrl\":\"https:\/\/www.notibras.com\/site\/wp-content\/uploads\/2023\/08\/owen-humphreys.Reuters-Via-ABr.jpg\",\"datePublished\":\"2023-08-13T10:09:33+00:00\",\"dateModified\":\"2023-08-14T12:25:07+00:00\",\"breadcrumb\":{\"@id\":\"https:\/\/www.notibras.com\/site\/chuva-de-meteoros-encanta-madrugada-dominical\/#breadcrumb\"},\"inLanguage\":\"pt-BR\",\"potentialAction\":[{\"@type\":\"ReadAction\",\"target\":[\"https:\/\/www.notibras.com\/site\/chuva-de-meteoros-encanta-madrugada-dominical\/\"]}]},{\"@type\":\"ImageObject\",\"inLanguage\":\"pt-BR\",\"@id\":\"https:\/\/www.notibras.com\/site\/chuva-de-meteoros-encanta-madrugada-dominical\/#primaryimage\",\"url\":\"https:\/\/www.notibras.com\/site\/wp-content\/uploads\/2023\/08\/owen-humphreys.Reuters-Via-ABr.jpg\",\"contentUrl\":\"https:\/\/www.notibras.com\/site\/wp-content\/uploads\/2023\/08\/owen-humphreys.Reuters-Via-ABr.jpg\",\"width\":1170,\"height\":700},{\"@type\":\"BreadcrumbList\",\"@id\":\"https:\/\/www.notibras.com\/site\/chuva-de-meteoros-encanta-madrugada-dominical\/#breadcrumb\",\"itemListElement\":[{\"@type\":\"ListItem\",\"position\":1,\"name\":\"In\u00edcio\",\"item\":\"https:\/\/www.notibras.com\/site\/\"},{\"@type\":\"ListItem\",\"position\":2,\"name\":\"Chuva de meteoros encanta madrugada dominical\"}]},{\"@type\":\"WebSite\",\"@id\":\"https:\/\/www.notibras.com\/site\/#website\",\"url\":\"https:\/\/www.notibras.com\/site\/\",\"name\":\"Notibras\",\"description\":\"Not\u00edcias de Bras\u00edlia, do Brasil e do Mundo\",\"publisher\":{\"@id\":\"https:\/\/www.notibras.com\/site\/#organization\"},\"potentialAction\":[{\"@type\":\"SearchAction\",\"target\":{\"@type\":\"EntryPoint\",\"urlTemplate\":\"https:\/\/www.notibras.com\/site\/?s={search_term_string}\"},\"query-input\":{\"@type\":\"PropertyValueSpecification\",\"valueRequired\":true,\"valueName\":\"search_term_string\"}}],\"inLanguage\":\"pt-BR\"},{\"@type\":\"Organization\",\"@id\":\"https:\/\/www.notibras.com\/site\/#organization\",\"name\":\"Grupo Notibras de Comunica\u00e7\u00e3o\",\"url\":\"https:\/\/www.notibras.com\/site\/\",\"logo\":{\"@type\":\"ImageObject\",\"inLanguage\":\"pt-BR\",\"@id\":\"https:\/\/www.notibras.com\/site\/#\/schema\/logo\/image\/\",\"url\":\"https:\/\/www.notibras.com\/site\/wp-content\/uploads\/2023\/01\/notibras23.png\",\"contentUrl\":\"https:\/\/www.notibras.com\/site\/wp-content\/uploads\/2023\/01\/notibras23.png\",\"width\":350,\"height\":87,\"caption\":\"Grupo Notibras de Comunica\u00e7\u00e3o\"},\"image\":{\"@id\":\"https:\/\/www.notibras.com\/site\/#\/schema\/logo\/image\/\"},\"sameAs\":[\"https:\/\/www.facebook.com\/notibras\/\",\"https:\/\/x.com\/Notibras\",\"https:\/\/www.instagram.com\/notibras\/\"]},{\"@type\":\"Person\",\"@id\":\"https:\/\/www.notibras.com\/site\/#\/schema\/person\/36ab0979449956132d3e5b517ea76ac8\",\"name\":\"Reda\u00e7\u00e3o\",\"image\":{\"@type\":\"ImageObject\",\"inLanguage\":\"pt-BR\",\"@id\":\"https:\/\/secure.gravatar.com\/avatar\/e0a867bdedb85fd243eadf09663511f96fc81e0720a4a42581f334ad4303aa6b?s=96&d=mm&r=g\",\"url\":\"https:\/\/secure.gravatar.com\/avatar\/e0a867bdedb85fd243eadf09663511f96fc81e0720a4a42581f334ad4303aa6b?s=96&d=mm&r=g\",\"contentUrl\":\"https:\/\/secure.gravatar.com\/avatar\/e0a867bdedb85fd243eadf09663511f96fc81e0720a4a42581f334ad4303aa6b?s=96&d=mm&r=g\",\"caption\":\"Reda\u00e7\u00e3o\"}}]}<\/script>\n<!-- \/ Yoast SEO plugin. -->","yoast_head_json":{"title":"Chuva de meteoros encanta madrugada dominical - Notibras","robots":{"index":"index","follow":"follow","max-snippet":"max-snippet:-1","max-image-preview":"max-image-preview:large","max-video-preview":"max-video-preview:-1"},"canonical":"https:\/\/www.notibras.com\/site\/chuva-de-meteoros-encanta-madrugada-dominical\/","og_locale":"pt_BR","og_type":"article","og_title":"Chuva de meteoros encanta madrugada dominical - Notibras","og_description":"Quem esteve acordado nas regi\u00f5es Norte e Nordeste, e parte do Centro-Oeste de Bras\u00edlia para cima, observou, na madrugada deste domingo (13) o pico da chuva de meteoros Perseidas, fen\u00f4meno que resulta da passagem da Terra pela regi\u00e3o do espa\u00e7o onde est\u00e3o os detritos deixados pelo cometa 109P\/Swift-Tuttle, que d\u00e1 uma volta em torno do [&hellip;]","og_url":"https:\/\/www.notibras.com\/site\/chuva-de-meteoros-encanta-madrugada-dominical\/","og_site_name":"Notibras","article_publisher":"https:\/\/www.facebook.com\/notibras\/","article_published_time":"2023-08-13T10:09:33+00:00","article_modified_time":"2023-08-14T12:25:07+00:00","og_image":[{"width":1170,"height":700,"url":"https:\/\/www.notibras.com\/site\/wp-content\/uploads\/2023\/08\/owen-humphreys.Reuters-Via-ABr.jpg","type":"image\/jpeg"}],"author":"Reda\u00e7\u00e3o","twitter_card":"summary_large_image","twitter_creator":"@Notibras","twitter_site":"@Notibras","twitter_misc":{"Escrito por":"Reda\u00e7\u00e3o","Est. tempo de leitura":"3 minutos"},"schema":{"@context":"https:\/\/schema.org","@graph":[{"@type":"Article","@id":"https:\/\/www.notibras.com\/site\/chuva-de-meteoros-encanta-madrugada-dominical\/#article","isPartOf":{"@id":"https:\/\/www.notibras.com\/site\/chuva-de-meteoros-encanta-madrugada-dominical\/"},"author":{"name":"Reda\u00e7\u00e3o","@id":"https:\/\/www.notibras.com\/site\/#\/schema\/person\/36ab0979449956132d3e5b517ea76ac8"},"headline":"Chuva de meteoros encanta madrugada dominical","datePublished":"2023-08-13T10:09:33+00:00","dateModified":"2023-08-14T12:25:07+00:00","mainEntityOfPage":{"@id":"https:\/\/www.notibras.com\/site\/chuva-de-meteoros-encanta-madrugada-dominical\/"},"wordCount":467,"publisher":{"@id":"https:\/\/www.notibras.com\/site\/#organization"},"image":{"@id":"https:\/\/www.notibras.com\/site\/chuva-de-meteoros-encanta-madrugada-dominical\/#primaryimage"},"thumbnailUrl":"https:\/\/www.notibras.com\/site\/wp-content\/uploads\/2023\/08\/owen-humphreys.Reuters-Via-ABr.jpg","articleSection":["Quadradinho em Foco"],"inLanguage":"pt-BR"},{"@type":"WebPage","@id":"https:\/\/www.notibras.com\/site\/chuva-de-meteoros-encanta-madrugada-dominical\/","url":"https:\/\/www.notibras.com\/site\/chuva-de-meteoros-encanta-madrugada-dominical\/","name":"Chuva de meteoros encanta madrugada dominical - Notibras","isPartOf":{"@id":"https:\/\/www.notibras.com\/site\/#website"},"primaryImageOfPage":{"@id":"https:\/\/www.notibras.com\/site\/chuva-de-meteoros-encanta-madrugada-dominical\/#primaryimage"},"image":{"@id":"https:\/\/www.notibras.com\/site\/chuva-de-meteoros-encanta-madrugada-dominical\/#primaryimage"},"thumbnailUrl":"https:\/\/www.notibras.com\/site\/wp-content\/uploads\/2023\/08\/owen-humphreys.Reuters-Via-ABr.jpg","datePublished":"2023-08-13T10:09:33+00:00","dateModified":"2023-08-14T12:25:07+00:00","breadcrumb":{"@id":"https:\/\/www.notibras.com\/site\/chuva-de-meteoros-encanta-madrugada-dominical\/#breadcrumb"},"inLanguage":"pt-BR","potentialAction":[{"@type":"ReadAction","target":["https:\/\/www.notibras.com\/site\/chuva-de-meteoros-encanta-madrugada-dominical\/"]}]},{"@type":"ImageObject","inLanguage":"pt-BR","@id":"https:\/\/www.notibras.com\/site\/chuva-de-meteoros-encanta-madrugada-dominical\/#primaryimage","url":"https:\/\/www.notibras.com\/site\/wp-content\/uploads\/2023\/08\/owen-humphreys.Reuters-Via-ABr.jpg","contentUrl":"https:\/\/www.notibras.com\/site\/wp-content\/uploads\/2023\/08\/owen-humphreys.Reuters-Via-ABr.jpg","width":1170,"height":700},{"@type":"BreadcrumbList","@id":"https:\/\/www.notibras.com\/site\/chuva-de-meteoros-encanta-madrugada-dominical\/#breadcrumb","itemListElement":[{"@type":"ListItem","position":1,"name":"In\u00edcio","item":"https:\/\/www.notibras.com\/site\/"},{"@type":"ListItem","position":2,"name":"Chuva de meteoros encanta madrugada dominical"}]},{"@type":"WebSite","@id":"https:\/\/www.notibras.com\/site\/#website","url":"https:\/\/www.notibras.com\/site\/","name":"Notibras","description":"Not\u00edcias de Bras\u00edlia, do Brasil e do Mundo","publisher":{"@id":"https:\/\/www.notibras.com\/site\/#organization"},"potentialAction":[{"@type":"SearchAction","target":{"@type":"EntryPoint","urlTemplate":"https:\/\/www.notibras.com\/site\/?s={search_term_string}"},"query-input":{"@type":"PropertyValueSpecification","valueRequired":true,"valueName":"search_term_string"}}],"inLanguage":"pt-BR"},{"@type":"Organization","@id":"https:\/\/www.notibras.com\/site\/#organization","name":"Grupo Notibras de Comunica\u00e7\u00e3o","url":"https:\/\/www.notibras.com\/site\/","logo":{"@type":"ImageObject","inLanguage":"pt-BR","@id":"https:\/\/www.notibras.com\/site\/#\/schema\/logo\/image\/","url":"https:\/\/www.notibras.com\/site\/wp-content\/uploads\/2023\/01\/notibras23.png","contentUrl":"https:\/\/www.notibras.com\/site\/wp-content\/uploads\/2023\/01\/notibras23.png","width":350,"height":87,"caption":"Grupo Notibras de Comunica\u00e7\u00e3o"},"image":{"@id":"https:\/\/www.notibras.com\/site\/#\/schema\/logo\/image\/"},"sameAs":["https:\/\/www.facebook.com\/notibras\/","https:\/\/x.com\/Notibras","https:\/\/www.instagram.com\/notibras\/"]},{"@type":"Person","@id":"https:\/\/www.notibras.com\/site\/#\/schema\/person\/36ab0979449956132d3e5b517ea76ac8","name":"Reda\u00e7\u00e3o","image":{"@type":"ImageObject","inLanguage":"pt-BR","@id":"https:\/\/secure.gravatar.com\/avatar\/e0a867bdedb85fd243eadf09663511f96fc81e0720a4a42581f334ad4303aa6b?s=96&d=mm&r=g","url":"https:\/\/secure.gravatar.com\/avatar\/e0a867bdedb85fd243eadf09663511f96fc81e0720a4a42581f334ad4303aa6b?s=96&d=mm&r=g","contentUrl":"https:\/\/secure.gravatar.com\/avatar\/e0a867bdedb85fd243eadf09663511f96fc81e0720a4a42581f334ad4303aa6b?s=96&d=mm&r=g","caption":"Reda\u00e7\u00e3o"}}]}},"amp_enabled":true,"_links":{"self":[{"href":"https:\/\/www.notibras.com\/site\/wp-json\/wp\/v2\/posts\/310902","targetHints":{"allow":["GET"]}}],"collection":[{"href":"https:\/\/www.notibras.com\/site\/wp-json\/wp\/v2\/posts"}],"about":[{"href":"https:\/\/www.notibras.com\/site\/wp-json\/wp\/v2\/types\/post"}],"author":[{"embeddable":true,"href":"https:\/\/www.notibras.com\/site\/wp-json\/wp\/v2\/users\/2"}],"replies":[{"embeddable":true,"href":"https:\/\/www.notibras.com\/site\/wp-json\/wp\/v2\/comments?post=310902"}],"version-history":[{"count":1,"href":"https:\/\/www.notibras.com\/site\/wp-json\/wp\/v2\/posts\/310902\/revisions"}],"predecessor-version":[{"id":310904,"href":"https:\/\/www.notibras.com\/site\/wp-json\/wp\/v2\/posts\/310902\/revisions\/310904"}],"wp:featuredmedia":[{"embeddable":true,"href":"https:\/\/www.notibras.com\/site\/wp-json\/wp\/v2\/media\/310903"}],"wp:attachment":[{"href":"https:\/\/www.notibras.com\/site\/wp-json\/wp\/v2\/media?parent=310902"}],"wp:term":[{"taxonomy":"category","embeddable":true,"href":"https:\/\/www.notibras.com\/site\/wp-json\/wp\/v2\/categories?post=310902"},{"taxonomy":"post_tag","embeddable":true,"href":"https:\/\/www.notibras.com\/site\/wp-json\/wp\/v2\/tags?post=310902"}],"curies":[{"name":"wp","href":"https:\/\/api.w.org\/{rel}","templated":true}]}}