{"id":310905,"date":"2023-08-14T00:00:16","date_gmt":"2023-08-14T03:00:16","guid":{"rendered":"https:\/\/www.notibras.com\/site\/?p=310905"},"modified":"2023-08-14T09:23:47","modified_gmt":"2023-08-14T12:23:47","slug":"entenda-as-mudancas-aprovadas-na-camara","status":"publish","type":"post","link":"https:\/\/www.notibras.com\/site\/entenda-as-mudancas-aprovadas-na-camara\/","title":{"rendered":"Entenda as mudan\u00e7as aprovadas na C\u00e2mara"},"content":{"rendered":"<p>Nesta semana, foi aprovado na C\u00e2mara dos Deputados o projeto de lei com a revis\u00e3o da Lei de Cotas, que garante a reserva de vagas nas universidades e institutos federais para estudantes negros, pardos, ind\u00edgenas, com defici\u00eancia e de baixa renda da escola p\u00fablica. O projeto de lei n\u00ba 5384\/20 segue para avalia\u00e7\u00e3o do Senado Federal.<\/p>\n<p>A Lei 12.711\/12, que criou o sistema de cotas, j\u00e1 previa a reformula\u00e7\u00e3o da pol\u00edtica ap\u00f3s dez anos de implanta\u00e7\u00e3o, o que deveria ter ocorrido em 2022.<\/p>\n<p>Veja as mudan\u00e7as previstas no projeto de lei:<\/p>\n<p><strong>Redu\u00e7\u00e3o da renda<\/strong><br \/>\nMetade das vagas reservadas aos cotistas ser\u00e1 destinada aos estudantes com renda familiar de at\u00e9 um sal\u00e1rio m\u00ednimo (R$ 1.320) por pessoa. Atualmente, a renda familiar exigida \u00e9 de um sal\u00e1rio m\u00ednimo e meio per capita.<\/p>\n<p><strong>Quilombolas<\/strong><br \/>\nEst\u00e1 prevista a inclus\u00e3o de estudantes quilombolas nas cotas das universidades e institutos federais de ensino. At\u00e9 o momento, os alunos beneficiados s\u00e3o negros, pardos, ind\u00edgenas, com defici\u00eancia e de baixa renda da rede p\u00fablica.<\/p>\n<p><strong>Preenchimento das cotas<\/strong><br \/>\nO projeto traz um novo crit\u00e9rio para o preenchimento das cotas. Primeiro, os candidatos cotistas v\u00e3o concorrer \u00e0s vagas da ampla concorr\u00eancia. Se a nota n\u00e3o for suficiente para ingressar por meio desta modalidade, ir\u00e3o concorrer \u00e0s vagas destinadas aos seus subgrupos (pretos, pardos, ind\u00edgenas, quilombolas, pessoas com defici\u00eancia e alunos da escola p\u00fablica). Com isso, os cotistas ter\u00e3o mais de uma op\u00e7\u00e3o para entrar no curso universit\u00e1rio.<\/p>\n<p>Aux\u00edlio estudantil<br \/>\nOs estudantes que optarem pelas cotas ter\u00e3o prioridade para receber bolsa de perman\u00eancia e outro tipo de aux\u00edlio estudantil.<\/p>\n<p><strong>P\u00f3s-gradua\u00e7\u00e3o<\/strong><br \/>\nPelo projeto de lei, as institui\u00e7\u00f5es dever\u00e3o promover a\u00e7\u00f5es afirmativas para inclus\u00e3o de negros, ind\u00edgenas, quilombolas e pessoas com defici\u00eancia nos programas de p\u00f3s-gradua\u00e7\u00e3o. O projeto n\u00e3o define qual pol\u00edtica deve ser adotada, dando autonomia \u00e0s entidades. De acordo com o Minist\u00e9rio da Igualdade Racial, at\u00e9 dezembro de 2021, mais da metade dos programas de p\u00f3s-gradua\u00e7\u00e3o das universidades p\u00fablicas tinham algum tipo de a\u00e7\u00e3o afirmativa no processo seletivo.<\/p>\n<p><strong>Revis\u00e3o<\/strong><br \/>\nA cada dez anos, a pol\u00edtica de cotas dever\u00e1 passar uma avalia\u00e7\u00e3o, com monitoramento anual.<\/p>\n<p>Para o Minist\u00e9rio da Igualdade Racial, que atuou para a aprova\u00e7\u00e3o do PL, a previs\u00e3o de a\u00e7\u00f5es afirmativas nos programas de p\u00f3s-gradua\u00e7\u00e3o \u00e9 um avan\u00e7o.<\/p>\n<p>&#8220;A inclus\u00e3o da p\u00f3s-gradua\u00e7\u00e3o \u00e9 um avan\u00e7o significativo, especialmente porque a reda\u00e7\u00e3o n\u00e3o prev\u00ea necessariamente a modalidade de cotas. O projeto de lei reconhece a autonomia inerente aos programas de p\u00f3s-gradua\u00e7\u00e3o e estabelece como regra a proposta de a\u00e7\u00f5es afirmativas com flexibilidade para que cada programa possa propor e executar suas pol\u00edticas afirmativas de maneira a atender \u00e0s suas especificidades e \u00e0s diferen\u00e7as em seus processos seletivos\u201d, destaca a diretora de Pol\u00edticas de A\u00e7\u00f5es Afirmativas do minist\u00e9rio, Anna Venturini.<\/p>\n<p>A diretora da Faculdade de Comunica\u00e7\u00e3o da Universidade de Bras\u00edlia (UnB) e relatora da pol\u00edtica de cotas raciais na institui\u00e7\u00e3o em 2003, Dione Moura, avalia que a renova\u00e7\u00e3o das cotas \u00e9 necess\u00e1ria no pa\u00eds, por\u00e9m n\u00e3o se pode perder de vista que \u00e9 uma pol\u00edtica tempor\u00e1ria.<\/p>\n<p>\u201cA universidade \u00e9 a metade do caminho para forma\u00e7\u00e3o de pessoal qualificado para o mercado de trabalho. Esse trajeto come\u00e7a com cinco anos de idade, quando precisa ter creche. Depois, tem que ter pr\u00e9-escola, ensino fundamental, m\u00e9dio para chegar na universidade. Nesse percurso, estamos perdendo crian\u00e7as e jovens. A quest\u00e3o que impressiona e deixa a gente com a necessidade contundente de clamar, de reivindicar e destacar que a pol\u00edtica de cotas \u00e9 uma a\u00e7\u00e3o regulat\u00f3ria provis\u00f3ria. Permanente \u00e9 a educa\u00e7\u00e3o para todos\u201d, disse a pesquisadora e pioneira na implanta\u00e7\u00e3o de pol\u00edticas afirmativas no ensino superior do pa\u00eds.<\/p>\n<p><strong>O que diz a lei hoje<\/strong><br \/>\nSancionada em agosto de 2012, a Lei 12.711 estabeleceu reserva de 50% das matr\u00edculas nas universidades federais e institutos federais de ensino a alunos que cursaram o ensino m\u00e9dio em escolas p\u00fablicas. A outra metade continua com a ampla concorr\u00eancia.<\/p>\n<p>Dentro das cotas, metade \u00e9 para estudantes de escolas p\u00fablicas com renda familiar igual ou inferior a um sal\u00e1rio m\u00ednimo e meio por pessoa. Os 50% restantes para alunos da rede p\u00fablica com renda familiar acima desse valor. Nas duas situa\u00e7\u00f5es, h\u00e1 reserva de vagas para autodeclarados pretos, pardos e ind\u00edgenas a partir da propor\u00e7\u00e3o desses grupos na popula\u00e7\u00e3o total da unidade da Federa\u00e7\u00e3o onde a institui\u00e7\u00e3o est\u00e1 localizada, conforme dados do Instituto Brasileiro de Geografia e Estat\u00edstica.<\/p>\n<p>Em 2017, as pessoas com defici\u00eancia passaram a ter tamb\u00e9m acesso \u00e0s cotas, com base na proporcionalidade da popula\u00e7\u00e3o do estado e Distrito Federal.<\/p>\n","protected":false},"excerpt":{"rendered":"<p>Nesta semana, foi aprovado na C\u00e2mara dos Deputados o projeto de lei com a revis\u00e3o da Lei de Cotas, que garante a reserva de vagas nas universidades e institutos federais para estudantes negros, pardos, ind\u00edgenas, com defici\u00eancia e de baixa renda da escola p\u00fablica. O projeto de lei n\u00ba 5384\/20 segue para avalia\u00e7\u00e3o do Senado [&hellip;]<\/p>\n","protected":false},"author":2,"featured_media":310906,"comment_status":"closed","ping_status":"closed","sticky":false,"template":"","format":"standard","meta":{"_acf_changed":false,"footnotes":""},"categories":[161],"tags":[],"class_list":["post-310905","post","type-post","status-publish","format-standard","has-post-thumbnail","hentry","category-quadradinho-em-foco"],"acf":[],"yoast_head":"<!-- This site is optimized with the Yoast SEO plugin v27.2 - https:\/\/yoast.com\/product\/yoast-seo-wordpress\/ -->\n<title>Entenda as mudan\u00e7as aprovadas na C\u00e2mara - Notibras<\/title>\n<meta name=\"robots\" content=\"index, follow, max-snippet:-1, max-image-preview:large, max-video-preview:-1\" \/>\n<link rel=\"canonical\" href=\"https:\/\/www.notibras.com\/site\/entenda-as-mudancas-aprovadas-na-camara\/\" \/>\n<meta property=\"og:locale\" content=\"pt_BR\" \/>\n<meta property=\"og:type\" content=\"article\" \/>\n<meta property=\"og:title\" content=\"Entenda as mudan\u00e7as aprovadas na C\u00e2mara - Notibras\" \/>\n<meta property=\"og:description\" content=\"Nesta semana, foi aprovado na C\u00e2mara dos Deputados o projeto de lei com a revis\u00e3o da Lei de Cotas, que garante a reserva de vagas nas universidades e institutos federais para estudantes negros, pardos, ind\u00edgenas, com defici\u00eancia e de baixa renda da escola p\u00fablica. O projeto de lei n\u00ba 5384\/20 segue para avalia\u00e7\u00e3o do Senado [&hellip;]\" \/>\n<meta property=\"og:url\" content=\"https:\/\/www.notibras.com\/site\/entenda-as-mudancas-aprovadas-na-camara\/\" \/>\n<meta property=\"og:site_name\" content=\"Notibras\" \/>\n<meta property=\"article:publisher\" content=\"https:\/\/www.facebook.com\/notibras\/\" \/>\n<meta property=\"article:published_time\" content=\"2023-08-14T03:00:16+00:00\" \/>\n<meta property=\"article:modified_time\" content=\"2023-08-14T12:23:47+00:00\" \/>\n<meta property=\"og:image\" content=\"https:\/\/www.notibras.com\/site\/wp-content\/uploads\/2023\/08\/unb_cotas_2-1.jpg\" \/>\n\t<meta property=\"og:image:width\" content=\"1170\" \/>\n\t<meta property=\"og:image:height\" content=\"700\" \/>\n\t<meta property=\"og:image:type\" content=\"image\/jpeg\" \/>\n<meta name=\"author\" content=\"Reda\u00e7\u00e3o\" \/>\n<meta name=\"twitter:card\" content=\"summary_large_image\" \/>\n<meta name=\"twitter:creator\" content=\"@Notibras\" \/>\n<meta name=\"twitter:site\" content=\"@Notibras\" \/>\n<meta name=\"twitter:label1\" content=\"Escrito por\" \/>\n\t<meta name=\"twitter:data1\" content=\"Reda\u00e7\u00e3o\" \/>\n\t<meta name=\"twitter:label2\" content=\"Est. tempo de leitura\" \/>\n\t<meta name=\"twitter:data2\" content=\"5 minutos\" \/>\n<script type=\"application\/ld+json\" class=\"yoast-schema-graph\">{\"@context\":\"https:\/\/schema.org\",\"@graph\":[{\"@type\":\"Article\",\"@id\":\"https:\/\/www.notibras.com\/site\/entenda-as-mudancas-aprovadas-na-camara\/#article\",\"isPartOf\":{\"@id\":\"https:\/\/www.notibras.com\/site\/entenda-as-mudancas-aprovadas-na-camara\/\"},\"author\":{\"name\":\"Reda\u00e7\u00e3o\",\"@id\":\"https:\/\/www.notibras.com\/site\/#\/schema\/person\/36ab0979449956132d3e5b517ea76ac8\"},\"headline\":\"Entenda as mudan\u00e7as aprovadas na C\u00e2mara\",\"datePublished\":\"2023-08-14T03:00:16+00:00\",\"dateModified\":\"2023-08-14T12:23:47+00:00\",\"mainEntityOfPage\":{\"@id\":\"https:\/\/www.notibras.com\/site\/entenda-as-mudancas-aprovadas-na-camara\/\"},\"wordCount\":846,\"publisher\":{\"@id\":\"https:\/\/www.notibras.com\/site\/#organization\"},\"image\":{\"@id\":\"https:\/\/www.notibras.com\/site\/entenda-as-mudancas-aprovadas-na-camara\/#primaryimage\"},\"thumbnailUrl\":\"https:\/\/www.notibras.com\/site\/wp-content\/uploads\/2023\/08\/unb_cotas_2-1.jpg\",\"articleSection\":[\"Quadradinho em Foco\"],\"inLanguage\":\"pt-BR\"},{\"@type\":\"WebPage\",\"@id\":\"https:\/\/www.notibras.com\/site\/entenda-as-mudancas-aprovadas-na-camara\/\",\"url\":\"https:\/\/www.notibras.com\/site\/entenda-as-mudancas-aprovadas-na-camara\/\",\"name\":\"Entenda as mudan\u00e7as aprovadas na C\u00e2mara - Notibras\",\"isPartOf\":{\"@id\":\"https:\/\/www.notibras.com\/site\/#website\"},\"primaryImageOfPage\":{\"@id\":\"https:\/\/www.notibras.com\/site\/entenda-as-mudancas-aprovadas-na-camara\/#primaryimage\"},\"image\":{\"@id\":\"https:\/\/www.notibras.com\/site\/entenda-as-mudancas-aprovadas-na-camara\/#primaryimage\"},\"thumbnailUrl\":\"https:\/\/www.notibras.com\/site\/wp-content\/uploads\/2023\/08\/unb_cotas_2-1.jpg\",\"datePublished\":\"2023-08-14T03:00:16+00:00\",\"dateModified\":\"2023-08-14T12:23:47+00:00\",\"breadcrumb\":{\"@id\":\"https:\/\/www.notibras.com\/site\/entenda-as-mudancas-aprovadas-na-camara\/#breadcrumb\"},\"inLanguage\":\"pt-BR\",\"potentialAction\":[{\"@type\":\"ReadAction\",\"target\":[\"https:\/\/www.notibras.com\/site\/entenda-as-mudancas-aprovadas-na-camara\/\"]}]},{\"@type\":\"ImageObject\",\"inLanguage\":\"pt-BR\",\"@id\":\"https:\/\/www.notibras.com\/site\/entenda-as-mudancas-aprovadas-na-camara\/#primaryimage\",\"url\":\"https:\/\/www.notibras.com\/site\/wp-content\/uploads\/2023\/08\/unb_cotas_2-1.jpg\",\"contentUrl\":\"https:\/\/www.notibras.com\/site\/wp-content\/uploads\/2023\/08\/unb_cotas_2-1.jpg\",\"width\":1170,\"height\":700},{\"@type\":\"BreadcrumbList\",\"@id\":\"https:\/\/www.notibras.com\/site\/entenda-as-mudancas-aprovadas-na-camara\/#breadcrumb\",\"itemListElement\":[{\"@type\":\"ListItem\",\"position\":1,\"name\":\"In\u00edcio\",\"item\":\"https:\/\/www.notibras.com\/site\/\"},{\"@type\":\"ListItem\",\"position\":2,\"name\":\"Entenda as mudan\u00e7as aprovadas na C\u00e2mara\"}]},{\"@type\":\"WebSite\",\"@id\":\"https:\/\/www.notibras.com\/site\/#website\",\"url\":\"https:\/\/www.notibras.com\/site\/\",\"name\":\"Notibras\",\"description\":\"Not\u00edcias de Bras\u00edlia, do Brasil e do Mundo\",\"publisher\":{\"@id\":\"https:\/\/www.notibras.com\/site\/#organization\"},\"potentialAction\":[{\"@type\":\"SearchAction\",\"target\":{\"@type\":\"EntryPoint\",\"urlTemplate\":\"https:\/\/www.notibras.com\/site\/?s={search_term_string}\"},\"query-input\":{\"@type\":\"PropertyValueSpecification\",\"valueRequired\":true,\"valueName\":\"search_term_string\"}}],\"inLanguage\":\"pt-BR\"},{\"@type\":\"Organization\",\"@id\":\"https:\/\/www.notibras.com\/site\/#organization\",\"name\":\"Grupo Notibras de Comunica\u00e7\u00e3o\",\"url\":\"https:\/\/www.notibras.com\/site\/\",\"logo\":{\"@type\":\"ImageObject\",\"inLanguage\":\"pt-BR\",\"@id\":\"https:\/\/www.notibras.com\/site\/#\/schema\/logo\/image\/\",\"url\":\"https:\/\/www.notibras.com\/site\/wp-content\/uploads\/2023\/01\/notibras23.png\",\"contentUrl\":\"https:\/\/www.notibras.com\/site\/wp-content\/uploads\/2023\/01\/notibras23.png\",\"width\":350,\"height\":87,\"caption\":\"Grupo Notibras de Comunica\u00e7\u00e3o\"},\"image\":{\"@id\":\"https:\/\/www.notibras.com\/site\/#\/schema\/logo\/image\/\"},\"sameAs\":[\"https:\/\/www.facebook.com\/notibras\/\",\"https:\/\/x.com\/Notibras\",\"https:\/\/www.instagram.com\/notibras\/\"]},{\"@type\":\"Person\",\"@id\":\"https:\/\/www.notibras.com\/site\/#\/schema\/person\/36ab0979449956132d3e5b517ea76ac8\",\"name\":\"Reda\u00e7\u00e3o\",\"image\":{\"@type\":\"ImageObject\",\"inLanguage\":\"pt-BR\",\"@id\":\"https:\/\/secure.gravatar.com\/avatar\/e0a867bdedb85fd243eadf09663511f96fc81e0720a4a42581f334ad4303aa6b?s=96&d=mm&r=g\",\"url\":\"https:\/\/secure.gravatar.com\/avatar\/e0a867bdedb85fd243eadf09663511f96fc81e0720a4a42581f334ad4303aa6b?s=96&d=mm&r=g\",\"contentUrl\":\"https:\/\/secure.gravatar.com\/avatar\/e0a867bdedb85fd243eadf09663511f96fc81e0720a4a42581f334ad4303aa6b?s=96&d=mm&r=g\",\"caption\":\"Reda\u00e7\u00e3o\"}}]}<\/script>\n<!-- \/ Yoast SEO plugin. -->","yoast_head_json":{"title":"Entenda as mudan\u00e7as aprovadas na C\u00e2mara - Notibras","robots":{"index":"index","follow":"follow","max-snippet":"max-snippet:-1","max-image-preview":"max-image-preview:large","max-video-preview":"max-video-preview:-1"},"canonical":"https:\/\/www.notibras.com\/site\/entenda-as-mudancas-aprovadas-na-camara\/","og_locale":"pt_BR","og_type":"article","og_title":"Entenda as mudan\u00e7as aprovadas na C\u00e2mara - Notibras","og_description":"Nesta semana, foi aprovado na C\u00e2mara dos Deputados o projeto de lei com a revis\u00e3o da Lei de Cotas, que garante a reserva de vagas nas universidades e institutos federais para estudantes negros, pardos, ind\u00edgenas, com defici\u00eancia e de baixa renda da escola p\u00fablica. O projeto de lei n\u00ba 5384\/20 segue para avalia\u00e7\u00e3o do Senado [&hellip;]","og_url":"https:\/\/www.notibras.com\/site\/entenda-as-mudancas-aprovadas-na-camara\/","og_site_name":"Notibras","article_publisher":"https:\/\/www.facebook.com\/notibras\/","article_published_time":"2023-08-14T03:00:16+00:00","article_modified_time":"2023-08-14T12:23:47+00:00","og_image":[{"width":1170,"height":700,"url":"https:\/\/www.notibras.com\/site\/wp-content\/uploads\/2023\/08\/unb_cotas_2-1.jpg","type":"image\/jpeg"}],"author":"Reda\u00e7\u00e3o","twitter_card":"summary_large_image","twitter_creator":"@Notibras","twitter_site":"@Notibras","twitter_misc":{"Escrito por":"Reda\u00e7\u00e3o","Est. tempo de leitura":"5 minutos"},"schema":{"@context":"https:\/\/schema.org","@graph":[{"@type":"Article","@id":"https:\/\/www.notibras.com\/site\/entenda-as-mudancas-aprovadas-na-camara\/#article","isPartOf":{"@id":"https:\/\/www.notibras.com\/site\/entenda-as-mudancas-aprovadas-na-camara\/"},"author":{"name":"Reda\u00e7\u00e3o","@id":"https:\/\/www.notibras.com\/site\/#\/schema\/person\/36ab0979449956132d3e5b517ea76ac8"},"headline":"Entenda as mudan\u00e7as aprovadas na C\u00e2mara","datePublished":"2023-08-14T03:00:16+00:00","dateModified":"2023-08-14T12:23:47+00:00","mainEntityOfPage":{"@id":"https:\/\/www.notibras.com\/site\/entenda-as-mudancas-aprovadas-na-camara\/"},"wordCount":846,"publisher":{"@id":"https:\/\/www.notibras.com\/site\/#organization"},"image":{"@id":"https:\/\/www.notibras.com\/site\/entenda-as-mudancas-aprovadas-na-camara\/#primaryimage"},"thumbnailUrl":"https:\/\/www.notibras.com\/site\/wp-content\/uploads\/2023\/08\/unb_cotas_2-1.jpg","articleSection":["Quadradinho em Foco"],"inLanguage":"pt-BR"},{"@type":"WebPage","@id":"https:\/\/www.notibras.com\/site\/entenda-as-mudancas-aprovadas-na-camara\/","url":"https:\/\/www.notibras.com\/site\/entenda-as-mudancas-aprovadas-na-camara\/","name":"Entenda as mudan\u00e7as aprovadas na C\u00e2mara - Notibras","isPartOf":{"@id":"https:\/\/www.notibras.com\/site\/#website"},"primaryImageOfPage":{"@id":"https:\/\/www.notibras.com\/site\/entenda-as-mudancas-aprovadas-na-camara\/#primaryimage"},"image":{"@id":"https:\/\/www.notibras.com\/site\/entenda-as-mudancas-aprovadas-na-camara\/#primaryimage"},"thumbnailUrl":"https:\/\/www.notibras.com\/site\/wp-content\/uploads\/2023\/08\/unb_cotas_2-1.jpg","datePublished":"2023-08-14T03:00:16+00:00","dateModified":"2023-08-14T12:23:47+00:00","breadcrumb":{"@id":"https:\/\/www.notibras.com\/site\/entenda-as-mudancas-aprovadas-na-camara\/#breadcrumb"},"inLanguage":"pt-BR","potentialAction":[{"@type":"ReadAction","target":["https:\/\/www.notibras.com\/site\/entenda-as-mudancas-aprovadas-na-camara\/"]}]},{"@type":"ImageObject","inLanguage":"pt-BR","@id":"https:\/\/www.notibras.com\/site\/entenda-as-mudancas-aprovadas-na-camara\/#primaryimage","url":"https:\/\/www.notibras.com\/site\/wp-content\/uploads\/2023\/08\/unb_cotas_2-1.jpg","contentUrl":"https:\/\/www.notibras.com\/site\/wp-content\/uploads\/2023\/08\/unb_cotas_2-1.jpg","width":1170,"height":700},{"@type":"BreadcrumbList","@id":"https:\/\/www.notibras.com\/site\/entenda-as-mudancas-aprovadas-na-camara\/#breadcrumb","itemListElement":[{"@type":"ListItem","position":1,"name":"In\u00edcio","item":"https:\/\/www.notibras.com\/site\/"},{"@type":"ListItem","position":2,"name":"Entenda as mudan\u00e7as aprovadas na C\u00e2mara"}]},{"@type":"WebSite","@id":"https:\/\/www.notibras.com\/site\/#website","url":"https:\/\/www.notibras.com\/site\/","name":"Notibras","description":"Not\u00edcias de Bras\u00edlia, do Brasil e do Mundo","publisher":{"@id":"https:\/\/www.notibras.com\/site\/#organization"},"potentialAction":[{"@type":"SearchAction","target":{"@type":"EntryPoint","urlTemplate":"https:\/\/www.notibras.com\/site\/?s={search_term_string}"},"query-input":{"@type":"PropertyValueSpecification","valueRequired":true,"valueName":"search_term_string"}}],"inLanguage":"pt-BR"},{"@type":"Organization","@id":"https:\/\/www.notibras.com\/site\/#organization","name":"Grupo Notibras de Comunica\u00e7\u00e3o","url":"https:\/\/www.notibras.com\/site\/","logo":{"@type":"ImageObject","inLanguage":"pt-BR","@id":"https:\/\/www.notibras.com\/site\/#\/schema\/logo\/image\/","url":"https:\/\/www.notibras.com\/site\/wp-content\/uploads\/2023\/01\/notibras23.png","contentUrl":"https:\/\/www.notibras.com\/site\/wp-content\/uploads\/2023\/01\/notibras23.png","width":350,"height":87,"caption":"Grupo Notibras de Comunica\u00e7\u00e3o"},"image":{"@id":"https:\/\/www.notibras.com\/site\/#\/schema\/logo\/image\/"},"sameAs":["https:\/\/www.facebook.com\/notibras\/","https:\/\/x.com\/Notibras","https:\/\/www.instagram.com\/notibras\/"]},{"@type":"Person","@id":"https:\/\/www.notibras.com\/site\/#\/schema\/person\/36ab0979449956132d3e5b517ea76ac8","name":"Reda\u00e7\u00e3o","image":{"@type":"ImageObject","inLanguage":"pt-BR","@id":"https:\/\/secure.gravatar.com\/avatar\/e0a867bdedb85fd243eadf09663511f96fc81e0720a4a42581f334ad4303aa6b?s=96&d=mm&r=g","url":"https:\/\/secure.gravatar.com\/avatar\/e0a867bdedb85fd243eadf09663511f96fc81e0720a4a42581f334ad4303aa6b?s=96&d=mm&r=g","contentUrl":"https:\/\/secure.gravatar.com\/avatar\/e0a867bdedb85fd243eadf09663511f96fc81e0720a4a42581f334ad4303aa6b?s=96&d=mm&r=g","caption":"Reda\u00e7\u00e3o"}}]}},"amp_enabled":true,"_links":{"self":[{"href":"https:\/\/www.notibras.com\/site\/wp-json\/wp\/v2\/posts\/310905","targetHints":{"allow":["GET"]}}],"collection":[{"href":"https:\/\/www.notibras.com\/site\/wp-json\/wp\/v2\/posts"}],"about":[{"href":"https:\/\/www.notibras.com\/site\/wp-json\/wp\/v2\/types\/post"}],"author":[{"embeddable":true,"href":"https:\/\/www.notibras.com\/site\/wp-json\/wp\/v2\/users\/2"}],"replies":[{"embeddable":true,"href":"https:\/\/www.notibras.com\/site\/wp-json\/wp\/v2\/comments?post=310905"}],"version-history":[{"count":1,"href":"https:\/\/www.notibras.com\/site\/wp-json\/wp\/v2\/posts\/310905\/revisions"}],"predecessor-version":[{"id":310907,"href":"https:\/\/www.notibras.com\/site\/wp-json\/wp\/v2\/posts\/310905\/revisions\/310907"}],"wp:featuredmedia":[{"embeddable":true,"href":"https:\/\/www.notibras.com\/site\/wp-json\/wp\/v2\/media\/310906"}],"wp:attachment":[{"href":"https:\/\/www.notibras.com\/site\/wp-json\/wp\/v2\/media?parent=310905"}],"wp:term":[{"taxonomy":"category","embeddable":true,"href":"https:\/\/www.notibras.com\/site\/wp-json\/wp\/v2\/categories?post=310905"},{"taxonomy":"post_tag","embeddable":true,"href":"https:\/\/www.notibras.com\/site\/wp-json\/wp\/v2\/tags?post=310905"}],"curies":[{"name":"wp","href":"https:\/\/api.w.org\/{rel}","templated":true}]}}