{"id":310908,"date":"2023-08-13T00:00:50","date_gmt":"2023-08-13T03:00:50","guid":{"rendered":"https:\/\/www.notibras.com\/site\/?p=310908"},"modified":"2023-08-13T03:36:12","modified_gmt":"2023-08-13T06:36:12","slug":"parteira-e-raizeira-dona-flor-e-homenageada-apos-a-morte","status":"publish","type":"post","link":"https:\/\/www.notibras.com\/site\/parteira-e-raizeira-dona-flor-e-homenageada-apos-a-morte\/","title":{"rendered":"Parteira e raizeira dona Flor \u00e9 homenageada ap\u00f3s a morte"},"content":{"rendered":"<p>\u201cEm uma noite estrelada, a flor retornou \u00e0 terra\u201d. Foi dessa forma que a morte de Dona Flor do Moinho foi comunicada em suas redes sociais. A parteira e raizeira que vivia no povoado de Moinho, na Chapada dos Veadeiros (GO), morreu esta semana aos 85 anos. \u201cTodas as flores que ela semeou germinaram e germinar\u00e3o\u201d, concluiu o post, feito no perfil oficial de dona Flor.<\/p>\n<p>\u201cQue sorte eu tive de conhec\u00ea-la pessoalmente. De ela segurar minha barriga e aben\u00e7oar meu filho. De ter ouvido o pux\u00e3o de orelha dela. Aceita isso a\u00ed que t\u00e1 dentro de voc\u00ea, menina. Aceita de cora\u00e7\u00e3o porque isso a\u00ed \u00e9 pura vida\u2019\u201d, postou uma seguidora de dona Flor do Moinho, a fot\u00f3grafa Isabelle Ara\u00fajo.<\/p>\n<p>Segundo ela, dona Flor do Moinho costumava dizer que \u00e9 preciso colocar mulher gr\u00e1vida pra plantar porque elas t\u00eam vida nas m\u00e3os. \u201cT\u00e1 com vida nela toda e a planta sente\u201d, dizia, de acordo com o relato da fot\u00f3grafa. Isabelle acredita que a parteira e raizeira cumpriu sua miss\u00e3o. \u201cTomara que a gente consiga ter a sabedoria de seguir todos os seus conselhos\u201d, finalizou.<\/p>\n<p>A jornalista Mara R\u00e9gia fez uma homenagem \u00e0 dona Flor do Moinho no programa Viva Maria, da R\u00e1dio Nacional. \u201cJusto quando se prepara para fazer florir margaridas no ch\u00e3o de Bras\u00edlia, uma flor muito especial acaba de deixar o ch\u00e3o de sua terra para viver a eternidade dos c\u00e9us\u201d, disse, fazendo refer\u00eancia \u00e0 Marcha das Margaridas, que acontece na pr\u00f3xima semana na capital federal.<\/p>\n<p>\u201cTive o prazer de conhec\u00ea-la pessoalmente quando em uma visita \u00e0 Chapada dos Veadeiros, onde agora ela descansa em paz\u201d, contou Mara, ao citar o que dona Flor do Moinho deixou por escrito para que fosse colocado em sua l\u00e1pide: \u201cQuando eu morrer, n\u00e3o quero choro. Quero todo mundo alegre. J\u00e1 vivi o que tinha que viver. J\u00e1 fiz o que tinha que fazer. Cumpri minha miss\u00e3o aqui na terra. Na minha morte, a \u00fanica coisa que quero \u00e9 perd\u00e3o e \u00e1gua. Porque gerei na \u00e1gua, vivi minha vida toda na \u00e1gua e n\u00e3o quero morrer com sede\u201d.<\/p>\n","protected":false},"excerpt":{"rendered":"<p>\u201cEm uma noite estrelada, a flor retornou \u00e0 terra\u201d. Foi dessa forma que a morte de Dona Flor do Moinho foi comunicada em suas redes sociais. A parteira e raizeira que vivia no povoado de Moinho, na Chapada dos Veadeiros (GO), morreu esta semana aos 85 anos. \u201cTodas as flores que ela semeou germinaram e [&hellip;]<\/p>\n","protected":false},"author":2,"featured_media":310909,"comment_status":"closed","ping_status":"closed","sticky":false,"template":"","format":"standard","meta":{"_acf_changed":false,"footnotes":""},"categories":[161],"tags":[],"class_list":["post-310908","post","type-post","status-publish","format-standard","has-post-thumbnail","hentry","category-quadradinho-em-foco"],"acf":[],"yoast_head":"<!-- This site is optimized with the Yoast SEO plugin v27.2 - https:\/\/yoast.com\/product\/yoast-seo-wordpress\/ -->\n<title>Parteira e raizeira dona Flor \u00e9 homenageada ap\u00f3s a morte - Notibras<\/title>\n<meta name=\"robots\" content=\"index, follow, max-snippet:-1, max-image-preview:large, max-video-preview:-1\" \/>\n<link rel=\"canonical\" href=\"https:\/\/www.notibras.com\/site\/parteira-e-raizeira-dona-flor-e-homenageada-apos-a-morte\/\" \/>\n<meta property=\"og:locale\" content=\"pt_BR\" \/>\n<meta property=\"og:type\" content=\"article\" \/>\n<meta property=\"og:title\" content=\"Parteira e raizeira dona Flor \u00e9 homenageada ap\u00f3s a morte - Notibras\" \/>\n<meta property=\"og:description\" content=\"\u201cEm uma noite estrelada, a flor retornou \u00e0 terra\u201d. Foi dessa forma que a morte de Dona Flor do Moinho foi comunicada em suas redes sociais. A parteira e raizeira que vivia no povoado de Moinho, na Chapada dos Veadeiros (GO), morreu esta semana aos 85 anos. \u201cTodas as flores que ela semeou germinaram e [&hellip;]\" \/>\n<meta property=\"og:url\" content=\"https:\/\/www.notibras.com\/site\/parteira-e-raizeira-dona-flor-e-homenageada-apos-a-morte\/\" \/>\n<meta property=\"og:site_name\" content=\"Notibras\" \/>\n<meta property=\"article:publisher\" content=\"https:\/\/www.facebook.com\/notibras\/\" \/>\n<meta property=\"article:published_time\" content=\"2023-08-13T03:00:50+00:00\" \/>\n<meta property=\"article:modified_time\" content=\"2023-08-13T06:36:12+00:00\" \/>\n<meta property=\"og:image\" content=\"https:\/\/www.notibras.com\/site\/wp-content\/uploads\/2023\/08\/mg_0074_670.jpg\" \/>\n\t<meta property=\"og:image:width\" content=\"1170\" \/>\n\t<meta property=\"og:image:height\" content=\"700\" \/>\n\t<meta property=\"og:image:type\" content=\"image\/jpeg\" \/>\n<meta name=\"author\" content=\"Reda\u00e7\u00e3o\" \/>\n<meta name=\"twitter:card\" content=\"summary_large_image\" \/>\n<meta name=\"twitter:creator\" content=\"@Notibras\" \/>\n<meta name=\"twitter:site\" content=\"@Notibras\" \/>\n<meta name=\"twitter:label1\" content=\"Escrito por\" \/>\n\t<meta name=\"twitter:data1\" content=\"Reda\u00e7\u00e3o\" \/>\n\t<meta name=\"twitter:label2\" content=\"Est. tempo de leitura\" \/>\n\t<meta name=\"twitter:data2\" content=\"2 minutos\" \/>\n<script type=\"application\/ld+json\" class=\"yoast-schema-graph\">{\"@context\":\"https:\/\/schema.org\",\"@graph\":[{\"@type\":\"Article\",\"@id\":\"https:\/\/www.notibras.com\/site\/parteira-e-raizeira-dona-flor-e-homenageada-apos-a-morte\/#article\",\"isPartOf\":{\"@id\":\"https:\/\/www.notibras.com\/site\/parteira-e-raizeira-dona-flor-e-homenageada-apos-a-morte\/\"},\"author\":{\"name\":\"Reda\u00e7\u00e3o\",\"@id\":\"https:\/\/www.notibras.com\/site\/#\/schema\/person\/36ab0979449956132d3e5b517ea76ac8\"},\"headline\":\"Parteira e raizeira dona Flor \u00e9 homenageada ap\u00f3s a morte\",\"datePublished\":\"2023-08-13T03:00:50+00:00\",\"dateModified\":\"2023-08-13T06:36:12+00:00\",\"mainEntityOfPage\":{\"@id\":\"https:\/\/www.notibras.com\/site\/parteira-e-raizeira-dona-flor-e-homenageada-apos-a-morte\/\"},\"wordCount\":374,\"publisher\":{\"@id\":\"https:\/\/www.notibras.com\/site\/#organization\"},\"image\":{\"@id\":\"https:\/\/www.notibras.com\/site\/parteira-e-raizeira-dona-flor-e-homenageada-apos-a-morte\/#primaryimage\"},\"thumbnailUrl\":\"https:\/\/www.notibras.com\/site\/wp-content\/uploads\/2023\/08\/mg_0074_670.jpg\",\"articleSection\":[\"Quadradinho em Foco\"],\"inLanguage\":\"pt-BR\"},{\"@type\":\"WebPage\",\"@id\":\"https:\/\/www.notibras.com\/site\/parteira-e-raizeira-dona-flor-e-homenageada-apos-a-morte\/\",\"url\":\"https:\/\/www.notibras.com\/site\/parteira-e-raizeira-dona-flor-e-homenageada-apos-a-morte\/\",\"name\":\"Parteira e raizeira dona Flor \u00e9 homenageada ap\u00f3s a morte - Notibras\",\"isPartOf\":{\"@id\":\"https:\/\/www.notibras.com\/site\/#website\"},\"primaryImageOfPage\":{\"@id\":\"https:\/\/www.notibras.com\/site\/parteira-e-raizeira-dona-flor-e-homenageada-apos-a-morte\/#primaryimage\"},\"image\":{\"@id\":\"https:\/\/www.notibras.com\/site\/parteira-e-raizeira-dona-flor-e-homenageada-apos-a-morte\/#primaryimage\"},\"thumbnailUrl\":\"https:\/\/www.notibras.com\/site\/wp-content\/uploads\/2023\/08\/mg_0074_670.jpg\",\"datePublished\":\"2023-08-13T03:00:50+00:00\",\"dateModified\":\"2023-08-13T06:36:12+00:00\",\"breadcrumb\":{\"@id\":\"https:\/\/www.notibras.com\/site\/parteira-e-raizeira-dona-flor-e-homenageada-apos-a-morte\/#breadcrumb\"},\"inLanguage\":\"pt-BR\",\"potentialAction\":[{\"@type\":\"ReadAction\",\"target\":[\"https:\/\/www.notibras.com\/site\/parteira-e-raizeira-dona-flor-e-homenageada-apos-a-morte\/\"]}]},{\"@type\":\"ImageObject\",\"inLanguage\":\"pt-BR\",\"@id\":\"https:\/\/www.notibras.com\/site\/parteira-e-raizeira-dona-flor-e-homenageada-apos-a-morte\/#primaryimage\",\"url\":\"https:\/\/www.notibras.com\/site\/wp-content\/uploads\/2023\/08\/mg_0074_670.jpg\",\"contentUrl\":\"https:\/\/www.notibras.com\/site\/wp-content\/uploads\/2023\/08\/mg_0074_670.jpg\",\"width\":1170,\"height\":700},{\"@type\":\"BreadcrumbList\",\"@id\":\"https:\/\/www.notibras.com\/site\/parteira-e-raizeira-dona-flor-e-homenageada-apos-a-morte\/#breadcrumb\",\"itemListElement\":[{\"@type\":\"ListItem\",\"position\":1,\"name\":\"In\u00edcio\",\"item\":\"https:\/\/www.notibras.com\/site\/\"},{\"@type\":\"ListItem\",\"position\":2,\"name\":\"Parteira e raizeira dona Flor \u00e9 homenageada ap\u00f3s a morte\"}]},{\"@type\":\"WebSite\",\"@id\":\"https:\/\/www.notibras.com\/site\/#website\",\"url\":\"https:\/\/www.notibras.com\/site\/\",\"name\":\"Notibras\",\"description\":\"Not\u00edcias de Bras\u00edlia, do Brasil e do Mundo\",\"publisher\":{\"@id\":\"https:\/\/www.notibras.com\/site\/#organization\"},\"potentialAction\":[{\"@type\":\"SearchAction\",\"target\":{\"@type\":\"EntryPoint\",\"urlTemplate\":\"https:\/\/www.notibras.com\/site\/?s={search_term_string}\"},\"query-input\":{\"@type\":\"PropertyValueSpecification\",\"valueRequired\":true,\"valueName\":\"search_term_string\"}}],\"inLanguage\":\"pt-BR\"},{\"@type\":\"Organization\",\"@id\":\"https:\/\/www.notibras.com\/site\/#organization\",\"name\":\"Grupo Notibras de Comunica\u00e7\u00e3o\",\"url\":\"https:\/\/www.notibras.com\/site\/\",\"logo\":{\"@type\":\"ImageObject\",\"inLanguage\":\"pt-BR\",\"@id\":\"https:\/\/www.notibras.com\/site\/#\/schema\/logo\/image\/\",\"url\":\"https:\/\/www.notibras.com\/site\/wp-content\/uploads\/2023\/01\/notibras23.png\",\"contentUrl\":\"https:\/\/www.notibras.com\/site\/wp-content\/uploads\/2023\/01\/notibras23.png\",\"width\":350,\"height\":87,\"caption\":\"Grupo Notibras de Comunica\u00e7\u00e3o\"},\"image\":{\"@id\":\"https:\/\/www.notibras.com\/site\/#\/schema\/logo\/image\/\"},\"sameAs\":[\"https:\/\/www.facebook.com\/notibras\/\",\"https:\/\/x.com\/Notibras\",\"https:\/\/www.instagram.com\/notibras\/\"]},{\"@type\":\"Person\",\"@id\":\"https:\/\/www.notibras.com\/site\/#\/schema\/person\/36ab0979449956132d3e5b517ea76ac8\",\"name\":\"Reda\u00e7\u00e3o\",\"image\":{\"@type\":\"ImageObject\",\"inLanguage\":\"pt-BR\",\"@id\":\"https:\/\/secure.gravatar.com\/avatar\/e0a867bdedb85fd243eadf09663511f96fc81e0720a4a42581f334ad4303aa6b?s=96&d=mm&r=g\",\"url\":\"https:\/\/secure.gravatar.com\/avatar\/e0a867bdedb85fd243eadf09663511f96fc81e0720a4a42581f334ad4303aa6b?s=96&d=mm&r=g\",\"contentUrl\":\"https:\/\/secure.gravatar.com\/avatar\/e0a867bdedb85fd243eadf09663511f96fc81e0720a4a42581f334ad4303aa6b?s=96&d=mm&r=g\",\"caption\":\"Reda\u00e7\u00e3o\"}}]}<\/script>\n<!-- \/ Yoast SEO plugin. -->","yoast_head_json":{"title":"Parteira e raizeira dona Flor \u00e9 homenageada ap\u00f3s a morte - Notibras","robots":{"index":"index","follow":"follow","max-snippet":"max-snippet:-1","max-image-preview":"max-image-preview:large","max-video-preview":"max-video-preview:-1"},"canonical":"https:\/\/www.notibras.com\/site\/parteira-e-raizeira-dona-flor-e-homenageada-apos-a-morte\/","og_locale":"pt_BR","og_type":"article","og_title":"Parteira e raizeira dona Flor \u00e9 homenageada ap\u00f3s a morte - Notibras","og_description":"\u201cEm uma noite estrelada, a flor retornou \u00e0 terra\u201d. Foi dessa forma que a morte de Dona Flor do Moinho foi comunicada em suas redes sociais. A parteira e raizeira que vivia no povoado de Moinho, na Chapada dos Veadeiros (GO), morreu esta semana aos 85 anos. \u201cTodas as flores que ela semeou germinaram e [&hellip;]","og_url":"https:\/\/www.notibras.com\/site\/parteira-e-raizeira-dona-flor-e-homenageada-apos-a-morte\/","og_site_name":"Notibras","article_publisher":"https:\/\/www.facebook.com\/notibras\/","article_published_time":"2023-08-13T03:00:50+00:00","article_modified_time":"2023-08-13T06:36:12+00:00","og_image":[{"width":1170,"height":700,"url":"https:\/\/www.notibras.com\/site\/wp-content\/uploads\/2023\/08\/mg_0074_670.jpg","type":"image\/jpeg"}],"author":"Reda\u00e7\u00e3o","twitter_card":"summary_large_image","twitter_creator":"@Notibras","twitter_site":"@Notibras","twitter_misc":{"Escrito por":"Reda\u00e7\u00e3o","Est. tempo de leitura":"2 minutos"},"schema":{"@context":"https:\/\/schema.org","@graph":[{"@type":"Article","@id":"https:\/\/www.notibras.com\/site\/parteira-e-raizeira-dona-flor-e-homenageada-apos-a-morte\/#article","isPartOf":{"@id":"https:\/\/www.notibras.com\/site\/parteira-e-raizeira-dona-flor-e-homenageada-apos-a-morte\/"},"author":{"name":"Reda\u00e7\u00e3o","@id":"https:\/\/www.notibras.com\/site\/#\/schema\/person\/36ab0979449956132d3e5b517ea76ac8"},"headline":"Parteira e raizeira dona Flor \u00e9 homenageada ap\u00f3s a morte","datePublished":"2023-08-13T03:00:50+00:00","dateModified":"2023-08-13T06:36:12+00:00","mainEntityOfPage":{"@id":"https:\/\/www.notibras.com\/site\/parteira-e-raizeira-dona-flor-e-homenageada-apos-a-morte\/"},"wordCount":374,"publisher":{"@id":"https:\/\/www.notibras.com\/site\/#organization"},"image":{"@id":"https:\/\/www.notibras.com\/site\/parteira-e-raizeira-dona-flor-e-homenageada-apos-a-morte\/#primaryimage"},"thumbnailUrl":"https:\/\/www.notibras.com\/site\/wp-content\/uploads\/2023\/08\/mg_0074_670.jpg","articleSection":["Quadradinho em Foco"],"inLanguage":"pt-BR"},{"@type":"WebPage","@id":"https:\/\/www.notibras.com\/site\/parteira-e-raizeira-dona-flor-e-homenageada-apos-a-morte\/","url":"https:\/\/www.notibras.com\/site\/parteira-e-raizeira-dona-flor-e-homenageada-apos-a-morte\/","name":"Parteira e raizeira dona Flor \u00e9 homenageada ap\u00f3s a morte - Notibras","isPartOf":{"@id":"https:\/\/www.notibras.com\/site\/#website"},"primaryImageOfPage":{"@id":"https:\/\/www.notibras.com\/site\/parteira-e-raizeira-dona-flor-e-homenageada-apos-a-morte\/#primaryimage"},"image":{"@id":"https:\/\/www.notibras.com\/site\/parteira-e-raizeira-dona-flor-e-homenageada-apos-a-morte\/#primaryimage"},"thumbnailUrl":"https:\/\/www.notibras.com\/site\/wp-content\/uploads\/2023\/08\/mg_0074_670.jpg","datePublished":"2023-08-13T03:00:50+00:00","dateModified":"2023-08-13T06:36:12+00:00","breadcrumb":{"@id":"https:\/\/www.notibras.com\/site\/parteira-e-raizeira-dona-flor-e-homenageada-apos-a-morte\/#breadcrumb"},"inLanguage":"pt-BR","potentialAction":[{"@type":"ReadAction","target":["https:\/\/www.notibras.com\/site\/parteira-e-raizeira-dona-flor-e-homenageada-apos-a-morte\/"]}]},{"@type":"ImageObject","inLanguage":"pt-BR","@id":"https:\/\/www.notibras.com\/site\/parteira-e-raizeira-dona-flor-e-homenageada-apos-a-morte\/#primaryimage","url":"https:\/\/www.notibras.com\/site\/wp-content\/uploads\/2023\/08\/mg_0074_670.jpg","contentUrl":"https:\/\/www.notibras.com\/site\/wp-content\/uploads\/2023\/08\/mg_0074_670.jpg","width":1170,"height":700},{"@type":"BreadcrumbList","@id":"https:\/\/www.notibras.com\/site\/parteira-e-raizeira-dona-flor-e-homenageada-apos-a-morte\/#breadcrumb","itemListElement":[{"@type":"ListItem","position":1,"name":"In\u00edcio","item":"https:\/\/www.notibras.com\/site\/"},{"@type":"ListItem","position":2,"name":"Parteira e raizeira dona Flor \u00e9 homenageada ap\u00f3s a morte"}]},{"@type":"WebSite","@id":"https:\/\/www.notibras.com\/site\/#website","url":"https:\/\/www.notibras.com\/site\/","name":"Notibras","description":"Not\u00edcias de Bras\u00edlia, do Brasil e do Mundo","publisher":{"@id":"https:\/\/www.notibras.com\/site\/#organization"},"potentialAction":[{"@type":"SearchAction","target":{"@type":"EntryPoint","urlTemplate":"https:\/\/www.notibras.com\/site\/?s={search_term_string}"},"query-input":{"@type":"PropertyValueSpecification","valueRequired":true,"valueName":"search_term_string"}}],"inLanguage":"pt-BR"},{"@type":"Organization","@id":"https:\/\/www.notibras.com\/site\/#organization","name":"Grupo Notibras de Comunica\u00e7\u00e3o","url":"https:\/\/www.notibras.com\/site\/","logo":{"@type":"ImageObject","inLanguage":"pt-BR","@id":"https:\/\/www.notibras.com\/site\/#\/schema\/logo\/image\/","url":"https:\/\/www.notibras.com\/site\/wp-content\/uploads\/2023\/01\/notibras23.png","contentUrl":"https:\/\/www.notibras.com\/site\/wp-content\/uploads\/2023\/01\/notibras23.png","width":350,"height":87,"caption":"Grupo Notibras de Comunica\u00e7\u00e3o"},"image":{"@id":"https:\/\/www.notibras.com\/site\/#\/schema\/logo\/image\/"},"sameAs":["https:\/\/www.facebook.com\/notibras\/","https:\/\/x.com\/Notibras","https:\/\/www.instagram.com\/notibras\/"]},{"@type":"Person","@id":"https:\/\/www.notibras.com\/site\/#\/schema\/person\/36ab0979449956132d3e5b517ea76ac8","name":"Reda\u00e7\u00e3o","image":{"@type":"ImageObject","inLanguage":"pt-BR","@id":"https:\/\/secure.gravatar.com\/avatar\/e0a867bdedb85fd243eadf09663511f96fc81e0720a4a42581f334ad4303aa6b?s=96&d=mm&r=g","url":"https:\/\/secure.gravatar.com\/avatar\/e0a867bdedb85fd243eadf09663511f96fc81e0720a4a42581f334ad4303aa6b?s=96&d=mm&r=g","contentUrl":"https:\/\/secure.gravatar.com\/avatar\/e0a867bdedb85fd243eadf09663511f96fc81e0720a4a42581f334ad4303aa6b?s=96&d=mm&r=g","caption":"Reda\u00e7\u00e3o"}}]}},"amp_enabled":true,"_links":{"self":[{"href":"https:\/\/www.notibras.com\/site\/wp-json\/wp\/v2\/posts\/310908","targetHints":{"allow":["GET"]}}],"collection":[{"href":"https:\/\/www.notibras.com\/site\/wp-json\/wp\/v2\/posts"}],"about":[{"href":"https:\/\/www.notibras.com\/site\/wp-json\/wp\/v2\/types\/post"}],"author":[{"embeddable":true,"href":"https:\/\/www.notibras.com\/site\/wp-json\/wp\/v2\/users\/2"}],"replies":[{"embeddable":true,"href":"https:\/\/www.notibras.com\/site\/wp-json\/wp\/v2\/comments?post=310908"}],"version-history":[{"count":1,"href":"https:\/\/www.notibras.com\/site\/wp-json\/wp\/v2\/posts\/310908\/revisions"}],"predecessor-version":[{"id":310910,"href":"https:\/\/www.notibras.com\/site\/wp-json\/wp\/v2\/posts\/310908\/revisions\/310910"}],"wp:featuredmedia":[{"embeddable":true,"href":"https:\/\/www.notibras.com\/site\/wp-json\/wp\/v2\/media\/310909"}],"wp:attachment":[{"href":"https:\/\/www.notibras.com\/site\/wp-json\/wp\/v2\/media?parent=310908"}],"wp:term":[{"taxonomy":"category","embeddable":true,"href":"https:\/\/www.notibras.com\/site\/wp-json\/wp\/v2\/categories?post=310908"},{"taxonomy":"post_tag","embeddable":true,"href":"https:\/\/www.notibras.com\/site\/wp-json\/wp\/v2\/tags?post=310908"}],"curies":[{"name":"wp","href":"https:\/\/api.w.org\/{rel}","templated":true}]}}