{"id":31091,"date":"2014-12-13T21:30:44","date_gmt":"2014-12-14T00:30:44","guid":{"rendered":"http:\/\/www.notibras.com\/site\/?p=31091"},"modified":"2014-12-13T22:34:07","modified_gmt":"2014-12-14T01:34:07","slug":"mal-no-cofre-e-na-imagem-petrobras-adia-balanco-de-novo","status":"publish","type":"post","link":"https:\/\/www.notibras.com\/site\/mal-no-cofre-e-na-imagem-petrobras-adia-balanco-de-novo\/","title":{"rendered":"Mal no cofre e na imagem, Petrobras adia seu balan\u00e7o"},"content":{"rendered":"<p>A Petrobras adiou novamente a publica\u00e7\u00e3o do seu balan\u00e7o do terceiro trimestre. A decis\u00e3o foi anunciada na noite de ontem (12) por meio de nota. A estatal creditou o cancelamento aos desdobramentos da Opera\u00e7\u00e3o Lava Jato. No lugar do documento, a empresa divulgou dados relativos aos indicadores operacionais e financeiros, mas ressaltou que n\u00e3o foram revisados por auditores independentes. <a href=\"http:\/\/agenciabrasil.ebc.com.br\/economia\/noticia\/2014-11\/petrobras-nao-divulga-balanco-trimestral-dentro-do-prazo\" target=\"_blank\"><br \/>\n<\/a><\/p>\n<p>De acordo com a nota, no terceiro trimestre de 2014, a receita de vendas atingiu R$ 88,378 bilh\u00f5es e o caixa e equivalentes de caixa, R$ 62,409 bilh\u00f5es. Al\u00e9m disso, o aumento de 7% na receita de vendas, comparada ao segundo trimestre deste ano, deve-se \u00e0s maiores exporta\u00e7\u00f5es de petr\u00f3leo e ao aumento da demanda no mercado interno, principalmente diesel, suportada na maior parte pela produ\u00e7\u00e3o nacional de derivados.<\/p>\n<blockquote><p>\u201cEm rela\u00e7\u00e3o ao per\u00edodo de janeiro-setembro de 2013, a receita de vendas foi superior em 13%, refletindo os maiores pre\u00e7os nas vendas de derivados no mercado interno, devido \u00e0 incid\u00eancia em todo o ano de 2014 dos reajustes de diesel e gasolina ao longo de 2013, al\u00e9m do efeito da deprecia\u00e7\u00e3o cambial [8%] sobre os pre\u00e7os dos derivados atrelados ao mercado internacional e das exporta\u00e7\u00f5es, maiores pre\u00e7os de energia e g\u00e1s natural; bem como pelo aumento da demanda de derivados no mercado interno [3%], principalmente diesel [2%], gasolina [5%] e \u00f3leo combust\u00edvel [21%], e pelo maior volume de petr\u00f3leo exportado [12%], parcialmente compensados pela menor exporta\u00e7\u00e3o de \u00f3leo combust\u00edvel [14%]\u201d, explicou a estatal.<\/p><\/blockquote>\n<p>Entre os motivos que levaram a Petrobras a n\u00e3o divulgar o balan\u00e7o, foram citados tamb\u00e9m uma intima\u00e7\u00e3o da Securities and Exchange Commission (SEC), dos Estados Unidos, requerendo documentos relativos a uma investiga\u00e7\u00e3o sobre a companhia iniciada pela SEC; o conhecimento dos depoimentos prestados no \u00e2mbito do acordo de colabora\u00e7\u00e3o premiada de Julio Gerin de Almeida Camargo, do Grupo Toyo, e de Augusto Ribeiro de Mendon\u00e7a Neto, do Grupo Setal.<\/p>\n<p>Ainda foi citado o ajuizamento, pelo Minist\u00e9rio P\u00fablico Federal, em 11 de dezembro de 2014, de a\u00e7\u00f5es criminais contra diversas pessoas, dentre as quais o ex-diretor da Petrobras Paulo Roberto Costa e outros gestores de empresas, por corrup\u00e7\u00e3o passiva, corrup\u00e7\u00e3o ativa, organiza\u00e7\u00e3o criminosa, lavagem de dinheiro e uso de documento falso.<\/p>\n","protected":false},"excerpt":{"rendered":"<p>A Petrobras adiou novamente a publica\u00e7\u00e3o do seu balan\u00e7o do terceiro trimestre. A decis\u00e3o foi anunciada na noite de ontem (12) por meio de nota. A estatal creditou o cancelamento aos desdobramentos da Opera\u00e7\u00e3o Lava Jato. No lugar do documento, a empresa divulgou dados relativos aos indicadores operacionais e financeiros, mas ressaltou que n\u00e3o foram [&hellip;]<\/p>\n","protected":false},"author":2,"featured_media":31092,"comment_status":"open","ping_status":"closed","sticky":false,"template":"","format":"standard","meta":{"_acf_changed":false,"footnotes":""},"categories":[16],"tags":[],"class_list":["post-31091","post","type-post","status-publish","format-standard","has-post-thumbnail","hentry","category-brasil"],"acf":[],"yoast_head":"<!-- This site is optimized with the Yoast SEO plugin v27.2 - https:\/\/yoast.com\/product\/yoast-seo-wordpress\/ -->\n<title>Mal no cofre e na imagem, Petrobras adia seu balan\u00e7o - Notibras<\/title>\n<meta name=\"robots\" content=\"index, follow, max-snippet:-1, max-image-preview:large, max-video-preview:-1\" \/>\n<link rel=\"canonical\" href=\"https:\/\/www.notibras.com\/site\/mal-no-cofre-e-na-imagem-petrobras-adia-balanco-de-novo\/\" \/>\n<meta property=\"og:locale\" content=\"pt_BR\" \/>\n<meta property=\"og:type\" content=\"article\" \/>\n<meta property=\"og:title\" content=\"Mal no cofre e na imagem, Petrobras adia seu balan\u00e7o - Notibras\" \/>\n<meta property=\"og:description\" content=\"A Petrobras adiou novamente a publica\u00e7\u00e3o do seu balan\u00e7o do terceiro trimestre. A decis\u00e3o foi anunciada na noite de ontem (12) por meio de nota. A estatal creditou o cancelamento aos desdobramentos da Opera\u00e7\u00e3o Lava Jato. No lugar do documento, a empresa divulgou dados relativos aos indicadores operacionais e financeiros, mas ressaltou que n\u00e3o foram [&hellip;]\" \/>\n<meta property=\"og:url\" content=\"https:\/\/www.notibras.com\/site\/mal-no-cofre-e-na-imagem-petrobras-adia-balanco-de-novo\/\" \/>\n<meta property=\"og:site_name\" content=\"Notibras\" \/>\n<meta property=\"article:publisher\" content=\"https:\/\/www.facebook.com\/notibras\/\" \/>\n<meta property=\"article:published_time\" content=\"2014-12-14T00:30:44+00:00\" \/>\n<meta property=\"article:modified_time\" content=\"2014-12-14T01:34:07+00:00\" \/>\n<meta property=\"og:image\" content=\"https:\/\/www.notibras.com\/site\/wp-content\/uploads\/2014\/12\/petr.jpg\" \/>\n\t<meta property=\"og:image:width\" content=\"350\" \/>\n\t<meta property=\"og:image:height\" content=\"220\" \/>\n\t<meta property=\"og:image:type\" content=\"image\/jpeg\" \/>\n<meta name=\"author\" content=\"Reda\u00e7\u00e3o\" \/>\n<meta name=\"twitter:card\" content=\"summary_large_image\" \/>\n<meta name=\"twitter:creator\" content=\"@Notibras\" \/>\n<meta name=\"twitter:site\" content=\"@Notibras\" \/>\n<meta name=\"twitter:label1\" content=\"Escrito por\" \/>\n\t<meta name=\"twitter:data1\" content=\"Reda\u00e7\u00e3o\" \/>\n\t<meta name=\"twitter:label2\" content=\"Est. tempo de leitura\" \/>\n\t<meta name=\"twitter:data2\" content=\"2 minutos\" \/>\n<script type=\"application\/ld+json\" class=\"yoast-schema-graph\">{\"@context\":\"https:\/\/schema.org\",\"@graph\":[{\"@type\":\"Article\",\"@id\":\"https:\/\/www.notibras.com\/site\/mal-no-cofre-e-na-imagem-petrobras-adia-balanco-de-novo\/#article\",\"isPartOf\":{\"@id\":\"https:\/\/www.notibras.com\/site\/mal-no-cofre-e-na-imagem-petrobras-adia-balanco-de-novo\/\"},\"author\":{\"name\":\"Reda\u00e7\u00e3o\",\"@id\":\"https:\/\/www.notibras.com\/site\/#\/schema\/person\/36ab0979449956132d3e5b517ea76ac8\"},\"headline\":\"Mal no cofre e na imagem, Petrobras adia seu balan\u00e7o\",\"datePublished\":\"2014-12-14T00:30:44+00:00\",\"dateModified\":\"2014-12-14T01:34:07+00:00\",\"mainEntityOfPage\":{\"@id\":\"https:\/\/www.notibras.com\/site\/mal-no-cofre-e-na-imagem-petrobras-adia-balanco-de-novo\/\"},\"wordCount\":391,\"commentCount\":0,\"publisher\":{\"@id\":\"https:\/\/www.notibras.com\/site\/#organization\"},\"image\":{\"@id\":\"https:\/\/www.notibras.com\/site\/mal-no-cofre-e-na-imagem-petrobras-adia-balanco-de-novo\/#primaryimage\"},\"thumbnailUrl\":\"https:\/\/www.notibras.com\/site\/wp-content\/uploads\/2014\/12\/petr.jpg\",\"articleSection\":[\"Brasil\"],\"inLanguage\":\"pt-BR\",\"potentialAction\":[{\"@type\":\"CommentAction\",\"name\":\"Comment\",\"target\":[\"https:\/\/www.notibras.com\/site\/mal-no-cofre-e-na-imagem-petrobras-adia-balanco-de-novo\/#respond\"]}]},{\"@type\":\"WebPage\",\"@id\":\"https:\/\/www.notibras.com\/site\/mal-no-cofre-e-na-imagem-petrobras-adia-balanco-de-novo\/\",\"url\":\"https:\/\/www.notibras.com\/site\/mal-no-cofre-e-na-imagem-petrobras-adia-balanco-de-novo\/\",\"name\":\"Mal no cofre e na imagem, Petrobras adia seu balan\u00e7o - Notibras\",\"isPartOf\":{\"@id\":\"https:\/\/www.notibras.com\/site\/#website\"},\"primaryImageOfPage\":{\"@id\":\"https:\/\/www.notibras.com\/site\/mal-no-cofre-e-na-imagem-petrobras-adia-balanco-de-novo\/#primaryimage\"},\"image\":{\"@id\":\"https:\/\/www.notibras.com\/site\/mal-no-cofre-e-na-imagem-petrobras-adia-balanco-de-novo\/#primaryimage\"},\"thumbnailUrl\":\"https:\/\/www.notibras.com\/site\/wp-content\/uploads\/2014\/12\/petr.jpg\",\"datePublished\":\"2014-12-14T00:30:44+00:00\",\"dateModified\":\"2014-12-14T01:34:07+00:00\",\"breadcrumb\":{\"@id\":\"https:\/\/www.notibras.com\/site\/mal-no-cofre-e-na-imagem-petrobras-adia-balanco-de-novo\/#breadcrumb\"},\"inLanguage\":\"pt-BR\",\"potentialAction\":[{\"@type\":\"ReadAction\",\"target\":[\"https:\/\/www.notibras.com\/site\/mal-no-cofre-e-na-imagem-petrobras-adia-balanco-de-novo\/\"]}]},{\"@type\":\"ImageObject\",\"inLanguage\":\"pt-BR\",\"@id\":\"https:\/\/www.notibras.com\/site\/mal-no-cofre-e-na-imagem-petrobras-adia-balanco-de-novo\/#primaryimage\",\"url\":\"https:\/\/www.notibras.com\/site\/wp-content\/uploads\/2014\/12\/petr.jpg\",\"contentUrl\":\"https:\/\/www.notibras.com\/site\/wp-content\/uploads\/2014\/12\/petr.jpg\",\"width\":350,\"height\":220},{\"@type\":\"BreadcrumbList\",\"@id\":\"https:\/\/www.notibras.com\/site\/mal-no-cofre-e-na-imagem-petrobras-adia-balanco-de-novo\/#breadcrumb\",\"itemListElement\":[{\"@type\":\"ListItem\",\"position\":1,\"name\":\"In\u00edcio\",\"item\":\"https:\/\/www.notibras.com\/site\/\"},{\"@type\":\"ListItem\",\"position\":2,\"name\":\"Mal no cofre e na imagem, Petrobras adia seu balan\u00e7o\"}]},{\"@type\":\"WebSite\",\"@id\":\"https:\/\/www.notibras.com\/site\/#website\",\"url\":\"https:\/\/www.notibras.com\/site\/\",\"name\":\"Notibras\",\"description\":\"Not\u00edcias de Bras\u00edlia, do Brasil e do Mundo\",\"publisher\":{\"@id\":\"https:\/\/www.notibras.com\/site\/#organization\"},\"potentialAction\":[{\"@type\":\"SearchAction\",\"target\":{\"@type\":\"EntryPoint\",\"urlTemplate\":\"https:\/\/www.notibras.com\/site\/?s={search_term_string}\"},\"query-input\":{\"@type\":\"PropertyValueSpecification\",\"valueRequired\":true,\"valueName\":\"search_term_string\"}}],\"inLanguage\":\"pt-BR\"},{\"@type\":\"Organization\",\"@id\":\"https:\/\/www.notibras.com\/site\/#organization\",\"name\":\"Grupo Notibras de Comunica\u00e7\u00e3o\",\"url\":\"https:\/\/www.notibras.com\/site\/\",\"logo\":{\"@type\":\"ImageObject\",\"inLanguage\":\"pt-BR\",\"@id\":\"https:\/\/www.notibras.com\/site\/#\/schema\/logo\/image\/\",\"url\":\"https:\/\/www.notibras.com\/site\/wp-content\/uploads\/2023\/01\/notibras23.png\",\"contentUrl\":\"https:\/\/www.notibras.com\/site\/wp-content\/uploads\/2023\/01\/notibras23.png\",\"width\":350,\"height\":87,\"caption\":\"Grupo Notibras de Comunica\u00e7\u00e3o\"},\"image\":{\"@id\":\"https:\/\/www.notibras.com\/site\/#\/schema\/logo\/image\/\"},\"sameAs\":[\"https:\/\/www.facebook.com\/notibras\/\",\"https:\/\/x.com\/Notibras\",\"https:\/\/www.instagram.com\/notibras\/\"]},{\"@type\":\"Person\",\"@id\":\"https:\/\/www.notibras.com\/site\/#\/schema\/person\/36ab0979449956132d3e5b517ea76ac8\",\"name\":\"Reda\u00e7\u00e3o\",\"image\":{\"@type\":\"ImageObject\",\"inLanguage\":\"pt-BR\",\"@id\":\"https:\/\/secure.gravatar.com\/avatar\/e0a867bdedb85fd243eadf09663511f96fc81e0720a4a42581f334ad4303aa6b?s=96&d=mm&r=g\",\"url\":\"https:\/\/secure.gravatar.com\/avatar\/e0a867bdedb85fd243eadf09663511f96fc81e0720a4a42581f334ad4303aa6b?s=96&d=mm&r=g\",\"contentUrl\":\"https:\/\/secure.gravatar.com\/avatar\/e0a867bdedb85fd243eadf09663511f96fc81e0720a4a42581f334ad4303aa6b?s=96&d=mm&r=g\",\"caption\":\"Reda\u00e7\u00e3o\"}}]}<\/script>\n<!-- \/ Yoast SEO plugin. -->","yoast_head_json":{"title":"Mal no cofre e na imagem, Petrobras adia seu balan\u00e7o - Notibras","robots":{"index":"index","follow":"follow","max-snippet":"max-snippet:-1","max-image-preview":"max-image-preview:large","max-video-preview":"max-video-preview:-1"},"canonical":"https:\/\/www.notibras.com\/site\/mal-no-cofre-e-na-imagem-petrobras-adia-balanco-de-novo\/","og_locale":"pt_BR","og_type":"article","og_title":"Mal no cofre e na imagem, Petrobras adia seu balan\u00e7o - Notibras","og_description":"A Petrobras adiou novamente a publica\u00e7\u00e3o do seu balan\u00e7o do terceiro trimestre. A decis\u00e3o foi anunciada na noite de ontem (12) por meio de nota. A estatal creditou o cancelamento aos desdobramentos da Opera\u00e7\u00e3o Lava Jato. No lugar do documento, a empresa divulgou dados relativos aos indicadores operacionais e financeiros, mas ressaltou que n\u00e3o foram [&hellip;]","og_url":"https:\/\/www.notibras.com\/site\/mal-no-cofre-e-na-imagem-petrobras-adia-balanco-de-novo\/","og_site_name":"Notibras","article_publisher":"https:\/\/www.facebook.com\/notibras\/","article_published_time":"2014-12-14T00:30:44+00:00","article_modified_time":"2014-12-14T01:34:07+00:00","og_image":[{"width":350,"height":220,"url":"https:\/\/www.notibras.com\/site\/wp-content\/uploads\/2014\/12\/petr.jpg","type":"image\/jpeg"}],"author":"Reda\u00e7\u00e3o","twitter_card":"summary_large_image","twitter_creator":"@Notibras","twitter_site":"@Notibras","twitter_misc":{"Escrito por":"Reda\u00e7\u00e3o","Est. tempo de leitura":"2 minutos"},"schema":{"@context":"https:\/\/schema.org","@graph":[{"@type":"Article","@id":"https:\/\/www.notibras.com\/site\/mal-no-cofre-e-na-imagem-petrobras-adia-balanco-de-novo\/#article","isPartOf":{"@id":"https:\/\/www.notibras.com\/site\/mal-no-cofre-e-na-imagem-petrobras-adia-balanco-de-novo\/"},"author":{"name":"Reda\u00e7\u00e3o","@id":"https:\/\/www.notibras.com\/site\/#\/schema\/person\/36ab0979449956132d3e5b517ea76ac8"},"headline":"Mal no cofre e na imagem, Petrobras adia seu balan\u00e7o","datePublished":"2014-12-14T00:30:44+00:00","dateModified":"2014-12-14T01:34:07+00:00","mainEntityOfPage":{"@id":"https:\/\/www.notibras.com\/site\/mal-no-cofre-e-na-imagem-petrobras-adia-balanco-de-novo\/"},"wordCount":391,"commentCount":0,"publisher":{"@id":"https:\/\/www.notibras.com\/site\/#organization"},"image":{"@id":"https:\/\/www.notibras.com\/site\/mal-no-cofre-e-na-imagem-petrobras-adia-balanco-de-novo\/#primaryimage"},"thumbnailUrl":"https:\/\/www.notibras.com\/site\/wp-content\/uploads\/2014\/12\/petr.jpg","articleSection":["Brasil"],"inLanguage":"pt-BR","potentialAction":[{"@type":"CommentAction","name":"Comment","target":["https:\/\/www.notibras.com\/site\/mal-no-cofre-e-na-imagem-petrobras-adia-balanco-de-novo\/#respond"]}]},{"@type":"WebPage","@id":"https:\/\/www.notibras.com\/site\/mal-no-cofre-e-na-imagem-petrobras-adia-balanco-de-novo\/","url":"https:\/\/www.notibras.com\/site\/mal-no-cofre-e-na-imagem-petrobras-adia-balanco-de-novo\/","name":"Mal no cofre e na imagem, Petrobras adia seu balan\u00e7o - Notibras","isPartOf":{"@id":"https:\/\/www.notibras.com\/site\/#website"},"primaryImageOfPage":{"@id":"https:\/\/www.notibras.com\/site\/mal-no-cofre-e-na-imagem-petrobras-adia-balanco-de-novo\/#primaryimage"},"image":{"@id":"https:\/\/www.notibras.com\/site\/mal-no-cofre-e-na-imagem-petrobras-adia-balanco-de-novo\/#primaryimage"},"thumbnailUrl":"https:\/\/www.notibras.com\/site\/wp-content\/uploads\/2014\/12\/petr.jpg","datePublished":"2014-12-14T00:30:44+00:00","dateModified":"2014-12-14T01:34:07+00:00","breadcrumb":{"@id":"https:\/\/www.notibras.com\/site\/mal-no-cofre-e-na-imagem-petrobras-adia-balanco-de-novo\/#breadcrumb"},"inLanguage":"pt-BR","potentialAction":[{"@type":"ReadAction","target":["https:\/\/www.notibras.com\/site\/mal-no-cofre-e-na-imagem-petrobras-adia-balanco-de-novo\/"]}]},{"@type":"ImageObject","inLanguage":"pt-BR","@id":"https:\/\/www.notibras.com\/site\/mal-no-cofre-e-na-imagem-petrobras-adia-balanco-de-novo\/#primaryimage","url":"https:\/\/www.notibras.com\/site\/wp-content\/uploads\/2014\/12\/petr.jpg","contentUrl":"https:\/\/www.notibras.com\/site\/wp-content\/uploads\/2014\/12\/petr.jpg","width":350,"height":220},{"@type":"BreadcrumbList","@id":"https:\/\/www.notibras.com\/site\/mal-no-cofre-e-na-imagem-petrobras-adia-balanco-de-novo\/#breadcrumb","itemListElement":[{"@type":"ListItem","position":1,"name":"In\u00edcio","item":"https:\/\/www.notibras.com\/site\/"},{"@type":"ListItem","position":2,"name":"Mal no cofre e na imagem, Petrobras adia seu balan\u00e7o"}]},{"@type":"WebSite","@id":"https:\/\/www.notibras.com\/site\/#website","url":"https:\/\/www.notibras.com\/site\/","name":"Notibras","description":"Not\u00edcias de Bras\u00edlia, do Brasil e do Mundo","publisher":{"@id":"https:\/\/www.notibras.com\/site\/#organization"},"potentialAction":[{"@type":"SearchAction","target":{"@type":"EntryPoint","urlTemplate":"https:\/\/www.notibras.com\/site\/?s={search_term_string}"},"query-input":{"@type":"PropertyValueSpecification","valueRequired":true,"valueName":"search_term_string"}}],"inLanguage":"pt-BR"},{"@type":"Organization","@id":"https:\/\/www.notibras.com\/site\/#organization","name":"Grupo Notibras de Comunica\u00e7\u00e3o","url":"https:\/\/www.notibras.com\/site\/","logo":{"@type":"ImageObject","inLanguage":"pt-BR","@id":"https:\/\/www.notibras.com\/site\/#\/schema\/logo\/image\/","url":"https:\/\/www.notibras.com\/site\/wp-content\/uploads\/2023\/01\/notibras23.png","contentUrl":"https:\/\/www.notibras.com\/site\/wp-content\/uploads\/2023\/01\/notibras23.png","width":350,"height":87,"caption":"Grupo Notibras de Comunica\u00e7\u00e3o"},"image":{"@id":"https:\/\/www.notibras.com\/site\/#\/schema\/logo\/image\/"},"sameAs":["https:\/\/www.facebook.com\/notibras\/","https:\/\/x.com\/Notibras","https:\/\/www.instagram.com\/notibras\/"]},{"@type":"Person","@id":"https:\/\/www.notibras.com\/site\/#\/schema\/person\/36ab0979449956132d3e5b517ea76ac8","name":"Reda\u00e7\u00e3o","image":{"@type":"ImageObject","inLanguage":"pt-BR","@id":"https:\/\/secure.gravatar.com\/avatar\/e0a867bdedb85fd243eadf09663511f96fc81e0720a4a42581f334ad4303aa6b?s=96&d=mm&r=g","url":"https:\/\/secure.gravatar.com\/avatar\/e0a867bdedb85fd243eadf09663511f96fc81e0720a4a42581f334ad4303aa6b?s=96&d=mm&r=g","contentUrl":"https:\/\/secure.gravatar.com\/avatar\/e0a867bdedb85fd243eadf09663511f96fc81e0720a4a42581f334ad4303aa6b?s=96&d=mm&r=g","caption":"Reda\u00e7\u00e3o"}}]}},"amp_enabled":true,"_links":{"self":[{"href":"https:\/\/www.notibras.com\/site\/wp-json\/wp\/v2\/posts\/31091","targetHints":{"allow":["GET"]}}],"collection":[{"href":"https:\/\/www.notibras.com\/site\/wp-json\/wp\/v2\/posts"}],"about":[{"href":"https:\/\/www.notibras.com\/site\/wp-json\/wp\/v2\/types\/post"}],"author":[{"embeddable":true,"href":"https:\/\/www.notibras.com\/site\/wp-json\/wp\/v2\/users\/2"}],"replies":[{"embeddable":true,"href":"https:\/\/www.notibras.com\/site\/wp-json\/wp\/v2\/comments?post=31091"}],"version-history":[{"count":0,"href":"https:\/\/www.notibras.com\/site\/wp-json\/wp\/v2\/posts\/31091\/revisions"}],"wp:featuredmedia":[{"embeddable":true,"href":"https:\/\/www.notibras.com\/site\/wp-json\/wp\/v2\/media\/31092"}],"wp:attachment":[{"href":"https:\/\/www.notibras.com\/site\/wp-json\/wp\/v2\/media?parent=31091"}],"wp:term":[{"taxonomy":"category","embeddable":true,"href":"https:\/\/www.notibras.com\/site\/wp-json\/wp\/v2\/categories?post=31091"},{"taxonomy":"post_tag","embeddable":true,"href":"https:\/\/www.notibras.com\/site\/wp-json\/wp\/v2\/tags?post=31091"}],"curies":[{"name":"wp","href":"https:\/\/api.w.org\/{rel}","templated":true}]}}