{"id":310911,"date":"2023-08-13T00:00:49","date_gmt":"2023-08-13T03:00:49","guid":{"rendered":"https:\/\/www.notibras.com\/site\/?p=310911"},"modified":"2023-08-13T03:50:02","modified_gmt":"2023-08-13T06:50:02","slug":"cesta-de-familias-baixa-renda-registra-deflacao","status":"publish","type":"post","link":"https:\/\/www.notibras.com\/site\/cesta-de-familias-baixa-renda-registra-deflacao\/","title":{"rendered":"Cesta de fam\u00edlias baixa renda registra defla\u00e7\u00e3o"},"content":{"rendered":"<p>O \u00cdndice Nacional de Pre\u00e7os ao Consumidor (INPC), que mede a varia\u00e7\u00e3o da cesta de compras de fam\u00edlias com renda at\u00e9 cinco sal\u00e1rios m\u00ednimos, registrou defla\u00e7\u00e3o (queda de pre\u00e7os) de 0,09% em julho deste ano. A taxa \u00e9 pr\u00f3xima \u00e0 defla\u00e7\u00e3o de 0,10% do m\u00eas anterior. Em julho do ano passado, a queda havia sido mais acentuada (-0,60%).<\/p>\n<p>Com o resultado, o INPC acumula taxas de infla\u00e7\u00e3o de 2,59% no ano e de 3,53% em 12 meses.<\/p>\n<p>As taxas de julho do INPC s\u00e3o mais baixas do que aquelas registradas pelo \u00cdndice Nacional de Pre\u00e7os ao Consumidor Amplo (IPCA), que mede a infla\u00e7\u00e3o oficial e a varia\u00e7\u00e3o da cesta de compras para todas as faixas de renda.<\/p>\n<p>O IPCA registrou taxas de infla\u00e7\u00e3o de 0,12% em julho, 2,99% no ano e 3,99% em 12 meses.<\/p>\n<p>Em julho, os produtos aliment\u00edcios medidos pelo INPC tiveram defla\u00e7\u00e3o de 0,59%, enquanto os n\u00e3o aliment\u00edcios apresentaram alta de pre\u00e7os de 0,07%.<\/p>\n","protected":false},"excerpt":{"rendered":"<p>O \u00cdndice Nacional de Pre\u00e7os ao Consumidor (INPC), que mede a varia\u00e7\u00e3o da cesta de compras de fam\u00edlias com renda at\u00e9 cinco sal\u00e1rios m\u00ednimos, registrou defla\u00e7\u00e3o (queda de pre\u00e7os) de 0,09% em julho deste ano. A taxa \u00e9 pr\u00f3xima \u00e0 defla\u00e7\u00e3o de 0,10% do m\u00eas anterior. Em julho do ano passado, a queda havia sido [&hellip;]<\/p>\n","protected":false},"author":2,"featured_media":310912,"comment_status":"closed","ping_status":"closed","sticky":false,"template":"","format":"standard","meta":{"_acf_changed":false,"footnotes":""},"categories":[161],"tags":[],"class_list":["post-310911","post","type-post","status-publish","format-standard","has-post-thumbnail","hentry","category-quadradinho-em-foco"],"acf":[],"yoast_head":"<!-- This site is optimized with the Yoast SEO plugin v27.2 - https:\/\/yoast.com\/product\/yoast-seo-wordpress\/ -->\n<title>Cesta de fam\u00edlias baixa renda registra defla\u00e7\u00e3o - Notibras<\/title>\n<meta name=\"robots\" content=\"index, follow, max-snippet:-1, max-image-preview:large, max-video-preview:-1\" \/>\n<link rel=\"canonical\" href=\"https:\/\/www.notibras.com\/site\/cesta-de-familias-baixa-renda-registra-deflacao\/\" \/>\n<meta property=\"og:locale\" content=\"pt_BR\" \/>\n<meta property=\"og:type\" content=\"article\" \/>\n<meta property=\"og:title\" content=\"Cesta de fam\u00edlias baixa renda registra defla\u00e7\u00e3o - Notibras\" \/>\n<meta property=\"og:description\" content=\"O \u00cdndice Nacional de Pre\u00e7os ao Consumidor (INPC), que mede a varia\u00e7\u00e3o da cesta de compras de fam\u00edlias com renda at\u00e9 cinco sal\u00e1rios m\u00ednimos, registrou defla\u00e7\u00e3o (queda de pre\u00e7os) de 0,09% em julho deste ano. A taxa \u00e9 pr\u00f3xima \u00e0 defla\u00e7\u00e3o de 0,10% do m\u00eas anterior. Em julho do ano passado, a queda havia sido [&hellip;]\" \/>\n<meta property=\"og:url\" content=\"https:\/\/www.notibras.com\/site\/cesta-de-familias-baixa-renda-registra-deflacao\/\" \/>\n<meta property=\"og:site_name\" content=\"Notibras\" \/>\n<meta property=\"article:publisher\" content=\"https:\/\/www.facebook.com\/notibras\/\" \/>\n<meta property=\"article:published_time\" content=\"2023-08-13T03:00:49+00:00\" \/>\n<meta property=\"article:modified_time\" content=\"2023-08-13T06:50:02+00:00\" \/>\n<meta property=\"og:image\" content=\"https:\/\/www.notibras.com\/site\/wp-content\/uploads\/2023\/08\/supermercado_economia_20220729_0889-4.jpg\" \/>\n\t<meta property=\"og:image:width\" content=\"1170\" \/>\n\t<meta property=\"og:image:height\" content=\"700\" \/>\n\t<meta property=\"og:image:type\" content=\"image\/jpeg\" \/>\n<meta name=\"author\" content=\"Reda\u00e7\u00e3o\" \/>\n<meta name=\"twitter:card\" content=\"summary_large_image\" \/>\n<meta name=\"twitter:creator\" content=\"@Notibras\" \/>\n<meta name=\"twitter:site\" content=\"@Notibras\" \/>\n<meta name=\"twitter:label1\" content=\"Escrito por\" \/>\n\t<meta name=\"twitter:data1\" content=\"Reda\u00e7\u00e3o\" \/>\n\t<meta name=\"twitter:label2\" content=\"Est. tempo de leitura\" \/>\n\t<meta name=\"twitter:data2\" content=\"1 minuto\" \/>\n<script type=\"application\/ld+json\" class=\"yoast-schema-graph\">{\"@context\":\"https:\/\/schema.org\",\"@graph\":[{\"@type\":\"Article\",\"@id\":\"https:\/\/www.notibras.com\/site\/cesta-de-familias-baixa-renda-registra-deflacao\/#article\",\"isPartOf\":{\"@id\":\"https:\/\/www.notibras.com\/site\/cesta-de-familias-baixa-renda-registra-deflacao\/\"},\"author\":{\"name\":\"Reda\u00e7\u00e3o\",\"@id\":\"https:\/\/www.notibras.com\/site\/#\/schema\/person\/36ab0979449956132d3e5b517ea76ac8\"},\"headline\":\"Cesta de fam\u00edlias baixa renda registra defla\u00e7\u00e3o\",\"datePublished\":\"2023-08-13T03:00:49+00:00\",\"dateModified\":\"2023-08-13T06:50:02+00:00\",\"mainEntityOfPage\":{\"@id\":\"https:\/\/www.notibras.com\/site\/cesta-de-familias-baixa-renda-registra-deflacao\/\"},\"wordCount\":174,\"publisher\":{\"@id\":\"https:\/\/www.notibras.com\/site\/#organization\"},\"image\":{\"@id\":\"https:\/\/www.notibras.com\/site\/cesta-de-familias-baixa-renda-registra-deflacao\/#primaryimage\"},\"thumbnailUrl\":\"https:\/\/www.notibras.com\/site\/wp-content\/uploads\/2023\/08\/supermercado_economia_20220729_0889-4.jpg\",\"articleSection\":[\"Quadradinho em Foco\"],\"inLanguage\":\"pt-BR\"},{\"@type\":\"WebPage\",\"@id\":\"https:\/\/www.notibras.com\/site\/cesta-de-familias-baixa-renda-registra-deflacao\/\",\"url\":\"https:\/\/www.notibras.com\/site\/cesta-de-familias-baixa-renda-registra-deflacao\/\",\"name\":\"Cesta de fam\u00edlias baixa renda registra defla\u00e7\u00e3o - Notibras\",\"isPartOf\":{\"@id\":\"https:\/\/www.notibras.com\/site\/#website\"},\"primaryImageOfPage\":{\"@id\":\"https:\/\/www.notibras.com\/site\/cesta-de-familias-baixa-renda-registra-deflacao\/#primaryimage\"},\"image\":{\"@id\":\"https:\/\/www.notibras.com\/site\/cesta-de-familias-baixa-renda-registra-deflacao\/#primaryimage\"},\"thumbnailUrl\":\"https:\/\/www.notibras.com\/site\/wp-content\/uploads\/2023\/08\/supermercado_economia_20220729_0889-4.jpg\",\"datePublished\":\"2023-08-13T03:00:49+00:00\",\"dateModified\":\"2023-08-13T06:50:02+00:00\",\"breadcrumb\":{\"@id\":\"https:\/\/www.notibras.com\/site\/cesta-de-familias-baixa-renda-registra-deflacao\/#breadcrumb\"},\"inLanguage\":\"pt-BR\",\"potentialAction\":[{\"@type\":\"ReadAction\",\"target\":[\"https:\/\/www.notibras.com\/site\/cesta-de-familias-baixa-renda-registra-deflacao\/\"]}]},{\"@type\":\"ImageObject\",\"inLanguage\":\"pt-BR\",\"@id\":\"https:\/\/www.notibras.com\/site\/cesta-de-familias-baixa-renda-registra-deflacao\/#primaryimage\",\"url\":\"https:\/\/www.notibras.com\/site\/wp-content\/uploads\/2023\/08\/supermercado_economia_20220729_0889-4.jpg\",\"contentUrl\":\"https:\/\/www.notibras.com\/site\/wp-content\/uploads\/2023\/08\/supermercado_economia_20220729_0889-4.jpg\",\"width\":1170,\"height\":700,\"caption\":\"Supermercado\"},{\"@type\":\"BreadcrumbList\",\"@id\":\"https:\/\/www.notibras.com\/site\/cesta-de-familias-baixa-renda-registra-deflacao\/#breadcrumb\",\"itemListElement\":[{\"@type\":\"ListItem\",\"position\":1,\"name\":\"In\u00edcio\",\"item\":\"https:\/\/www.notibras.com\/site\/\"},{\"@type\":\"ListItem\",\"position\":2,\"name\":\"Cesta de fam\u00edlias baixa renda registra defla\u00e7\u00e3o\"}]},{\"@type\":\"WebSite\",\"@id\":\"https:\/\/www.notibras.com\/site\/#website\",\"url\":\"https:\/\/www.notibras.com\/site\/\",\"name\":\"Notibras\",\"description\":\"Not\u00edcias de Bras\u00edlia, do Brasil e do Mundo\",\"publisher\":{\"@id\":\"https:\/\/www.notibras.com\/site\/#organization\"},\"potentialAction\":[{\"@type\":\"SearchAction\",\"target\":{\"@type\":\"EntryPoint\",\"urlTemplate\":\"https:\/\/www.notibras.com\/site\/?s={search_term_string}\"},\"query-input\":{\"@type\":\"PropertyValueSpecification\",\"valueRequired\":true,\"valueName\":\"search_term_string\"}}],\"inLanguage\":\"pt-BR\"},{\"@type\":\"Organization\",\"@id\":\"https:\/\/www.notibras.com\/site\/#organization\",\"name\":\"Grupo Notibras de Comunica\u00e7\u00e3o\",\"url\":\"https:\/\/www.notibras.com\/site\/\",\"logo\":{\"@type\":\"ImageObject\",\"inLanguage\":\"pt-BR\",\"@id\":\"https:\/\/www.notibras.com\/site\/#\/schema\/logo\/image\/\",\"url\":\"https:\/\/www.notibras.com\/site\/wp-content\/uploads\/2023\/01\/notibras23.png\",\"contentUrl\":\"https:\/\/www.notibras.com\/site\/wp-content\/uploads\/2023\/01\/notibras23.png\",\"width\":350,\"height\":87,\"caption\":\"Grupo Notibras de Comunica\u00e7\u00e3o\"},\"image\":{\"@id\":\"https:\/\/www.notibras.com\/site\/#\/schema\/logo\/image\/\"},\"sameAs\":[\"https:\/\/www.facebook.com\/notibras\/\",\"https:\/\/x.com\/Notibras\",\"https:\/\/www.instagram.com\/notibras\/\"]},{\"@type\":\"Person\",\"@id\":\"https:\/\/www.notibras.com\/site\/#\/schema\/person\/36ab0979449956132d3e5b517ea76ac8\",\"name\":\"Reda\u00e7\u00e3o\",\"image\":{\"@type\":\"ImageObject\",\"inLanguage\":\"pt-BR\",\"@id\":\"https:\/\/secure.gravatar.com\/avatar\/e0a867bdedb85fd243eadf09663511f96fc81e0720a4a42581f334ad4303aa6b?s=96&d=mm&r=g\",\"url\":\"https:\/\/secure.gravatar.com\/avatar\/e0a867bdedb85fd243eadf09663511f96fc81e0720a4a42581f334ad4303aa6b?s=96&d=mm&r=g\",\"contentUrl\":\"https:\/\/secure.gravatar.com\/avatar\/e0a867bdedb85fd243eadf09663511f96fc81e0720a4a42581f334ad4303aa6b?s=96&d=mm&r=g\",\"caption\":\"Reda\u00e7\u00e3o\"}}]}<\/script>\n<!-- \/ Yoast SEO plugin. -->","yoast_head_json":{"title":"Cesta de fam\u00edlias baixa renda registra defla\u00e7\u00e3o - Notibras","robots":{"index":"index","follow":"follow","max-snippet":"max-snippet:-1","max-image-preview":"max-image-preview:large","max-video-preview":"max-video-preview:-1"},"canonical":"https:\/\/www.notibras.com\/site\/cesta-de-familias-baixa-renda-registra-deflacao\/","og_locale":"pt_BR","og_type":"article","og_title":"Cesta de fam\u00edlias baixa renda registra defla\u00e7\u00e3o - Notibras","og_description":"O \u00cdndice Nacional de Pre\u00e7os ao Consumidor (INPC), que mede a varia\u00e7\u00e3o da cesta de compras de fam\u00edlias com renda at\u00e9 cinco sal\u00e1rios m\u00ednimos, registrou defla\u00e7\u00e3o (queda de pre\u00e7os) de 0,09% em julho deste ano. A taxa \u00e9 pr\u00f3xima \u00e0 defla\u00e7\u00e3o de 0,10% do m\u00eas anterior. Em julho do ano passado, a queda havia sido [&hellip;]","og_url":"https:\/\/www.notibras.com\/site\/cesta-de-familias-baixa-renda-registra-deflacao\/","og_site_name":"Notibras","article_publisher":"https:\/\/www.facebook.com\/notibras\/","article_published_time":"2023-08-13T03:00:49+00:00","article_modified_time":"2023-08-13T06:50:02+00:00","og_image":[{"width":1170,"height":700,"url":"https:\/\/www.notibras.com\/site\/wp-content\/uploads\/2023\/08\/supermercado_economia_20220729_0889-4.jpg","type":"image\/jpeg"}],"author":"Reda\u00e7\u00e3o","twitter_card":"summary_large_image","twitter_creator":"@Notibras","twitter_site":"@Notibras","twitter_misc":{"Escrito por":"Reda\u00e7\u00e3o","Est. tempo de leitura":"1 minuto"},"schema":{"@context":"https:\/\/schema.org","@graph":[{"@type":"Article","@id":"https:\/\/www.notibras.com\/site\/cesta-de-familias-baixa-renda-registra-deflacao\/#article","isPartOf":{"@id":"https:\/\/www.notibras.com\/site\/cesta-de-familias-baixa-renda-registra-deflacao\/"},"author":{"name":"Reda\u00e7\u00e3o","@id":"https:\/\/www.notibras.com\/site\/#\/schema\/person\/36ab0979449956132d3e5b517ea76ac8"},"headline":"Cesta de fam\u00edlias baixa renda registra defla\u00e7\u00e3o","datePublished":"2023-08-13T03:00:49+00:00","dateModified":"2023-08-13T06:50:02+00:00","mainEntityOfPage":{"@id":"https:\/\/www.notibras.com\/site\/cesta-de-familias-baixa-renda-registra-deflacao\/"},"wordCount":174,"publisher":{"@id":"https:\/\/www.notibras.com\/site\/#organization"},"image":{"@id":"https:\/\/www.notibras.com\/site\/cesta-de-familias-baixa-renda-registra-deflacao\/#primaryimage"},"thumbnailUrl":"https:\/\/www.notibras.com\/site\/wp-content\/uploads\/2023\/08\/supermercado_economia_20220729_0889-4.jpg","articleSection":["Quadradinho em Foco"],"inLanguage":"pt-BR"},{"@type":"WebPage","@id":"https:\/\/www.notibras.com\/site\/cesta-de-familias-baixa-renda-registra-deflacao\/","url":"https:\/\/www.notibras.com\/site\/cesta-de-familias-baixa-renda-registra-deflacao\/","name":"Cesta de fam\u00edlias baixa renda registra defla\u00e7\u00e3o - Notibras","isPartOf":{"@id":"https:\/\/www.notibras.com\/site\/#website"},"primaryImageOfPage":{"@id":"https:\/\/www.notibras.com\/site\/cesta-de-familias-baixa-renda-registra-deflacao\/#primaryimage"},"image":{"@id":"https:\/\/www.notibras.com\/site\/cesta-de-familias-baixa-renda-registra-deflacao\/#primaryimage"},"thumbnailUrl":"https:\/\/www.notibras.com\/site\/wp-content\/uploads\/2023\/08\/supermercado_economia_20220729_0889-4.jpg","datePublished":"2023-08-13T03:00:49+00:00","dateModified":"2023-08-13T06:50:02+00:00","breadcrumb":{"@id":"https:\/\/www.notibras.com\/site\/cesta-de-familias-baixa-renda-registra-deflacao\/#breadcrumb"},"inLanguage":"pt-BR","potentialAction":[{"@type":"ReadAction","target":["https:\/\/www.notibras.com\/site\/cesta-de-familias-baixa-renda-registra-deflacao\/"]}]},{"@type":"ImageObject","inLanguage":"pt-BR","@id":"https:\/\/www.notibras.com\/site\/cesta-de-familias-baixa-renda-registra-deflacao\/#primaryimage","url":"https:\/\/www.notibras.com\/site\/wp-content\/uploads\/2023\/08\/supermercado_economia_20220729_0889-4.jpg","contentUrl":"https:\/\/www.notibras.com\/site\/wp-content\/uploads\/2023\/08\/supermercado_economia_20220729_0889-4.jpg","width":1170,"height":700,"caption":"Supermercado"},{"@type":"BreadcrumbList","@id":"https:\/\/www.notibras.com\/site\/cesta-de-familias-baixa-renda-registra-deflacao\/#breadcrumb","itemListElement":[{"@type":"ListItem","position":1,"name":"In\u00edcio","item":"https:\/\/www.notibras.com\/site\/"},{"@type":"ListItem","position":2,"name":"Cesta de fam\u00edlias baixa renda registra defla\u00e7\u00e3o"}]},{"@type":"WebSite","@id":"https:\/\/www.notibras.com\/site\/#website","url":"https:\/\/www.notibras.com\/site\/","name":"Notibras","description":"Not\u00edcias de Bras\u00edlia, do Brasil e do Mundo","publisher":{"@id":"https:\/\/www.notibras.com\/site\/#organization"},"potentialAction":[{"@type":"SearchAction","target":{"@type":"EntryPoint","urlTemplate":"https:\/\/www.notibras.com\/site\/?s={search_term_string}"},"query-input":{"@type":"PropertyValueSpecification","valueRequired":true,"valueName":"search_term_string"}}],"inLanguage":"pt-BR"},{"@type":"Organization","@id":"https:\/\/www.notibras.com\/site\/#organization","name":"Grupo Notibras de Comunica\u00e7\u00e3o","url":"https:\/\/www.notibras.com\/site\/","logo":{"@type":"ImageObject","inLanguage":"pt-BR","@id":"https:\/\/www.notibras.com\/site\/#\/schema\/logo\/image\/","url":"https:\/\/www.notibras.com\/site\/wp-content\/uploads\/2023\/01\/notibras23.png","contentUrl":"https:\/\/www.notibras.com\/site\/wp-content\/uploads\/2023\/01\/notibras23.png","width":350,"height":87,"caption":"Grupo Notibras de Comunica\u00e7\u00e3o"},"image":{"@id":"https:\/\/www.notibras.com\/site\/#\/schema\/logo\/image\/"},"sameAs":["https:\/\/www.facebook.com\/notibras\/","https:\/\/x.com\/Notibras","https:\/\/www.instagram.com\/notibras\/"]},{"@type":"Person","@id":"https:\/\/www.notibras.com\/site\/#\/schema\/person\/36ab0979449956132d3e5b517ea76ac8","name":"Reda\u00e7\u00e3o","image":{"@type":"ImageObject","inLanguage":"pt-BR","@id":"https:\/\/secure.gravatar.com\/avatar\/e0a867bdedb85fd243eadf09663511f96fc81e0720a4a42581f334ad4303aa6b?s=96&d=mm&r=g","url":"https:\/\/secure.gravatar.com\/avatar\/e0a867bdedb85fd243eadf09663511f96fc81e0720a4a42581f334ad4303aa6b?s=96&d=mm&r=g","contentUrl":"https:\/\/secure.gravatar.com\/avatar\/e0a867bdedb85fd243eadf09663511f96fc81e0720a4a42581f334ad4303aa6b?s=96&d=mm&r=g","caption":"Reda\u00e7\u00e3o"}}]}},"amp_enabled":true,"_links":{"self":[{"href":"https:\/\/www.notibras.com\/site\/wp-json\/wp\/v2\/posts\/310911","targetHints":{"allow":["GET"]}}],"collection":[{"href":"https:\/\/www.notibras.com\/site\/wp-json\/wp\/v2\/posts"}],"about":[{"href":"https:\/\/www.notibras.com\/site\/wp-json\/wp\/v2\/types\/post"}],"author":[{"embeddable":true,"href":"https:\/\/www.notibras.com\/site\/wp-json\/wp\/v2\/users\/2"}],"replies":[{"embeddable":true,"href":"https:\/\/www.notibras.com\/site\/wp-json\/wp\/v2\/comments?post=310911"}],"version-history":[{"count":1,"href":"https:\/\/www.notibras.com\/site\/wp-json\/wp\/v2\/posts\/310911\/revisions"}],"predecessor-version":[{"id":310913,"href":"https:\/\/www.notibras.com\/site\/wp-json\/wp\/v2\/posts\/310911\/revisions\/310913"}],"wp:featuredmedia":[{"embeddable":true,"href":"https:\/\/www.notibras.com\/site\/wp-json\/wp\/v2\/media\/310912"}],"wp:attachment":[{"href":"https:\/\/www.notibras.com\/site\/wp-json\/wp\/v2\/media?parent=310911"}],"wp:term":[{"taxonomy":"category","embeddable":true,"href":"https:\/\/www.notibras.com\/site\/wp-json\/wp\/v2\/categories?post=310911"},{"taxonomy":"post_tag","embeddable":true,"href":"https:\/\/www.notibras.com\/site\/wp-json\/wp\/v2\/tags?post=310911"}],"curies":[{"name":"wp","href":"https:\/\/api.w.org\/{rel}","templated":true}]}}