{"id":310914,"date":"2023-08-13T00:00:14","date_gmt":"2023-08-13T03:00:14","guid":{"rendered":"https:\/\/www.notibras.com\/site\/?p=310914"},"modified":"2023-08-13T04:02:51","modified_gmt":"2023-08-13T07:02:51","slug":"brasilia-enfrenta-situacao-de-emergencia-zoossanitaria","status":"publish","type":"post","link":"https:\/\/www.notibras.com\/site\/brasilia-enfrenta-situacao-de-emergencia-zoossanitaria\/","title":{"rendered":"Bras\u00edlia enfrenta situa\u00e7\u00e3o de emerg\u00eancia zoossanit\u00e1ria"},"content":{"rendered":"<p>O Distrito Federal est\u00e1 em situa\u00e7\u00e3o de emerg\u00eancia zoossanit\u00e1ria, pelo per\u00edodo de 180 dias. A decis\u00e3o intensifica as a\u00e7\u00f5es de preven\u00e7\u00e3o da ocorr\u00eancia da influenza avi\u00e1ria de alta patogenicidade na capital do pa\u00eds. At\u00e9 o momento n\u00e3o h\u00e1 ocorr\u00eancia da doen\u00e7a na regi\u00e3o. Contudo, foram identificados casos de gripe avi\u00e1ria de alta patogenicidade em outros estados brasileiros e em pa\u00edses da Am\u00e9rica do Sul.<\/p>\n<p>Diante do risco de introdu\u00e7\u00e3o da influenza avi\u00e1ria no DF, o secret\u00e1rio executivo de Agricultura, Rafael Bueno, esclarece que \u201ca declara\u00e7\u00e3o de emerg\u00eancia sanit\u00e1ria para Influenza Avi\u00e1ria se d\u00e1 por orienta\u00e7\u00e3o do Minist\u00e9rio da Agricultura a todos os estados brasileiros.\u201d \u201cIsso possibilita a distribui\u00e7\u00e3o de recursos do Governo Federal para ampliarmos as medidas de preven\u00e7\u00e3o, diminuindo a chance de ocorr\u00eancia da doen\u00e7a aqui no Distrito Federal\u201d, completa.<\/p>\n<p>A subsecret\u00e1ria de Defesa Agropecu\u00e1ria da Secretaria da Agricultura do DF, Danielle Ara\u00fajo, refor\u00e7a a relev\u00e2ncia da intensifica\u00e7\u00e3o das a\u00e7\u00f5es de fiscaliza\u00e7\u00e3o e controle da doen\u00e7a. \u201cEstamos chegando em setembro, que \u00e9 um m\u00eas de intensa atividade migrat\u00f3ria de aves silvestres por aqui. O decreto de emerg\u00eancia zoossanit\u00e1ria \u00e9 um instrumento para aumento da mobiliza\u00e7\u00e3o dos \u00f3rg\u00e3os envolvidos em um poss\u00edvel atendimento emergencial, e sensibiliza\u00e7\u00e3o da popula\u00e7\u00e3o sobre a doen\u00e7a\u201d.<\/p>\n<p>Para a subsecret\u00e1ria, o alinhamento entre a\u00e7\u00f5es federais e distritais para o enfrentamento \u00e0 influenza \u00e9 fundamental para o r\u00e1pido controle de um poss\u00edvel caso da doen\u00e7a no Distrito Federal. \u201cO decreto de emerg\u00eancia zoossanit\u00e1ria permite mais agilidade nas aquisi\u00e7\u00f5es de equipamentos e insumos, a fim de estarmos preparados para uma r\u00e1pida atua\u00e7\u00e3o, caso haja a identifica\u00e7\u00e3o de um foco de influenza\u201d, afirma Danielle Ara\u00fajo.<\/p>\n<p>No que se refere \u00e0 sensibiliza\u00e7\u00e3o dos produtores e da popula\u00e7\u00e3o em geral, o decreto lista os sinais cl\u00ednicos suspeitos para influenza nas aves. Situa\u00e7\u00f5es como mortalidade alta e s\u00fabita no plantel, sinais respirat\u00f3rios, nervosos e digestivos nas aves, queda na postura e produ\u00e7\u00e3o de ovos deformados, com casca fina ou sem pigmenta\u00e7\u00e3o, devem ser notificados imediatamente ao Servi\u00e7o de Defesa Agropecu\u00e1ria da Seagri-DF .<\/p>\n<p>Para o produtor rural que tem cria\u00e7\u00e3o de aves, o que muda \u00e9 que as a\u00e7\u00f5es de vigil\u00e2ncia para influenza avi\u00e1ria nas propriedades rurais ser\u00e3o ainda mais intensificadas. \u201cPor isso, pedimos o apoio de todos para manterem as aves protegidas, e para seguirem as normas de biosseguridade recomendadas\u201d, refor\u00e7a Danielle Ara\u00fajo.<\/p>\n","protected":false},"excerpt":{"rendered":"<p>O Distrito Federal est\u00e1 em situa\u00e7\u00e3o de emerg\u00eancia zoossanit\u00e1ria, pelo per\u00edodo de 180 dias. A decis\u00e3o intensifica as a\u00e7\u00f5es de preven\u00e7\u00e3o da ocorr\u00eancia da influenza avi\u00e1ria de alta patogenicidade na capital do pa\u00eds. At\u00e9 o momento n\u00e3o h\u00e1 ocorr\u00eancia da doen\u00e7a na regi\u00e3o. Contudo, foram identificados casos de gripe avi\u00e1ria de alta patogenicidade em outros [&hellip;]<\/p>\n","protected":false},"author":2,"featured_media":310915,"comment_status":"closed","ping_status":"closed","sticky":false,"template":"","format":"standard","meta":{"_acf_changed":false,"footnotes":""},"categories":[161],"tags":[],"class_list":["post-310914","post","type-post","status-publish","format-standard","has-post-thumbnail","hentry","category-quadradinho-em-foco"],"acf":[],"yoast_head":"<!-- This site is optimized with the Yoast SEO plugin v27.2 - https:\/\/yoast.com\/product\/yoast-seo-wordpress\/ -->\n<title>Bras\u00edlia enfrenta situa\u00e7\u00e3o de emerg\u00eancia zoossanit\u00e1ria - Notibras<\/title>\n<meta name=\"robots\" content=\"index, follow, max-snippet:-1, max-image-preview:large, max-video-preview:-1\" \/>\n<link rel=\"canonical\" href=\"https:\/\/www.notibras.com\/site\/brasilia-enfrenta-situacao-de-emergencia-zoossanitaria\/\" \/>\n<meta property=\"og:locale\" content=\"pt_BR\" \/>\n<meta property=\"og:type\" content=\"article\" \/>\n<meta property=\"og:title\" content=\"Bras\u00edlia enfrenta situa\u00e7\u00e3o de emerg\u00eancia zoossanit\u00e1ria - Notibras\" \/>\n<meta property=\"og:description\" content=\"O Distrito Federal est\u00e1 em situa\u00e7\u00e3o de emerg\u00eancia zoossanit\u00e1ria, pelo per\u00edodo de 180 dias. A decis\u00e3o intensifica as a\u00e7\u00f5es de preven\u00e7\u00e3o da ocorr\u00eancia da influenza avi\u00e1ria de alta patogenicidade na capital do pa\u00eds. At\u00e9 o momento n\u00e3o h\u00e1 ocorr\u00eancia da doen\u00e7a na regi\u00e3o. Contudo, foram identificados casos de gripe avi\u00e1ria de alta patogenicidade em outros [&hellip;]\" \/>\n<meta property=\"og:url\" content=\"https:\/\/www.notibras.com\/site\/brasilia-enfrenta-situacao-de-emergencia-zoossanitaria\/\" \/>\n<meta property=\"og:site_name\" content=\"Notibras\" \/>\n<meta property=\"article:publisher\" content=\"https:\/\/www.facebook.com\/notibras\/\" \/>\n<meta property=\"article:published_time\" content=\"2023-08-13T03:00:14+00:00\" \/>\n<meta property=\"article:modified_time\" content=\"2023-08-13T07:02:51+00:00\" \/>\n<meta property=\"og:image\" content=\"https:\/\/www.notibras.com\/site\/wp-content\/uploads\/2023\/08\/WhatsApp-Image-2023-08-11-at-12.29.08-1536x1023-1.jpeg\" \/>\n\t<meta property=\"og:image:width\" content=\"1536\" \/>\n\t<meta property=\"og:image:height\" content=\"1023\" \/>\n\t<meta property=\"og:image:type\" content=\"image\/jpeg\" \/>\n<meta name=\"author\" content=\"Reda\u00e7\u00e3o\" \/>\n<meta name=\"twitter:card\" content=\"summary_large_image\" \/>\n<meta name=\"twitter:creator\" content=\"@Notibras\" \/>\n<meta name=\"twitter:site\" content=\"@Notibras\" \/>\n<meta name=\"twitter:label1\" content=\"Escrito por\" \/>\n\t<meta name=\"twitter:data1\" content=\"Reda\u00e7\u00e3o\" \/>\n\t<meta name=\"twitter:label2\" content=\"Est. tempo de leitura\" \/>\n\t<meta name=\"twitter:data2\" content=\"3 minutos\" \/>\n<script type=\"application\/ld+json\" class=\"yoast-schema-graph\">{\"@context\":\"https:\/\/schema.org\",\"@graph\":[{\"@type\":\"Article\",\"@id\":\"https:\/\/www.notibras.com\/site\/brasilia-enfrenta-situacao-de-emergencia-zoossanitaria\/#article\",\"isPartOf\":{\"@id\":\"https:\/\/www.notibras.com\/site\/brasilia-enfrenta-situacao-de-emergencia-zoossanitaria\/\"},\"author\":{\"name\":\"Reda\u00e7\u00e3o\",\"@id\":\"https:\/\/www.notibras.com\/site\/#\/schema\/person\/36ab0979449956132d3e5b517ea76ac8\"},\"headline\":\"Bras\u00edlia enfrenta situa\u00e7\u00e3o de emerg\u00eancia zoossanit\u00e1ria\",\"datePublished\":\"2023-08-13T03:00:14+00:00\",\"dateModified\":\"2023-08-13T07:02:51+00:00\",\"mainEntityOfPage\":{\"@id\":\"https:\/\/www.notibras.com\/site\/brasilia-enfrenta-situacao-de-emergencia-zoossanitaria\/\"},\"wordCount\":462,\"publisher\":{\"@id\":\"https:\/\/www.notibras.com\/site\/#organization\"},\"image\":{\"@id\":\"https:\/\/www.notibras.com\/site\/brasilia-enfrenta-situacao-de-emergencia-zoossanitaria\/#primaryimage\"},\"thumbnailUrl\":\"https:\/\/www.notibras.com\/site\/wp-content\/uploads\/2023\/08\/WhatsApp-Image-2023-08-11-at-12.29.08-1536x1023-1.jpeg\",\"articleSection\":[\"Quadradinho em Foco\"],\"inLanguage\":\"pt-BR\"},{\"@type\":\"WebPage\",\"@id\":\"https:\/\/www.notibras.com\/site\/brasilia-enfrenta-situacao-de-emergencia-zoossanitaria\/\",\"url\":\"https:\/\/www.notibras.com\/site\/brasilia-enfrenta-situacao-de-emergencia-zoossanitaria\/\",\"name\":\"Bras\u00edlia enfrenta situa\u00e7\u00e3o de emerg\u00eancia zoossanit\u00e1ria - Notibras\",\"isPartOf\":{\"@id\":\"https:\/\/www.notibras.com\/site\/#website\"},\"primaryImageOfPage\":{\"@id\":\"https:\/\/www.notibras.com\/site\/brasilia-enfrenta-situacao-de-emergencia-zoossanitaria\/#primaryimage\"},\"image\":{\"@id\":\"https:\/\/www.notibras.com\/site\/brasilia-enfrenta-situacao-de-emergencia-zoossanitaria\/#primaryimage\"},\"thumbnailUrl\":\"https:\/\/www.notibras.com\/site\/wp-content\/uploads\/2023\/08\/WhatsApp-Image-2023-08-11-at-12.29.08-1536x1023-1.jpeg\",\"datePublished\":\"2023-08-13T03:00:14+00:00\",\"dateModified\":\"2023-08-13T07:02:51+00:00\",\"breadcrumb\":{\"@id\":\"https:\/\/www.notibras.com\/site\/brasilia-enfrenta-situacao-de-emergencia-zoossanitaria\/#breadcrumb\"},\"inLanguage\":\"pt-BR\",\"potentialAction\":[{\"@type\":\"ReadAction\",\"target\":[\"https:\/\/www.notibras.com\/site\/brasilia-enfrenta-situacao-de-emergencia-zoossanitaria\/\"]}]},{\"@type\":\"ImageObject\",\"inLanguage\":\"pt-BR\",\"@id\":\"https:\/\/www.notibras.com\/site\/brasilia-enfrenta-situacao-de-emergencia-zoossanitaria\/#primaryimage\",\"url\":\"https:\/\/www.notibras.com\/site\/wp-content\/uploads\/2023\/08\/WhatsApp-Image-2023-08-11-at-12.29.08-1536x1023-1.jpeg\",\"contentUrl\":\"https:\/\/www.notibras.com\/site\/wp-content\/uploads\/2023\/08\/WhatsApp-Image-2023-08-11-at-12.29.08-1536x1023-1.jpeg\",\"width\":1536,\"height\":1023},{\"@type\":\"BreadcrumbList\",\"@id\":\"https:\/\/www.notibras.com\/site\/brasilia-enfrenta-situacao-de-emergencia-zoossanitaria\/#breadcrumb\",\"itemListElement\":[{\"@type\":\"ListItem\",\"position\":1,\"name\":\"In\u00edcio\",\"item\":\"https:\/\/www.notibras.com\/site\/\"},{\"@type\":\"ListItem\",\"position\":2,\"name\":\"Bras\u00edlia enfrenta situa\u00e7\u00e3o de emerg\u00eancia zoossanit\u00e1ria\"}]},{\"@type\":\"WebSite\",\"@id\":\"https:\/\/www.notibras.com\/site\/#website\",\"url\":\"https:\/\/www.notibras.com\/site\/\",\"name\":\"Notibras\",\"description\":\"Not\u00edcias de Bras\u00edlia, do Brasil e do Mundo\",\"publisher\":{\"@id\":\"https:\/\/www.notibras.com\/site\/#organization\"},\"potentialAction\":[{\"@type\":\"SearchAction\",\"target\":{\"@type\":\"EntryPoint\",\"urlTemplate\":\"https:\/\/www.notibras.com\/site\/?s={search_term_string}\"},\"query-input\":{\"@type\":\"PropertyValueSpecification\",\"valueRequired\":true,\"valueName\":\"search_term_string\"}}],\"inLanguage\":\"pt-BR\"},{\"@type\":\"Organization\",\"@id\":\"https:\/\/www.notibras.com\/site\/#organization\",\"name\":\"Grupo Notibras de Comunica\u00e7\u00e3o\",\"url\":\"https:\/\/www.notibras.com\/site\/\",\"logo\":{\"@type\":\"ImageObject\",\"inLanguage\":\"pt-BR\",\"@id\":\"https:\/\/www.notibras.com\/site\/#\/schema\/logo\/image\/\",\"url\":\"https:\/\/www.notibras.com\/site\/wp-content\/uploads\/2023\/01\/notibras23.png\",\"contentUrl\":\"https:\/\/www.notibras.com\/site\/wp-content\/uploads\/2023\/01\/notibras23.png\",\"width\":350,\"height\":87,\"caption\":\"Grupo Notibras de Comunica\u00e7\u00e3o\"},\"image\":{\"@id\":\"https:\/\/www.notibras.com\/site\/#\/schema\/logo\/image\/\"},\"sameAs\":[\"https:\/\/www.facebook.com\/notibras\/\",\"https:\/\/x.com\/Notibras\",\"https:\/\/www.instagram.com\/notibras\/\"]},{\"@type\":\"Person\",\"@id\":\"https:\/\/www.notibras.com\/site\/#\/schema\/person\/36ab0979449956132d3e5b517ea76ac8\",\"name\":\"Reda\u00e7\u00e3o\",\"image\":{\"@type\":\"ImageObject\",\"inLanguage\":\"pt-BR\",\"@id\":\"https:\/\/secure.gravatar.com\/avatar\/e0a867bdedb85fd243eadf09663511f96fc81e0720a4a42581f334ad4303aa6b?s=96&d=mm&r=g\",\"url\":\"https:\/\/secure.gravatar.com\/avatar\/e0a867bdedb85fd243eadf09663511f96fc81e0720a4a42581f334ad4303aa6b?s=96&d=mm&r=g\",\"contentUrl\":\"https:\/\/secure.gravatar.com\/avatar\/e0a867bdedb85fd243eadf09663511f96fc81e0720a4a42581f334ad4303aa6b?s=96&d=mm&r=g\",\"caption\":\"Reda\u00e7\u00e3o\"}}]}<\/script>\n<!-- \/ Yoast SEO plugin. -->","yoast_head_json":{"title":"Bras\u00edlia enfrenta situa\u00e7\u00e3o de emerg\u00eancia zoossanit\u00e1ria - Notibras","robots":{"index":"index","follow":"follow","max-snippet":"max-snippet:-1","max-image-preview":"max-image-preview:large","max-video-preview":"max-video-preview:-1"},"canonical":"https:\/\/www.notibras.com\/site\/brasilia-enfrenta-situacao-de-emergencia-zoossanitaria\/","og_locale":"pt_BR","og_type":"article","og_title":"Bras\u00edlia enfrenta situa\u00e7\u00e3o de emerg\u00eancia zoossanit\u00e1ria - Notibras","og_description":"O Distrito Federal est\u00e1 em situa\u00e7\u00e3o de emerg\u00eancia zoossanit\u00e1ria, pelo per\u00edodo de 180 dias. A decis\u00e3o intensifica as a\u00e7\u00f5es de preven\u00e7\u00e3o da ocorr\u00eancia da influenza avi\u00e1ria de alta patogenicidade na capital do pa\u00eds. At\u00e9 o momento n\u00e3o h\u00e1 ocorr\u00eancia da doen\u00e7a na regi\u00e3o. Contudo, foram identificados casos de gripe avi\u00e1ria de alta patogenicidade em outros [&hellip;]","og_url":"https:\/\/www.notibras.com\/site\/brasilia-enfrenta-situacao-de-emergencia-zoossanitaria\/","og_site_name":"Notibras","article_publisher":"https:\/\/www.facebook.com\/notibras\/","article_published_time":"2023-08-13T03:00:14+00:00","article_modified_time":"2023-08-13T07:02:51+00:00","og_image":[{"width":1536,"height":1023,"url":"https:\/\/www.notibras.com\/site\/wp-content\/uploads\/2023\/08\/WhatsApp-Image-2023-08-11-at-12.29.08-1536x1023-1.jpeg","type":"image\/jpeg"}],"author":"Reda\u00e7\u00e3o","twitter_card":"summary_large_image","twitter_creator":"@Notibras","twitter_site":"@Notibras","twitter_misc":{"Escrito por":"Reda\u00e7\u00e3o","Est. tempo de leitura":"3 minutos"},"schema":{"@context":"https:\/\/schema.org","@graph":[{"@type":"Article","@id":"https:\/\/www.notibras.com\/site\/brasilia-enfrenta-situacao-de-emergencia-zoossanitaria\/#article","isPartOf":{"@id":"https:\/\/www.notibras.com\/site\/brasilia-enfrenta-situacao-de-emergencia-zoossanitaria\/"},"author":{"name":"Reda\u00e7\u00e3o","@id":"https:\/\/www.notibras.com\/site\/#\/schema\/person\/36ab0979449956132d3e5b517ea76ac8"},"headline":"Bras\u00edlia enfrenta situa\u00e7\u00e3o de emerg\u00eancia zoossanit\u00e1ria","datePublished":"2023-08-13T03:00:14+00:00","dateModified":"2023-08-13T07:02:51+00:00","mainEntityOfPage":{"@id":"https:\/\/www.notibras.com\/site\/brasilia-enfrenta-situacao-de-emergencia-zoossanitaria\/"},"wordCount":462,"publisher":{"@id":"https:\/\/www.notibras.com\/site\/#organization"},"image":{"@id":"https:\/\/www.notibras.com\/site\/brasilia-enfrenta-situacao-de-emergencia-zoossanitaria\/#primaryimage"},"thumbnailUrl":"https:\/\/www.notibras.com\/site\/wp-content\/uploads\/2023\/08\/WhatsApp-Image-2023-08-11-at-12.29.08-1536x1023-1.jpeg","articleSection":["Quadradinho em Foco"],"inLanguage":"pt-BR"},{"@type":"WebPage","@id":"https:\/\/www.notibras.com\/site\/brasilia-enfrenta-situacao-de-emergencia-zoossanitaria\/","url":"https:\/\/www.notibras.com\/site\/brasilia-enfrenta-situacao-de-emergencia-zoossanitaria\/","name":"Bras\u00edlia enfrenta situa\u00e7\u00e3o de emerg\u00eancia zoossanit\u00e1ria - Notibras","isPartOf":{"@id":"https:\/\/www.notibras.com\/site\/#website"},"primaryImageOfPage":{"@id":"https:\/\/www.notibras.com\/site\/brasilia-enfrenta-situacao-de-emergencia-zoossanitaria\/#primaryimage"},"image":{"@id":"https:\/\/www.notibras.com\/site\/brasilia-enfrenta-situacao-de-emergencia-zoossanitaria\/#primaryimage"},"thumbnailUrl":"https:\/\/www.notibras.com\/site\/wp-content\/uploads\/2023\/08\/WhatsApp-Image-2023-08-11-at-12.29.08-1536x1023-1.jpeg","datePublished":"2023-08-13T03:00:14+00:00","dateModified":"2023-08-13T07:02:51+00:00","breadcrumb":{"@id":"https:\/\/www.notibras.com\/site\/brasilia-enfrenta-situacao-de-emergencia-zoossanitaria\/#breadcrumb"},"inLanguage":"pt-BR","potentialAction":[{"@type":"ReadAction","target":["https:\/\/www.notibras.com\/site\/brasilia-enfrenta-situacao-de-emergencia-zoossanitaria\/"]}]},{"@type":"ImageObject","inLanguage":"pt-BR","@id":"https:\/\/www.notibras.com\/site\/brasilia-enfrenta-situacao-de-emergencia-zoossanitaria\/#primaryimage","url":"https:\/\/www.notibras.com\/site\/wp-content\/uploads\/2023\/08\/WhatsApp-Image-2023-08-11-at-12.29.08-1536x1023-1.jpeg","contentUrl":"https:\/\/www.notibras.com\/site\/wp-content\/uploads\/2023\/08\/WhatsApp-Image-2023-08-11-at-12.29.08-1536x1023-1.jpeg","width":1536,"height":1023},{"@type":"BreadcrumbList","@id":"https:\/\/www.notibras.com\/site\/brasilia-enfrenta-situacao-de-emergencia-zoossanitaria\/#breadcrumb","itemListElement":[{"@type":"ListItem","position":1,"name":"In\u00edcio","item":"https:\/\/www.notibras.com\/site\/"},{"@type":"ListItem","position":2,"name":"Bras\u00edlia enfrenta situa\u00e7\u00e3o de emerg\u00eancia zoossanit\u00e1ria"}]},{"@type":"WebSite","@id":"https:\/\/www.notibras.com\/site\/#website","url":"https:\/\/www.notibras.com\/site\/","name":"Notibras","description":"Not\u00edcias de Bras\u00edlia, do Brasil e do Mundo","publisher":{"@id":"https:\/\/www.notibras.com\/site\/#organization"},"potentialAction":[{"@type":"SearchAction","target":{"@type":"EntryPoint","urlTemplate":"https:\/\/www.notibras.com\/site\/?s={search_term_string}"},"query-input":{"@type":"PropertyValueSpecification","valueRequired":true,"valueName":"search_term_string"}}],"inLanguage":"pt-BR"},{"@type":"Organization","@id":"https:\/\/www.notibras.com\/site\/#organization","name":"Grupo Notibras de Comunica\u00e7\u00e3o","url":"https:\/\/www.notibras.com\/site\/","logo":{"@type":"ImageObject","inLanguage":"pt-BR","@id":"https:\/\/www.notibras.com\/site\/#\/schema\/logo\/image\/","url":"https:\/\/www.notibras.com\/site\/wp-content\/uploads\/2023\/01\/notibras23.png","contentUrl":"https:\/\/www.notibras.com\/site\/wp-content\/uploads\/2023\/01\/notibras23.png","width":350,"height":87,"caption":"Grupo Notibras de Comunica\u00e7\u00e3o"},"image":{"@id":"https:\/\/www.notibras.com\/site\/#\/schema\/logo\/image\/"},"sameAs":["https:\/\/www.facebook.com\/notibras\/","https:\/\/x.com\/Notibras","https:\/\/www.instagram.com\/notibras\/"]},{"@type":"Person","@id":"https:\/\/www.notibras.com\/site\/#\/schema\/person\/36ab0979449956132d3e5b517ea76ac8","name":"Reda\u00e7\u00e3o","image":{"@type":"ImageObject","inLanguage":"pt-BR","@id":"https:\/\/secure.gravatar.com\/avatar\/e0a867bdedb85fd243eadf09663511f96fc81e0720a4a42581f334ad4303aa6b?s=96&d=mm&r=g","url":"https:\/\/secure.gravatar.com\/avatar\/e0a867bdedb85fd243eadf09663511f96fc81e0720a4a42581f334ad4303aa6b?s=96&d=mm&r=g","contentUrl":"https:\/\/secure.gravatar.com\/avatar\/e0a867bdedb85fd243eadf09663511f96fc81e0720a4a42581f334ad4303aa6b?s=96&d=mm&r=g","caption":"Reda\u00e7\u00e3o"}}]}},"amp_enabled":true,"_links":{"self":[{"href":"https:\/\/www.notibras.com\/site\/wp-json\/wp\/v2\/posts\/310914","targetHints":{"allow":["GET"]}}],"collection":[{"href":"https:\/\/www.notibras.com\/site\/wp-json\/wp\/v2\/posts"}],"about":[{"href":"https:\/\/www.notibras.com\/site\/wp-json\/wp\/v2\/types\/post"}],"author":[{"embeddable":true,"href":"https:\/\/www.notibras.com\/site\/wp-json\/wp\/v2\/users\/2"}],"replies":[{"embeddable":true,"href":"https:\/\/www.notibras.com\/site\/wp-json\/wp\/v2\/comments?post=310914"}],"version-history":[{"count":1,"href":"https:\/\/www.notibras.com\/site\/wp-json\/wp\/v2\/posts\/310914\/revisions"}],"predecessor-version":[{"id":310916,"href":"https:\/\/www.notibras.com\/site\/wp-json\/wp\/v2\/posts\/310914\/revisions\/310916"}],"wp:featuredmedia":[{"embeddable":true,"href":"https:\/\/www.notibras.com\/site\/wp-json\/wp\/v2\/media\/310915"}],"wp:attachment":[{"href":"https:\/\/www.notibras.com\/site\/wp-json\/wp\/v2\/media?parent=310914"}],"wp:term":[{"taxonomy":"category","embeddable":true,"href":"https:\/\/www.notibras.com\/site\/wp-json\/wp\/v2\/categories?post=310914"},{"taxonomy":"post_tag","embeddable":true,"href":"https:\/\/www.notibras.com\/site\/wp-json\/wp\/v2\/tags?post=310914"}],"curies":[{"name":"wp","href":"https:\/\/api.w.org\/{rel}","templated":true}]}}