{"id":310945,"date":"2023-08-14T07:34:57","date_gmt":"2023-08-14T10:34:57","guid":{"rendered":"https:\/\/www.notibras.com\/site\/?p=310945"},"modified":"2023-08-14T07:34:57","modified_gmt":"2023-08-14T10:34:57","slug":"lapide-carcomida-faz-argemiro-ir-para-a-praia","status":"publish","type":"post","link":"https:\/\/www.notibras.com\/site\/lapide-carcomida-faz-argemiro-ir-para-a-praia\/","title":{"rendered":"L\u00e1pide carcomida faz Argemiro ir para a praia"},"content":{"rendered":"<p>Durante nosso encontro semanal numa famosa padaria de Bras\u00edlia, o Jos\u00e9 Seabra me perguntou se, no meu tempo de morador honor\u00e1rio de Copacabana, eu havia conhecido algum habitante que valesse a pena contar algum causo. Logo me lembrei do meu vizinho, o Argemiro. Pois \u00e9, o meu chefe aqui no <strong>Notibras<\/strong> gostou tanto da hist\u00f3ria, que at\u00e9 disse que pagaria a rodada de caf\u00e9 gourmet.<\/p>\n<p>Argemiro vivia deprimido, independentemente das coisas que aconteciam ao seu redor. At\u00e9 quando ganhou uma bolada no jogo do bicho, n\u00e3o deixou de lamentar a suposta falta de sorte. \u00c9 que ele era do tipo que sempre considerava o copo meio vazio ou, ent\u00e3o, a galinha do vizinho mais gorda.<\/p>\n<p>Se chovia, Argemiro queria sol. Se fizesse aquele tempo de se esbaldar na praia, eis que ele rogava pra que S\u00e3o Pedro abrisse todas as torneiras do c\u00e9u. Vivia de lam\u00farias, como se elas lhe fossem sopros de vida, mesmo que ele desejasse a morte a todo instante.<\/p>\n<p>Carregado de ang\u00fastias, Argemiro decidiu naquela manh\u00e3 terminar com tudo. Olhou-se no espelho do banheiro, pensou em fazer a barba. Deixou pra l\u00e1 tal ideia, at\u00e9 que mudou seu pensamento. N\u00e3o queria deixar para ningu\u00e9m a tarefa de lhe passar a navalha na face para dar uma apar\u00eancia melhor ao defunto.<\/p>\n<p>Escolheu o terno mais apropriado com a aura que o perseguia. Cinza chumbo, t\u00e3o pesado que os ombros se curvavam. N\u00e3o suportando mais tamanha tristeza, pegou o \u00f4nibus direto para o cemit\u00e9rio S\u00e3o Jo\u00e3o Batista, ali em Botafogo. Apesar dos in\u00fameros assentos dispon\u00edveis, preferiu continuar no seu calv\u00e1rio, t\u00e3o firme como um castelo de areia. Manteve-se em p\u00e9.<\/p>\n<p>Desceu cinco pontos ap\u00f3s o S\u00e3o Jo\u00e3o Batista. Era quest\u00e3o de honra vencer mais alguns bons quil\u00f4metros com aqueles sapatos apertados, dois n\u00fameros abaixo do seu. O sol escaldante batia justamente sobre a sua calv\u00edcie avan\u00e7ada. A pele do cocuruto estava t\u00e3o castigada, que o vermelho a tomava por completo.<\/p>\n<p>Decidido, transp\u00f4s o port\u00e3o do cemit\u00e9rio. Queria porque queria acabar com a pr\u00f3pria vida diante do t\u00famulo da sua finada m\u00e3e. Pensou que ele estaria mais \u00e0 direita, mas n\u00e3o o encontrou. Caminhou no sentido oposto, mas nada de achar o local do repouso final da sua genitora. Cansado, acabou por se sentar diante de uma l\u00e1pide, onde havia a fotografia carcomida de uma velha e, logo abaixo, as seguintes palavras: &#8220;T\u00e1 fazendo o qu\u00ea aqui? V\u00e1 pra praia!!!&#8221;<\/p>\n<p>Argemiro n\u00e3o pensou duas vezes. E para Copacabana, onde tirou o velho terno e mergulhou de cueca. N\u00e3o se tem not\u00edcias de que ele voltou \u00e0 tona.<\/p>\n","protected":false},"excerpt":{"rendered":"<p>Durante nosso encontro semanal numa famosa padaria de Bras\u00edlia, o Jos\u00e9 Seabra me perguntou se, no meu tempo de morador honor\u00e1rio de Copacabana, eu havia conhecido algum habitante que valesse a pena contar algum causo. Logo me lembrei do meu vizinho, o Argemiro. Pois \u00e9, o meu chefe aqui no Notibras gostou tanto da hist\u00f3ria, [&hellip;]<\/p>\n","protected":false},"author":2,"featured_media":310946,"comment_status":"closed","ping_status":"closed","sticky":false,"template":"","format":"standard","meta":{"_acf_changed":false,"footnotes":""},"categories":[161],"tags":[],"class_list":["post-310945","post","type-post","status-publish","format-standard","has-post-thumbnail","hentry","category-quadradinho-em-foco"],"acf":[],"yoast_head":"<!-- This site is optimized with the Yoast SEO plugin v27.2 - https:\/\/yoast.com\/product\/yoast-seo-wordpress\/ -->\n<title>L\u00e1pide carcomida faz Argemiro ir para a praia - Notibras<\/title>\n<meta name=\"robots\" content=\"index, follow, max-snippet:-1, max-image-preview:large, max-video-preview:-1\" \/>\n<link rel=\"canonical\" href=\"https:\/\/www.notibras.com\/site\/lapide-carcomida-faz-argemiro-ir-para-a-praia\/\" \/>\n<meta property=\"og:locale\" content=\"pt_BR\" \/>\n<meta property=\"og:type\" content=\"article\" \/>\n<meta property=\"og:title\" content=\"L\u00e1pide carcomida faz Argemiro ir para a praia - Notibras\" \/>\n<meta property=\"og:description\" content=\"Durante nosso encontro semanal numa famosa padaria de Bras\u00edlia, o Jos\u00e9 Seabra me perguntou se, no meu tempo de morador honor\u00e1rio de Copacabana, eu havia conhecido algum habitante que valesse a pena contar algum causo. Logo me lembrei do meu vizinho, o Argemiro. Pois \u00e9, o meu chefe aqui no Notibras gostou tanto da hist\u00f3ria, [&hellip;]\" \/>\n<meta property=\"og:url\" content=\"https:\/\/www.notibras.com\/site\/lapide-carcomida-faz-argemiro-ir-para-a-praia\/\" \/>\n<meta property=\"og:site_name\" content=\"Notibras\" \/>\n<meta property=\"article:publisher\" content=\"https:\/\/www.facebook.com\/notibras\/\" \/>\n<meta property=\"article:published_time\" content=\"2023-08-14T10:34:57+00:00\" \/>\n<meta property=\"og:image\" content=\"https:\/\/www.notibras.com\/site\/wp-content\/uploads\/2023\/08\/dsc8284.jpg\" \/>\n\t<meta property=\"og:image:width\" content=\"770\" \/>\n\t<meta property=\"og:image:height\" content=\"513\" \/>\n\t<meta property=\"og:image:type\" content=\"image\/jpeg\" \/>\n<meta name=\"author\" content=\"Reda\u00e7\u00e3o\" \/>\n<meta name=\"twitter:card\" content=\"summary_large_image\" \/>\n<meta name=\"twitter:creator\" content=\"@Notibras\" \/>\n<meta name=\"twitter:site\" content=\"@Notibras\" \/>\n<meta name=\"twitter:label1\" content=\"Escrito por\" \/>\n\t<meta name=\"twitter:data1\" content=\"Reda\u00e7\u00e3o\" \/>\n\t<meta name=\"twitter:label2\" content=\"Est. tempo de leitura\" \/>\n\t<meta name=\"twitter:data2\" content=\"3 minutos\" \/>\n<script type=\"application\/ld+json\" class=\"yoast-schema-graph\">{\"@context\":\"https:\/\/schema.org\",\"@graph\":[{\"@type\":\"Article\",\"@id\":\"https:\/\/www.notibras.com\/site\/lapide-carcomida-faz-argemiro-ir-para-a-praia\/#article\",\"isPartOf\":{\"@id\":\"https:\/\/www.notibras.com\/site\/lapide-carcomida-faz-argemiro-ir-para-a-praia\/\"},\"author\":{\"name\":\"Reda\u00e7\u00e3o\",\"@id\":\"https:\/\/www.notibras.com\/site\/#\/schema\/person\/36ab0979449956132d3e5b517ea76ac8\"},\"headline\":\"L\u00e1pide carcomida faz Argemiro ir para a praia\",\"datePublished\":\"2023-08-14T10:34:57+00:00\",\"mainEntityOfPage\":{\"@id\":\"https:\/\/www.notibras.com\/site\/lapide-carcomida-faz-argemiro-ir-para-a-praia\/\"},\"wordCount\":474,\"publisher\":{\"@id\":\"https:\/\/www.notibras.com\/site\/#organization\"},\"image\":{\"@id\":\"https:\/\/www.notibras.com\/site\/lapide-carcomida-faz-argemiro-ir-para-a-praia\/#primaryimage\"},\"thumbnailUrl\":\"https:\/\/www.notibras.com\/site\/wp-content\/uploads\/2023\/08\/dsc8284.jpg\",\"articleSection\":[\"Quadradinho em Foco\"],\"inLanguage\":\"pt-BR\"},{\"@type\":\"WebPage\",\"@id\":\"https:\/\/www.notibras.com\/site\/lapide-carcomida-faz-argemiro-ir-para-a-praia\/\",\"url\":\"https:\/\/www.notibras.com\/site\/lapide-carcomida-faz-argemiro-ir-para-a-praia\/\",\"name\":\"L\u00e1pide carcomida faz Argemiro ir para a praia - Notibras\",\"isPartOf\":{\"@id\":\"https:\/\/www.notibras.com\/site\/#website\"},\"primaryImageOfPage\":{\"@id\":\"https:\/\/www.notibras.com\/site\/lapide-carcomida-faz-argemiro-ir-para-a-praia\/#primaryimage\"},\"image\":{\"@id\":\"https:\/\/www.notibras.com\/site\/lapide-carcomida-faz-argemiro-ir-para-a-praia\/#primaryimage\"},\"thumbnailUrl\":\"https:\/\/www.notibras.com\/site\/wp-content\/uploads\/2023\/08\/dsc8284.jpg\",\"datePublished\":\"2023-08-14T10:34:57+00:00\",\"breadcrumb\":{\"@id\":\"https:\/\/www.notibras.com\/site\/lapide-carcomida-faz-argemiro-ir-para-a-praia\/#breadcrumb\"},\"inLanguage\":\"pt-BR\",\"potentialAction\":[{\"@type\":\"ReadAction\",\"target\":[\"https:\/\/www.notibras.com\/site\/lapide-carcomida-faz-argemiro-ir-para-a-praia\/\"]}]},{\"@type\":\"ImageObject\",\"inLanguage\":\"pt-BR\",\"@id\":\"https:\/\/www.notibras.com\/site\/lapide-carcomida-faz-argemiro-ir-para-a-praia\/#primaryimage\",\"url\":\"https:\/\/www.notibras.com\/site\/wp-content\/uploads\/2023\/08\/dsc8284.jpg\",\"contentUrl\":\"https:\/\/www.notibras.com\/site\/wp-content\/uploads\/2023\/08\/dsc8284.jpg\",\"width\":770,\"height\":513},{\"@type\":\"BreadcrumbList\",\"@id\":\"https:\/\/www.notibras.com\/site\/lapide-carcomida-faz-argemiro-ir-para-a-praia\/#breadcrumb\",\"itemListElement\":[{\"@type\":\"ListItem\",\"position\":1,\"name\":\"In\u00edcio\",\"item\":\"https:\/\/www.notibras.com\/site\/\"},{\"@type\":\"ListItem\",\"position\":2,\"name\":\"L\u00e1pide carcomida faz Argemiro ir para a praia\"}]},{\"@type\":\"WebSite\",\"@id\":\"https:\/\/www.notibras.com\/site\/#website\",\"url\":\"https:\/\/www.notibras.com\/site\/\",\"name\":\"Notibras\",\"description\":\"Not\u00edcias de Bras\u00edlia, do Brasil e do Mundo\",\"publisher\":{\"@id\":\"https:\/\/www.notibras.com\/site\/#organization\"},\"potentialAction\":[{\"@type\":\"SearchAction\",\"target\":{\"@type\":\"EntryPoint\",\"urlTemplate\":\"https:\/\/www.notibras.com\/site\/?s={search_term_string}\"},\"query-input\":{\"@type\":\"PropertyValueSpecification\",\"valueRequired\":true,\"valueName\":\"search_term_string\"}}],\"inLanguage\":\"pt-BR\"},{\"@type\":\"Organization\",\"@id\":\"https:\/\/www.notibras.com\/site\/#organization\",\"name\":\"Grupo Notibras de Comunica\u00e7\u00e3o\",\"url\":\"https:\/\/www.notibras.com\/site\/\",\"logo\":{\"@type\":\"ImageObject\",\"inLanguage\":\"pt-BR\",\"@id\":\"https:\/\/www.notibras.com\/site\/#\/schema\/logo\/image\/\",\"url\":\"https:\/\/www.notibras.com\/site\/wp-content\/uploads\/2023\/01\/notibras23.png\",\"contentUrl\":\"https:\/\/www.notibras.com\/site\/wp-content\/uploads\/2023\/01\/notibras23.png\",\"width\":350,\"height\":87,\"caption\":\"Grupo Notibras de Comunica\u00e7\u00e3o\"},\"image\":{\"@id\":\"https:\/\/www.notibras.com\/site\/#\/schema\/logo\/image\/\"},\"sameAs\":[\"https:\/\/www.facebook.com\/notibras\/\",\"https:\/\/x.com\/Notibras\",\"https:\/\/www.instagram.com\/notibras\/\"]},{\"@type\":\"Person\",\"@id\":\"https:\/\/www.notibras.com\/site\/#\/schema\/person\/36ab0979449956132d3e5b517ea76ac8\",\"name\":\"Reda\u00e7\u00e3o\",\"image\":{\"@type\":\"ImageObject\",\"inLanguage\":\"pt-BR\",\"@id\":\"https:\/\/secure.gravatar.com\/avatar\/e0a867bdedb85fd243eadf09663511f96fc81e0720a4a42581f334ad4303aa6b?s=96&d=mm&r=g\",\"url\":\"https:\/\/secure.gravatar.com\/avatar\/e0a867bdedb85fd243eadf09663511f96fc81e0720a4a42581f334ad4303aa6b?s=96&d=mm&r=g\",\"contentUrl\":\"https:\/\/secure.gravatar.com\/avatar\/e0a867bdedb85fd243eadf09663511f96fc81e0720a4a42581f334ad4303aa6b?s=96&d=mm&r=g\",\"caption\":\"Reda\u00e7\u00e3o\"}}]}<\/script>\n<!-- \/ Yoast SEO plugin. -->","yoast_head_json":{"title":"L\u00e1pide carcomida faz Argemiro ir para a praia - Notibras","robots":{"index":"index","follow":"follow","max-snippet":"max-snippet:-1","max-image-preview":"max-image-preview:large","max-video-preview":"max-video-preview:-1"},"canonical":"https:\/\/www.notibras.com\/site\/lapide-carcomida-faz-argemiro-ir-para-a-praia\/","og_locale":"pt_BR","og_type":"article","og_title":"L\u00e1pide carcomida faz Argemiro ir para a praia - Notibras","og_description":"Durante nosso encontro semanal numa famosa padaria de Bras\u00edlia, o Jos\u00e9 Seabra me perguntou se, no meu tempo de morador honor\u00e1rio de Copacabana, eu havia conhecido algum habitante que valesse a pena contar algum causo. Logo me lembrei do meu vizinho, o Argemiro. Pois \u00e9, o meu chefe aqui no Notibras gostou tanto da hist\u00f3ria, [&hellip;]","og_url":"https:\/\/www.notibras.com\/site\/lapide-carcomida-faz-argemiro-ir-para-a-praia\/","og_site_name":"Notibras","article_publisher":"https:\/\/www.facebook.com\/notibras\/","article_published_time":"2023-08-14T10:34:57+00:00","og_image":[{"width":770,"height":513,"url":"https:\/\/www.notibras.com\/site\/wp-content\/uploads\/2023\/08\/dsc8284.jpg","type":"image\/jpeg"}],"author":"Reda\u00e7\u00e3o","twitter_card":"summary_large_image","twitter_creator":"@Notibras","twitter_site":"@Notibras","twitter_misc":{"Escrito por":"Reda\u00e7\u00e3o","Est. tempo de leitura":"3 minutos"},"schema":{"@context":"https:\/\/schema.org","@graph":[{"@type":"Article","@id":"https:\/\/www.notibras.com\/site\/lapide-carcomida-faz-argemiro-ir-para-a-praia\/#article","isPartOf":{"@id":"https:\/\/www.notibras.com\/site\/lapide-carcomida-faz-argemiro-ir-para-a-praia\/"},"author":{"name":"Reda\u00e7\u00e3o","@id":"https:\/\/www.notibras.com\/site\/#\/schema\/person\/36ab0979449956132d3e5b517ea76ac8"},"headline":"L\u00e1pide carcomida faz Argemiro ir para a praia","datePublished":"2023-08-14T10:34:57+00:00","mainEntityOfPage":{"@id":"https:\/\/www.notibras.com\/site\/lapide-carcomida-faz-argemiro-ir-para-a-praia\/"},"wordCount":474,"publisher":{"@id":"https:\/\/www.notibras.com\/site\/#organization"},"image":{"@id":"https:\/\/www.notibras.com\/site\/lapide-carcomida-faz-argemiro-ir-para-a-praia\/#primaryimage"},"thumbnailUrl":"https:\/\/www.notibras.com\/site\/wp-content\/uploads\/2023\/08\/dsc8284.jpg","articleSection":["Quadradinho em Foco"],"inLanguage":"pt-BR"},{"@type":"WebPage","@id":"https:\/\/www.notibras.com\/site\/lapide-carcomida-faz-argemiro-ir-para-a-praia\/","url":"https:\/\/www.notibras.com\/site\/lapide-carcomida-faz-argemiro-ir-para-a-praia\/","name":"L\u00e1pide carcomida faz Argemiro ir para a praia - Notibras","isPartOf":{"@id":"https:\/\/www.notibras.com\/site\/#website"},"primaryImageOfPage":{"@id":"https:\/\/www.notibras.com\/site\/lapide-carcomida-faz-argemiro-ir-para-a-praia\/#primaryimage"},"image":{"@id":"https:\/\/www.notibras.com\/site\/lapide-carcomida-faz-argemiro-ir-para-a-praia\/#primaryimage"},"thumbnailUrl":"https:\/\/www.notibras.com\/site\/wp-content\/uploads\/2023\/08\/dsc8284.jpg","datePublished":"2023-08-14T10:34:57+00:00","breadcrumb":{"@id":"https:\/\/www.notibras.com\/site\/lapide-carcomida-faz-argemiro-ir-para-a-praia\/#breadcrumb"},"inLanguage":"pt-BR","potentialAction":[{"@type":"ReadAction","target":["https:\/\/www.notibras.com\/site\/lapide-carcomida-faz-argemiro-ir-para-a-praia\/"]}]},{"@type":"ImageObject","inLanguage":"pt-BR","@id":"https:\/\/www.notibras.com\/site\/lapide-carcomida-faz-argemiro-ir-para-a-praia\/#primaryimage","url":"https:\/\/www.notibras.com\/site\/wp-content\/uploads\/2023\/08\/dsc8284.jpg","contentUrl":"https:\/\/www.notibras.com\/site\/wp-content\/uploads\/2023\/08\/dsc8284.jpg","width":770,"height":513},{"@type":"BreadcrumbList","@id":"https:\/\/www.notibras.com\/site\/lapide-carcomida-faz-argemiro-ir-para-a-praia\/#breadcrumb","itemListElement":[{"@type":"ListItem","position":1,"name":"In\u00edcio","item":"https:\/\/www.notibras.com\/site\/"},{"@type":"ListItem","position":2,"name":"L\u00e1pide carcomida faz Argemiro ir para a praia"}]},{"@type":"WebSite","@id":"https:\/\/www.notibras.com\/site\/#website","url":"https:\/\/www.notibras.com\/site\/","name":"Notibras","description":"Not\u00edcias de Bras\u00edlia, do Brasil e do Mundo","publisher":{"@id":"https:\/\/www.notibras.com\/site\/#organization"},"potentialAction":[{"@type":"SearchAction","target":{"@type":"EntryPoint","urlTemplate":"https:\/\/www.notibras.com\/site\/?s={search_term_string}"},"query-input":{"@type":"PropertyValueSpecification","valueRequired":true,"valueName":"search_term_string"}}],"inLanguage":"pt-BR"},{"@type":"Organization","@id":"https:\/\/www.notibras.com\/site\/#organization","name":"Grupo Notibras de Comunica\u00e7\u00e3o","url":"https:\/\/www.notibras.com\/site\/","logo":{"@type":"ImageObject","inLanguage":"pt-BR","@id":"https:\/\/www.notibras.com\/site\/#\/schema\/logo\/image\/","url":"https:\/\/www.notibras.com\/site\/wp-content\/uploads\/2023\/01\/notibras23.png","contentUrl":"https:\/\/www.notibras.com\/site\/wp-content\/uploads\/2023\/01\/notibras23.png","width":350,"height":87,"caption":"Grupo Notibras de Comunica\u00e7\u00e3o"},"image":{"@id":"https:\/\/www.notibras.com\/site\/#\/schema\/logo\/image\/"},"sameAs":["https:\/\/www.facebook.com\/notibras\/","https:\/\/x.com\/Notibras","https:\/\/www.instagram.com\/notibras\/"]},{"@type":"Person","@id":"https:\/\/www.notibras.com\/site\/#\/schema\/person\/36ab0979449956132d3e5b517ea76ac8","name":"Reda\u00e7\u00e3o","image":{"@type":"ImageObject","inLanguage":"pt-BR","@id":"https:\/\/secure.gravatar.com\/avatar\/e0a867bdedb85fd243eadf09663511f96fc81e0720a4a42581f334ad4303aa6b?s=96&d=mm&r=g","url":"https:\/\/secure.gravatar.com\/avatar\/e0a867bdedb85fd243eadf09663511f96fc81e0720a4a42581f334ad4303aa6b?s=96&d=mm&r=g","contentUrl":"https:\/\/secure.gravatar.com\/avatar\/e0a867bdedb85fd243eadf09663511f96fc81e0720a4a42581f334ad4303aa6b?s=96&d=mm&r=g","caption":"Reda\u00e7\u00e3o"}}]}},"amp_enabled":true,"_links":{"self":[{"href":"https:\/\/www.notibras.com\/site\/wp-json\/wp\/v2\/posts\/310945","targetHints":{"allow":["GET"]}}],"collection":[{"href":"https:\/\/www.notibras.com\/site\/wp-json\/wp\/v2\/posts"}],"about":[{"href":"https:\/\/www.notibras.com\/site\/wp-json\/wp\/v2\/types\/post"}],"author":[{"embeddable":true,"href":"https:\/\/www.notibras.com\/site\/wp-json\/wp\/v2\/users\/2"}],"replies":[{"embeddable":true,"href":"https:\/\/www.notibras.com\/site\/wp-json\/wp\/v2\/comments?post=310945"}],"version-history":[{"count":1,"href":"https:\/\/www.notibras.com\/site\/wp-json\/wp\/v2\/posts\/310945\/revisions"}],"predecessor-version":[{"id":310947,"href":"https:\/\/www.notibras.com\/site\/wp-json\/wp\/v2\/posts\/310945\/revisions\/310947"}],"wp:featuredmedia":[{"embeddable":true,"href":"https:\/\/www.notibras.com\/site\/wp-json\/wp\/v2\/media\/310946"}],"wp:attachment":[{"href":"https:\/\/www.notibras.com\/site\/wp-json\/wp\/v2\/media?parent=310945"}],"wp:term":[{"taxonomy":"category","embeddable":true,"href":"https:\/\/www.notibras.com\/site\/wp-json\/wp\/v2\/categories?post=310945"},{"taxonomy":"post_tag","embeddable":true,"href":"https:\/\/www.notibras.com\/site\/wp-json\/wp\/v2\/tags?post=310945"}],"curies":[{"name":"wp","href":"https:\/\/api.w.org\/{rel}","templated":true}]}}