{"id":310957,"date":"2023-08-14T06:50:27","date_gmt":"2023-08-14T09:50:27","guid":{"rendered":"https:\/\/www.notibras.com\/site\/?p=310957"},"modified":"2023-08-14T08:52:27","modified_gmt":"2023-08-14T11:52:27","slug":"prazo-para-quem-quer-prouni-acaba-na-terca-feira","status":"publish","type":"post","link":"https:\/\/www.notibras.com\/site\/prazo-para-quem-quer-prouni-acaba-na-terca-feira\/","title":{"rendered":"Prazo para quem quer Prouni acaba na ter\u00e7a-feira"},"content":{"rendered":"<p>O prazo para manifestar interesse em participar da lista de espera para o segundo semestre do Programa Universidade para Todos (ProUni) 2023 est\u00e1 aberto. Os interessados em continuar concorrendo a uma das bolsas integrais e parciais de estudo em cursos de gradua\u00e7\u00e3o nas institui\u00e7\u00f5es privadas de educa\u00e7\u00e3o superior devem fazer sua manifesta\u00e7\u00e3o no Portal \u00danico de Acesso ao Ensino Superior at\u00e9 esta ter\u00e7a-feira (15).<\/p>\n<p>A lista de espera com o nome dos candidatos participantes ser\u00e1 disponibilizada para as institui\u00e7\u00f5es de ensino na sexta-feira (18). A classifica\u00e7\u00e3o dos estudantes \u00e9 feita de acordo com as op\u00e7\u00f5es e notas obtidas no Exame Nacional do Ensino M\u00e9dio (Enem), por modalidade de concorr\u00eancia, que podem ser de ampla concorr\u00eancia, ou de pol\u00edticas afirmativas, como para pessoa com defici\u00eancia, autodeclarados ind\u00edgenas, pardos ou pretos.<\/p>\n<p><strong>Documentos<\/strong><br \/>\nEntre os dias 21 e 28 de agosto, os candidatos classificados na lista de espera ter\u00e3o que apresentar a documenta\u00e7\u00e3o para comprovar as informa\u00e7\u00f5es apresentadas na inscri\u00e7\u00e3o. Essa etapa dever\u00e1 ser feita na pr\u00f3pria institui\u00e7\u00e3o de ensino, conforme a documenta\u00e7\u00e3o prevista no edital, para comprova\u00e7\u00e3o de forma\u00e7\u00e3o do ensino m\u00e9dio, pessoa com defici\u00eancia e forma\u00e7\u00e3o para o magist\u00e9rio da educa\u00e7\u00e3o b\u00e1sica.<\/p>\n<p>O Minist\u00e9rio da Educa\u00e7\u00e3o (MEC) disponibilizou 276.566 bolsas para o segundo semestre de 2023. Dessas, 215.530 s\u00e3o integrais e 61.036 s\u00e3o parciais, ou seja, cobrem 50% do valor da mensalidade dos cursos de gradua\u00e7\u00e3o ou sequenciais de forma\u00e7\u00e3o espec\u00edfica.<\/p>\n","protected":false},"excerpt":{"rendered":"<p>O prazo para manifestar interesse em participar da lista de espera para o segundo semestre do Programa Universidade para Todos (ProUni) 2023 est\u00e1 aberto. Os interessados em continuar concorrendo a uma das bolsas integrais e parciais de estudo em cursos de gradua\u00e7\u00e3o nas institui\u00e7\u00f5es privadas de educa\u00e7\u00e3o superior devem fazer sua manifesta\u00e7\u00e3o no Portal \u00danico [&hellip;]<\/p>\n","protected":false},"author":2,"featured_media":310958,"comment_status":"closed","ping_status":"closed","sticky":false,"template":"","format":"standard","meta":{"_acf_changed":false,"footnotes":""},"categories":[161],"tags":[95],"class_list":["post-310957","post","type-post","status-publish","format-standard","has-post-thumbnail","hentry","category-quadradinho-em-foco","tag-capa"],"acf":[],"yoast_head":"<!-- This site is optimized with the Yoast SEO plugin v27.2 - https:\/\/yoast.com\/product\/yoast-seo-wordpress\/ -->\n<title>Prazo para quem quer Prouni acaba na ter\u00e7a-feira - Notibras<\/title>\n<meta name=\"robots\" content=\"index, follow, max-snippet:-1, max-image-preview:large, max-video-preview:-1\" \/>\n<link rel=\"canonical\" href=\"https:\/\/www.notibras.com\/site\/prazo-para-quem-quer-prouni-acaba-na-terca-feira\/\" \/>\n<meta property=\"og:locale\" content=\"pt_BR\" \/>\n<meta property=\"og:type\" content=\"article\" \/>\n<meta property=\"og:title\" content=\"Prazo para quem quer Prouni acaba na ter\u00e7a-feira - Notibras\" \/>\n<meta property=\"og:description\" content=\"O prazo para manifestar interesse em participar da lista de espera para o segundo semestre do Programa Universidade para Todos (ProUni) 2023 est\u00e1 aberto. Os interessados em continuar concorrendo a uma das bolsas integrais e parciais de estudo em cursos de gradua\u00e7\u00e3o nas institui\u00e7\u00f5es privadas de educa\u00e7\u00e3o superior devem fazer sua manifesta\u00e7\u00e3o no Portal \u00danico [&hellip;]\" \/>\n<meta property=\"og:url\" content=\"https:\/\/www.notibras.com\/site\/prazo-para-quem-quer-prouni-acaba-na-terca-feira\/\" \/>\n<meta property=\"og:site_name\" content=\"Notibras\" \/>\n<meta property=\"article:publisher\" content=\"https:\/\/www.facebook.com\/notibras\/\" \/>\n<meta property=\"article:published_time\" content=\"2023-08-14T09:50:27+00:00\" \/>\n<meta property=\"article:modified_time\" content=\"2023-08-14T11:52:27+00:00\" \/>\n<meta property=\"og:image\" content=\"https:\/\/www.notibras.com\/site\/wp-content\/uploads\/2023\/08\/20230627_123448_0.jpg\" \/>\n\t<meta property=\"og:image:width\" content=\"1170\" \/>\n\t<meta property=\"og:image:height\" content=\"700\" \/>\n\t<meta property=\"og:image:type\" content=\"image\/jpeg\" \/>\n<meta name=\"author\" content=\"Reda\u00e7\u00e3o\" \/>\n<meta name=\"twitter:card\" content=\"summary_large_image\" \/>\n<meta name=\"twitter:creator\" content=\"@Notibras\" \/>\n<meta name=\"twitter:site\" content=\"@Notibras\" \/>\n<meta name=\"twitter:label1\" content=\"Escrito por\" \/>\n\t<meta name=\"twitter:data1\" content=\"Reda\u00e7\u00e3o\" \/>\n\t<meta name=\"twitter:label2\" content=\"Est. tempo de leitura\" \/>\n\t<meta name=\"twitter:data2\" content=\"2 minutos\" \/>\n<script type=\"application\/ld+json\" class=\"yoast-schema-graph\">{\"@context\":\"https:\/\/schema.org\",\"@graph\":[{\"@type\":\"Article\",\"@id\":\"https:\/\/www.notibras.com\/site\/prazo-para-quem-quer-prouni-acaba-na-terca-feira\/#article\",\"isPartOf\":{\"@id\":\"https:\/\/www.notibras.com\/site\/prazo-para-quem-quer-prouni-acaba-na-terca-feira\/\"},\"author\":{\"name\":\"Reda\u00e7\u00e3o\",\"@id\":\"https:\/\/www.notibras.com\/site\/#\/schema\/person\/36ab0979449956132d3e5b517ea76ac8\"},\"headline\":\"Prazo para quem quer Prouni acaba na ter\u00e7a-feira\",\"datePublished\":\"2023-08-14T09:50:27+00:00\",\"dateModified\":\"2023-08-14T11:52:27+00:00\",\"mainEntityOfPage\":{\"@id\":\"https:\/\/www.notibras.com\/site\/prazo-para-quem-quer-prouni-acaba-na-terca-feira\/\"},\"wordCount\":264,\"publisher\":{\"@id\":\"https:\/\/www.notibras.com\/site\/#organization\"},\"image\":{\"@id\":\"https:\/\/www.notibras.com\/site\/prazo-para-quem-quer-prouni-acaba-na-terca-feira\/#primaryimage\"},\"thumbnailUrl\":\"https:\/\/www.notibras.com\/site\/wp-content\/uploads\/2023\/08\/20230627_123448_0.jpg\",\"keywords\":[\"capa\"],\"articleSection\":[\"Quadradinho em Foco\"],\"inLanguage\":\"pt-BR\"},{\"@type\":\"WebPage\",\"@id\":\"https:\/\/www.notibras.com\/site\/prazo-para-quem-quer-prouni-acaba-na-terca-feira\/\",\"url\":\"https:\/\/www.notibras.com\/site\/prazo-para-quem-quer-prouni-acaba-na-terca-feira\/\",\"name\":\"Prazo para quem quer Prouni acaba na ter\u00e7a-feira - Notibras\",\"isPartOf\":{\"@id\":\"https:\/\/www.notibras.com\/site\/#website\"},\"primaryImageOfPage\":{\"@id\":\"https:\/\/www.notibras.com\/site\/prazo-para-quem-quer-prouni-acaba-na-terca-feira\/#primaryimage\"},\"image\":{\"@id\":\"https:\/\/www.notibras.com\/site\/prazo-para-quem-quer-prouni-acaba-na-terca-feira\/#primaryimage\"},\"thumbnailUrl\":\"https:\/\/www.notibras.com\/site\/wp-content\/uploads\/2023\/08\/20230627_123448_0.jpg\",\"datePublished\":\"2023-08-14T09:50:27+00:00\",\"dateModified\":\"2023-08-14T11:52:27+00:00\",\"breadcrumb\":{\"@id\":\"https:\/\/www.notibras.com\/site\/prazo-para-quem-quer-prouni-acaba-na-terca-feira\/#breadcrumb\"},\"inLanguage\":\"pt-BR\",\"potentialAction\":[{\"@type\":\"ReadAction\",\"target\":[\"https:\/\/www.notibras.com\/site\/prazo-para-quem-quer-prouni-acaba-na-terca-feira\/\"]}]},{\"@type\":\"ImageObject\",\"inLanguage\":\"pt-BR\",\"@id\":\"https:\/\/www.notibras.com\/site\/prazo-para-quem-quer-prouni-acaba-na-terca-feira\/#primaryimage\",\"url\":\"https:\/\/www.notibras.com\/site\/wp-content\/uploads\/2023\/08\/20230627_123448_0.jpg\",\"contentUrl\":\"https:\/\/www.notibras.com\/site\/wp-content\/uploads\/2023\/08\/20230627_123448_0.jpg\",\"width\":1170,\"height\":700,\"caption\":\"Bras\u00edlia - 27\/06\/2023 - O Programa Universidade Para Todos (Prouni) oferta bolsas de estudo, integrais e parciais (50% do valor da mensalidade do curso), em cursos de gradua\u00e7\u00e3o e sequenciais de forma\u00e7\u00e3o espec\u00edfica, em institui\u00e7\u00f5es de educa\u00e7\u00e3o superior privadas. As inscri\u00e7\u00f5es podem ser feitas pelo celular ou pelo computador. Foto: Juca Varella\/Ag\u00eancia Brasil\"},{\"@type\":\"BreadcrumbList\",\"@id\":\"https:\/\/www.notibras.com\/site\/prazo-para-quem-quer-prouni-acaba-na-terca-feira\/#breadcrumb\",\"itemListElement\":[{\"@type\":\"ListItem\",\"position\":1,\"name\":\"In\u00edcio\",\"item\":\"https:\/\/www.notibras.com\/site\/\"},{\"@type\":\"ListItem\",\"position\":2,\"name\":\"Prazo para quem quer Prouni acaba na ter\u00e7a-feira\"}]},{\"@type\":\"WebSite\",\"@id\":\"https:\/\/www.notibras.com\/site\/#website\",\"url\":\"https:\/\/www.notibras.com\/site\/\",\"name\":\"Notibras\",\"description\":\"Not\u00edcias de Bras\u00edlia, do Brasil e do Mundo\",\"publisher\":{\"@id\":\"https:\/\/www.notibras.com\/site\/#organization\"},\"potentialAction\":[{\"@type\":\"SearchAction\",\"target\":{\"@type\":\"EntryPoint\",\"urlTemplate\":\"https:\/\/www.notibras.com\/site\/?s={search_term_string}\"},\"query-input\":{\"@type\":\"PropertyValueSpecification\",\"valueRequired\":true,\"valueName\":\"search_term_string\"}}],\"inLanguage\":\"pt-BR\"},{\"@type\":\"Organization\",\"@id\":\"https:\/\/www.notibras.com\/site\/#organization\",\"name\":\"Grupo Notibras de Comunica\u00e7\u00e3o\",\"url\":\"https:\/\/www.notibras.com\/site\/\",\"logo\":{\"@type\":\"ImageObject\",\"inLanguage\":\"pt-BR\",\"@id\":\"https:\/\/www.notibras.com\/site\/#\/schema\/logo\/image\/\",\"url\":\"https:\/\/www.notibras.com\/site\/wp-content\/uploads\/2023\/01\/notibras23.png\",\"contentUrl\":\"https:\/\/www.notibras.com\/site\/wp-content\/uploads\/2023\/01\/notibras23.png\",\"width\":350,\"height\":87,\"caption\":\"Grupo Notibras de Comunica\u00e7\u00e3o\"},\"image\":{\"@id\":\"https:\/\/www.notibras.com\/site\/#\/schema\/logo\/image\/\"},\"sameAs\":[\"https:\/\/www.facebook.com\/notibras\/\",\"https:\/\/x.com\/Notibras\",\"https:\/\/www.instagram.com\/notibras\/\"]},{\"@type\":\"Person\",\"@id\":\"https:\/\/www.notibras.com\/site\/#\/schema\/person\/36ab0979449956132d3e5b517ea76ac8\",\"name\":\"Reda\u00e7\u00e3o\",\"image\":{\"@type\":\"ImageObject\",\"inLanguage\":\"pt-BR\",\"@id\":\"https:\/\/secure.gravatar.com\/avatar\/e0a867bdedb85fd243eadf09663511f96fc81e0720a4a42581f334ad4303aa6b?s=96&d=mm&r=g\",\"url\":\"https:\/\/secure.gravatar.com\/avatar\/e0a867bdedb85fd243eadf09663511f96fc81e0720a4a42581f334ad4303aa6b?s=96&d=mm&r=g\",\"contentUrl\":\"https:\/\/secure.gravatar.com\/avatar\/e0a867bdedb85fd243eadf09663511f96fc81e0720a4a42581f334ad4303aa6b?s=96&d=mm&r=g\",\"caption\":\"Reda\u00e7\u00e3o\"}}]}<\/script>\n<!-- \/ Yoast SEO plugin. -->","yoast_head_json":{"title":"Prazo para quem quer Prouni acaba na ter\u00e7a-feira - Notibras","robots":{"index":"index","follow":"follow","max-snippet":"max-snippet:-1","max-image-preview":"max-image-preview:large","max-video-preview":"max-video-preview:-1"},"canonical":"https:\/\/www.notibras.com\/site\/prazo-para-quem-quer-prouni-acaba-na-terca-feira\/","og_locale":"pt_BR","og_type":"article","og_title":"Prazo para quem quer Prouni acaba na ter\u00e7a-feira - Notibras","og_description":"O prazo para manifestar interesse em participar da lista de espera para o segundo semestre do Programa Universidade para Todos (ProUni) 2023 est\u00e1 aberto. Os interessados em continuar concorrendo a uma das bolsas integrais e parciais de estudo em cursos de gradua\u00e7\u00e3o nas institui\u00e7\u00f5es privadas de educa\u00e7\u00e3o superior devem fazer sua manifesta\u00e7\u00e3o no Portal \u00danico [&hellip;]","og_url":"https:\/\/www.notibras.com\/site\/prazo-para-quem-quer-prouni-acaba-na-terca-feira\/","og_site_name":"Notibras","article_publisher":"https:\/\/www.facebook.com\/notibras\/","article_published_time":"2023-08-14T09:50:27+00:00","article_modified_time":"2023-08-14T11:52:27+00:00","og_image":[{"width":1170,"height":700,"url":"https:\/\/www.notibras.com\/site\/wp-content\/uploads\/2023\/08\/20230627_123448_0.jpg","type":"image\/jpeg"}],"author":"Reda\u00e7\u00e3o","twitter_card":"summary_large_image","twitter_creator":"@Notibras","twitter_site":"@Notibras","twitter_misc":{"Escrito por":"Reda\u00e7\u00e3o","Est. tempo de leitura":"2 minutos"},"schema":{"@context":"https:\/\/schema.org","@graph":[{"@type":"Article","@id":"https:\/\/www.notibras.com\/site\/prazo-para-quem-quer-prouni-acaba-na-terca-feira\/#article","isPartOf":{"@id":"https:\/\/www.notibras.com\/site\/prazo-para-quem-quer-prouni-acaba-na-terca-feira\/"},"author":{"name":"Reda\u00e7\u00e3o","@id":"https:\/\/www.notibras.com\/site\/#\/schema\/person\/36ab0979449956132d3e5b517ea76ac8"},"headline":"Prazo para quem quer Prouni acaba na ter\u00e7a-feira","datePublished":"2023-08-14T09:50:27+00:00","dateModified":"2023-08-14T11:52:27+00:00","mainEntityOfPage":{"@id":"https:\/\/www.notibras.com\/site\/prazo-para-quem-quer-prouni-acaba-na-terca-feira\/"},"wordCount":264,"publisher":{"@id":"https:\/\/www.notibras.com\/site\/#organization"},"image":{"@id":"https:\/\/www.notibras.com\/site\/prazo-para-quem-quer-prouni-acaba-na-terca-feira\/#primaryimage"},"thumbnailUrl":"https:\/\/www.notibras.com\/site\/wp-content\/uploads\/2023\/08\/20230627_123448_0.jpg","keywords":["capa"],"articleSection":["Quadradinho em Foco"],"inLanguage":"pt-BR"},{"@type":"WebPage","@id":"https:\/\/www.notibras.com\/site\/prazo-para-quem-quer-prouni-acaba-na-terca-feira\/","url":"https:\/\/www.notibras.com\/site\/prazo-para-quem-quer-prouni-acaba-na-terca-feira\/","name":"Prazo para quem quer Prouni acaba na ter\u00e7a-feira - Notibras","isPartOf":{"@id":"https:\/\/www.notibras.com\/site\/#website"},"primaryImageOfPage":{"@id":"https:\/\/www.notibras.com\/site\/prazo-para-quem-quer-prouni-acaba-na-terca-feira\/#primaryimage"},"image":{"@id":"https:\/\/www.notibras.com\/site\/prazo-para-quem-quer-prouni-acaba-na-terca-feira\/#primaryimage"},"thumbnailUrl":"https:\/\/www.notibras.com\/site\/wp-content\/uploads\/2023\/08\/20230627_123448_0.jpg","datePublished":"2023-08-14T09:50:27+00:00","dateModified":"2023-08-14T11:52:27+00:00","breadcrumb":{"@id":"https:\/\/www.notibras.com\/site\/prazo-para-quem-quer-prouni-acaba-na-terca-feira\/#breadcrumb"},"inLanguage":"pt-BR","potentialAction":[{"@type":"ReadAction","target":["https:\/\/www.notibras.com\/site\/prazo-para-quem-quer-prouni-acaba-na-terca-feira\/"]}]},{"@type":"ImageObject","inLanguage":"pt-BR","@id":"https:\/\/www.notibras.com\/site\/prazo-para-quem-quer-prouni-acaba-na-terca-feira\/#primaryimage","url":"https:\/\/www.notibras.com\/site\/wp-content\/uploads\/2023\/08\/20230627_123448_0.jpg","contentUrl":"https:\/\/www.notibras.com\/site\/wp-content\/uploads\/2023\/08\/20230627_123448_0.jpg","width":1170,"height":700,"caption":"Bras\u00edlia - 27\/06\/2023 - O Programa Universidade Para Todos (Prouni) oferta bolsas de estudo, integrais e parciais (50% do valor da mensalidade do curso), em cursos de gradua\u00e7\u00e3o e sequenciais de forma\u00e7\u00e3o espec\u00edfica, em institui\u00e7\u00f5es de educa\u00e7\u00e3o superior privadas. As inscri\u00e7\u00f5es podem ser feitas pelo celular ou pelo computador. Foto: Juca Varella\/Ag\u00eancia Brasil"},{"@type":"BreadcrumbList","@id":"https:\/\/www.notibras.com\/site\/prazo-para-quem-quer-prouni-acaba-na-terca-feira\/#breadcrumb","itemListElement":[{"@type":"ListItem","position":1,"name":"In\u00edcio","item":"https:\/\/www.notibras.com\/site\/"},{"@type":"ListItem","position":2,"name":"Prazo para quem quer Prouni acaba na ter\u00e7a-feira"}]},{"@type":"WebSite","@id":"https:\/\/www.notibras.com\/site\/#website","url":"https:\/\/www.notibras.com\/site\/","name":"Notibras","description":"Not\u00edcias de Bras\u00edlia, do Brasil e do Mundo","publisher":{"@id":"https:\/\/www.notibras.com\/site\/#organization"},"potentialAction":[{"@type":"SearchAction","target":{"@type":"EntryPoint","urlTemplate":"https:\/\/www.notibras.com\/site\/?s={search_term_string}"},"query-input":{"@type":"PropertyValueSpecification","valueRequired":true,"valueName":"search_term_string"}}],"inLanguage":"pt-BR"},{"@type":"Organization","@id":"https:\/\/www.notibras.com\/site\/#organization","name":"Grupo Notibras de Comunica\u00e7\u00e3o","url":"https:\/\/www.notibras.com\/site\/","logo":{"@type":"ImageObject","inLanguage":"pt-BR","@id":"https:\/\/www.notibras.com\/site\/#\/schema\/logo\/image\/","url":"https:\/\/www.notibras.com\/site\/wp-content\/uploads\/2023\/01\/notibras23.png","contentUrl":"https:\/\/www.notibras.com\/site\/wp-content\/uploads\/2023\/01\/notibras23.png","width":350,"height":87,"caption":"Grupo Notibras de Comunica\u00e7\u00e3o"},"image":{"@id":"https:\/\/www.notibras.com\/site\/#\/schema\/logo\/image\/"},"sameAs":["https:\/\/www.facebook.com\/notibras\/","https:\/\/x.com\/Notibras","https:\/\/www.instagram.com\/notibras\/"]},{"@type":"Person","@id":"https:\/\/www.notibras.com\/site\/#\/schema\/person\/36ab0979449956132d3e5b517ea76ac8","name":"Reda\u00e7\u00e3o","image":{"@type":"ImageObject","inLanguage":"pt-BR","@id":"https:\/\/secure.gravatar.com\/avatar\/e0a867bdedb85fd243eadf09663511f96fc81e0720a4a42581f334ad4303aa6b?s=96&d=mm&r=g","url":"https:\/\/secure.gravatar.com\/avatar\/e0a867bdedb85fd243eadf09663511f96fc81e0720a4a42581f334ad4303aa6b?s=96&d=mm&r=g","contentUrl":"https:\/\/secure.gravatar.com\/avatar\/e0a867bdedb85fd243eadf09663511f96fc81e0720a4a42581f334ad4303aa6b?s=96&d=mm&r=g","caption":"Reda\u00e7\u00e3o"}}]}},"amp_enabled":true,"_links":{"self":[{"href":"https:\/\/www.notibras.com\/site\/wp-json\/wp\/v2\/posts\/310957","targetHints":{"allow":["GET"]}}],"collection":[{"href":"https:\/\/www.notibras.com\/site\/wp-json\/wp\/v2\/posts"}],"about":[{"href":"https:\/\/www.notibras.com\/site\/wp-json\/wp\/v2\/types\/post"}],"author":[{"embeddable":true,"href":"https:\/\/www.notibras.com\/site\/wp-json\/wp\/v2\/users\/2"}],"replies":[{"embeddable":true,"href":"https:\/\/www.notibras.com\/site\/wp-json\/wp\/v2\/comments?post=310957"}],"version-history":[{"count":1,"href":"https:\/\/www.notibras.com\/site\/wp-json\/wp\/v2\/posts\/310957\/revisions"}],"predecessor-version":[{"id":310959,"href":"https:\/\/www.notibras.com\/site\/wp-json\/wp\/v2\/posts\/310957\/revisions\/310959"}],"wp:featuredmedia":[{"embeddable":true,"href":"https:\/\/www.notibras.com\/site\/wp-json\/wp\/v2\/media\/310958"}],"wp:attachment":[{"href":"https:\/\/www.notibras.com\/site\/wp-json\/wp\/v2\/media?parent=310957"}],"wp:term":[{"taxonomy":"category","embeddable":true,"href":"https:\/\/www.notibras.com\/site\/wp-json\/wp\/v2\/categories?post=310957"},{"taxonomy":"post_tag","embeddable":true,"href":"https:\/\/www.notibras.com\/site\/wp-json\/wp\/v2\/tags?post=310957"}],"curies":[{"name":"wp","href":"https:\/\/api.w.org\/{rel}","templated":true}]}}