{"id":310967,"date":"2023-08-14T00:16:24","date_gmt":"2023-08-14T03:16:24","guid":{"rendered":"https:\/\/www.notibras.com\/site\/?p=310967"},"modified":"2023-08-14T09:18:26","modified_gmt":"2023-08-14T12:18:26","slug":"paternidade-vira-desafio-para-homens-negros","status":"publish","type":"post","link":"https:\/\/www.notibras.com\/site\/paternidade-vira-desafio-para-homens-negros\/","title":{"rendered":"Paternidade vira desafio para homens negros"},"content":{"rendered":"<p>Estudo do Instituto Promundo revela que seis em cada dez pais negros (65%) j\u00e1 sofreram discrimina\u00e7\u00e3o quanto aos cuidados que t\u00eam com os filhos. A entidade destaca que se trata da primeira pesquisa do pa\u00eds a abordar aspectos da paternidade negra.<\/p>\n<p>O levantamento foi feito a partir de um formul\u00e1rio divulgado pelo instituto nas m\u00eddias sociais, como whatsApp, instagram e facebook. Ao todo, houve 270 entrevistados, que deram diferentes respostas \u00e0s quest\u00f5es apresentadas.<\/p>\n<p>De um universo de 180 participantes, 21,1% deles afirmaram que sim, j\u00e1 se sentiram discriminados, 26,1% que isso ocorre &#8220;na maioria das vezes&#8221; e 18,3% que acontece &#8220;somente \u00e0s vezes&#8221;. Das 180 registradas, 34,4%, portanto, declararam n\u00e3o vivenciar algo nesse sentido.<\/p>\n<p>Conforme os autores da pesquisa, quando o assunto \u00e9 paternidade negra, deve-se ficar atento ao fato de que as no\u00e7\u00f5es sobre a masculinidade tiveram sempre como base a branquitude. O mesmo se aplica \u00e0s ideias que a sociedade tem sobre o que significa a responsabilidade por filhos.<\/p>\n<p>&#8220;O homem preto brasileiro, com todas as precariedades que lhes foram impostas, s\u00f3 teve a possibilidade de come\u00e7ar a exercer a paternidade ap\u00f3s a aboli\u00e7\u00e3o da escravatura, em 1888. Logo, ele est\u00e1 h\u00e1 menos de dois s\u00e9culos exercendo paternidades nessas terras. Um s\u00e9culo e meio, quando se trata de desenvolvimento humano, \u00e9 quase nada. Toda mem\u00f3ria de paternidade do homem preto anterior ao s\u00e9culo XIX \u00e9 mem\u00f3ria afetiva da \u00c1frica&#8221;, observam os pesquisadores do Promundo.<\/p>\n<p>&#8220;O povo negro teve, ao longo da hist\u00f3ria, a cultura do afeto e do cuidado coletivo. Esse movimento comunit\u00e1rio pode apoiar o homem preto no exerc\u00edcio da paternidade. Faz-se importante dizer que o movimento coletivo n\u00e3o retira a responsabilidade individual&#8221;, acrescentam os autores.<\/p>\n<p>Com os ataques \u00e0 popula\u00e7\u00e3o negra, vest\u00edgios da escraviza\u00e7\u00e3o que ecoam ainda hoje, muitos pais sentem a necessidade de conversar com os filhos sobre o estado de vulnerabilidade que os atinge e o que t\u00eam como alternativas, na forma de resist\u00eancia. Oito (78,3%) de cada dez dos entrevistados do estudo acreditam que pais negros e pais brancos educam de modo distinto. Al\u00e9m disso, 67,3% deles dialogam com suas crian\u00e7as sobre os impactos que o racismo tem na sociedade, sendo que uma parcela de 36,7% mant\u00e9m o tema em pauta com frequ\u00eancia. Quase a totalidade de participantes (90%) entende que h\u00e1 uma exig\u00eancia maior para apresentarem repert\u00f3rio na educa\u00e7\u00e3o de seus filhos, pelo fato de serem pais de crian\u00e7as negras.<\/p>\n<p>Para os pesquisadores, a paternidade, para os homens negros, \u00e9 um desafio que deve superar pontos estruturais, que se enraizaram historicamente. Eles argumentam que viver a fase da juventude \u00e9 uma possibilidade subtra\u00edda do homem negro, que convive, durante toda a sua vida, com marcas do colonialismo, do racismo, da divis\u00e3o sexual de trabalho e da desigualdade social.<\/p>\n<p>&#8220;O machismo retira do homem o lugar do cuidado, submetendo-o, erroneamente, como condi\u00e7\u00e3o natural da mulher. Do homem preto ele retira duplamente, uma vez que o racismo atribui ao homem preto a caracter\u00edstica de \u201cnaturalmente violento\u201d. Romper com o machismo para cuidar e com o racismo para ser pai \u00e9 uma luta constante do homem preto que deseja paternar por aqui. Parece que o racismo unido ao machismo \u00e9 uma f\u00f3rmula quase indestrut\u00edvel de impedimento para o homem preto exercer paternidade&#8221;, afirmam.<\/p>\n","protected":false},"excerpt":{"rendered":"<p>Estudo do Instituto Promundo revela que seis em cada dez pais negros (65%) j\u00e1 sofreram discrimina\u00e7\u00e3o quanto aos cuidados que t\u00eam com os filhos. A entidade destaca que se trata da primeira pesquisa do pa\u00eds a abordar aspectos da paternidade negra. O levantamento foi feito a partir de um formul\u00e1rio divulgado pelo instituto nas m\u00eddias [&hellip;]<\/p>\n","protected":false},"author":2,"featured_media":310968,"comment_status":"closed","ping_status":"closed","sticky":false,"template":"","format":"standard","meta":{"_acf_changed":false,"footnotes":""},"categories":[161],"tags":[],"class_list":["post-310967","post","type-post","status-publish","format-standard","has-post-thumbnail","hentry","category-quadradinho-em-foco"],"acf":[],"yoast_head":"<!-- This site is optimized with the Yoast SEO plugin v27.2 - https:\/\/yoast.com\/product\/yoast-seo-wordpress\/ -->\n<title>Paternidade vira desafio para homens negros - Notibras<\/title>\n<meta name=\"robots\" content=\"index, follow, max-snippet:-1, max-image-preview:large, max-video-preview:-1\" \/>\n<link rel=\"canonical\" href=\"https:\/\/www.notibras.com\/site\/paternidade-vira-desafio-para-homens-negros\/\" \/>\n<meta property=\"og:locale\" content=\"pt_BR\" \/>\n<meta property=\"og:type\" content=\"article\" \/>\n<meta property=\"og:title\" content=\"Paternidade vira desafio para homens negros - Notibras\" \/>\n<meta property=\"og:description\" content=\"Estudo do Instituto Promundo revela que seis em cada dez pais negros (65%) j\u00e1 sofreram discrimina\u00e7\u00e3o quanto aos cuidados que t\u00eam com os filhos. A entidade destaca que se trata da primeira pesquisa do pa\u00eds a abordar aspectos da paternidade negra. O levantamento foi feito a partir de um formul\u00e1rio divulgado pelo instituto nas m\u00eddias [&hellip;]\" \/>\n<meta property=\"og:url\" content=\"https:\/\/www.notibras.com\/site\/paternidade-vira-desafio-para-homens-negros\/\" \/>\n<meta property=\"og:site_name\" content=\"Notibras\" \/>\n<meta property=\"article:publisher\" content=\"https:\/\/www.facebook.com\/notibras\/\" \/>\n<meta property=\"article:published_time\" content=\"2023-08-14T03:16:24+00:00\" \/>\n<meta property=\"article:modified_time\" content=\"2023-08-14T12:18:26+00:00\" \/>\n<meta property=\"og:image\" content=\"https:\/\/www.notibras.com\/site\/wp-content\/uploads\/2023\/08\/fathers-day-5469310.jpg\" \/>\n\t<meta property=\"og:image:width\" content=\"1170\" \/>\n\t<meta property=\"og:image:height\" content=\"700\" \/>\n\t<meta property=\"og:image:type\" content=\"image\/jpeg\" \/>\n<meta name=\"author\" content=\"Reda\u00e7\u00e3o\" \/>\n<meta name=\"twitter:card\" content=\"summary_large_image\" \/>\n<meta name=\"twitter:creator\" content=\"@Notibras\" \/>\n<meta name=\"twitter:site\" content=\"@Notibras\" \/>\n<meta name=\"twitter:label1\" content=\"Escrito por\" \/>\n\t<meta name=\"twitter:data1\" content=\"Reda\u00e7\u00e3o\" \/>\n\t<meta name=\"twitter:label2\" content=\"Est. tempo de leitura\" \/>\n\t<meta name=\"twitter:data2\" content=\"3 minutos\" \/>\n<script type=\"application\/ld+json\" class=\"yoast-schema-graph\">{\"@context\":\"https:\/\/schema.org\",\"@graph\":[{\"@type\":\"Article\",\"@id\":\"https:\/\/www.notibras.com\/site\/paternidade-vira-desafio-para-homens-negros\/#article\",\"isPartOf\":{\"@id\":\"https:\/\/www.notibras.com\/site\/paternidade-vira-desafio-para-homens-negros\/\"},\"author\":{\"name\":\"Reda\u00e7\u00e3o\",\"@id\":\"https:\/\/www.notibras.com\/site\/#\/schema\/person\/36ab0979449956132d3e5b517ea76ac8\"},\"headline\":\"Paternidade vira desafio para homens negros\",\"datePublished\":\"2023-08-14T03:16:24+00:00\",\"dateModified\":\"2023-08-14T12:18:26+00:00\",\"mainEntityOfPage\":{\"@id\":\"https:\/\/www.notibras.com\/site\/paternidade-vira-desafio-para-homens-negros\/\"},\"wordCount\":562,\"publisher\":{\"@id\":\"https:\/\/www.notibras.com\/site\/#organization\"},\"image\":{\"@id\":\"https:\/\/www.notibras.com\/site\/paternidade-vira-desafio-para-homens-negros\/#primaryimage\"},\"thumbnailUrl\":\"https:\/\/www.notibras.com\/site\/wp-content\/uploads\/2023\/08\/fathers-day-5469310.jpg\",\"articleSection\":[\"Quadradinho em Foco\"],\"inLanguage\":\"pt-BR\"},{\"@type\":\"WebPage\",\"@id\":\"https:\/\/www.notibras.com\/site\/paternidade-vira-desafio-para-homens-negros\/\",\"url\":\"https:\/\/www.notibras.com\/site\/paternidade-vira-desafio-para-homens-negros\/\",\"name\":\"Paternidade vira desafio para homens negros - Notibras\",\"isPartOf\":{\"@id\":\"https:\/\/www.notibras.com\/site\/#website\"},\"primaryImageOfPage\":{\"@id\":\"https:\/\/www.notibras.com\/site\/paternidade-vira-desafio-para-homens-negros\/#primaryimage\"},\"image\":{\"@id\":\"https:\/\/www.notibras.com\/site\/paternidade-vira-desafio-para-homens-negros\/#primaryimage\"},\"thumbnailUrl\":\"https:\/\/www.notibras.com\/site\/wp-content\/uploads\/2023\/08\/fathers-day-5469310.jpg\",\"datePublished\":\"2023-08-14T03:16:24+00:00\",\"dateModified\":\"2023-08-14T12:18:26+00:00\",\"breadcrumb\":{\"@id\":\"https:\/\/www.notibras.com\/site\/paternidade-vira-desafio-para-homens-negros\/#breadcrumb\"},\"inLanguage\":\"pt-BR\",\"potentialAction\":[{\"@type\":\"ReadAction\",\"target\":[\"https:\/\/www.notibras.com\/site\/paternidade-vira-desafio-para-homens-negros\/\"]}]},{\"@type\":\"ImageObject\",\"inLanguage\":\"pt-BR\",\"@id\":\"https:\/\/www.notibras.com\/site\/paternidade-vira-desafio-para-homens-negros\/#primaryimage\",\"url\":\"https:\/\/www.notibras.com\/site\/wp-content\/uploads\/2023\/08\/fathers-day-5469310.jpg\",\"contentUrl\":\"https:\/\/www.notibras.com\/site\/wp-content\/uploads\/2023\/08\/fathers-day-5469310.jpg\",\"width\":1170,\"height\":700,\"caption\":\"13\/08\/2023, Pesquisa mostra que paternidade \u00e9 desafio para homens negros. Foto: Kingofkings_LJ\/ Pixabay\"},{\"@type\":\"BreadcrumbList\",\"@id\":\"https:\/\/www.notibras.com\/site\/paternidade-vira-desafio-para-homens-negros\/#breadcrumb\",\"itemListElement\":[{\"@type\":\"ListItem\",\"position\":1,\"name\":\"In\u00edcio\",\"item\":\"https:\/\/www.notibras.com\/site\/\"},{\"@type\":\"ListItem\",\"position\":2,\"name\":\"Paternidade vira desafio para homens negros\"}]},{\"@type\":\"WebSite\",\"@id\":\"https:\/\/www.notibras.com\/site\/#website\",\"url\":\"https:\/\/www.notibras.com\/site\/\",\"name\":\"Notibras\",\"description\":\"Not\u00edcias de Bras\u00edlia, do Brasil e do Mundo\",\"publisher\":{\"@id\":\"https:\/\/www.notibras.com\/site\/#organization\"},\"potentialAction\":[{\"@type\":\"SearchAction\",\"target\":{\"@type\":\"EntryPoint\",\"urlTemplate\":\"https:\/\/www.notibras.com\/site\/?s={search_term_string}\"},\"query-input\":{\"@type\":\"PropertyValueSpecification\",\"valueRequired\":true,\"valueName\":\"search_term_string\"}}],\"inLanguage\":\"pt-BR\"},{\"@type\":\"Organization\",\"@id\":\"https:\/\/www.notibras.com\/site\/#organization\",\"name\":\"Grupo Notibras de Comunica\u00e7\u00e3o\",\"url\":\"https:\/\/www.notibras.com\/site\/\",\"logo\":{\"@type\":\"ImageObject\",\"inLanguage\":\"pt-BR\",\"@id\":\"https:\/\/www.notibras.com\/site\/#\/schema\/logo\/image\/\",\"url\":\"https:\/\/www.notibras.com\/site\/wp-content\/uploads\/2023\/01\/notibras23.png\",\"contentUrl\":\"https:\/\/www.notibras.com\/site\/wp-content\/uploads\/2023\/01\/notibras23.png\",\"width\":350,\"height\":87,\"caption\":\"Grupo Notibras de Comunica\u00e7\u00e3o\"},\"image\":{\"@id\":\"https:\/\/www.notibras.com\/site\/#\/schema\/logo\/image\/\"},\"sameAs\":[\"https:\/\/www.facebook.com\/notibras\/\",\"https:\/\/x.com\/Notibras\",\"https:\/\/www.instagram.com\/notibras\/\"]},{\"@type\":\"Person\",\"@id\":\"https:\/\/www.notibras.com\/site\/#\/schema\/person\/36ab0979449956132d3e5b517ea76ac8\",\"name\":\"Reda\u00e7\u00e3o\",\"image\":{\"@type\":\"ImageObject\",\"inLanguage\":\"pt-BR\",\"@id\":\"https:\/\/secure.gravatar.com\/avatar\/e0a867bdedb85fd243eadf09663511f96fc81e0720a4a42581f334ad4303aa6b?s=96&d=mm&r=g\",\"url\":\"https:\/\/secure.gravatar.com\/avatar\/e0a867bdedb85fd243eadf09663511f96fc81e0720a4a42581f334ad4303aa6b?s=96&d=mm&r=g\",\"contentUrl\":\"https:\/\/secure.gravatar.com\/avatar\/e0a867bdedb85fd243eadf09663511f96fc81e0720a4a42581f334ad4303aa6b?s=96&d=mm&r=g\",\"caption\":\"Reda\u00e7\u00e3o\"}}]}<\/script>\n<!-- \/ Yoast SEO plugin. -->","yoast_head_json":{"title":"Paternidade vira desafio para homens negros - Notibras","robots":{"index":"index","follow":"follow","max-snippet":"max-snippet:-1","max-image-preview":"max-image-preview:large","max-video-preview":"max-video-preview:-1"},"canonical":"https:\/\/www.notibras.com\/site\/paternidade-vira-desafio-para-homens-negros\/","og_locale":"pt_BR","og_type":"article","og_title":"Paternidade vira desafio para homens negros - Notibras","og_description":"Estudo do Instituto Promundo revela que seis em cada dez pais negros (65%) j\u00e1 sofreram discrimina\u00e7\u00e3o quanto aos cuidados que t\u00eam com os filhos. A entidade destaca que se trata da primeira pesquisa do pa\u00eds a abordar aspectos da paternidade negra. O levantamento foi feito a partir de um formul\u00e1rio divulgado pelo instituto nas m\u00eddias [&hellip;]","og_url":"https:\/\/www.notibras.com\/site\/paternidade-vira-desafio-para-homens-negros\/","og_site_name":"Notibras","article_publisher":"https:\/\/www.facebook.com\/notibras\/","article_published_time":"2023-08-14T03:16:24+00:00","article_modified_time":"2023-08-14T12:18:26+00:00","og_image":[{"width":1170,"height":700,"url":"https:\/\/www.notibras.com\/site\/wp-content\/uploads\/2023\/08\/fathers-day-5469310.jpg","type":"image\/jpeg"}],"author":"Reda\u00e7\u00e3o","twitter_card":"summary_large_image","twitter_creator":"@Notibras","twitter_site":"@Notibras","twitter_misc":{"Escrito por":"Reda\u00e7\u00e3o","Est. tempo de leitura":"3 minutos"},"schema":{"@context":"https:\/\/schema.org","@graph":[{"@type":"Article","@id":"https:\/\/www.notibras.com\/site\/paternidade-vira-desafio-para-homens-negros\/#article","isPartOf":{"@id":"https:\/\/www.notibras.com\/site\/paternidade-vira-desafio-para-homens-negros\/"},"author":{"name":"Reda\u00e7\u00e3o","@id":"https:\/\/www.notibras.com\/site\/#\/schema\/person\/36ab0979449956132d3e5b517ea76ac8"},"headline":"Paternidade vira desafio para homens negros","datePublished":"2023-08-14T03:16:24+00:00","dateModified":"2023-08-14T12:18:26+00:00","mainEntityOfPage":{"@id":"https:\/\/www.notibras.com\/site\/paternidade-vira-desafio-para-homens-negros\/"},"wordCount":562,"publisher":{"@id":"https:\/\/www.notibras.com\/site\/#organization"},"image":{"@id":"https:\/\/www.notibras.com\/site\/paternidade-vira-desafio-para-homens-negros\/#primaryimage"},"thumbnailUrl":"https:\/\/www.notibras.com\/site\/wp-content\/uploads\/2023\/08\/fathers-day-5469310.jpg","articleSection":["Quadradinho em Foco"],"inLanguage":"pt-BR"},{"@type":"WebPage","@id":"https:\/\/www.notibras.com\/site\/paternidade-vira-desafio-para-homens-negros\/","url":"https:\/\/www.notibras.com\/site\/paternidade-vira-desafio-para-homens-negros\/","name":"Paternidade vira desafio para homens negros - Notibras","isPartOf":{"@id":"https:\/\/www.notibras.com\/site\/#website"},"primaryImageOfPage":{"@id":"https:\/\/www.notibras.com\/site\/paternidade-vira-desafio-para-homens-negros\/#primaryimage"},"image":{"@id":"https:\/\/www.notibras.com\/site\/paternidade-vira-desafio-para-homens-negros\/#primaryimage"},"thumbnailUrl":"https:\/\/www.notibras.com\/site\/wp-content\/uploads\/2023\/08\/fathers-day-5469310.jpg","datePublished":"2023-08-14T03:16:24+00:00","dateModified":"2023-08-14T12:18:26+00:00","breadcrumb":{"@id":"https:\/\/www.notibras.com\/site\/paternidade-vira-desafio-para-homens-negros\/#breadcrumb"},"inLanguage":"pt-BR","potentialAction":[{"@type":"ReadAction","target":["https:\/\/www.notibras.com\/site\/paternidade-vira-desafio-para-homens-negros\/"]}]},{"@type":"ImageObject","inLanguage":"pt-BR","@id":"https:\/\/www.notibras.com\/site\/paternidade-vira-desafio-para-homens-negros\/#primaryimage","url":"https:\/\/www.notibras.com\/site\/wp-content\/uploads\/2023\/08\/fathers-day-5469310.jpg","contentUrl":"https:\/\/www.notibras.com\/site\/wp-content\/uploads\/2023\/08\/fathers-day-5469310.jpg","width":1170,"height":700,"caption":"13\/08\/2023, Pesquisa mostra que paternidade \u00e9 desafio para homens negros. Foto: Kingofkings_LJ\/ Pixabay"},{"@type":"BreadcrumbList","@id":"https:\/\/www.notibras.com\/site\/paternidade-vira-desafio-para-homens-negros\/#breadcrumb","itemListElement":[{"@type":"ListItem","position":1,"name":"In\u00edcio","item":"https:\/\/www.notibras.com\/site\/"},{"@type":"ListItem","position":2,"name":"Paternidade vira desafio para homens negros"}]},{"@type":"WebSite","@id":"https:\/\/www.notibras.com\/site\/#website","url":"https:\/\/www.notibras.com\/site\/","name":"Notibras","description":"Not\u00edcias de Bras\u00edlia, do Brasil e do Mundo","publisher":{"@id":"https:\/\/www.notibras.com\/site\/#organization"},"potentialAction":[{"@type":"SearchAction","target":{"@type":"EntryPoint","urlTemplate":"https:\/\/www.notibras.com\/site\/?s={search_term_string}"},"query-input":{"@type":"PropertyValueSpecification","valueRequired":true,"valueName":"search_term_string"}}],"inLanguage":"pt-BR"},{"@type":"Organization","@id":"https:\/\/www.notibras.com\/site\/#organization","name":"Grupo Notibras de Comunica\u00e7\u00e3o","url":"https:\/\/www.notibras.com\/site\/","logo":{"@type":"ImageObject","inLanguage":"pt-BR","@id":"https:\/\/www.notibras.com\/site\/#\/schema\/logo\/image\/","url":"https:\/\/www.notibras.com\/site\/wp-content\/uploads\/2023\/01\/notibras23.png","contentUrl":"https:\/\/www.notibras.com\/site\/wp-content\/uploads\/2023\/01\/notibras23.png","width":350,"height":87,"caption":"Grupo Notibras de Comunica\u00e7\u00e3o"},"image":{"@id":"https:\/\/www.notibras.com\/site\/#\/schema\/logo\/image\/"},"sameAs":["https:\/\/www.facebook.com\/notibras\/","https:\/\/x.com\/Notibras","https:\/\/www.instagram.com\/notibras\/"]},{"@type":"Person","@id":"https:\/\/www.notibras.com\/site\/#\/schema\/person\/36ab0979449956132d3e5b517ea76ac8","name":"Reda\u00e7\u00e3o","image":{"@type":"ImageObject","inLanguage":"pt-BR","@id":"https:\/\/secure.gravatar.com\/avatar\/e0a867bdedb85fd243eadf09663511f96fc81e0720a4a42581f334ad4303aa6b?s=96&d=mm&r=g","url":"https:\/\/secure.gravatar.com\/avatar\/e0a867bdedb85fd243eadf09663511f96fc81e0720a4a42581f334ad4303aa6b?s=96&d=mm&r=g","contentUrl":"https:\/\/secure.gravatar.com\/avatar\/e0a867bdedb85fd243eadf09663511f96fc81e0720a4a42581f334ad4303aa6b?s=96&d=mm&r=g","caption":"Reda\u00e7\u00e3o"}}]}},"amp_enabled":true,"_links":{"self":[{"href":"https:\/\/www.notibras.com\/site\/wp-json\/wp\/v2\/posts\/310967","targetHints":{"allow":["GET"]}}],"collection":[{"href":"https:\/\/www.notibras.com\/site\/wp-json\/wp\/v2\/posts"}],"about":[{"href":"https:\/\/www.notibras.com\/site\/wp-json\/wp\/v2\/types\/post"}],"author":[{"embeddable":true,"href":"https:\/\/www.notibras.com\/site\/wp-json\/wp\/v2\/users\/2"}],"replies":[{"embeddable":true,"href":"https:\/\/www.notibras.com\/site\/wp-json\/wp\/v2\/comments?post=310967"}],"version-history":[{"count":1,"href":"https:\/\/www.notibras.com\/site\/wp-json\/wp\/v2\/posts\/310967\/revisions"}],"predecessor-version":[{"id":310969,"href":"https:\/\/www.notibras.com\/site\/wp-json\/wp\/v2\/posts\/310967\/revisions\/310969"}],"wp:featuredmedia":[{"embeddable":true,"href":"https:\/\/www.notibras.com\/site\/wp-json\/wp\/v2\/media\/310968"}],"wp:attachment":[{"href":"https:\/\/www.notibras.com\/site\/wp-json\/wp\/v2\/media?parent=310967"}],"wp:term":[{"taxonomy":"category","embeddable":true,"href":"https:\/\/www.notibras.com\/site\/wp-json\/wp\/v2\/categories?post=310967"},{"taxonomy":"post_tag","embeddable":true,"href":"https:\/\/www.notibras.com\/site\/wp-json\/wp\/v2\/tags?post=310967"}],"curies":[{"name":"wp","href":"https:\/\/api.w.org\/{rel}","templated":true}]}}