{"id":310971,"date":"2023-08-14T06:30:19","date_gmt":"2023-08-14T09:30:19","guid":{"rendered":"https:\/\/www.notibras.com\/site\/?p=310971"},"modified":"2023-08-14T09:32:37","modified_gmt":"2023-08-14T12:32:37","slug":"vem-ai-mais-uma-festa-do-morango-sera-a-27a","status":"publish","type":"post","link":"https:\/\/www.notibras.com\/site\/vem-ai-mais-uma-festa-do-morango-sera-a-27a\/","title":{"rendered":"Vem a\u00ed mais uma Festa do Morango; ser\u00e1 a 27\u00aa"},"content":{"rendered":"<p>Come\u00e7aram os preparativos para o mais tradicional evento da zona rural de Brazl\u00e2ndia. \u00c9 a Festa do Morango, que chega \u00e0 27\u00aa edi\u00e7\u00e3o com a participa\u00e7\u00e3o de 40 produtores locais. Al\u00e9m de v\u00e1rias del\u00edcias feitas da fruta, o p\u00fablico tamb\u00e9m vai encontrar exposi\u00e7\u00e3o agropecu\u00e1ria, shows musicais e parque de divers\u00f5es. J\u00e1 deixe marcado na agenda: o festejo vai de 1\u00ba a 3 de setembro e de 6 a 10 do mesmo m\u00eas.<\/p>\n<p>Geleias, sucos, tortas e at\u00e9 chope de morango. A festa organizada pela Associa\u00e7\u00e3o Rural e Cultural Alexandre de Gusm\u00e3o (Arcag) \u00e9 um prato cheio para os apreciadores. Mas, como bem lembra o presidente da entidade, Jos\u00e9 Luiz Yamagata, o evento \u00e9 bastante democr\u00e1tico. \u201cTemos pra\u00e7a de alimenta\u00e7\u00e3o variada, com a culin\u00e1ria oriental muito presente\u201d, conta. \u201cAs atra\u00e7\u00f5es musicais, regionais e nacionais, tamb\u00e9m trazem muita gente\u201d.<\/p>\n<p>De acordo com a Administra\u00e7\u00e3o Regional de Brazl\u00e2ndia, s\u00e3o esperadas 500 mil pessoas nos oito dias de festa. \u201cTamb\u00e9m aguardamos um aumento grande no fluxo de visitantes nos meses de agosto e setembro, aquecendo bastante o com\u00e9rcio da regi\u00e3o\u201d, afirma o administrador da cidade, Marcelo Gon\u00e7alves. \u201c\u00c9 o morango que proporciona essa cadeia de crescimento econ\u00f4mico\u201d.<\/p>\n<p>Brazl\u00e2ndia \u00e9 respons\u00e1vel por 96% do cultivo do morango na capital do pa\u00eds \u2013 os outros 4% v\u00eam, principalmente, de S\u00e3o Sebasti\u00e3o e do Gama. Dados da Emater-DF apontam que, em 2022, o Distrito Federal colheu 6,5 mil toneladas do alimento.<\/p>\n<p>\u201cPara este ano, temos uma expectativa de aumento dessa produ\u00e7\u00e3o em 7%\u201d, adianta a coordenadora de opera\u00e7\u00f5es da entidade, Adriana Nascimento. \u201cEstamos auxiliando muitos produtores nos gargalos da cadeia produtiva do morango. A aquisi\u00e7\u00e3o de mudas de alta qualidade \u00e9 um deles\u201d. Atualmente, a Emater-DF presta consultoria para 496 produtores.<\/p>\n<p>A Festa do Morango conta com apoio da Emater-DF, da Administra\u00e7\u00e3o Regional de Brazl\u00e2ndia e das secretarias de Agricultura (Seagri) e Turismo (Setur). A entrada no evento \u00e9 gratuita, e a classifica\u00e7\u00e3o et\u00e1ria, livre.<\/p>\n<p><strong>Servi\u00e7o<\/strong><br \/>\n27\u00aa Festa do Morango de Brazl\u00e2ndia<br \/>\n\u2192 Local \u2013 Sede da Associa\u00e7\u00e3o Rural e Cultural Alexandre de Gusm\u00e3o<br \/>\n\u2192 Dias \u2013 De 1\u00ba a 3 de setembro (sexta a domingo) e de 6 a 10 de setembro (quarta a domingo)<br \/>\n\u2192 Hor\u00e1rio \u2013 Nos dias 1\u00ba, 6 e 8, das 18h \u00e0s 2h. Nos demais, das 10h \u00e0s 2h.<\/p>\n","protected":false},"excerpt":{"rendered":"<p>Come\u00e7aram os preparativos para o mais tradicional evento da zona rural de Brazl\u00e2ndia. \u00c9 a Festa do Morango, que chega \u00e0 27\u00aa edi\u00e7\u00e3o com a participa\u00e7\u00e3o de 40 produtores locais. Al\u00e9m de v\u00e1rias del\u00edcias feitas da fruta, o p\u00fablico tamb\u00e9m vai encontrar exposi\u00e7\u00e3o agropecu\u00e1ria, shows musicais e parque de divers\u00f5es. J\u00e1 deixe marcado na agenda: [&hellip;]<\/p>\n","protected":false},"author":2,"featured_media":310972,"comment_status":"closed","ping_status":"closed","sticky":false,"template":"","format":"standard","meta":{"_acf_changed":false,"footnotes":""},"categories":[161],"tags":[],"class_list":["post-310971","post","type-post","status-publish","format-standard","has-post-thumbnail","hentry","category-quadradinho-em-foco"],"acf":[],"yoast_head":"<!-- This site is optimized with the Yoast SEO plugin v27.2 - https:\/\/yoast.com\/product\/yoast-seo-wordpress\/ -->\n<title>Vem a\u00ed mais uma Festa do Morango; ser\u00e1 a 27\u00aa - Notibras<\/title>\n<meta name=\"robots\" content=\"index, follow, max-snippet:-1, max-image-preview:large, max-video-preview:-1\" \/>\n<link rel=\"canonical\" href=\"https:\/\/www.notibras.com\/site\/vem-ai-mais-uma-festa-do-morango-sera-a-27a\/\" \/>\n<meta property=\"og:locale\" content=\"pt_BR\" \/>\n<meta property=\"og:type\" content=\"article\" \/>\n<meta property=\"og:title\" content=\"Vem a\u00ed mais uma Festa do Morango; ser\u00e1 a 27\u00aa - Notibras\" \/>\n<meta property=\"og:description\" content=\"Come\u00e7aram os preparativos para o mais tradicional evento da zona rural de Brazl\u00e2ndia. \u00c9 a Festa do Morango, que chega \u00e0 27\u00aa edi\u00e7\u00e3o com a participa\u00e7\u00e3o de 40 produtores locais. Al\u00e9m de v\u00e1rias del\u00edcias feitas da fruta, o p\u00fablico tamb\u00e9m vai encontrar exposi\u00e7\u00e3o agropecu\u00e1ria, shows musicais e parque de divers\u00f5es. J\u00e1 deixe marcado na agenda: [&hellip;]\" \/>\n<meta property=\"og:url\" content=\"https:\/\/www.notibras.com\/site\/vem-ai-mais-uma-festa-do-morango-sera-a-27a\/\" \/>\n<meta property=\"og:site_name\" content=\"Notibras\" \/>\n<meta property=\"article:publisher\" content=\"https:\/\/www.facebook.com\/notibras\/\" \/>\n<meta property=\"article:published_time\" content=\"2023-08-14T09:30:19+00:00\" \/>\n<meta property=\"article:modified_time\" content=\"2023-08-14T12:32:37+00:00\" \/>\n<meta property=\"og:image\" content=\"https:\/\/www.notibras.com\/site\/wp-content\/uploads\/2023\/08\/morango.braz_.jpg\" \/>\n\t<meta property=\"og:image:width\" content=\"2560\" \/>\n\t<meta property=\"og:image:height\" content=\"1707\" \/>\n\t<meta property=\"og:image:type\" content=\"image\/jpeg\" \/>\n<meta name=\"author\" content=\"Reda\u00e7\u00e3o\" \/>\n<meta name=\"twitter:card\" content=\"summary_large_image\" \/>\n<meta name=\"twitter:creator\" content=\"@Notibras\" \/>\n<meta name=\"twitter:site\" content=\"@Notibras\" \/>\n<meta name=\"twitter:label1\" content=\"Escrito por\" \/>\n\t<meta name=\"twitter:data1\" content=\"Reda\u00e7\u00e3o\" \/>\n\t<meta name=\"twitter:label2\" content=\"Est. tempo de leitura\" \/>\n\t<meta name=\"twitter:data2\" content=\"3 minutos\" \/>\n<script type=\"application\/ld+json\" class=\"yoast-schema-graph\">{\"@context\":\"https:\/\/schema.org\",\"@graph\":[{\"@type\":\"Article\",\"@id\":\"https:\/\/www.notibras.com\/site\/vem-ai-mais-uma-festa-do-morango-sera-a-27a\/#article\",\"isPartOf\":{\"@id\":\"https:\/\/www.notibras.com\/site\/vem-ai-mais-uma-festa-do-morango-sera-a-27a\/\"},\"author\":{\"name\":\"Reda\u00e7\u00e3o\",\"@id\":\"https:\/\/www.notibras.com\/site\/#\/schema\/person\/36ab0979449956132d3e5b517ea76ac8\"},\"headline\":\"Vem a\u00ed mais uma Festa do Morango; ser\u00e1 a 27\u00aa\",\"datePublished\":\"2023-08-14T09:30:19+00:00\",\"dateModified\":\"2023-08-14T12:32:37+00:00\",\"mainEntityOfPage\":{\"@id\":\"https:\/\/www.notibras.com\/site\/vem-ai-mais-uma-festa-do-morango-sera-a-27a\/\"},\"wordCount\":398,\"publisher\":{\"@id\":\"https:\/\/www.notibras.com\/site\/#organization\"},\"image\":{\"@id\":\"https:\/\/www.notibras.com\/site\/vem-ai-mais-uma-festa-do-morango-sera-a-27a\/#primaryimage\"},\"thumbnailUrl\":\"https:\/\/www.notibras.com\/site\/wp-content\/uploads\/2023\/08\/morango.braz_.jpg\",\"articleSection\":[\"Quadradinho em Foco\"],\"inLanguage\":\"pt-BR\"},{\"@type\":\"WebPage\",\"@id\":\"https:\/\/www.notibras.com\/site\/vem-ai-mais-uma-festa-do-morango-sera-a-27a\/\",\"url\":\"https:\/\/www.notibras.com\/site\/vem-ai-mais-uma-festa-do-morango-sera-a-27a\/\",\"name\":\"Vem a\u00ed mais uma Festa do Morango; ser\u00e1 a 27\u00aa - Notibras\",\"isPartOf\":{\"@id\":\"https:\/\/www.notibras.com\/site\/#website\"},\"primaryImageOfPage\":{\"@id\":\"https:\/\/www.notibras.com\/site\/vem-ai-mais-uma-festa-do-morango-sera-a-27a\/#primaryimage\"},\"image\":{\"@id\":\"https:\/\/www.notibras.com\/site\/vem-ai-mais-uma-festa-do-morango-sera-a-27a\/#primaryimage\"},\"thumbnailUrl\":\"https:\/\/www.notibras.com\/site\/wp-content\/uploads\/2023\/08\/morango.braz_.jpg\",\"datePublished\":\"2023-08-14T09:30:19+00:00\",\"dateModified\":\"2023-08-14T12:32:37+00:00\",\"breadcrumb\":{\"@id\":\"https:\/\/www.notibras.com\/site\/vem-ai-mais-uma-festa-do-morango-sera-a-27a\/#breadcrumb\"},\"inLanguage\":\"pt-BR\",\"potentialAction\":[{\"@type\":\"ReadAction\",\"target\":[\"https:\/\/www.notibras.com\/site\/vem-ai-mais-uma-festa-do-morango-sera-a-27a\/\"]}]},{\"@type\":\"ImageObject\",\"inLanguage\":\"pt-BR\",\"@id\":\"https:\/\/www.notibras.com\/site\/vem-ai-mais-uma-festa-do-morango-sera-a-27a\/#primaryimage\",\"url\":\"https:\/\/www.notibras.com\/site\/wp-content\/uploads\/2023\/08\/morango.braz_.jpg\",\"contentUrl\":\"https:\/\/www.notibras.com\/site\/wp-content\/uploads\/2023\/08\/morango.braz_.jpg\",\"width\":2560,\"height\":1707},{\"@type\":\"BreadcrumbList\",\"@id\":\"https:\/\/www.notibras.com\/site\/vem-ai-mais-uma-festa-do-morango-sera-a-27a\/#breadcrumb\",\"itemListElement\":[{\"@type\":\"ListItem\",\"position\":1,\"name\":\"In\u00edcio\",\"item\":\"https:\/\/www.notibras.com\/site\/\"},{\"@type\":\"ListItem\",\"position\":2,\"name\":\"Vem a\u00ed mais uma Festa do Morango; ser\u00e1 a 27\u00aa\"}]},{\"@type\":\"WebSite\",\"@id\":\"https:\/\/www.notibras.com\/site\/#website\",\"url\":\"https:\/\/www.notibras.com\/site\/\",\"name\":\"Notibras\",\"description\":\"Not\u00edcias de Bras\u00edlia, do Brasil e do Mundo\",\"publisher\":{\"@id\":\"https:\/\/www.notibras.com\/site\/#organization\"},\"potentialAction\":[{\"@type\":\"SearchAction\",\"target\":{\"@type\":\"EntryPoint\",\"urlTemplate\":\"https:\/\/www.notibras.com\/site\/?s={search_term_string}\"},\"query-input\":{\"@type\":\"PropertyValueSpecification\",\"valueRequired\":true,\"valueName\":\"search_term_string\"}}],\"inLanguage\":\"pt-BR\"},{\"@type\":\"Organization\",\"@id\":\"https:\/\/www.notibras.com\/site\/#organization\",\"name\":\"Grupo Notibras de Comunica\u00e7\u00e3o\",\"url\":\"https:\/\/www.notibras.com\/site\/\",\"logo\":{\"@type\":\"ImageObject\",\"inLanguage\":\"pt-BR\",\"@id\":\"https:\/\/www.notibras.com\/site\/#\/schema\/logo\/image\/\",\"url\":\"https:\/\/www.notibras.com\/site\/wp-content\/uploads\/2023\/01\/notibras23.png\",\"contentUrl\":\"https:\/\/www.notibras.com\/site\/wp-content\/uploads\/2023\/01\/notibras23.png\",\"width\":350,\"height\":87,\"caption\":\"Grupo Notibras de Comunica\u00e7\u00e3o\"},\"image\":{\"@id\":\"https:\/\/www.notibras.com\/site\/#\/schema\/logo\/image\/\"},\"sameAs\":[\"https:\/\/www.facebook.com\/notibras\/\",\"https:\/\/x.com\/Notibras\",\"https:\/\/www.instagram.com\/notibras\/\"]},{\"@type\":\"Person\",\"@id\":\"https:\/\/www.notibras.com\/site\/#\/schema\/person\/36ab0979449956132d3e5b517ea76ac8\",\"name\":\"Reda\u00e7\u00e3o\",\"image\":{\"@type\":\"ImageObject\",\"inLanguage\":\"pt-BR\",\"@id\":\"https:\/\/secure.gravatar.com\/avatar\/e0a867bdedb85fd243eadf09663511f96fc81e0720a4a42581f334ad4303aa6b?s=96&d=mm&r=g\",\"url\":\"https:\/\/secure.gravatar.com\/avatar\/e0a867bdedb85fd243eadf09663511f96fc81e0720a4a42581f334ad4303aa6b?s=96&d=mm&r=g\",\"contentUrl\":\"https:\/\/secure.gravatar.com\/avatar\/e0a867bdedb85fd243eadf09663511f96fc81e0720a4a42581f334ad4303aa6b?s=96&d=mm&r=g\",\"caption\":\"Reda\u00e7\u00e3o\"}}]}<\/script>\n<!-- \/ Yoast SEO plugin. -->","yoast_head_json":{"title":"Vem a\u00ed mais uma Festa do Morango; ser\u00e1 a 27\u00aa - Notibras","robots":{"index":"index","follow":"follow","max-snippet":"max-snippet:-1","max-image-preview":"max-image-preview:large","max-video-preview":"max-video-preview:-1"},"canonical":"https:\/\/www.notibras.com\/site\/vem-ai-mais-uma-festa-do-morango-sera-a-27a\/","og_locale":"pt_BR","og_type":"article","og_title":"Vem a\u00ed mais uma Festa do Morango; ser\u00e1 a 27\u00aa - Notibras","og_description":"Come\u00e7aram os preparativos para o mais tradicional evento da zona rural de Brazl\u00e2ndia. \u00c9 a Festa do Morango, que chega \u00e0 27\u00aa edi\u00e7\u00e3o com a participa\u00e7\u00e3o de 40 produtores locais. Al\u00e9m de v\u00e1rias del\u00edcias feitas da fruta, o p\u00fablico tamb\u00e9m vai encontrar exposi\u00e7\u00e3o agropecu\u00e1ria, shows musicais e parque de divers\u00f5es. J\u00e1 deixe marcado na agenda: [&hellip;]","og_url":"https:\/\/www.notibras.com\/site\/vem-ai-mais-uma-festa-do-morango-sera-a-27a\/","og_site_name":"Notibras","article_publisher":"https:\/\/www.facebook.com\/notibras\/","article_published_time":"2023-08-14T09:30:19+00:00","article_modified_time":"2023-08-14T12:32:37+00:00","og_image":[{"width":2560,"height":1707,"url":"https:\/\/www.notibras.com\/site\/wp-content\/uploads\/2023\/08\/morango.braz_.jpg","type":"image\/jpeg"}],"author":"Reda\u00e7\u00e3o","twitter_card":"summary_large_image","twitter_creator":"@Notibras","twitter_site":"@Notibras","twitter_misc":{"Escrito por":"Reda\u00e7\u00e3o","Est. tempo de leitura":"3 minutos"},"schema":{"@context":"https:\/\/schema.org","@graph":[{"@type":"Article","@id":"https:\/\/www.notibras.com\/site\/vem-ai-mais-uma-festa-do-morango-sera-a-27a\/#article","isPartOf":{"@id":"https:\/\/www.notibras.com\/site\/vem-ai-mais-uma-festa-do-morango-sera-a-27a\/"},"author":{"name":"Reda\u00e7\u00e3o","@id":"https:\/\/www.notibras.com\/site\/#\/schema\/person\/36ab0979449956132d3e5b517ea76ac8"},"headline":"Vem a\u00ed mais uma Festa do Morango; ser\u00e1 a 27\u00aa","datePublished":"2023-08-14T09:30:19+00:00","dateModified":"2023-08-14T12:32:37+00:00","mainEntityOfPage":{"@id":"https:\/\/www.notibras.com\/site\/vem-ai-mais-uma-festa-do-morango-sera-a-27a\/"},"wordCount":398,"publisher":{"@id":"https:\/\/www.notibras.com\/site\/#organization"},"image":{"@id":"https:\/\/www.notibras.com\/site\/vem-ai-mais-uma-festa-do-morango-sera-a-27a\/#primaryimage"},"thumbnailUrl":"https:\/\/www.notibras.com\/site\/wp-content\/uploads\/2023\/08\/morango.braz_.jpg","articleSection":["Quadradinho em Foco"],"inLanguage":"pt-BR"},{"@type":"WebPage","@id":"https:\/\/www.notibras.com\/site\/vem-ai-mais-uma-festa-do-morango-sera-a-27a\/","url":"https:\/\/www.notibras.com\/site\/vem-ai-mais-uma-festa-do-morango-sera-a-27a\/","name":"Vem a\u00ed mais uma Festa do Morango; ser\u00e1 a 27\u00aa - Notibras","isPartOf":{"@id":"https:\/\/www.notibras.com\/site\/#website"},"primaryImageOfPage":{"@id":"https:\/\/www.notibras.com\/site\/vem-ai-mais-uma-festa-do-morango-sera-a-27a\/#primaryimage"},"image":{"@id":"https:\/\/www.notibras.com\/site\/vem-ai-mais-uma-festa-do-morango-sera-a-27a\/#primaryimage"},"thumbnailUrl":"https:\/\/www.notibras.com\/site\/wp-content\/uploads\/2023\/08\/morango.braz_.jpg","datePublished":"2023-08-14T09:30:19+00:00","dateModified":"2023-08-14T12:32:37+00:00","breadcrumb":{"@id":"https:\/\/www.notibras.com\/site\/vem-ai-mais-uma-festa-do-morango-sera-a-27a\/#breadcrumb"},"inLanguage":"pt-BR","potentialAction":[{"@type":"ReadAction","target":["https:\/\/www.notibras.com\/site\/vem-ai-mais-uma-festa-do-morango-sera-a-27a\/"]}]},{"@type":"ImageObject","inLanguage":"pt-BR","@id":"https:\/\/www.notibras.com\/site\/vem-ai-mais-uma-festa-do-morango-sera-a-27a\/#primaryimage","url":"https:\/\/www.notibras.com\/site\/wp-content\/uploads\/2023\/08\/morango.braz_.jpg","contentUrl":"https:\/\/www.notibras.com\/site\/wp-content\/uploads\/2023\/08\/morango.braz_.jpg","width":2560,"height":1707},{"@type":"BreadcrumbList","@id":"https:\/\/www.notibras.com\/site\/vem-ai-mais-uma-festa-do-morango-sera-a-27a\/#breadcrumb","itemListElement":[{"@type":"ListItem","position":1,"name":"In\u00edcio","item":"https:\/\/www.notibras.com\/site\/"},{"@type":"ListItem","position":2,"name":"Vem a\u00ed mais uma Festa do Morango; ser\u00e1 a 27\u00aa"}]},{"@type":"WebSite","@id":"https:\/\/www.notibras.com\/site\/#website","url":"https:\/\/www.notibras.com\/site\/","name":"Notibras","description":"Not\u00edcias de Bras\u00edlia, do Brasil e do Mundo","publisher":{"@id":"https:\/\/www.notibras.com\/site\/#organization"},"potentialAction":[{"@type":"SearchAction","target":{"@type":"EntryPoint","urlTemplate":"https:\/\/www.notibras.com\/site\/?s={search_term_string}"},"query-input":{"@type":"PropertyValueSpecification","valueRequired":true,"valueName":"search_term_string"}}],"inLanguage":"pt-BR"},{"@type":"Organization","@id":"https:\/\/www.notibras.com\/site\/#organization","name":"Grupo Notibras de Comunica\u00e7\u00e3o","url":"https:\/\/www.notibras.com\/site\/","logo":{"@type":"ImageObject","inLanguage":"pt-BR","@id":"https:\/\/www.notibras.com\/site\/#\/schema\/logo\/image\/","url":"https:\/\/www.notibras.com\/site\/wp-content\/uploads\/2023\/01\/notibras23.png","contentUrl":"https:\/\/www.notibras.com\/site\/wp-content\/uploads\/2023\/01\/notibras23.png","width":350,"height":87,"caption":"Grupo Notibras de Comunica\u00e7\u00e3o"},"image":{"@id":"https:\/\/www.notibras.com\/site\/#\/schema\/logo\/image\/"},"sameAs":["https:\/\/www.facebook.com\/notibras\/","https:\/\/x.com\/Notibras","https:\/\/www.instagram.com\/notibras\/"]},{"@type":"Person","@id":"https:\/\/www.notibras.com\/site\/#\/schema\/person\/36ab0979449956132d3e5b517ea76ac8","name":"Reda\u00e7\u00e3o","image":{"@type":"ImageObject","inLanguage":"pt-BR","@id":"https:\/\/secure.gravatar.com\/avatar\/e0a867bdedb85fd243eadf09663511f96fc81e0720a4a42581f334ad4303aa6b?s=96&d=mm&r=g","url":"https:\/\/secure.gravatar.com\/avatar\/e0a867bdedb85fd243eadf09663511f96fc81e0720a4a42581f334ad4303aa6b?s=96&d=mm&r=g","contentUrl":"https:\/\/secure.gravatar.com\/avatar\/e0a867bdedb85fd243eadf09663511f96fc81e0720a4a42581f334ad4303aa6b?s=96&d=mm&r=g","caption":"Reda\u00e7\u00e3o"}}]}},"amp_enabled":true,"_links":{"self":[{"href":"https:\/\/www.notibras.com\/site\/wp-json\/wp\/v2\/posts\/310971","targetHints":{"allow":["GET"]}}],"collection":[{"href":"https:\/\/www.notibras.com\/site\/wp-json\/wp\/v2\/posts"}],"about":[{"href":"https:\/\/www.notibras.com\/site\/wp-json\/wp\/v2\/types\/post"}],"author":[{"embeddable":true,"href":"https:\/\/www.notibras.com\/site\/wp-json\/wp\/v2\/users\/2"}],"replies":[{"embeddable":true,"href":"https:\/\/www.notibras.com\/site\/wp-json\/wp\/v2\/comments?post=310971"}],"version-history":[{"count":1,"href":"https:\/\/www.notibras.com\/site\/wp-json\/wp\/v2\/posts\/310971\/revisions"}],"predecessor-version":[{"id":310973,"href":"https:\/\/www.notibras.com\/site\/wp-json\/wp\/v2\/posts\/310971\/revisions\/310973"}],"wp:featuredmedia":[{"embeddable":true,"href":"https:\/\/www.notibras.com\/site\/wp-json\/wp\/v2\/media\/310972"}],"wp:attachment":[{"href":"https:\/\/www.notibras.com\/site\/wp-json\/wp\/v2\/media?parent=310971"}],"wp:term":[{"taxonomy":"category","embeddable":true,"href":"https:\/\/www.notibras.com\/site\/wp-json\/wp\/v2\/categories?post=310971"},{"taxonomy":"post_tag","embeddable":true,"href":"https:\/\/www.notibras.com\/site\/wp-json\/wp\/v2\/tags?post=310971"}],"curies":[{"name":"wp","href":"https:\/\/api.w.org\/{rel}","templated":true}]}}