{"id":311012,"date":"2023-08-14T13:22:15","date_gmt":"2023-08-14T16:22:15","guid":{"rendered":"https:\/\/www.notibras.com\/site\/?p=311012"},"modified":"2023-08-14T15:37:52","modified_gmt":"2023-08-14T18:37:52","slug":"lula-manda-repassae-mais-de-15-mi-para-educacao-infantil","status":"publish","type":"post","link":"https:\/\/www.notibras.com\/site\/lula-manda-repassae-mais-de-15-mi-para-educacao-infantil\/","title":{"rendered":"Lula manda repassae mais de 15 mi para educa\u00e7\u00e3o infantil"},"content":{"rendered":"<p>Uma portaria do Minist\u00e9rio da Educa\u00e7\u00e3o, publicada nesta segunda-feira (14) no Di\u00e1rio Oficial da Uni\u00e3o, autoriza o repasse de R$15.739.988,28 para 46 munic\u00edpios criarem novas vagas de educa\u00e7\u00e3o infantil, na rede p\u00fablica de ensino. Os recursos s\u00e3o do Fundo de Manuten\u00e7\u00e3o e Desenvolvimento da Educa\u00e7\u00e3o B\u00e1sica e de Valoriza\u00e7\u00e3o dos Profissionais da Educa\u00e7\u00e3o (Fundeb).<\/p>\n<p>O objetivo do repasse desses recursos \u00e9 exclusivamente a manuten\u00e7\u00e3o e o desenvolvimento de novas vagas para amplia\u00e7\u00e3o da rede de educa\u00e7\u00e3o infantil p\u00fablica. Estudos apontam que, nas fam\u00edlias mais pobres, apenas uma, em cada quatro crian\u00e7as de at\u00e9 3 anos de idade, frequentam creches no pa\u00eds.<\/p>\n<p>Com os valores empenhados, ser\u00e3o criadas 3.194 vagas em creches e pr\u00e9-escolas, sendo 1.469 vagas de creche em per\u00edodo parcial e 438 em per\u00edodo integral, al\u00e9m de 1.069 vagas de pr\u00e9-escola em per\u00edodo parcial e 218 em per\u00edodo integral.<\/p>\n<p>Os recursos ser\u00e3o repassados aos munic\u00edpios dos estados do Acre, Amazonas, Cear\u00e1, de Goi\u00e1s, Minas Gerais, Mato Grosso do Sul, Mato Grosso, do Par\u00e1, da Para\u00edba, do Piau\u00ed, Rio Grande do Sul, de Santa Catarina e S\u00e3o Paulo. S\u00e3o cidades que realizaram o cadastramento das novas vagas, no Sistema Integrado de Monitoramento Execu\u00e7\u00e3o e Controle (Sismec).<\/p>\n<p>As secretarias de Educa\u00e7\u00e3o receber\u00e3o os valores de forma autom\u00e1tica, em parcela \u00fanica, diretamente na conta-corrente cadastrada. Ap\u00f3s a movimenta\u00e7\u00e3o dos recursos, os munic\u00edpios ter\u00e3o que prestar contas ao Conselho do Fundeb, at\u00e9 o dia 30 de junho de 2024, por meio do Sistema de Gest\u00e3o de Presta\u00e7\u00e3o de Contas (SiGPC).<\/p>\n<p>O \u00faltimo Censo Escolar 2022 apontou a exist\u00eancia de 74,4 mil creches, em todo o pa\u00eds. Das matr\u00edculas realizadas nessa etapa educacional, 66,4% est\u00e3o na rede p\u00fablica e 33,6%, nas creches privadas, das quais, mais da metade, possuem conv\u00eanio com a rede p\u00fablica de educa\u00e7\u00e3o infantil.<\/p>\n","protected":false},"excerpt":{"rendered":"<p>Uma portaria do Minist\u00e9rio da Educa\u00e7\u00e3o, publicada nesta segunda-feira (14) no Di\u00e1rio Oficial da Uni\u00e3o, autoriza o repasse de R$15.739.988,28 para 46 munic\u00edpios criarem novas vagas de educa\u00e7\u00e3o infantil, na rede p\u00fablica de ensino. Os recursos s\u00e3o do Fundo de Manuten\u00e7\u00e3o e Desenvolvimento da Educa\u00e7\u00e3o B\u00e1sica e de Valoriza\u00e7\u00e3o dos Profissionais da Educa\u00e7\u00e3o (Fundeb). O [&hellip;]<\/p>\n","protected":false},"author":2,"featured_media":311013,"comment_status":"closed","ping_status":"closed","sticky":false,"template":"","format":"standard","meta":{"_acf_changed":false,"footnotes":""},"categories":[161],"tags":[95],"class_list":["post-311012","post","type-post","status-publish","format-standard","has-post-thumbnail","hentry","category-quadradinho-em-foco","tag-capa"],"acf":[],"yoast_head":"<!-- This site is optimized with the Yoast SEO plugin v27.2 - https:\/\/yoast.com\/product\/yoast-seo-wordpress\/ -->\n<title>Lula manda repassae mais de 15 mi para educa\u00e7\u00e3o infantil - Notibras<\/title>\n<meta name=\"robots\" content=\"index, follow, max-snippet:-1, max-image-preview:large, max-video-preview:-1\" \/>\n<link rel=\"canonical\" href=\"https:\/\/www.notibras.com\/site\/lula-manda-repassae-mais-de-15-mi-para-educacao-infantil\/\" \/>\n<meta property=\"og:locale\" content=\"pt_BR\" \/>\n<meta property=\"og:type\" content=\"article\" \/>\n<meta property=\"og:title\" content=\"Lula manda repassae mais de 15 mi para educa\u00e7\u00e3o infantil - Notibras\" \/>\n<meta property=\"og:description\" content=\"Uma portaria do Minist\u00e9rio da Educa\u00e7\u00e3o, publicada nesta segunda-feira (14) no Di\u00e1rio Oficial da Uni\u00e3o, autoriza o repasse de R$15.739.988,28 para 46 munic\u00edpios criarem novas vagas de educa\u00e7\u00e3o infantil, na rede p\u00fablica de ensino. Os recursos s\u00e3o do Fundo de Manuten\u00e7\u00e3o e Desenvolvimento da Educa\u00e7\u00e3o B\u00e1sica e de Valoriza\u00e7\u00e3o dos Profissionais da Educa\u00e7\u00e3o (Fundeb). O [&hellip;]\" \/>\n<meta property=\"og:url\" content=\"https:\/\/www.notibras.com\/site\/lula-manda-repassae-mais-de-15-mi-para-educacao-infantil\/\" \/>\n<meta property=\"og:site_name\" content=\"Notibras\" \/>\n<meta property=\"article:publisher\" content=\"https:\/\/www.facebook.com\/notibras\/\" \/>\n<meta property=\"article:published_time\" content=\"2023-08-14T16:22:15+00:00\" \/>\n<meta property=\"article:modified_time\" content=\"2023-08-14T18:37:52+00:00\" \/>\n<meta property=\"og:image\" content=\"https:\/\/www.notibras.com\/site\/wp-content\/uploads\/2023\/08\/1109803-mcamgo_abr02232018797020180223.jpg\" \/>\n\t<meta property=\"og:image:width\" content=\"1170\" \/>\n\t<meta property=\"og:image:height\" content=\"700\" \/>\n\t<meta property=\"og:image:type\" content=\"image\/jpeg\" \/>\n<meta name=\"author\" content=\"Reda\u00e7\u00e3o\" \/>\n<meta name=\"twitter:card\" content=\"summary_large_image\" \/>\n<meta name=\"twitter:creator\" content=\"@Notibras\" \/>\n<meta name=\"twitter:site\" content=\"@Notibras\" \/>\n<meta name=\"twitter:label1\" content=\"Escrito por\" \/>\n\t<meta name=\"twitter:data1\" content=\"Reda\u00e7\u00e3o\" \/>\n\t<meta name=\"twitter:label2\" content=\"Est. tempo de leitura\" \/>\n\t<meta name=\"twitter:data2\" content=\"2 minutos\" \/>\n<script type=\"application\/ld+json\" class=\"yoast-schema-graph\">{\"@context\":\"https:\/\/schema.org\",\"@graph\":[{\"@type\":\"Article\",\"@id\":\"https:\/\/www.notibras.com\/site\/lula-manda-repassae-mais-de-15-mi-para-educacao-infantil\/#article\",\"isPartOf\":{\"@id\":\"https:\/\/www.notibras.com\/site\/lula-manda-repassae-mais-de-15-mi-para-educacao-infantil\/\"},\"author\":{\"name\":\"Reda\u00e7\u00e3o\",\"@id\":\"https:\/\/www.notibras.com\/site\/#\/schema\/person\/36ab0979449956132d3e5b517ea76ac8\"},\"headline\":\"Lula manda repassae mais de 15 mi para educa\u00e7\u00e3o infantil\",\"datePublished\":\"2023-08-14T16:22:15+00:00\",\"dateModified\":\"2023-08-14T18:37:52+00:00\",\"mainEntityOfPage\":{\"@id\":\"https:\/\/www.notibras.com\/site\/lula-manda-repassae-mais-de-15-mi-para-educacao-infantil\/\"},\"wordCount\":340,\"publisher\":{\"@id\":\"https:\/\/www.notibras.com\/site\/#organization\"},\"image\":{\"@id\":\"https:\/\/www.notibras.com\/site\/lula-manda-repassae-mais-de-15-mi-para-educacao-infantil\/#primaryimage\"},\"thumbnailUrl\":\"https:\/\/www.notibras.com\/site\/wp-content\/uploads\/2023\/08\/1109803-mcamgo_abr02232018797020180223.jpg\",\"keywords\":[\"capa\"],\"articleSection\":[\"Quadradinho em Foco\"],\"inLanguage\":\"pt-BR\"},{\"@type\":\"WebPage\",\"@id\":\"https:\/\/www.notibras.com\/site\/lula-manda-repassae-mais-de-15-mi-para-educacao-infantil\/\",\"url\":\"https:\/\/www.notibras.com\/site\/lula-manda-repassae-mais-de-15-mi-para-educacao-infantil\/\",\"name\":\"Lula manda repassae mais de 15 mi para educa\u00e7\u00e3o infantil - Notibras\",\"isPartOf\":{\"@id\":\"https:\/\/www.notibras.com\/site\/#website\"},\"primaryImageOfPage\":{\"@id\":\"https:\/\/www.notibras.com\/site\/lula-manda-repassae-mais-de-15-mi-para-educacao-infantil\/#primaryimage\"},\"image\":{\"@id\":\"https:\/\/www.notibras.com\/site\/lula-manda-repassae-mais-de-15-mi-para-educacao-infantil\/#primaryimage\"},\"thumbnailUrl\":\"https:\/\/www.notibras.com\/site\/wp-content\/uploads\/2023\/08\/1109803-mcamgo_abr02232018797020180223.jpg\",\"datePublished\":\"2023-08-14T16:22:15+00:00\",\"dateModified\":\"2023-08-14T18:37:52+00:00\",\"breadcrumb\":{\"@id\":\"https:\/\/www.notibras.com\/site\/lula-manda-repassae-mais-de-15-mi-para-educacao-infantil\/#breadcrumb\"},\"inLanguage\":\"pt-BR\",\"potentialAction\":[{\"@type\":\"ReadAction\",\"target\":[\"https:\/\/www.notibras.com\/site\/lula-manda-repassae-mais-de-15-mi-para-educacao-infantil\/\"]}]},{\"@type\":\"ImageObject\",\"inLanguage\":\"pt-BR\",\"@id\":\"https:\/\/www.notibras.com\/site\/lula-manda-repassae-mais-de-15-mi-para-educacao-infantil\/#primaryimage\",\"url\":\"https:\/\/www.notibras.com\/site\/wp-content\/uploads\/2023\/08\/1109803-mcamgo_abr02232018797020180223.jpg\",\"contentUrl\":\"https:\/\/www.notibras.com\/site\/wp-content\/uploads\/2023\/08\/1109803-mcamgo_abr02232018797020180223.jpg\",\"width\":1170,\"height\":700,\"caption\":\"Bras\u00edlia - Alunos da Escola Classe 29 de Taguatinga participam de atividades do projeto Adasa na Escola. No projeto as crian\u00e7as aprendem como podem ajudar na preserva\u00e7\u00e3o da \u00e1gua (Marcelo Camargo\/Ag\u00eancia Brasil)\"},{\"@type\":\"BreadcrumbList\",\"@id\":\"https:\/\/www.notibras.com\/site\/lula-manda-repassae-mais-de-15-mi-para-educacao-infantil\/#breadcrumb\",\"itemListElement\":[{\"@type\":\"ListItem\",\"position\":1,\"name\":\"In\u00edcio\",\"item\":\"https:\/\/www.notibras.com\/site\/\"},{\"@type\":\"ListItem\",\"position\":2,\"name\":\"Lula manda repassae mais de 15 mi para educa\u00e7\u00e3o infantil\"}]},{\"@type\":\"WebSite\",\"@id\":\"https:\/\/www.notibras.com\/site\/#website\",\"url\":\"https:\/\/www.notibras.com\/site\/\",\"name\":\"Notibras\",\"description\":\"Not\u00edcias de Bras\u00edlia, do Brasil e do Mundo\",\"publisher\":{\"@id\":\"https:\/\/www.notibras.com\/site\/#organization\"},\"potentialAction\":[{\"@type\":\"SearchAction\",\"target\":{\"@type\":\"EntryPoint\",\"urlTemplate\":\"https:\/\/www.notibras.com\/site\/?s={search_term_string}\"},\"query-input\":{\"@type\":\"PropertyValueSpecification\",\"valueRequired\":true,\"valueName\":\"search_term_string\"}}],\"inLanguage\":\"pt-BR\"},{\"@type\":\"Organization\",\"@id\":\"https:\/\/www.notibras.com\/site\/#organization\",\"name\":\"Grupo Notibras de Comunica\u00e7\u00e3o\",\"url\":\"https:\/\/www.notibras.com\/site\/\",\"logo\":{\"@type\":\"ImageObject\",\"inLanguage\":\"pt-BR\",\"@id\":\"https:\/\/www.notibras.com\/site\/#\/schema\/logo\/image\/\",\"url\":\"https:\/\/www.notibras.com\/site\/wp-content\/uploads\/2023\/01\/notibras23.png\",\"contentUrl\":\"https:\/\/www.notibras.com\/site\/wp-content\/uploads\/2023\/01\/notibras23.png\",\"width\":350,\"height\":87,\"caption\":\"Grupo Notibras de Comunica\u00e7\u00e3o\"},\"image\":{\"@id\":\"https:\/\/www.notibras.com\/site\/#\/schema\/logo\/image\/\"},\"sameAs\":[\"https:\/\/www.facebook.com\/notibras\/\",\"https:\/\/x.com\/Notibras\",\"https:\/\/www.instagram.com\/notibras\/\"]},{\"@type\":\"Person\",\"@id\":\"https:\/\/www.notibras.com\/site\/#\/schema\/person\/36ab0979449956132d3e5b517ea76ac8\",\"name\":\"Reda\u00e7\u00e3o\",\"image\":{\"@type\":\"ImageObject\",\"inLanguage\":\"pt-BR\",\"@id\":\"https:\/\/secure.gravatar.com\/avatar\/e0a867bdedb85fd243eadf09663511f96fc81e0720a4a42581f334ad4303aa6b?s=96&d=mm&r=g\",\"url\":\"https:\/\/secure.gravatar.com\/avatar\/e0a867bdedb85fd243eadf09663511f96fc81e0720a4a42581f334ad4303aa6b?s=96&d=mm&r=g\",\"contentUrl\":\"https:\/\/secure.gravatar.com\/avatar\/e0a867bdedb85fd243eadf09663511f96fc81e0720a4a42581f334ad4303aa6b?s=96&d=mm&r=g\",\"caption\":\"Reda\u00e7\u00e3o\"}}]}<\/script>\n<!-- \/ Yoast SEO plugin. -->","yoast_head_json":{"title":"Lula manda repassae mais de 15 mi para educa\u00e7\u00e3o infantil - Notibras","robots":{"index":"index","follow":"follow","max-snippet":"max-snippet:-1","max-image-preview":"max-image-preview:large","max-video-preview":"max-video-preview:-1"},"canonical":"https:\/\/www.notibras.com\/site\/lula-manda-repassae-mais-de-15-mi-para-educacao-infantil\/","og_locale":"pt_BR","og_type":"article","og_title":"Lula manda repassae mais de 15 mi para educa\u00e7\u00e3o infantil - Notibras","og_description":"Uma portaria do Minist\u00e9rio da Educa\u00e7\u00e3o, publicada nesta segunda-feira (14) no Di\u00e1rio Oficial da Uni\u00e3o, autoriza o repasse de R$15.739.988,28 para 46 munic\u00edpios criarem novas vagas de educa\u00e7\u00e3o infantil, na rede p\u00fablica de ensino. Os recursos s\u00e3o do Fundo de Manuten\u00e7\u00e3o e Desenvolvimento da Educa\u00e7\u00e3o B\u00e1sica e de Valoriza\u00e7\u00e3o dos Profissionais da Educa\u00e7\u00e3o (Fundeb). O [&hellip;]","og_url":"https:\/\/www.notibras.com\/site\/lula-manda-repassae-mais-de-15-mi-para-educacao-infantil\/","og_site_name":"Notibras","article_publisher":"https:\/\/www.facebook.com\/notibras\/","article_published_time":"2023-08-14T16:22:15+00:00","article_modified_time":"2023-08-14T18:37:52+00:00","og_image":[{"width":1170,"height":700,"url":"https:\/\/www.notibras.com\/site\/wp-content\/uploads\/2023\/08\/1109803-mcamgo_abr02232018797020180223.jpg","type":"image\/jpeg"}],"author":"Reda\u00e7\u00e3o","twitter_card":"summary_large_image","twitter_creator":"@Notibras","twitter_site":"@Notibras","twitter_misc":{"Escrito por":"Reda\u00e7\u00e3o","Est. tempo de leitura":"2 minutos"},"schema":{"@context":"https:\/\/schema.org","@graph":[{"@type":"Article","@id":"https:\/\/www.notibras.com\/site\/lula-manda-repassae-mais-de-15-mi-para-educacao-infantil\/#article","isPartOf":{"@id":"https:\/\/www.notibras.com\/site\/lula-manda-repassae-mais-de-15-mi-para-educacao-infantil\/"},"author":{"name":"Reda\u00e7\u00e3o","@id":"https:\/\/www.notibras.com\/site\/#\/schema\/person\/36ab0979449956132d3e5b517ea76ac8"},"headline":"Lula manda repassae mais de 15 mi para educa\u00e7\u00e3o infantil","datePublished":"2023-08-14T16:22:15+00:00","dateModified":"2023-08-14T18:37:52+00:00","mainEntityOfPage":{"@id":"https:\/\/www.notibras.com\/site\/lula-manda-repassae-mais-de-15-mi-para-educacao-infantil\/"},"wordCount":340,"publisher":{"@id":"https:\/\/www.notibras.com\/site\/#organization"},"image":{"@id":"https:\/\/www.notibras.com\/site\/lula-manda-repassae-mais-de-15-mi-para-educacao-infantil\/#primaryimage"},"thumbnailUrl":"https:\/\/www.notibras.com\/site\/wp-content\/uploads\/2023\/08\/1109803-mcamgo_abr02232018797020180223.jpg","keywords":["capa"],"articleSection":["Quadradinho em Foco"],"inLanguage":"pt-BR"},{"@type":"WebPage","@id":"https:\/\/www.notibras.com\/site\/lula-manda-repassae-mais-de-15-mi-para-educacao-infantil\/","url":"https:\/\/www.notibras.com\/site\/lula-manda-repassae-mais-de-15-mi-para-educacao-infantil\/","name":"Lula manda repassae mais de 15 mi para educa\u00e7\u00e3o infantil - Notibras","isPartOf":{"@id":"https:\/\/www.notibras.com\/site\/#website"},"primaryImageOfPage":{"@id":"https:\/\/www.notibras.com\/site\/lula-manda-repassae-mais-de-15-mi-para-educacao-infantil\/#primaryimage"},"image":{"@id":"https:\/\/www.notibras.com\/site\/lula-manda-repassae-mais-de-15-mi-para-educacao-infantil\/#primaryimage"},"thumbnailUrl":"https:\/\/www.notibras.com\/site\/wp-content\/uploads\/2023\/08\/1109803-mcamgo_abr02232018797020180223.jpg","datePublished":"2023-08-14T16:22:15+00:00","dateModified":"2023-08-14T18:37:52+00:00","breadcrumb":{"@id":"https:\/\/www.notibras.com\/site\/lula-manda-repassae-mais-de-15-mi-para-educacao-infantil\/#breadcrumb"},"inLanguage":"pt-BR","potentialAction":[{"@type":"ReadAction","target":["https:\/\/www.notibras.com\/site\/lula-manda-repassae-mais-de-15-mi-para-educacao-infantil\/"]}]},{"@type":"ImageObject","inLanguage":"pt-BR","@id":"https:\/\/www.notibras.com\/site\/lula-manda-repassae-mais-de-15-mi-para-educacao-infantil\/#primaryimage","url":"https:\/\/www.notibras.com\/site\/wp-content\/uploads\/2023\/08\/1109803-mcamgo_abr02232018797020180223.jpg","contentUrl":"https:\/\/www.notibras.com\/site\/wp-content\/uploads\/2023\/08\/1109803-mcamgo_abr02232018797020180223.jpg","width":1170,"height":700,"caption":"Bras\u00edlia - Alunos da Escola Classe 29 de Taguatinga participam de atividades do projeto Adasa na Escola. No projeto as crian\u00e7as aprendem como podem ajudar na preserva\u00e7\u00e3o da \u00e1gua (Marcelo Camargo\/Ag\u00eancia Brasil)"},{"@type":"BreadcrumbList","@id":"https:\/\/www.notibras.com\/site\/lula-manda-repassae-mais-de-15-mi-para-educacao-infantil\/#breadcrumb","itemListElement":[{"@type":"ListItem","position":1,"name":"In\u00edcio","item":"https:\/\/www.notibras.com\/site\/"},{"@type":"ListItem","position":2,"name":"Lula manda repassae mais de 15 mi para educa\u00e7\u00e3o infantil"}]},{"@type":"WebSite","@id":"https:\/\/www.notibras.com\/site\/#website","url":"https:\/\/www.notibras.com\/site\/","name":"Notibras","description":"Not\u00edcias de Bras\u00edlia, do Brasil e do Mundo","publisher":{"@id":"https:\/\/www.notibras.com\/site\/#organization"},"potentialAction":[{"@type":"SearchAction","target":{"@type":"EntryPoint","urlTemplate":"https:\/\/www.notibras.com\/site\/?s={search_term_string}"},"query-input":{"@type":"PropertyValueSpecification","valueRequired":true,"valueName":"search_term_string"}}],"inLanguage":"pt-BR"},{"@type":"Organization","@id":"https:\/\/www.notibras.com\/site\/#organization","name":"Grupo Notibras de Comunica\u00e7\u00e3o","url":"https:\/\/www.notibras.com\/site\/","logo":{"@type":"ImageObject","inLanguage":"pt-BR","@id":"https:\/\/www.notibras.com\/site\/#\/schema\/logo\/image\/","url":"https:\/\/www.notibras.com\/site\/wp-content\/uploads\/2023\/01\/notibras23.png","contentUrl":"https:\/\/www.notibras.com\/site\/wp-content\/uploads\/2023\/01\/notibras23.png","width":350,"height":87,"caption":"Grupo Notibras de Comunica\u00e7\u00e3o"},"image":{"@id":"https:\/\/www.notibras.com\/site\/#\/schema\/logo\/image\/"},"sameAs":["https:\/\/www.facebook.com\/notibras\/","https:\/\/x.com\/Notibras","https:\/\/www.instagram.com\/notibras\/"]},{"@type":"Person","@id":"https:\/\/www.notibras.com\/site\/#\/schema\/person\/36ab0979449956132d3e5b517ea76ac8","name":"Reda\u00e7\u00e3o","image":{"@type":"ImageObject","inLanguage":"pt-BR","@id":"https:\/\/secure.gravatar.com\/avatar\/e0a867bdedb85fd243eadf09663511f96fc81e0720a4a42581f334ad4303aa6b?s=96&d=mm&r=g","url":"https:\/\/secure.gravatar.com\/avatar\/e0a867bdedb85fd243eadf09663511f96fc81e0720a4a42581f334ad4303aa6b?s=96&d=mm&r=g","contentUrl":"https:\/\/secure.gravatar.com\/avatar\/e0a867bdedb85fd243eadf09663511f96fc81e0720a4a42581f334ad4303aa6b?s=96&d=mm&r=g","caption":"Reda\u00e7\u00e3o"}}]}},"amp_enabled":true,"_links":{"self":[{"href":"https:\/\/www.notibras.com\/site\/wp-json\/wp\/v2\/posts\/311012","targetHints":{"allow":["GET"]}}],"collection":[{"href":"https:\/\/www.notibras.com\/site\/wp-json\/wp\/v2\/posts"}],"about":[{"href":"https:\/\/www.notibras.com\/site\/wp-json\/wp\/v2\/types\/post"}],"author":[{"embeddable":true,"href":"https:\/\/www.notibras.com\/site\/wp-json\/wp\/v2\/users\/2"}],"replies":[{"embeddable":true,"href":"https:\/\/www.notibras.com\/site\/wp-json\/wp\/v2\/comments?post=311012"}],"version-history":[{"count":1,"href":"https:\/\/www.notibras.com\/site\/wp-json\/wp\/v2\/posts\/311012\/revisions"}],"predecessor-version":[{"id":311014,"href":"https:\/\/www.notibras.com\/site\/wp-json\/wp\/v2\/posts\/311012\/revisions\/311014"}],"wp:featuredmedia":[{"embeddable":true,"href":"https:\/\/www.notibras.com\/site\/wp-json\/wp\/v2\/media\/311013"}],"wp:attachment":[{"href":"https:\/\/www.notibras.com\/site\/wp-json\/wp\/v2\/media?parent=311012"}],"wp:term":[{"taxonomy":"category","embeddable":true,"href":"https:\/\/www.notibras.com\/site\/wp-json\/wp\/v2\/categories?post=311012"},{"taxonomy":"post_tag","embeddable":true,"href":"https:\/\/www.notibras.com\/site\/wp-json\/wp\/v2\/tags?post=311012"}],"curies":[{"name":"wp","href":"https:\/\/api.w.org\/{rel}","templated":true}]}}