{"id":311027,"date":"2023-08-15T07:45:49","date_gmt":"2023-08-15T10:45:49","guid":{"rendered":"https:\/\/www.notibras.com\/site\/?p=311027"},"modified":"2023-08-15T07:45:49","modified_gmt":"2023-08-15T10:45:49","slug":"um-festival-de-amor-por-familias-e-pets-no-terraco","status":"publish","type":"post","link":"https:\/\/www.notibras.com\/site\/um-festival-de-amor-por-familias-e-pets-no-terraco\/","title":{"rendered":"Um Festival de Amor por Fam\u00edlias e Pets no Terra\u00e7o"},"content":{"rendered":"<p>Em um gesto caloroso de celebra\u00e7\u00e3o da conviv\u00eancia entre fam\u00edlias e seus fi\u00e9is companheiros de quatro patas, o Terra\u00e7o Shopping trar\u00e1 mais uma edi\u00e7\u00e3o do seu tradicional evento Terra\u00e7o Pet, que comemora a amizade entre humanos e animais de estima\u00e7\u00e3o. Neste m\u00eas, os dias 19 e 20 de agosto marcar\u00e3o esse encontro imperd\u00edvel na \u00e1rea externa do shopping, das 10h \u00e0s 18h.<\/p>\n<p>Reconhecido como um ambiente pet friendly, o shopping abrir\u00e1 suas portas com um evento que tem como objetivo unir n\u00e3o s\u00f3 cora\u00e7\u00f5es e causas nobres, mas tamb\u00e9m proporcionar momentos de lazer para os que levam seus animais de estima\u00e7\u00e3o nos passeios dos finais de semana, tornando a visita uma experi\u00eancia inesquec\u00edvel para todos os membros da fam\u00edlia.<\/p>\n<p>No cora\u00e7\u00e3o do evento, um desfile pet deslumbrante, onde peludos e plumados se tornar\u00e3o verdadeiras estrelas da passarela, encantando a todos com singularidade e divers\u00e3o, proporcionando momentos de alegria e competi\u00e7\u00e3o saud\u00e1vel entre os participantes.<\/p>\n<p>Profissionais renomados da \u00e1rea estar\u00e3o presentes, compartilhando dicas valiosas sobre cuidados, treinamento e sa\u00fade dos pets, enriquecendo a jornada de todos os presentes. A exposi\u00e7\u00e3o de produtos e servi\u00e7os voltados para o universo pet ter\u00e1 mais de quinze empresas especializadas, proporcionando uma experi\u00eancia completa, onde os visitantes poder\u00e3o explorar as \u00faltimas tend\u00eancias destinadas ao bem-estar e \u00e0 beleza dos companheiros peludos.<\/p>\n<p>E para os apaixonados por animais, o Terra\u00e7o Pet trar\u00e1 n\u00e3o somente uma diversidade de atra\u00e7\u00f5es voltadas para as fam\u00edlias, mas tamb\u00e9m destacar\u00e1 a import\u00e2ncia da ado\u00e7\u00e3o respons\u00e1vel e o impacto transformador que os animais de estima\u00e7\u00e3o t\u00eam nas vidas daqueles que os acolhem. A feira de ado\u00e7\u00e3o, um dos pontos altos do evento, oferecer\u00e1 a oportunidade de encontrar um novo membro peludo para a fam\u00edlia, refor\u00e7ando o saud\u00e1vel la\u00e7o entre homem e animal.<\/p>\n<p>\u201cSomos um espa\u00e7o de encontro das fam\u00edlias e os animais de estima\u00e7\u00e3o s\u00e3o integrantes valorosos dessa rela\u00e7\u00e3o. Este festival \u00e9 a manifesta\u00e7\u00e3o concreta desse amor incondicional que compartilhamos&#8221;, ressalta Ricardo Vieira, superintendente do shopping, pai de Helena e tutor da Biewer Terrier Duda.<\/p>\n<p><strong>Programa\u00e7\u00e3o<\/strong><br \/>\nDia 19 (s\u00e1bado): 10h \u00e0s 18h<br \/>\nFeira de produtos pets<br \/>\nFeira de ado\u00e7\u00e3o de c\u00e3es e gatos<br \/>\nVacina\u00e7\u00e3o antirr\u00e1bica gratuita (oferecida pelo GDF)<br \/>\nApresenta\u00e7\u00e3o de expositores, ongs e protetores independentes de pets<br \/>\nDesfiles de c\u00e3es e gatos para ado\u00e7\u00e3o<br \/>\nEncontro e desfile do Clube @clubedachshundsbsb<br \/>\nEncontro e desfile dos pets presentes e influencer da @a_viladospets e @janpetsoficial<\/p>\n<p>Dia 20 (domingo): 10h \u00e0s 18h<br \/>\nFeira de produtos pets<br \/>\nFeira de ado\u00e7\u00e3o de c\u00e3es e gatos<br \/>\nApresenta\u00e7\u00e3o de expositores, ongs e protetores independentes de pets<br \/>\nDesfiles de c\u00e3es e gatos para ado\u00e7\u00e3o<br \/>\nEncontro e desfile do Clube @clubedachshundsbsb<br \/>\nIn\u00edcio de sess\u00e3o de fotos gratuitas com @estudiopetbrasilia<br \/>\nEncontro e desfile do Clube @barbudinhosdebrasilia1<br \/>\nEncontro e desfile dos pets presentes e influencer da @a_viladospets e @janpetsoficial<\/p>\n","protected":false},"excerpt":{"rendered":"<p>Em um gesto caloroso de celebra\u00e7\u00e3o da conviv\u00eancia entre fam\u00edlias e seus fi\u00e9is companheiros de quatro patas, o Terra\u00e7o Shopping trar\u00e1 mais uma edi\u00e7\u00e3o do seu tradicional evento Terra\u00e7o Pet, que comemora a amizade entre humanos e animais de estima\u00e7\u00e3o. Neste m\u00eas, os dias 19 e 20 de agosto marcar\u00e3o esse encontro imperd\u00edvel na \u00e1rea [&hellip;]<\/p>\n","protected":false},"author":2,"featured_media":311028,"comment_status":"closed","ping_status":"closed","sticky":false,"template":"","format":"standard","meta":{"_acf_changed":false,"footnotes":""},"categories":[161],"tags":[],"class_list":["post-311027","post","type-post","status-publish","format-standard","has-post-thumbnail","hentry","category-quadradinho-em-foco"],"acf":[],"yoast_head":"<!-- This site is optimized with the Yoast SEO plugin v27.2 - https:\/\/yoast.com\/product\/yoast-seo-wordpress\/ -->\n<title>Um Festival de Amor por Fam\u00edlias e Pets no Terra\u00e7o - Notibras<\/title>\n<meta name=\"robots\" content=\"index, follow, max-snippet:-1, max-image-preview:large, max-video-preview:-1\" \/>\n<link rel=\"canonical\" href=\"https:\/\/www.notibras.com\/site\/um-festival-de-amor-por-familias-e-pets-no-terraco\/\" \/>\n<meta property=\"og:locale\" content=\"pt_BR\" \/>\n<meta property=\"og:type\" content=\"article\" \/>\n<meta property=\"og:title\" content=\"Um Festival de Amor por Fam\u00edlias e Pets no Terra\u00e7o - Notibras\" \/>\n<meta property=\"og:description\" content=\"Em um gesto caloroso de celebra\u00e7\u00e3o da conviv\u00eancia entre fam\u00edlias e seus fi\u00e9is companheiros de quatro patas, o Terra\u00e7o Shopping trar\u00e1 mais uma edi\u00e7\u00e3o do seu tradicional evento Terra\u00e7o Pet, que comemora a amizade entre humanos e animais de estima\u00e7\u00e3o. Neste m\u00eas, os dias 19 e 20 de agosto marcar\u00e3o esse encontro imperd\u00edvel na \u00e1rea [&hellip;]\" \/>\n<meta property=\"og:url\" content=\"https:\/\/www.notibras.com\/site\/um-festival-de-amor-por-familias-e-pets-no-terraco\/\" \/>\n<meta property=\"og:site_name\" content=\"Notibras\" \/>\n<meta property=\"article:publisher\" content=\"https:\/\/www.facebook.com\/notibras\/\" \/>\n<meta property=\"article:published_time\" content=\"2023-08-15T10:45:49+00:00\" \/>\n<meta property=\"og:image\" content=\"https:\/\/www.notibras.com\/site\/wp-content\/uploads\/2023\/08\/petsterraco.jpg\" \/>\n\t<meta property=\"og:image:width\" content=\"1600\" \/>\n\t<meta property=\"og:image:height\" content=\"1067\" \/>\n\t<meta property=\"og:image:type\" content=\"image\/jpeg\" \/>\n<meta name=\"author\" content=\"Reda\u00e7\u00e3o\" \/>\n<meta name=\"twitter:card\" content=\"summary_large_image\" \/>\n<meta name=\"twitter:creator\" content=\"@Notibras\" \/>\n<meta name=\"twitter:site\" content=\"@Notibras\" \/>\n<meta name=\"twitter:label1\" content=\"Escrito por\" \/>\n\t<meta name=\"twitter:data1\" content=\"Reda\u00e7\u00e3o\" \/>\n\t<meta name=\"twitter:label2\" content=\"Est. tempo de leitura\" \/>\n\t<meta name=\"twitter:data2\" content=\"3 minutos\" \/>\n<script type=\"application\/ld+json\" class=\"yoast-schema-graph\">{\"@context\":\"https:\/\/schema.org\",\"@graph\":[{\"@type\":\"Article\",\"@id\":\"https:\/\/www.notibras.com\/site\/um-festival-de-amor-por-familias-e-pets-no-terraco\/#article\",\"isPartOf\":{\"@id\":\"https:\/\/www.notibras.com\/site\/um-festival-de-amor-por-familias-e-pets-no-terraco\/\"},\"author\":{\"name\":\"Reda\u00e7\u00e3o\",\"@id\":\"https:\/\/www.notibras.com\/site\/#\/schema\/person\/36ab0979449956132d3e5b517ea76ac8\"},\"headline\":\"Um Festival de Amor por Fam\u00edlias e Pets no Terra\u00e7o\",\"datePublished\":\"2023-08-15T10:45:49+00:00\",\"mainEntityOfPage\":{\"@id\":\"https:\/\/www.notibras.com\/site\/um-festival-de-amor-por-familias-e-pets-no-terraco\/\"},\"wordCount\":530,\"publisher\":{\"@id\":\"https:\/\/www.notibras.com\/site\/#organization\"},\"image\":{\"@id\":\"https:\/\/www.notibras.com\/site\/um-festival-de-amor-por-familias-e-pets-no-terraco\/#primaryimage\"},\"thumbnailUrl\":\"https:\/\/www.notibras.com\/site\/wp-content\/uploads\/2023\/08\/petsterraco.jpg\",\"articleSection\":[\"Quadradinho em Foco\"],\"inLanguage\":\"pt-BR\"},{\"@type\":\"WebPage\",\"@id\":\"https:\/\/www.notibras.com\/site\/um-festival-de-amor-por-familias-e-pets-no-terraco\/\",\"url\":\"https:\/\/www.notibras.com\/site\/um-festival-de-amor-por-familias-e-pets-no-terraco\/\",\"name\":\"Um Festival de Amor por Fam\u00edlias e Pets no Terra\u00e7o - Notibras\",\"isPartOf\":{\"@id\":\"https:\/\/www.notibras.com\/site\/#website\"},\"primaryImageOfPage\":{\"@id\":\"https:\/\/www.notibras.com\/site\/um-festival-de-amor-por-familias-e-pets-no-terraco\/#primaryimage\"},\"image\":{\"@id\":\"https:\/\/www.notibras.com\/site\/um-festival-de-amor-por-familias-e-pets-no-terraco\/#primaryimage\"},\"thumbnailUrl\":\"https:\/\/www.notibras.com\/site\/wp-content\/uploads\/2023\/08\/petsterraco.jpg\",\"datePublished\":\"2023-08-15T10:45:49+00:00\",\"breadcrumb\":{\"@id\":\"https:\/\/www.notibras.com\/site\/um-festival-de-amor-por-familias-e-pets-no-terraco\/#breadcrumb\"},\"inLanguage\":\"pt-BR\",\"potentialAction\":[{\"@type\":\"ReadAction\",\"target\":[\"https:\/\/www.notibras.com\/site\/um-festival-de-amor-por-familias-e-pets-no-terraco\/\"]}]},{\"@type\":\"ImageObject\",\"inLanguage\":\"pt-BR\",\"@id\":\"https:\/\/www.notibras.com\/site\/um-festival-de-amor-por-familias-e-pets-no-terraco\/#primaryimage\",\"url\":\"https:\/\/www.notibras.com\/site\/wp-content\/uploads\/2023\/08\/petsterraco.jpg\",\"contentUrl\":\"https:\/\/www.notibras.com\/site\/wp-content\/uploads\/2023\/08\/petsterraco.jpg\",\"width\":1600,\"height\":1067},{\"@type\":\"BreadcrumbList\",\"@id\":\"https:\/\/www.notibras.com\/site\/um-festival-de-amor-por-familias-e-pets-no-terraco\/#breadcrumb\",\"itemListElement\":[{\"@type\":\"ListItem\",\"position\":1,\"name\":\"In\u00edcio\",\"item\":\"https:\/\/www.notibras.com\/site\/\"},{\"@type\":\"ListItem\",\"position\":2,\"name\":\"Um Festival de Amor por Fam\u00edlias e Pets no Terra\u00e7o\"}]},{\"@type\":\"WebSite\",\"@id\":\"https:\/\/www.notibras.com\/site\/#website\",\"url\":\"https:\/\/www.notibras.com\/site\/\",\"name\":\"Notibras\",\"description\":\"Not\u00edcias de Bras\u00edlia, do Brasil e do Mundo\",\"publisher\":{\"@id\":\"https:\/\/www.notibras.com\/site\/#organization\"},\"potentialAction\":[{\"@type\":\"SearchAction\",\"target\":{\"@type\":\"EntryPoint\",\"urlTemplate\":\"https:\/\/www.notibras.com\/site\/?s={search_term_string}\"},\"query-input\":{\"@type\":\"PropertyValueSpecification\",\"valueRequired\":true,\"valueName\":\"search_term_string\"}}],\"inLanguage\":\"pt-BR\"},{\"@type\":\"Organization\",\"@id\":\"https:\/\/www.notibras.com\/site\/#organization\",\"name\":\"Grupo Notibras de Comunica\u00e7\u00e3o\",\"url\":\"https:\/\/www.notibras.com\/site\/\",\"logo\":{\"@type\":\"ImageObject\",\"inLanguage\":\"pt-BR\",\"@id\":\"https:\/\/www.notibras.com\/site\/#\/schema\/logo\/image\/\",\"url\":\"https:\/\/www.notibras.com\/site\/wp-content\/uploads\/2023\/01\/notibras23.png\",\"contentUrl\":\"https:\/\/www.notibras.com\/site\/wp-content\/uploads\/2023\/01\/notibras23.png\",\"width\":350,\"height\":87,\"caption\":\"Grupo Notibras de Comunica\u00e7\u00e3o\"},\"image\":{\"@id\":\"https:\/\/www.notibras.com\/site\/#\/schema\/logo\/image\/\"},\"sameAs\":[\"https:\/\/www.facebook.com\/notibras\/\",\"https:\/\/x.com\/Notibras\",\"https:\/\/www.instagram.com\/notibras\/\"]},{\"@type\":\"Person\",\"@id\":\"https:\/\/www.notibras.com\/site\/#\/schema\/person\/36ab0979449956132d3e5b517ea76ac8\",\"name\":\"Reda\u00e7\u00e3o\",\"image\":{\"@type\":\"ImageObject\",\"inLanguage\":\"pt-BR\",\"@id\":\"https:\/\/secure.gravatar.com\/avatar\/e0a867bdedb85fd243eadf09663511f96fc81e0720a4a42581f334ad4303aa6b?s=96&d=mm&r=g\",\"url\":\"https:\/\/secure.gravatar.com\/avatar\/e0a867bdedb85fd243eadf09663511f96fc81e0720a4a42581f334ad4303aa6b?s=96&d=mm&r=g\",\"contentUrl\":\"https:\/\/secure.gravatar.com\/avatar\/e0a867bdedb85fd243eadf09663511f96fc81e0720a4a42581f334ad4303aa6b?s=96&d=mm&r=g\",\"caption\":\"Reda\u00e7\u00e3o\"}}]}<\/script>\n<!-- \/ Yoast SEO plugin. -->","yoast_head_json":{"title":"Um Festival de Amor por Fam\u00edlias e Pets no Terra\u00e7o - Notibras","robots":{"index":"index","follow":"follow","max-snippet":"max-snippet:-1","max-image-preview":"max-image-preview:large","max-video-preview":"max-video-preview:-1"},"canonical":"https:\/\/www.notibras.com\/site\/um-festival-de-amor-por-familias-e-pets-no-terraco\/","og_locale":"pt_BR","og_type":"article","og_title":"Um Festival de Amor por Fam\u00edlias e Pets no Terra\u00e7o - Notibras","og_description":"Em um gesto caloroso de celebra\u00e7\u00e3o da conviv\u00eancia entre fam\u00edlias e seus fi\u00e9is companheiros de quatro patas, o Terra\u00e7o Shopping trar\u00e1 mais uma edi\u00e7\u00e3o do seu tradicional evento Terra\u00e7o Pet, que comemora a amizade entre humanos e animais de estima\u00e7\u00e3o. Neste m\u00eas, os dias 19 e 20 de agosto marcar\u00e3o esse encontro imperd\u00edvel na \u00e1rea [&hellip;]","og_url":"https:\/\/www.notibras.com\/site\/um-festival-de-amor-por-familias-e-pets-no-terraco\/","og_site_name":"Notibras","article_publisher":"https:\/\/www.facebook.com\/notibras\/","article_published_time":"2023-08-15T10:45:49+00:00","og_image":[{"width":1600,"height":1067,"url":"https:\/\/www.notibras.com\/site\/wp-content\/uploads\/2023\/08\/petsterraco.jpg","type":"image\/jpeg"}],"author":"Reda\u00e7\u00e3o","twitter_card":"summary_large_image","twitter_creator":"@Notibras","twitter_site":"@Notibras","twitter_misc":{"Escrito por":"Reda\u00e7\u00e3o","Est. tempo de leitura":"3 minutos"},"schema":{"@context":"https:\/\/schema.org","@graph":[{"@type":"Article","@id":"https:\/\/www.notibras.com\/site\/um-festival-de-amor-por-familias-e-pets-no-terraco\/#article","isPartOf":{"@id":"https:\/\/www.notibras.com\/site\/um-festival-de-amor-por-familias-e-pets-no-terraco\/"},"author":{"name":"Reda\u00e7\u00e3o","@id":"https:\/\/www.notibras.com\/site\/#\/schema\/person\/36ab0979449956132d3e5b517ea76ac8"},"headline":"Um Festival de Amor por Fam\u00edlias e Pets no Terra\u00e7o","datePublished":"2023-08-15T10:45:49+00:00","mainEntityOfPage":{"@id":"https:\/\/www.notibras.com\/site\/um-festival-de-amor-por-familias-e-pets-no-terraco\/"},"wordCount":530,"publisher":{"@id":"https:\/\/www.notibras.com\/site\/#organization"},"image":{"@id":"https:\/\/www.notibras.com\/site\/um-festival-de-amor-por-familias-e-pets-no-terraco\/#primaryimage"},"thumbnailUrl":"https:\/\/www.notibras.com\/site\/wp-content\/uploads\/2023\/08\/petsterraco.jpg","articleSection":["Quadradinho em Foco"],"inLanguage":"pt-BR"},{"@type":"WebPage","@id":"https:\/\/www.notibras.com\/site\/um-festival-de-amor-por-familias-e-pets-no-terraco\/","url":"https:\/\/www.notibras.com\/site\/um-festival-de-amor-por-familias-e-pets-no-terraco\/","name":"Um Festival de Amor por Fam\u00edlias e Pets no Terra\u00e7o - Notibras","isPartOf":{"@id":"https:\/\/www.notibras.com\/site\/#website"},"primaryImageOfPage":{"@id":"https:\/\/www.notibras.com\/site\/um-festival-de-amor-por-familias-e-pets-no-terraco\/#primaryimage"},"image":{"@id":"https:\/\/www.notibras.com\/site\/um-festival-de-amor-por-familias-e-pets-no-terraco\/#primaryimage"},"thumbnailUrl":"https:\/\/www.notibras.com\/site\/wp-content\/uploads\/2023\/08\/petsterraco.jpg","datePublished":"2023-08-15T10:45:49+00:00","breadcrumb":{"@id":"https:\/\/www.notibras.com\/site\/um-festival-de-amor-por-familias-e-pets-no-terraco\/#breadcrumb"},"inLanguage":"pt-BR","potentialAction":[{"@type":"ReadAction","target":["https:\/\/www.notibras.com\/site\/um-festival-de-amor-por-familias-e-pets-no-terraco\/"]}]},{"@type":"ImageObject","inLanguage":"pt-BR","@id":"https:\/\/www.notibras.com\/site\/um-festival-de-amor-por-familias-e-pets-no-terraco\/#primaryimage","url":"https:\/\/www.notibras.com\/site\/wp-content\/uploads\/2023\/08\/petsterraco.jpg","contentUrl":"https:\/\/www.notibras.com\/site\/wp-content\/uploads\/2023\/08\/petsterraco.jpg","width":1600,"height":1067},{"@type":"BreadcrumbList","@id":"https:\/\/www.notibras.com\/site\/um-festival-de-amor-por-familias-e-pets-no-terraco\/#breadcrumb","itemListElement":[{"@type":"ListItem","position":1,"name":"In\u00edcio","item":"https:\/\/www.notibras.com\/site\/"},{"@type":"ListItem","position":2,"name":"Um Festival de Amor por Fam\u00edlias e Pets no Terra\u00e7o"}]},{"@type":"WebSite","@id":"https:\/\/www.notibras.com\/site\/#website","url":"https:\/\/www.notibras.com\/site\/","name":"Notibras","description":"Not\u00edcias de Bras\u00edlia, do Brasil e do Mundo","publisher":{"@id":"https:\/\/www.notibras.com\/site\/#organization"},"potentialAction":[{"@type":"SearchAction","target":{"@type":"EntryPoint","urlTemplate":"https:\/\/www.notibras.com\/site\/?s={search_term_string}"},"query-input":{"@type":"PropertyValueSpecification","valueRequired":true,"valueName":"search_term_string"}}],"inLanguage":"pt-BR"},{"@type":"Organization","@id":"https:\/\/www.notibras.com\/site\/#organization","name":"Grupo Notibras de Comunica\u00e7\u00e3o","url":"https:\/\/www.notibras.com\/site\/","logo":{"@type":"ImageObject","inLanguage":"pt-BR","@id":"https:\/\/www.notibras.com\/site\/#\/schema\/logo\/image\/","url":"https:\/\/www.notibras.com\/site\/wp-content\/uploads\/2023\/01\/notibras23.png","contentUrl":"https:\/\/www.notibras.com\/site\/wp-content\/uploads\/2023\/01\/notibras23.png","width":350,"height":87,"caption":"Grupo Notibras de Comunica\u00e7\u00e3o"},"image":{"@id":"https:\/\/www.notibras.com\/site\/#\/schema\/logo\/image\/"},"sameAs":["https:\/\/www.facebook.com\/notibras\/","https:\/\/x.com\/Notibras","https:\/\/www.instagram.com\/notibras\/"]},{"@type":"Person","@id":"https:\/\/www.notibras.com\/site\/#\/schema\/person\/36ab0979449956132d3e5b517ea76ac8","name":"Reda\u00e7\u00e3o","image":{"@type":"ImageObject","inLanguage":"pt-BR","@id":"https:\/\/secure.gravatar.com\/avatar\/e0a867bdedb85fd243eadf09663511f96fc81e0720a4a42581f334ad4303aa6b?s=96&d=mm&r=g","url":"https:\/\/secure.gravatar.com\/avatar\/e0a867bdedb85fd243eadf09663511f96fc81e0720a4a42581f334ad4303aa6b?s=96&d=mm&r=g","contentUrl":"https:\/\/secure.gravatar.com\/avatar\/e0a867bdedb85fd243eadf09663511f96fc81e0720a4a42581f334ad4303aa6b?s=96&d=mm&r=g","caption":"Reda\u00e7\u00e3o"}}]}},"amp_enabled":true,"_links":{"self":[{"href":"https:\/\/www.notibras.com\/site\/wp-json\/wp\/v2\/posts\/311027","targetHints":{"allow":["GET"]}}],"collection":[{"href":"https:\/\/www.notibras.com\/site\/wp-json\/wp\/v2\/posts"}],"about":[{"href":"https:\/\/www.notibras.com\/site\/wp-json\/wp\/v2\/types\/post"}],"author":[{"embeddable":true,"href":"https:\/\/www.notibras.com\/site\/wp-json\/wp\/v2\/users\/2"}],"replies":[{"embeddable":true,"href":"https:\/\/www.notibras.com\/site\/wp-json\/wp\/v2\/comments?post=311027"}],"version-history":[{"count":1,"href":"https:\/\/www.notibras.com\/site\/wp-json\/wp\/v2\/posts\/311027\/revisions"}],"predecessor-version":[{"id":311029,"href":"https:\/\/www.notibras.com\/site\/wp-json\/wp\/v2\/posts\/311027\/revisions\/311029"}],"wp:featuredmedia":[{"embeddable":true,"href":"https:\/\/www.notibras.com\/site\/wp-json\/wp\/v2\/media\/311028"}],"wp:attachment":[{"href":"https:\/\/www.notibras.com\/site\/wp-json\/wp\/v2\/media?parent=311027"}],"wp:term":[{"taxonomy":"category","embeddable":true,"href":"https:\/\/www.notibras.com\/site\/wp-json\/wp\/v2\/categories?post=311027"},{"taxonomy":"post_tag","embeddable":true,"href":"https:\/\/www.notibras.com\/site\/wp-json\/wp\/v2\/tags?post=311027"}],"curies":[{"name":"wp","href":"https:\/\/api.w.org\/{rel}","templated":true}]}}