{"id":311033,"date":"2023-08-15T07:58:51","date_gmt":"2023-08-15T10:58:51","guid":{"rendered":"https:\/\/www.notibras.com\/site\/?p=311033"},"modified":"2023-08-15T08:00:37","modified_gmt":"2023-08-15T11:00:37","slug":"galaxie-que-foi-de-jk-passa-por-nova-restauracao","status":"publish","type":"post","link":"https:\/\/www.notibras.com\/site\/galaxie-que-foi-de-jk-passa-por-nova-restauracao\/","title":{"rendered":"Gal\u00e1xie que foi de JK passa por nova restaura\u00e7\u00e3o"},"content":{"rendered":"<p>Pela segunda vez na hist\u00f3ria, o \u00faltimo carro que foi de Juscelino Kubitschek vai ser reformado pelo 16\u00b0 Batalh\u00e3o Log\u00edstico do Ex\u00e9rcito. O Ford Gal\u00e1xie 500 foi retirado na segunda-feira (14), do aqu\u00e1rio que ocupa, no estacionamento que fica na parte de tr\u00e1s do Memorial JK. O ve\u00edculo, fabricado em 1974, era usado pelo ex-presidente nas viagens para e a partir da Fazendinha, em Luzi\u00e2nia (GO).<\/p>\n<p>Quem entregou as chaves do carro ao subtenente Olavo Mesquita, adjunto de comando no 16\u00b0 Batalh\u00e3o Log\u00edstico, foi o vice-presidente do museu, o empres\u00e1rio Paulo Oct\u00e1vio. &#8220;A recupera\u00e7\u00e3o do Gal\u00e1xie \u00e9 um gesto simb\u00f3lico. \u00c9 um reconhecimento ao fundador da capital, a Bras\u00edlia e \u00e0 ind\u00fastria automobil\u00edstica brasileira, iniciada em 1960, na \u00e9poca do presidente JK. A a\u00e7\u00e3o \u00e9 de um grande simbolismo e fica o reconhecimento do Memorial ao trabalho do Ex\u00e9rcito Brasileiro para resgatar e deixar um importante legado para Bras\u00edlia, que \u00e9 o carro totalmente recuperado, mesmo tendo sido fabricado h\u00e1 quase 50 anos&#8221;, destaca.<\/p>\n<p>&#8220;Este \u00e9 um ve\u00edculo visto por muitos estudantes de escolas p\u00fablicas, que v\u00eam ao Memorial todos os dias, e por visitantes que passam por aqui e t\u00eam a oportunidade de ver um carro fabricado em 1974 em condi\u00e7\u00f5es de uso excepcionais&#8221;, explica. &#8220;Ao t\u00e9rmino desta segunda recupera\u00e7\u00e3o, vamos fazer uma carreata com ve\u00edculos antigos de Bras\u00edlia, abrilhantando a volta do Gal\u00e1xie ao Memorial JK e a hist\u00f3ria da capital&#8221;, completa.<\/p>\n<p>Segundo o subtenente Olavo Mesquita, que representou o tenente-coronel Tib\u00e9rio Ferreira Figueiredo, comandante do 16\u00b0 Batalh\u00e3o Log\u00edstico, na entrega das chaves, a nova recupera\u00e7\u00e3o vai focar na pintura da carroceria, nas revis\u00f5es das partes mec\u00e2nica e el\u00e9trica e nos reparos de tape\u00e7aria, pois o ve\u00edculo, mesmo no aqu\u00e1rio, \u00e9 constantemente exposto ao Sol. A devolu\u00e7\u00e3o do Gal\u00e1xie ao espa\u00e7o deve ocorrer na segunda quinzena de setembro. &#8220;O Ex\u00e9rcito vai entrar com a m\u00e3o de obra e as pe\u00e7as vir\u00e3o de colecionadores individuais e de associa\u00e7\u00f5es de apaixonados por carros, como o Gal\u00e1xie Club&#8221;, explica.<\/p>\n<p>A primeira restaura\u00e7\u00e3o do Gal\u00e1xie feita pelo 16\u00b0 Batalh\u00e3o Log\u00edstico do Ex\u00e9rcito ocorreu em 2010. \u00c0 \u00e9poca, a reforma do carro foi mais ampla e demorou tr\u00eas meses, com o ve\u00edculo retornando ao espa\u00e7o de exibi\u00e7\u00e3o em 12 de setembro daquele ano, data que marcou o 108\u00b0 anivers\u00e1rio de nascimento de JK. O ve\u00edculo teve todas as pe\u00e7as restauradas, pois estava com motor, chassi e carroceria bastante danificados.<\/p>\n<p>O carro de JK tem ar-condicionado de f\u00e1brica, o que era raro na d\u00e9cada de 1970, e \u00e9 equipado com um motor V8 de 4.800 cilindradas. O Gal\u00e1xie come\u00e7ou a ser fabricado pela Ford no Brasil em 1967, e logo ganhou destaque por conta do uso de detalhes cromados e pelo luxo e conforto. O modelo deixou de ser fabricado pela montadora em 1983.<\/p>\n<p>Em suas viagens no ve\u00edculo, o fundador de Bras\u00edlia deixava o volante para os primos Carlos Murilo e Ildeu de Oliveira e preferia descansar no banco traseiro, com o aux\u00edlio de um travesseiro. Por conta disso, na restaura\u00e7\u00e3o de 2010, os militares encontraram o descanso de bra\u00e7o do banco traseiro no porta-malas. A retirada do acess\u00f3rio servia para dar mais espa\u00e7o a JK durante os trajetos.<\/p>\n<p>O \u00faltimo deles foi em 1976, em dire\u00e7\u00e3o ao Aeroporto de Bras\u00edlia, que leva seu nome. De l\u00e1 ele pegou um voo para o Rio de Janeiro. Dias depois, em 22 de agosto, JK faleceu em um acidente na Rodovia Presidente Dutra, no munic\u00edpio fluminense de Resende. Ap\u00f3s sua morte, dona Sarah Kubitschek manteve o Gal\u00e1xie por alguns anos, mas o negociou quando vendeu a Fazendinha. O ve\u00edculo retornou \u00e0 fam\u00edlia, ap\u00f3s integrantes da ma\u00e7onaria o localizarem. Depois da primeira restaura\u00e7\u00e3o, o Gal\u00e1xie foi doado ao Memorial JK, em 1981.<\/p>\n","protected":false},"excerpt":{"rendered":"<p>Pela segunda vez na hist\u00f3ria, o \u00faltimo carro que foi de Juscelino Kubitschek vai ser reformado pelo 16\u00b0 Batalh\u00e3o Log\u00edstico do Ex\u00e9rcito. O Ford Gal\u00e1xie 500 foi retirado na segunda-feira (14), do aqu\u00e1rio que ocupa, no estacionamento que fica na parte de tr\u00e1s do Memorial JK. O ve\u00edculo, fabricado em 1974, era usado pelo ex-presidente [&hellip;]<\/p>\n","protected":false},"author":2,"featured_media":311034,"comment_status":"closed","ping_status":"closed","sticky":false,"template":"","format":"standard","meta":{"_acf_changed":false,"footnotes":""},"categories":[161],"tags":[],"class_list":["post-311033","post","type-post","status-publish","format-standard","has-post-thumbnail","hentry","category-quadradinho-em-foco"],"acf":[],"yoast_head":"<!-- This site is optimized with the Yoast SEO plugin v27.2 - https:\/\/yoast.com\/product\/yoast-seo-wordpress\/ -->\n<title>Gal\u00e1xie que foi de JK passa por nova restaura\u00e7\u00e3o - Notibras<\/title>\n<meta name=\"robots\" content=\"index, follow, max-snippet:-1, max-image-preview:large, max-video-preview:-1\" \/>\n<link rel=\"canonical\" href=\"https:\/\/www.notibras.com\/site\/galaxie-que-foi-de-jk-passa-por-nova-restauracao\/\" \/>\n<meta property=\"og:locale\" content=\"pt_BR\" \/>\n<meta property=\"og:type\" content=\"article\" \/>\n<meta property=\"og:title\" content=\"Gal\u00e1xie que foi de JK passa por nova restaura\u00e7\u00e3o - Notibras\" \/>\n<meta property=\"og:description\" content=\"Pela segunda vez na hist\u00f3ria, o \u00faltimo carro que foi de Juscelino Kubitschek vai ser reformado pelo 16\u00b0 Batalh\u00e3o Log\u00edstico do Ex\u00e9rcito. O Ford Gal\u00e1xie 500 foi retirado na segunda-feira (14), do aqu\u00e1rio que ocupa, no estacionamento que fica na parte de tr\u00e1s do Memorial JK. O ve\u00edculo, fabricado em 1974, era usado pelo ex-presidente [&hellip;]\" \/>\n<meta property=\"og:url\" content=\"https:\/\/www.notibras.com\/site\/galaxie-que-foi-de-jk-passa-por-nova-restauracao\/\" \/>\n<meta property=\"og:site_name\" content=\"Notibras\" \/>\n<meta property=\"article:publisher\" content=\"https:\/\/www.facebook.com\/notibras\/\" \/>\n<meta property=\"article:published_time\" content=\"2023-08-15T10:58:51+00:00\" \/>\n<meta property=\"article:modified_time\" content=\"2023-08-15T11:00:37+00:00\" \/>\n<meta property=\"og:image\" content=\"https:\/\/www.notibras.com\/site\/wp-content\/uploads\/2023\/08\/galaxiejk.jpg\" \/>\n\t<meta property=\"og:image:width\" content=\"1600\" \/>\n\t<meta property=\"og:image:height\" content=\"1200\" \/>\n\t<meta property=\"og:image:type\" content=\"image\/jpeg\" \/>\n<meta name=\"author\" content=\"Reda\u00e7\u00e3o\" \/>\n<meta name=\"twitter:card\" content=\"summary_large_image\" \/>\n<meta name=\"twitter:creator\" content=\"@Notibras\" \/>\n<meta name=\"twitter:site\" content=\"@Notibras\" \/>\n<meta name=\"twitter:label1\" content=\"Escrito por\" \/>\n\t<meta name=\"twitter:data1\" content=\"Reda\u00e7\u00e3o\" \/>\n\t<meta name=\"twitter:label2\" content=\"Est. tempo de leitura\" \/>\n\t<meta name=\"twitter:data2\" content=\"4 minutos\" \/>\n<script type=\"application\/ld+json\" class=\"yoast-schema-graph\">{\"@context\":\"https:\/\/schema.org\",\"@graph\":[{\"@type\":\"Article\",\"@id\":\"https:\/\/www.notibras.com\/site\/galaxie-que-foi-de-jk-passa-por-nova-restauracao\/#article\",\"isPartOf\":{\"@id\":\"https:\/\/www.notibras.com\/site\/galaxie-que-foi-de-jk-passa-por-nova-restauracao\/\"},\"author\":{\"name\":\"Reda\u00e7\u00e3o\",\"@id\":\"https:\/\/www.notibras.com\/site\/#\/schema\/person\/36ab0979449956132d3e5b517ea76ac8\"},\"headline\":\"Gal\u00e1xie que foi de JK passa por nova restaura\u00e7\u00e3o\",\"datePublished\":\"2023-08-15T10:58:51+00:00\",\"dateModified\":\"2023-08-15T11:00:37+00:00\",\"mainEntityOfPage\":{\"@id\":\"https:\/\/www.notibras.com\/site\/galaxie-que-foi-de-jk-passa-por-nova-restauracao\/\"},\"wordCount\":682,\"publisher\":{\"@id\":\"https:\/\/www.notibras.com\/site\/#organization\"},\"image\":{\"@id\":\"https:\/\/www.notibras.com\/site\/galaxie-que-foi-de-jk-passa-por-nova-restauracao\/#primaryimage\"},\"thumbnailUrl\":\"https:\/\/www.notibras.com\/site\/wp-content\/uploads\/2023\/08\/galaxiejk.jpg\",\"articleSection\":[\"Quadradinho em Foco\"],\"inLanguage\":\"pt-BR\"},{\"@type\":\"WebPage\",\"@id\":\"https:\/\/www.notibras.com\/site\/galaxie-que-foi-de-jk-passa-por-nova-restauracao\/\",\"url\":\"https:\/\/www.notibras.com\/site\/galaxie-que-foi-de-jk-passa-por-nova-restauracao\/\",\"name\":\"Gal\u00e1xie que foi de JK passa por nova restaura\u00e7\u00e3o - Notibras\",\"isPartOf\":{\"@id\":\"https:\/\/www.notibras.com\/site\/#website\"},\"primaryImageOfPage\":{\"@id\":\"https:\/\/www.notibras.com\/site\/galaxie-que-foi-de-jk-passa-por-nova-restauracao\/#primaryimage\"},\"image\":{\"@id\":\"https:\/\/www.notibras.com\/site\/galaxie-que-foi-de-jk-passa-por-nova-restauracao\/#primaryimage\"},\"thumbnailUrl\":\"https:\/\/www.notibras.com\/site\/wp-content\/uploads\/2023\/08\/galaxiejk.jpg\",\"datePublished\":\"2023-08-15T10:58:51+00:00\",\"dateModified\":\"2023-08-15T11:00:37+00:00\",\"breadcrumb\":{\"@id\":\"https:\/\/www.notibras.com\/site\/galaxie-que-foi-de-jk-passa-por-nova-restauracao\/#breadcrumb\"},\"inLanguage\":\"pt-BR\",\"potentialAction\":[{\"@type\":\"ReadAction\",\"target\":[\"https:\/\/www.notibras.com\/site\/galaxie-que-foi-de-jk-passa-por-nova-restauracao\/\"]}]},{\"@type\":\"ImageObject\",\"inLanguage\":\"pt-BR\",\"@id\":\"https:\/\/www.notibras.com\/site\/galaxie-que-foi-de-jk-passa-por-nova-restauracao\/#primaryimage\",\"url\":\"https:\/\/www.notibras.com\/site\/wp-content\/uploads\/2023\/08\/galaxiejk.jpg\",\"contentUrl\":\"https:\/\/www.notibras.com\/site\/wp-content\/uploads\/2023\/08\/galaxiejk.jpg\",\"width\":1600,\"height\":1200},{\"@type\":\"BreadcrumbList\",\"@id\":\"https:\/\/www.notibras.com\/site\/galaxie-que-foi-de-jk-passa-por-nova-restauracao\/#breadcrumb\",\"itemListElement\":[{\"@type\":\"ListItem\",\"position\":1,\"name\":\"In\u00edcio\",\"item\":\"https:\/\/www.notibras.com\/site\/\"},{\"@type\":\"ListItem\",\"position\":2,\"name\":\"Gal\u00e1xie que foi de JK passa por nova restaura\u00e7\u00e3o\"}]},{\"@type\":\"WebSite\",\"@id\":\"https:\/\/www.notibras.com\/site\/#website\",\"url\":\"https:\/\/www.notibras.com\/site\/\",\"name\":\"Notibras\",\"description\":\"Not\u00edcias de Bras\u00edlia, do Brasil e do Mundo\",\"publisher\":{\"@id\":\"https:\/\/www.notibras.com\/site\/#organization\"},\"potentialAction\":[{\"@type\":\"SearchAction\",\"target\":{\"@type\":\"EntryPoint\",\"urlTemplate\":\"https:\/\/www.notibras.com\/site\/?s={search_term_string}\"},\"query-input\":{\"@type\":\"PropertyValueSpecification\",\"valueRequired\":true,\"valueName\":\"search_term_string\"}}],\"inLanguage\":\"pt-BR\"},{\"@type\":\"Organization\",\"@id\":\"https:\/\/www.notibras.com\/site\/#organization\",\"name\":\"Grupo Notibras de Comunica\u00e7\u00e3o\",\"url\":\"https:\/\/www.notibras.com\/site\/\",\"logo\":{\"@type\":\"ImageObject\",\"inLanguage\":\"pt-BR\",\"@id\":\"https:\/\/www.notibras.com\/site\/#\/schema\/logo\/image\/\",\"url\":\"https:\/\/www.notibras.com\/site\/wp-content\/uploads\/2023\/01\/notibras23.png\",\"contentUrl\":\"https:\/\/www.notibras.com\/site\/wp-content\/uploads\/2023\/01\/notibras23.png\",\"width\":350,\"height\":87,\"caption\":\"Grupo Notibras de Comunica\u00e7\u00e3o\"},\"image\":{\"@id\":\"https:\/\/www.notibras.com\/site\/#\/schema\/logo\/image\/\"},\"sameAs\":[\"https:\/\/www.facebook.com\/notibras\/\",\"https:\/\/x.com\/Notibras\",\"https:\/\/www.instagram.com\/notibras\/\"]},{\"@type\":\"Person\",\"@id\":\"https:\/\/www.notibras.com\/site\/#\/schema\/person\/36ab0979449956132d3e5b517ea76ac8\",\"name\":\"Reda\u00e7\u00e3o\",\"image\":{\"@type\":\"ImageObject\",\"inLanguage\":\"pt-BR\",\"@id\":\"https:\/\/secure.gravatar.com\/avatar\/e0a867bdedb85fd243eadf09663511f96fc81e0720a4a42581f334ad4303aa6b?s=96&d=mm&r=g\",\"url\":\"https:\/\/secure.gravatar.com\/avatar\/e0a867bdedb85fd243eadf09663511f96fc81e0720a4a42581f334ad4303aa6b?s=96&d=mm&r=g\",\"contentUrl\":\"https:\/\/secure.gravatar.com\/avatar\/e0a867bdedb85fd243eadf09663511f96fc81e0720a4a42581f334ad4303aa6b?s=96&d=mm&r=g\",\"caption\":\"Reda\u00e7\u00e3o\"}}]}<\/script>\n<!-- \/ Yoast SEO plugin. -->","yoast_head_json":{"title":"Gal\u00e1xie que foi de JK passa por nova restaura\u00e7\u00e3o - Notibras","robots":{"index":"index","follow":"follow","max-snippet":"max-snippet:-1","max-image-preview":"max-image-preview:large","max-video-preview":"max-video-preview:-1"},"canonical":"https:\/\/www.notibras.com\/site\/galaxie-que-foi-de-jk-passa-por-nova-restauracao\/","og_locale":"pt_BR","og_type":"article","og_title":"Gal\u00e1xie que foi de JK passa por nova restaura\u00e7\u00e3o - Notibras","og_description":"Pela segunda vez na hist\u00f3ria, o \u00faltimo carro que foi de Juscelino Kubitschek vai ser reformado pelo 16\u00b0 Batalh\u00e3o Log\u00edstico do Ex\u00e9rcito. O Ford Gal\u00e1xie 500 foi retirado na segunda-feira (14), do aqu\u00e1rio que ocupa, no estacionamento que fica na parte de tr\u00e1s do Memorial JK. O ve\u00edculo, fabricado em 1974, era usado pelo ex-presidente [&hellip;]","og_url":"https:\/\/www.notibras.com\/site\/galaxie-que-foi-de-jk-passa-por-nova-restauracao\/","og_site_name":"Notibras","article_publisher":"https:\/\/www.facebook.com\/notibras\/","article_published_time":"2023-08-15T10:58:51+00:00","article_modified_time":"2023-08-15T11:00:37+00:00","og_image":[{"width":1600,"height":1200,"url":"https:\/\/www.notibras.com\/site\/wp-content\/uploads\/2023\/08\/galaxiejk.jpg","type":"image\/jpeg"}],"author":"Reda\u00e7\u00e3o","twitter_card":"summary_large_image","twitter_creator":"@Notibras","twitter_site":"@Notibras","twitter_misc":{"Escrito por":"Reda\u00e7\u00e3o","Est. tempo de leitura":"4 minutos"},"schema":{"@context":"https:\/\/schema.org","@graph":[{"@type":"Article","@id":"https:\/\/www.notibras.com\/site\/galaxie-que-foi-de-jk-passa-por-nova-restauracao\/#article","isPartOf":{"@id":"https:\/\/www.notibras.com\/site\/galaxie-que-foi-de-jk-passa-por-nova-restauracao\/"},"author":{"name":"Reda\u00e7\u00e3o","@id":"https:\/\/www.notibras.com\/site\/#\/schema\/person\/36ab0979449956132d3e5b517ea76ac8"},"headline":"Gal\u00e1xie que foi de JK passa por nova restaura\u00e7\u00e3o","datePublished":"2023-08-15T10:58:51+00:00","dateModified":"2023-08-15T11:00:37+00:00","mainEntityOfPage":{"@id":"https:\/\/www.notibras.com\/site\/galaxie-que-foi-de-jk-passa-por-nova-restauracao\/"},"wordCount":682,"publisher":{"@id":"https:\/\/www.notibras.com\/site\/#organization"},"image":{"@id":"https:\/\/www.notibras.com\/site\/galaxie-que-foi-de-jk-passa-por-nova-restauracao\/#primaryimage"},"thumbnailUrl":"https:\/\/www.notibras.com\/site\/wp-content\/uploads\/2023\/08\/galaxiejk.jpg","articleSection":["Quadradinho em Foco"],"inLanguage":"pt-BR"},{"@type":"WebPage","@id":"https:\/\/www.notibras.com\/site\/galaxie-que-foi-de-jk-passa-por-nova-restauracao\/","url":"https:\/\/www.notibras.com\/site\/galaxie-que-foi-de-jk-passa-por-nova-restauracao\/","name":"Gal\u00e1xie que foi de JK passa por nova restaura\u00e7\u00e3o - Notibras","isPartOf":{"@id":"https:\/\/www.notibras.com\/site\/#website"},"primaryImageOfPage":{"@id":"https:\/\/www.notibras.com\/site\/galaxie-que-foi-de-jk-passa-por-nova-restauracao\/#primaryimage"},"image":{"@id":"https:\/\/www.notibras.com\/site\/galaxie-que-foi-de-jk-passa-por-nova-restauracao\/#primaryimage"},"thumbnailUrl":"https:\/\/www.notibras.com\/site\/wp-content\/uploads\/2023\/08\/galaxiejk.jpg","datePublished":"2023-08-15T10:58:51+00:00","dateModified":"2023-08-15T11:00:37+00:00","breadcrumb":{"@id":"https:\/\/www.notibras.com\/site\/galaxie-que-foi-de-jk-passa-por-nova-restauracao\/#breadcrumb"},"inLanguage":"pt-BR","potentialAction":[{"@type":"ReadAction","target":["https:\/\/www.notibras.com\/site\/galaxie-que-foi-de-jk-passa-por-nova-restauracao\/"]}]},{"@type":"ImageObject","inLanguage":"pt-BR","@id":"https:\/\/www.notibras.com\/site\/galaxie-que-foi-de-jk-passa-por-nova-restauracao\/#primaryimage","url":"https:\/\/www.notibras.com\/site\/wp-content\/uploads\/2023\/08\/galaxiejk.jpg","contentUrl":"https:\/\/www.notibras.com\/site\/wp-content\/uploads\/2023\/08\/galaxiejk.jpg","width":1600,"height":1200},{"@type":"BreadcrumbList","@id":"https:\/\/www.notibras.com\/site\/galaxie-que-foi-de-jk-passa-por-nova-restauracao\/#breadcrumb","itemListElement":[{"@type":"ListItem","position":1,"name":"In\u00edcio","item":"https:\/\/www.notibras.com\/site\/"},{"@type":"ListItem","position":2,"name":"Gal\u00e1xie que foi de JK passa por nova restaura\u00e7\u00e3o"}]},{"@type":"WebSite","@id":"https:\/\/www.notibras.com\/site\/#website","url":"https:\/\/www.notibras.com\/site\/","name":"Notibras","description":"Not\u00edcias de Bras\u00edlia, do Brasil e do Mundo","publisher":{"@id":"https:\/\/www.notibras.com\/site\/#organization"},"potentialAction":[{"@type":"SearchAction","target":{"@type":"EntryPoint","urlTemplate":"https:\/\/www.notibras.com\/site\/?s={search_term_string}"},"query-input":{"@type":"PropertyValueSpecification","valueRequired":true,"valueName":"search_term_string"}}],"inLanguage":"pt-BR"},{"@type":"Organization","@id":"https:\/\/www.notibras.com\/site\/#organization","name":"Grupo Notibras de Comunica\u00e7\u00e3o","url":"https:\/\/www.notibras.com\/site\/","logo":{"@type":"ImageObject","inLanguage":"pt-BR","@id":"https:\/\/www.notibras.com\/site\/#\/schema\/logo\/image\/","url":"https:\/\/www.notibras.com\/site\/wp-content\/uploads\/2023\/01\/notibras23.png","contentUrl":"https:\/\/www.notibras.com\/site\/wp-content\/uploads\/2023\/01\/notibras23.png","width":350,"height":87,"caption":"Grupo Notibras de Comunica\u00e7\u00e3o"},"image":{"@id":"https:\/\/www.notibras.com\/site\/#\/schema\/logo\/image\/"},"sameAs":["https:\/\/www.facebook.com\/notibras\/","https:\/\/x.com\/Notibras","https:\/\/www.instagram.com\/notibras\/"]},{"@type":"Person","@id":"https:\/\/www.notibras.com\/site\/#\/schema\/person\/36ab0979449956132d3e5b517ea76ac8","name":"Reda\u00e7\u00e3o","image":{"@type":"ImageObject","inLanguage":"pt-BR","@id":"https:\/\/secure.gravatar.com\/avatar\/e0a867bdedb85fd243eadf09663511f96fc81e0720a4a42581f334ad4303aa6b?s=96&d=mm&r=g","url":"https:\/\/secure.gravatar.com\/avatar\/e0a867bdedb85fd243eadf09663511f96fc81e0720a4a42581f334ad4303aa6b?s=96&d=mm&r=g","contentUrl":"https:\/\/secure.gravatar.com\/avatar\/e0a867bdedb85fd243eadf09663511f96fc81e0720a4a42581f334ad4303aa6b?s=96&d=mm&r=g","caption":"Reda\u00e7\u00e3o"}}]}},"amp_enabled":true,"_links":{"self":[{"href":"https:\/\/www.notibras.com\/site\/wp-json\/wp\/v2\/posts\/311033","targetHints":{"allow":["GET"]}}],"collection":[{"href":"https:\/\/www.notibras.com\/site\/wp-json\/wp\/v2\/posts"}],"about":[{"href":"https:\/\/www.notibras.com\/site\/wp-json\/wp\/v2\/types\/post"}],"author":[{"embeddable":true,"href":"https:\/\/www.notibras.com\/site\/wp-json\/wp\/v2\/users\/2"}],"replies":[{"embeddable":true,"href":"https:\/\/www.notibras.com\/site\/wp-json\/wp\/v2\/comments?post=311033"}],"version-history":[{"count":3,"href":"https:\/\/www.notibras.com\/site\/wp-json\/wp\/v2\/posts\/311033\/revisions"}],"predecessor-version":[{"id":311037,"href":"https:\/\/www.notibras.com\/site\/wp-json\/wp\/v2\/posts\/311033\/revisions\/311037"}],"wp:featuredmedia":[{"embeddable":true,"href":"https:\/\/www.notibras.com\/site\/wp-json\/wp\/v2\/media\/311034"}],"wp:attachment":[{"href":"https:\/\/www.notibras.com\/site\/wp-json\/wp\/v2\/media?parent=311033"}],"wp:term":[{"taxonomy":"category","embeddable":true,"href":"https:\/\/www.notibras.com\/site\/wp-json\/wp\/v2\/categories?post=311033"},{"taxonomy":"post_tag","embeddable":true,"href":"https:\/\/www.notibras.com\/site\/wp-json\/wp\/v2\/tags?post=311033"}],"curies":[{"name":"wp","href":"https:\/\/api.w.org\/{rel}","templated":true}]}}