{"id":311038,"date":"2023-08-15T08:21:13","date_gmt":"2023-08-15T11:21:13","guid":{"rendered":"https:\/\/www.notibras.com\/site\/?p=311038"},"modified":"2023-08-15T08:21:13","modified_gmt":"2023-08-15T11:21:13","slug":"cleide-rene-e-o-xis-de-comilanca-e-odio","status":"publish","type":"post","link":"https:\/\/www.notibras.com\/site\/cleide-rene-e-o-xis-de-comilanca-e-odio\/","title":{"rendered":"Cleide, Ren\u00ea e o &#8216;xis&#8217; de comilan\u00e7a e \u00f3dio"},"content":{"rendered":"<p>L\u00e1 est\u00e1vamos o Jos\u00e9 Seabra, o Mathuzal\u00e9m J\u00fanior, o Wenceslau Ara\u00fajo e eu degustando o costumeiro caf\u00e9 Gourmet no nosso ponto semanal de encontro em concorrida padaria da Asa Norte. Eis que o Wenceslau pede uma por\u00e7\u00e3o de salgadinhos \u00e0quela hora, quando o meu est\u00f4mago s\u00f3 aceita caf\u00e9. Isso me fez lembrar de uma hist\u00f3ria ocorrida em Porto Alegre. Meus companheiros de <strong>Notibras<\/strong>, curiosos at\u00e9 a \u00faltima inst\u00e2ncia, quase me obrigaram a abrir o bico ali mesmo.<\/p>\n<p>Cleide e Ren\u00ea formavam um dos casais mais invejados de um dos tradicionais bairros de Porto Alegre, o Menino Deus. Relativamente jovens, ela ainda n\u00e3o contava com 40, enquanto ele h\u00e1 pouco havia ultrapassado a barreira dos 50. Pareciam felizes, ainda mais porque continuavam a sair de m\u00e3os dadas pelas largas ruas da cidade.<\/p>\n<p>Poucos sabiam, no entanto, que os dois eram seres humanos muito competitivos. N\u00e3o gostavam de perder, mesmo que fosse em uma simples adivinha\u00e7\u00e3o de qual a cor da blusa da pr\u00f3xima pessoa que iria cruzar a esquina. Todavia, esse esp\u00edrito de competi\u00e7\u00e3o n\u00e3o os afastavam. Pelo contr\u00e1rio, eram cada vez mais unidos, tipo queijo e goiabada.<\/p>\n<p>Apaixonados por futebol, torciam ferozmente para o mesmo time. Ali\u00e1s, essa foi a desculpa que os aproximou h\u00e1 quase uma d\u00e9cada, quando os dois estavam sentados em mesas pr\u00f3ximas em um bar durante uma final de campeonato. Foi pouco depois de um lance de quase gol que aqueles dois trocaram olhares pela primeira vez.<\/p>\n<p>N\u00e3o tardou, l\u00e1 estavam novamente no mesmo bar assistindo a outra partida de futebol. Atrevida, Cleide fez quest\u00e3o de escolher uma mesa ainda mais perto da que Ren\u00ea j\u00e1 se encontrava. Ele at\u00e9 pensou em convid\u00e1-la para se juntar ao grupo, mas lhe faltou coragem ou, como alguns preferem, a timidez o impediu de tal intento.<\/p>\n<p>Restou \u00e0 Cleide a tarefa de tomar a iniciativa. Assim que o primeiro tempo terminou, ela se levantou e, olhando diretamente para os olhos do seu alvo, foi at\u00e9 a mesa ao lado. Ela se apresentou e disse que havia se encantado com a semelhan\u00e7a dele com a do ator Robert Redford. Ren\u00ea sorriu e, finalmente, a convidou para se sentar ao seu lado.<\/p>\n<p>A atra\u00e7\u00e3o entre os dois foi tamanha, que mal esperaram o jogo terminar. Foram direto para o motel mais pr\u00f3ximo, onde se amaram at\u00e9 a manh\u00e3 seguinte. N\u00e3o trocaram promessas, apenas os n\u00fameros dos telefones. E foi o que bastou para que logo se envolvessem de maneira t\u00e3o intensa, que n\u00e3o suportavam mais a ideia de morarem separados.<\/p>\n<p>Juntaram os trapos e, desde ent\u00e3o, se amam cada vez mais. Todavia, ainda guardam aquele sentimento de competi\u00e7\u00e3o, como aconteceu num dia desses, quando estavam naquele mesmo bar assistindo a outra final do time do cora\u00e7\u00e3o. Pediram um xis, que \u00e9 uma esp\u00e9cie de rei dos sandu\u00edches. Enorme!!! Ren\u00ea, com os olhos enfastiados, passou a m\u00e3o na barriga.<\/p>\n<p>&#8211; Ah, se eu comer mais um peda\u00e7o, explodo!<\/p>\n<p>&#8211; Voc\u00ea \u00e9 fraco! Te falta \u00f3dio!<\/p>\n","protected":false},"excerpt":{"rendered":"<p>L\u00e1 est\u00e1vamos o Jos\u00e9 Seabra, o Mathuzal\u00e9m J\u00fanior, o Wenceslau Ara\u00fajo e eu degustando o costumeiro caf\u00e9 Gourmet no nosso ponto semanal de encontro em concorrida padaria da Asa Norte. Eis que o Wenceslau pede uma por\u00e7\u00e3o de salgadinhos \u00e0quela hora, quando o meu est\u00f4mago s\u00f3 aceita caf\u00e9. Isso me fez lembrar de uma hist\u00f3ria [&hellip;]<\/p>\n","protected":false},"author":2,"featured_media":311039,"comment_status":"closed","ping_status":"closed","sticky":false,"template":"","format":"standard","meta":{"_acf_changed":false,"footnotes":""},"categories":[161],"tags":[],"class_list":["post-311038","post","type-post","status-publish","format-standard","has-post-thumbnail","hentry","category-quadradinho-em-foco"],"acf":[],"yoast_head":"<!-- This site is optimized with the Yoast SEO plugin v27.2 - https:\/\/yoast.com\/product\/yoast-seo-wordpress\/ -->\n<title>Cleide, Ren\u00ea e o &#039;xis&#039; de comilan\u00e7a e \u00f3dio - Notibras<\/title>\n<meta name=\"robots\" content=\"index, follow, max-snippet:-1, max-image-preview:large, max-video-preview:-1\" \/>\n<link rel=\"canonical\" href=\"https:\/\/www.notibras.com\/site\/cleide-rene-e-o-xis-de-comilanca-e-odio\/\" \/>\n<meta property=\"og:locale\" content=\"pt_BR\" \/>\n<meta property=\"og:type\" content=\"article\" \/>\n<meta property=\"og:title\" content=\"Cleide, Ren\u00ea e o &#039;xis&#039; de comilan\u00e7a e \u00f3dio - Notibras\" \/>\n<meta property=\"og:description\" content=\"L\u00e1 est\u00e1vamos o Jos\u00e9 Seabra, o Mathuzal\u00e9m J\u00fanior, o Wenceslau Ara\u00fajo e eu degustando o costumeiro caf\u00e9 Gourmet no nosso ponto semanal de encontro em concorrida padaria da Asa Norte. Eis que o Wenceslau pede uma por\u00e7\u00e3o de salgadinhos \u00e0quela hora, quando o meu est\u00f4mago s\u00f3 aceita caf\u00e9. Isso me fez lembrar de uma hist\u00f3ria [&hellip;]\" \/>\n<meta property=\"og:url\" content=\"https:\/\/www.notibras.com\/site\/cleide-rene-e-o-xis-de-comilanca-e-odio\/\" \/>\n<meta property=\"og:site_name\" content=\"Notibras\" \/>\n<meta property=\"article:publisher\" content=\"https:\/\/www.facebook.com\/notibras\/\" \/>\n<meta property=\"article:published_time\" content=\"2023-08-15T11:21:13+00:00\" \/>\n<meta property=\"og:image\" content=\"https:\/\/www.notibras.com\/site\/wp-content\/uploads\/2023\/08\/xis.dudu_.jpg\" \/>\n\t<meta property=\"og:image:width\" content=\"320\" \/>\n\t<meta property=\"og:image:height\" content=\"211\" \/>\n\t<meta property=\"og:image:type\" content=\"image\/jpeg\" \/>\n<meta name=\"author\" content=\"Reda\u00e7\u00e3o\" \/>\n<meta name=\"twitter:card\" content=\"summary_large_image\" \/>\n<meta name=\"twitter:creator\" content=\"@Notibras\" \/>\n<meta name=\"twitter:site\" content=\"@Notibras\" \/>\n<meta name=\"twitter:label1\" content=\"Escrito por\" \/>\n\t<meta name=\"twitter:data1\" content=\"Reda\u00e7\u00e3o\" \/>\n\t<meta name=\"twitter:label2\" content=\"Est. tempo de leitura\" \/>\n\t<meta name=\"twitter:data2\" content=\"3 minutos\" \/>\n<script type=\"application\/ld+json\" class=\"yoast-schema-graph\">{\"@context\":\"https:\/\/schema.org\",\"@graph\":[{\"@type\":\"Article\",\"@id\":\"https:\/\/www.notibras.com\/site\/cleide-rene-e-o-xis-de-comilanca-e-odio\/#article\",\"isPartOf\":{\"@id\":\"https:\/\/www.notibras.com\/site\/cleide-rene-e-o-xis-de-comilanca-e-odio\/\"},\"author\":{\"name\":\"Reda\u00e7\u00e3o\",\"@id\":\"https:\/\/www.notibras.com\/site\/#\/schema\/person\/36ab0979449956132d3e5b517ea76ac8\"},\"headline\":\"Cleide, Ren\u00ea e o &#8216;xis&#8217; de comilan\u00e7a e \u00f3dio\",\"datePublished\":\"2023-08-15T11:21:13+00:00\",\"mainEntityOfPage\":{\"@id\":\"https:\/\/www.notibras.com\/site\/cleide-rene-e-o-xis-de-comilanca-e-odio\/\"},\"wordCount\":535,\"publisher\":{\"@id\":\"https:\/\/www.notibras.com\/site\/#organization\"},\"image\":{\"@id\":\"https:\/\/www.notibras.com\/site\/cleide-rene-e-o-xis-de-comilanca-e-odio\/#primaryimage\"},\"thumbnailUrl\":\"https:\/\/www.notibras.com\/site\/wp-content\/uploads\/2023\/08\/xis.dudu_.jpg\",\"articleSection\":[\"Quadradinho em Foco\"],\"inLanguage\":\"pt-BR\"},{\"@type\":\"WebPage\",\"@id\":\"https:\/\/www.notibras.com\/site\/cleide-rene-e-o-xis-de-comilanca-e-odio\/\",\"url\":\"https:\/\/www.notibras.com\/site\/cleide-rene-e-o-xis-de-comilanca-e-odio\/\",\"name\":\"Cleide, Ren\u00ea e o 'xis' de comilan\u00e7a e \u00f3dio - Notibras\",\"isPartOf\":{\"@id\":\"https:\/\/www.notibras.com\/site\/#website\"},\"primaryImageOfPage\":{\"@id\":\"https:\/\/www.notibras.com\/site\/cleide-rene-e-o-xis-de-comilanca-e-odio\/#primaryimage\"},\"image\":{\"@id\":\"https:\/\/www.notibras.com\/site\/cleide-rene-e-o-xis-de-comilanca-e-odio\/#primaryimage\"},\"thumbnailUrl\":\"https:\/\/www.notibras.com\/site\/wp-content\/uploads\/2023\/08\/xis.dudu_.jpg\",\"datePublished\":\"2023-08-15T11:21:13+00:00\",\"breadcrumb\":{\"@id\":\"https:\/\/www.notibras.com\/site\/cleide-rene-e-o-xis-de-comilanca-e-odio\/#breadcrumb\"},\"inLanguage\":\"pt-BR\",\"potentialAction\":[{\"@type\":\"ReadAction\",\"target\":[\"https:\/\/www.notibras.com\/site\/cleide-rene-e-o-xis-de-comilanca-e-odio\/\"]}]},{\"@type\":\"ImageObject\",\"inLanguage\":\"pt-BR\",\"@id\":\"https:\/\/www.notibras.com\/site\/cleide-rene-e-o-xis-de-comilanca-e-odio\/#primaryimage\",\"url\":\"https:\/\/www.notibras.com\/site\/wp-content\/uploads\/2023\/08\/xis.dudu_.jpg\",\"contentUrl\":\"https:\/\/www.notibras.com\/site\/wp-content\/uploads\/2023\/08\/xis.dudu_.jpg\",\"width\":320,\"height\":211},{\"@type\":\"BreadcrumbList\",\"@id\":\"https:\/\/www.notibras.com\/site\/cleide-rene-e-o-xis-de-comilanca-e-odio\/#breadcrumb\",\"itemListElement\":[{\"@type\":\"ListItem\",\"position\":1,\"name\":\"In\u00edcio\",\"item\":\"https:\/\/www.notibras.com\/site\/\"},{\"@type\":\"ListItem\",\"position\":2,\"name\":\"Cleide, Ren\u00ea e o &#8216;xis&#8217; de comilan\u00e7a e \u00f3dio\"}]},{\"@type\":\"WebSite\",\"@id\":\"https:\/\/www.notibras.com\/site\/#website\",\"url\":\"https:\/\/www.notibras.com\/site\/\",\"name\":\"Notibras\",\"description\":\"Not\u00edcias de Bras\u00edlia, do Brasil e do Mundo\",\"publisher\":{\"@id\":\"https:\/\/www.notibras.com\/site\/#organization\"},\"potentialAction\":[{\"@type\":\"SearchAction\",\"target\":{\"@type\":\"EntryPoint\",\"urlTemplate\":\"https:\/\/www.notibras.com\/site\/?s={search_term_string}\"},\"query-input\":{\"@type\":\"PropertyValueSpecification\",\"valueRequired\":true,\"valueName\":\"search_term_string\"}}],\"inLanguage\":\"pt-BR\"},{\"@type\":\"Organization\",\"@id\":\"https:\/\/www.notibras.com\/site\/#organization\",\"name\":\"Grupo Notibras de Comunica\u00e7\u00e3o\",\"url\":\"https:\/\/www.notibras.com\/site\/\",\"logo\":{\"@type\":\"ImageObject\",\"inLanguage\":\"pt-BR\",\"@id\":\"https:\/\/www.notibras.com\/site\/#\/schema\/logo\/image\/\",\"url\":\"https:\/\/www.notibras.com\/site\/wp-content\/uploads\/2023\/01\/notibras23.png\",\"contentUrl\":\"https:\/\/www.notibras.com\/site\/wp-content\/uploads\/2023\/01\/notibras23.png\",\"width\":350,\"height\":87,\"caption\":\"Grupo Notibras de Comunica\u00e7\u00e3o\"},\"image\":{\"@id\":\"https:\/\/www.notibras.com\/site\/#\/schema\/logo\/image\/\"},\"sameAs\":[\"https:\/\/www.facebook.com\/notibras\/\",\"https:\/\/x.com\/Notibras\",\"https:\/\/www.instagram.com\/notibras\/\"]},{\"@type\":\"Person\",\"@id\":\"https:\/\/www.notibras.com\/site\/#\/schema\/person\/36ab0979449956132d3e5b517ea76ac8\",\"name\":\"Reda\u00e7\u00e3o\",\"image\":{\"@type\":\"ImageObject\",\"inLanguage\":\"pt-BR\",\"@id\":\"https:\/\/secure.gravatar.com\/avatar\/e0a867bdedb85fd243eadf09663511f96fc81e0720a4a42581f334ad4303aa6b?s=96&d=mm&r=g\",\"url\":\"https:\/\/secure.gravatar.com\/avatar\/e0a867bdedb85fd243eadf09663511f96fc81e0720a4a42581f334ad4303aa6b?s=96&d=mm&r=g\",\"contentUrl\":\"https:\/\/secure.gravatar.com\/avatar\/e0a867bdedb85fd243eadf09663511f96fc81e0720a4a42581f334ad4303aa6b?s=96&d=mm&r=g\",\"caption\":\"Reda\u00e7\u00e3o\"}}]}<\/script>\n<!-- \/ Yoast SEO plugin. -->","yoast_head_json":{"title":"Cleide, Ren\u00ea e o 'xis' de comilan\u00e7a e \u00f3dio - Notibras","robots":{"index":"index","follow":"follow","max-snippet":"max-snippet:-1","max-image-preview":"max-image-preview:large","max-video-preview":"max-video-preview:-1"},"canonical":"https:\/\/www.notibras.com\/site\/cleide-rene-e-o-xis-de-comilanca-e-odio\/","og_locale":"pt_BR","og_type":"article","og_title":"Cleide, Ren\u00ea e o 'xis' de comilan\u00e7a e \u00f3dio - Notibras","og_description":"L\u00e1 est\u00e1vamos o Jos\u00e9 Seabra, o Mathuzal\u00e9m J\u00fanior, o Wenceslau Ara\u00fajo e eu degustando o costumeiro caf\u00e9 Gourmet no nosso ponto semanal de encontro em concorrida padaria da Asa Norte. Eis que o Wenceslau pede uma por\u00e7\u00e3o de salgadinhos \u00e0quela hora, quando o meu est\u00f4mago s\u00f3 aceita caf\u00e9. Isso me fez lembrar de uma hist\u00f3ria [&hellip;]","og_url":"https:\/\/www.notibras.com\/site\/cleide-rene-e-o-xis-de-comilanca-e-odio\/","og_site_name":"Notibras","article_publisher":"https:\/\/www.facebook.com\/notibras\/","article_published_time":"2023-08-15T11:21:13+00:00","og_image":[{"width":320,"height":211,"url":"https:\/\/www.notibras.com\/site\/wp-content\/uploads\/2023\/08\/xis.dudu_.jpg","type":"image\/jpeg"}],"author":"Reda\u00e7\u00e3o","twitter_card":"summary_large_image","twitter_creator":"@Notibras","twitter_site":"@Notibras","twitter_misc":{"Escrito por":"Reda\u00e7\u00e3o","Est. tempo de leitura":"3 minutos"},"schema":{"@context":"https:\/\/schema.org","@graph":[{"@type":"Article","@id":"https:\/\/www.notibras.com\/site\/cleide-rene-e-o-xis-de-comilanca-e-odio\/#article","isPartOf":{"@id":"https:\/\/www.notibras.com\/site\/cleide-rene-e-o-xis-de-comilanca-e-odio\/"},"author":{"name":"Reda\u00e7\u00e3o","@id":"https:\/\/www.notibras.com\/site\/#\/schema\/person\/36ab0979449956132d3e5b517ea76ac8"},"headline":"Cleide, Ren\u00ea e o &#8216;xis&#8217; de comilan\u00e7a e \u00f3dio","datePublished":"2023-08-15T11:21:13+00:00","mainEntityOfPage":{"@id":"https:\/\/www.notibras.com\/site\/cleide-rene-e-o-xis-de-comilanca-e-odio\/"},"wordCount":535,"publisher":{"@id":"https:\/\/www.notibras.com\/site\/#organization"},"image":{"@id":"https:\/\/www.notibras.com\/site\/cleide-rene-e-o-xis-de-comilanca-e-odio\/#primaryimage"},"thumbnailUrl":"https:\/\/www.notibras.com\/site\/wp-content\/uploads\/2023\/08\/xis.dudu_.jpg","articleSection":["Quadradinho em Foco"],"inLanguage":"pt-BR"},{"@type":"WebPage","@id":"https:\/\/www.notibras.com\/site\/cleide-rene-e-o-xis-de-comilanca-e-odio\/","url":"https:\/\/www.notibras.com\/site\/cleide-rene-e-o-xis-de-comilanca-e-odio\/","name":"Cleide, Ren\u00ea e o 'xis' de comilan\u00e7a e \u00f3dio - Notibras","isPartOf":{"@id":"https:\/\/www.notibras.com\/site\/#website"},"primaryImageOfPage":{"@id":"https:\/\/www.notibras.com\/site\/cleide-rene-e-o-xis-de-comilanca-e-odio\/#primaryimage"},"image":{"@id":"https:\/\/www.notibras.com\/site\/cleide-rene-e-o-xis-de-comilanca-e-odio\/#primaryimage"},"thumbnailUrl":"https:\/\/www.notibras.com\/site\/wp-content\/uploads\/2023\/08\/xis.dudu_.jpg","datePublished":"2023-08-15T11:21:13+00:00","breadcrumb":{"@id":"https:\/\/www.notibras.com\/site\/cleide-rene-e-o-xis-de-comilanca-e-odio\/#breadcrumb"},"inLanguage":"pt-BR","potentialAction":[{"@type":"ReadAction","target":["https:\/\/www.notibras.com\/site\/cleide-rene-e-o-xis-de-comilanca-e-odio\/"]}]},{"@type":"ImageObject","inLanguage":"pt-BR","@id":"https:\/\/www.notibras.com\/site\/cleide-rene-e-o-xis-de-comilanca-e-odio\/#primaryimage","url":"https:\/\/www.notibras.com\/site\/wp-content\/uploads\/2023\/08\/xis.dudu_.jpg","contentUrl":"https:\/\/www.notibras.com\/site\/wp-content\/uploads\/2023\/08\/xis.dudu_.jpg","width":320,"height":211},{"@type":"BreadcrumbList","@id":"https:\/\/www.notibras.com\/site\/cleide-rene-e-o-xis-de-comilanca-e-odio\/#breadcrumb","itemListElement":[{"@type":"ListItem","position":1,"name":"In\u00edcio","item":"https:\/\/www.notibras.com\/site\/"},{"@type":"ListItem","position":2,"name":"Cleide, Ren\u00ea e o &#8216;xis&#8217; de comilan\u00e7a e \u00f3dio"}]},{"@type":"WebSite","@id":"https:\/\/www.notibras.com\/site\/#website","url":"https:\/\/www.notibras.com\/site\/","name":"Notibras","description":"Not\u00edcias de Bras\u00edlia, do Brasil e do Mundo","publisher":{"@id":"https:\/\/www.notibras.com\/site\/#organization"},"potentialAction":[{"@type":"SearchAction","target":{"@type":"EntryPoint","urlTemplate":"https:\/\/www.notibras.com\/site\/?s={search_term_string}"},"query-input":{"@type":"PropertyValueSpecification","valueRequired":true,"valueName":"search_term_string"}}],"inLanguage":"pt-BR"},{"@type":"Organization","@id":"https:\/\/www.notibras.com\/site\/#organization","name":"Grupo Notibras de Comunica\u00e7\u00e3o","url":"https:\/\/www.notibras.com\/site\/","logo":{"@type":"ImageObject","inLanguage":"pt-BR","@id":"https:\/\/www.notibras.com\/site\/#\/schema\/logo\/image\/","url":"https:\/\/www.notibras.com\/site\/wp-content\/uploads\/2023\/01\/notibras23.png","contentUrl":"https:\/\/www.notibras.com\/site\/wp-content\/uploads\/2023\/01\/notibras23.png","width":350,"height":87,"caption":"Grupo Notibras de Comunica\u00e7\u00e3o"},"image":{"@id":"https:\/\/www.notibras.com\/site\/#\/schema\/logo\/image\/"},"sameAs":["https:\/\/www.facebook.com\/notibras\/","https:\/\/x.com\/Notibras","https:\/\/www.instagram.com\/notibras\/"]},{"@type":"Person","@id":"https:\/\/www.notibras.com\/site\/#\/schema\/person\/36ab0979449956132d3e5b517ea76ac8","name":"Reda\u00e7\u00e3o","image":{"@type":"ImageObject","inLanguage":"pt-BR","@id":"https:\/\/secure.gravatar.com\/avatar\/e0a867bdedb85fd243eadf09663511f96fc81e0720a4a42581f334ad4303aa6b?s=96&d=mm&r=g","url":"https:\/\/secure.gravatar.com\/avatar\/e0a867bdedb85fd243eadf09663511f96fc81e0720a4a42581f334ad4303aa6b?s=96&d=mm&r=g","contentUrl":"https:\/\/secure.gravatar.com\/avatar\/e0a867bdedb85fd243eadf09663511f96fc81e0720a4a42581f334ad4303aa6b?s=96&d=mm&r=g","caption":"Reda\u00e7\u00e3o"}}]}},"amp_enabled":true,"_links":{"self":[{"href":"https:\/\/www.notibras.com\/site\/wp-json\/wp\/v2\/posts\/311038","targetHints":{"allow":["GET"]}}],"collection":[{"href":"https:\/\/www.notibras.com\/site\/wp-json\/wp\/v2\/posts"}],"about":[{"href":"https:\/\/www.notibras.com\/site\/wp-json\/wp\/v2\/types\/post"}],"author":[{"embeddable":true,"href":"https:\/\/www.notibras.com\/site\/wp-json\/wp\/v2\/users\/2"}],"replies":[{"embeddable":true,"href":"https:\/\/www.notibras.com\/site\/wp-json\/wp\/v2\/comments?post=311038"}],"version-history":[{"count":1,"href":"https:\/\/www.notibras.com\/site\/wp-json\/wp\/v2\/posts\/311038\/revisions"}],"predecessor-version":[{"id":311040,"href":"https:\/\/www.notibras.com\/site\/wp-json\/wp\/v2\/posts\/311038\/revisions\/311040"}],"wp:featuredmedia":[{"embeddable":true,"href":"https:\/\/www.notibras.com\/site\/wp-json\/wp\/v2\/media\/311039"}],"wp:attachment":[{"href":"https:\/\/www.notibras.com\/site\/wp-json\/wp\/v2\/media?parent=311038"}],"wp:term":[{"taxonomy":"category","embeddable":true,"href":"https:\/\/www.notibras.com\/site\/wp-json\/wp\/v2\/categories?post=311038"},{"taxonomy":"post_tag","embeddable":true,"href":"https:\/\/www.notibras.com\/site\/wp-json\/wp\/v2\/tags?post=311038"}],"curies":[{"name":"wp","href":"https:\/\/api.w.org\/{rel}","templated":true}]}}