{"id":311047,"date":"2023-08-15T08:18:15","date_gmt":"2023-08-15T11:18:15","guid":{"rendered":"https:\/\/www.notibras.com\/site\/?p=311047"},"modified":"2023-08-15T08:53:55","modified_gmt":"2023-08-15T11:53:55","slug":"marcha-das-margaridas-reune-mais-de-100-mil-mulheres","status":"publish","type":"post","link":"https:\/\/www.notibras.com\/site\/marcha-das-margaridas-reune-mais-de-100-mil-mulheres\/","title":{"rendered":"Marcha das Margaridas re\u00fane mais de 100 mil mulheres"},"content":{"rendered":"<p>Mais de 100 mil mulheres brasileiras do campo, da floresta, das \u00e1guas e das cidades, al\u00e9m de representantes de 33 pa\u00edses, s\u00e3o esperadas nesta ter\u00e7a (15) e quarta-feira em Bras\u00edlia, na 7\u00aa Marcha das Margaridas. O evento, coordenado pela Confedera\u00e7\u00e3o Nacional dos Trabalhadores na Agricultura (Contag), federa\u00e7\u00f5es e sindicatos filiados e 16 organiza\u00e7\u00f5es parceiras, ocorre a cada quatro anos e a edi\u00e7\u00e3o de 2023 tem o lema Pela Rrconstru\u00e7\u00e3o do Brasil e pelo bem viver.<\/p>\n<p>S\u00e3o trabalhadoras rurais, ind\u00edgenas, quilombolas, ribeirinhas, sem-terra, extrativistas, da comunidade LGBTQIA+ e moradoras de centros urbanos. Para a Contag, a marcha \u00e9 a maior a\u00e7\u00e3o pol\u00edtica de mulheres da Am\u00e9rica Latina.<\/p>\n<p><strong>Pautas<\/strong><br \/>\nAs principais demandas reivindicadas este ano pelas &#8220;margaridas&#8221; est\u00e3o divididas em 13 eixos pol\u00edticos que ser\u00e3o debatidos nos dois dias do evento:<\/p>\n<p>Democracia participativa e soberania popular;<\/p>\n<p>Poder e participa\u00e7\u00e3o pol\u00edtica das mulheres;<\/p>\n<p>Vida livre de todas as formas de viol\u00eancia, sem racismo e sem sexismo;<\/p>\n<p>Autonomia e liberdade das mulheres sobre o seu corpo e a sua sexualidade;<\/p>\n<p>Prote\u00e7\u00e3o da natureza com justi\u00e7a ambiental e clim\u00e1tica;<\/p>\n<p>Autodetermina\u00e7\u00e3o dos povos, com soberania alimentar, h\u00eddrica e energ\u00e9tica;<\/p>\n<p>Democratiza\u00e7\u00e3o do acesso \u00e0 terra e garantia dos direitos territoriais e dos maret\u00f3rios;<\/p>\n<p>Direito de acesso e uso da biodiversidade, defesa dos bens comuns;<\/p>\n<p>Vida saud\u00e1vel com agroecologia e seguran\u00e7a alimentar e nutricional;<\/p>\n<p>Autonomia econ\u00f4mica, inclus\u00e3o produtiva, trabalho e renda;<\/p>\n<p>Sa\u00fade, Previd\u00eancia e Assist\u00eancia Social p\u00fablica, universal e solid\u00e1ria;<\/p>\n<p>Educa\u00e7\u00e3o P\u00fablica n\u00e3o sexista e antirracista e direito \u00e0 educa\u00e7\u00e3o do e no campo;<\/p>\n<p>Universaliza\u00e7\u00e3o do acesso \u00e0 internet e inclus\u00e3o digital.<\/p>\n<p>A coordenadora-geral da Marcha das Margaridas e secret\u00e1ria de Mulheres da Contag, a piauiense Maz\u00e9 Morais, comentou, em entrevista \u00e0 Ag\u00eancia Brasil, a expectativa para a marcha e a pauta constru\u00edda em diversas reuni\u00f5es realizadas desde 2021 pelo pa\u00eds. \u201cConstru\u00edmos uma pauta e a entregamos ao governo [federal] em 21 de junho. Um governo do campo popular democr\u00e1tico. A nossa expectativa \u00e9 que as autoridades, no ato de encerramento da marcha, possam, de fato, fazer an\u00fancios relevantes em rela\u00e7\u00e3o \u00e0s pol\u00edticas p\u00fablicas, a programas, espa\u00e7os importantes, que realmente causem impacto na vida das mulheres em todos os territ\u00f3rios do Brasil\u201d.<\/p>\n<p><strong>Conquistas<\/strong><br \/>\n\u201cEssa \u00e9 a marcha da esperan\u00e7a, porque estamos muito confiantes quanto \u00e0 retomada dos programas, das pol\u00edticas, conquistas, que ao longo do caminhar de muita luta, n\u00f3s, as margaridas, conquistamos. Infelizmente, muitas delas foram retiradas, extintas. Ent\u00e3o, h\u00e1 uma expectativa muito grande de que vai ser uma grandiosa marcha, com a representatividade linda da diversidade que somos todas n\u00f3s\u201d.<\/p>\n<p>A ministra das Mulheres, Cida Gon\u00e7alves, disse que nos \u00faltimos meses a pasta trabalhou em parceria com outros minist\u00e9rios para garantir respostas \u00e0s diversas reivindica\u00e7\u00f5es das margaridas. \u201cDesde a\u00e7\u00f5es de enfrentamento \u00e0 viol\u00eancia contra as mulheres e garantia da autonomia econ\u00f4mica, \u00e0 prote\u00e7\u00e3o dos biomas e justi\u00e7a clim\u00e1tica, por exemplo\u201d.<\/p>\n<p>\u201cHoje, temos um governo que respeita as mulheres do campo, da floresta e das \u00e1guas e que tem a participa\u00e7\u00e3o social como eixo fundamental na constru\u00e7\u00e3o e implementa\u00e7\u00e3o de pol\u00edticas p\u00fablicas. Ent\u00e3o, a Marcha das Margaridas \u00e9 essa for\u00e7a que move estruturas e que impulsiona o Brasil rumo ao desenvolvimento sustent\u00e1vel, ao bem viver\u201d.<\/p>\n<p><strong>Inspira\u00e7\u00e3o<\/strong><br \/>\nDesde 2000, o nome da marcha \u00e9 uma homenagem a Margarida Maria Alves, ex-presidente do Sindicato dos Trabalhadores Rurais de Alagoa Grande, na Para\u00edba. Ela foi assassinada em 12 de agosto de 1983, devido \u00e0 luta pelos direitos da categoria. Desde ent\u00e3o, a lideran\u00e7a se tornou s\u00edmbolo da resist\u00eancia de milhares de homens e mulheres que buscam justi\u00e7a e dignidade. Latifundi\u00e1rios da regi\u00e3o s\u00e3o suspeitos do homic\u00eddio. Mas, at\u00e9 hoje, o crime segue sem solu\u00e7\u00e3o e os mandantes n\u00e3o foram condenados.<\/p>\n<p>O caso de Margarida Maria Alves chegou \u00e0 Comiss\u00e3o Interamericana de Direitos Humanos da Organiza\u00e7\u00e3o dos Estados Americanos (OEA), onde, de acordo com o Minist\u00e9rio dos Direitos Humanos e da Cidadania, se tornou um marco na den\u00fancia das viola\u00e7\u00f5es sistem\u00e1ticas dos direitos fundamentais. Em abril de 2020, a comiss\u00e3o publicou o Relat\u00f3rio de M\u00e9rito 31\/20 sobre o caso. O documento concluiu que o Estado brasileiro \u00e9 respons\u00e1vel pela viola\u00e7\u00e3o dos direitos \u00e0 vida, integridade pessoal, prote\u00e7\u00e3o e garantias judiciais de Margarida Alves e as pessoas indicadas no relat\u00f3rio internacional. O relat\u00f3rio ainda faz recomenda\u00e7\u00f5es ao Estado brasileiro sobre como reparar integralmente os familiares da v\u00edtima; a investiga\u00e7\u00e3o efetiva para esclarecer os fatos; o fortalecimento do Programa de Prote\u00e7\u00e3o a Defensores de Direitos Humanos, concentrando-se na preven\u00e7\u00e3o de atos de viol\u00eancia.<\/p>\n<p>Quatro d\u00e9cadas ap\u00f3s o assassinato da paraibana, a secret\u00e1ria Maz\u00e9 Morais defende a mem\u00f3ria da sindicalista que lutou pelos trabalhadores do campo. \u201cMargarida ser\u00e1 sempre a nossa inspiradora e \u00e9 por isso que a gente segue em marcha\u201d.<\/p>\n","protected":false},"excerpt":{"rendered":"<p>Mais de 100 mil mulheres brasileiras do campo, da floresta, das \u00e1guas e das cidades, al\u00e9m de representantes de 33 pa\u00edses, s\u00e3o esperadas nesta ter\u00e7a (15) e quarta-feira em Bras\u00edlia, na 7\u00aa Marcha das Margaridas. O evento, coordenado pela Confedera\u00e7\u00e3o Nacional dos Trabalhadores na Agricultura (Contag), federa\u00e7\u00f5es e sindicatos filiados e 16 organiza\u00e7\u00f5es parceiras, ocorre [&hellip;]<\/p>\n","protected":false},"author":2,"featured_media":311048,"comment_status":"closed","ping_status":"closed","sticky":false,"template":"","format":"standard","meta":{"_acf_changed":false,"footnotes":""},"categories":[161],"tags":[95],"class_list":["post-311047","post","type-post","status-publish","format-standard","has-post-thumbnail","hentry","category-quadradinho-em-foco","tag-capa"],"acf":[],"yoast_head":"<!-- This site is optimized with the Yoast SEO plugin v27.2 - https:\/\/yoast.com\/product\/yoast-seo-wordpress\/ -->\n<title>Marcha das Margaridas re\u00fane mais de 100 mil mulheres - Notibras<\/title>\n<meta name=\"robots\" content=\"index, follow, max-snippet:-1, max-image-preview:large, max-video-preview:-1\" \/>\n<link rel=\"canonical\" href=\"https:\/\/www.notibras.com\/site\/marcha-das-margaridas-reune-mais-de-100-mil-mulheres\/\" \/>\n<meta property=\"og:locale\" content=\"pt_BR\" \/>\n<meta property=\"og:type\" content=\"article\" \/>\n<meta property=\"og:title\" content=\"Marcha das Margaridas re\u00fane mais de 100 mil mulheres - Notibras\" \/>\n<meta property=\"og:description\" content=\"Mais de 100 mil mulheres brasileiras do campo, da floresta, das \u00e1guas e das cidades, al\u00e9m de representantes de 33 pa\u00edses, s\u00e3o esperadas nesta ter\u00e7a (15) e quarta-feira em Bras\u00edlia, na 7\u00aa Marcha das Margaridas. O evento, coordenado pela Confedera\u00e7\u00e3o Nacional dos Trabalhadores na Agricultura (Contag), federa\u00e7\u00f5es e sindicatos filiados e 16 organiza\u00e7\u00f5es parceiras, ocorre [&hellip;]\" \/>\n<meta property=\"og:url\" content=\"https:\/\/www.notibras.com\/site\/marcha-das-margaridas-reune-mais-de-100-mil-mulheres\/\" \/>\n<meta property=\"og:site_name\" content=\"Notibras\" \/>\n<meta property=\"article:publisher\" content=\"https:\/\/www.facebook.com\/notibras\/\" \/>\n<meta property=\"article:published_time\" content=\"2023-08-15T11:18:15+00:00\" \/>\n<meta property=\"article:modified_time\" content=\"2023-08-15T11:53:55+00:00\" \/>\n<meta property=\"og:image\" content=\"https:\/\/www.notibras.com\/site\/wp-content\/uploads\/2023\/08\/margaridas_mcmgo_abr_14081920635-1.jpg\" \/>\n\t<meta property=\"og:image:width\" content=\"1170\" \/>\n\t<meta property=\"og:image:height\" content=\"700\" \/>\n\t<meta property=\"og:image:type\" content=\"image\/jpeg\" \/>\n<meta name=\"author\" content=\"Reda\u00e7\u00e3o\" \/>\n<meta name=\"twitter:card\" content=\"summary_large_image\" \/>\n<meta name=\"twitter:creator\" content=\"@Notibras\" \/>\n<meta name=\"twitter:site\" content=\"@Notibras\" \/>\n<meta name=\"twitter:label1\" content=\"Escrito por\" \/>\n\t<meta name=\"twitter:data1\" content=\"Reda\u00e7\u00e3o\" \/>\n\t<meta name=\"twitter:label2\" content=\"Est. tempo de leitura\" \/>\n\t<meta name=\"twitter:data2\" content=\"5 minutos\" \/>\n<script type=\"application\/ld+json\" class=\"yoast-schema-graph\">{\"@context\":\"https:\/\/schema.org\",\"@graph\":[{\"@type\":\"Article\",\"@id\":\"https:\/\/www.notibras.com\/site\/marcha-das-margaridas-reune-mais-de-100-mil-mulheres\/#article\",\"isPartOf\":{\"@id\":\"https:\/\/www.notibras.com\/site\/marcha-das-margaridas-reune-mais-de-100-mil-mulheres\/\"},\"author\":{\"name\":\"Reda\u00e7\u00e3o\",\"@id\":\"https:\/\/www.notibras.com\/site\/#\/schema\/person\/36ab0979449956132d3e5b517ea76ac8\"},\"headline\":\"Marcha das Margaridas re\u00fane mais de 100 mil mulheres\",\"datePublished\":\"2023-08-15T11:18:15+00:00\",\"dateModified\":\"2023-08-15T11:53:55+00:00\",\"mainEntityOfPage\":{\"@id\":\"https:\/\/www.notibras.com\/site\/marcha-das-margaridas-reune-mais-de-100-mil-mulheres\/\"},\"wordCount\":862,\"publisher\":{\"@id\":\"https:\/\/www.notibras.com\/site\/#organization\"},\"image\":{\"@id\":\"https:\/\/www.notibras.com\/site\/marcha-das-margaridas-reune-mais-de-100-mil-mulheres\/#primaryimage\"},\"thumbnailUrl\":\"https:\/\/www.notibras.com\/site\/wp-content\/uploads\/2023\/08\/margaridas_mcmgo_abr_14081920635-1.jpg\",\"keywords\":[\"capa\"],\"articleSection\":[\"Quadradinho em Foco\"],\"inLanguage\":\"pt-BR\"},{\"@type\":\"WebPage\",\"@id\":\"https:\/\/www.notibras.com\/site\/marcha-das-margaridas-reune-mais-de-100-mil-mulheres\/\",\"url\":\"https:\/\/www.notibras.com\/site\/marcha-das-margaridas-reune-mais-de-100-mil-mulheres\/\",\"name\":\"Marcha das Margaridas re\u00fane mais de 100 mil mulheres - Notibras\",\"isPartOf\":{\"@id\":\"https:\/\/www.notibras.com\/site\/#website\"},\"primaryImageOfPage\":{\"@id\":\"https:\/\/www.notibras.com\/site\/marcha-das-margaridas-reune-mais-de-100-mil-mulheres\/#primaryimage\"},\"image\":{\"@id\":\"https:\/\/www.notibras.com\/site\/marcha-das-margaridas-reune-mais-de-100-mil-mulheres\/#primaryimage\"},\"thumbnailUrl\":\"https:\/\/www.notibras.com\/site\/wp-content\/uploads\/2023\/08\/margaridas_mcmgo_abr_14081920635-1.jpg\",\"datePublished\":\"2023-08-15T11:18:15+00:00\",\"dateModified\":\"2023-08-15T11:53:55+00:00\",\"breadcrumb\":{\"@id\":\"https:\/\/www.notibras.com\/site\/marcha-das-margaridas-reune-mais-de-100-mil-mulheres\/#breadcrumb\"},\"inLanguage\":\"pt-BR\",\"potentialAction\":[{\"@type\":\"ReadAction\",\"target\":[\"https:\/\/www.notibras.com\/site\/marcha-das-margaridas-reune-mais-de-100-mil-mulheres\/\"]}]},{\"@type\":\"ImageObject\",\"inLanguage\":\"pt-BR\",\"@id\":\"https:\/\/www.notibras.com\/site\/marcha-das-margaridas-reune-mais-de-100-mil-mulheres\/#primaryimage\",\"url\":\"https:\/\/www.notibras.com\/site\/wp-content\/uploads\/2023\/08\/margaridas_mcmgo_abr_14081920635-1.jpg\",\"contentUrl\":\"https:\/\/www.notibras.com\/site\/wp-content\/uploads\/2023\/08\/margaridas_mcmgo_abr_14081920635-1.jpg\",\"width\":1170,\"height\":700,\"caption\":\"Marcha das Margaridas.\"},{\"@type\":\"BreadcrumbList\",\"@id\":\"https:\/\/www.notibras.com\/site\/marcha-das-margaridas-reune-mais-de-100-mil-mulheres\/#breadcrumb\",\"itemListElement\":[{\"@type\":\"ListItem\",\"position\":1,\"name\":\"In\u00edcio\",\"item\":\"https:\/\/www.notibras.com\/site\/\"},{\"@type\":\"ListItem\",\"position\":2,\"name\":\"Marcha das Margaridas re\u00fane mais de 100 mil mulheres\"}]},{\"@type\":\"WebSite\",\"@id\":\"https:\/\/www.notibras.com\/site\/#website\",\"url\":\"https:\/\/www.notibras.com\/site\/\",\"name\":\"Notibras\",\"description\":\"Not\u00edcias de Bras\u00edlia, do Brasil e do Mundo\",\"publisher\":{\"@id\":\"https:\/\/www.notibras.com\/site\/#organization\"},\"potentialAction\":[{\"@type\":\"SearchAction\",\"target\":{\"@type\":\"EntryPoint\",\"urlTemplate\":\"https:\/\/www.notibras.com\/site\/?s={search_term_string}\"},\"query-input\":{\"@type\":\"PropertyValueSpecification\",\"valueRequired\":true,\"valueName\":\"search_term_string\"}}],\"inLanguage\":\"pt-BR\"},{\"@type\":\"Organization\",\"@id\":\"https:\/\/www.notibras.com\/site\/#organization\",\"name\":\"Grupo Notibras de Comunica\u00e7\u00e3o\",\"url\":\"https:\/\/www.notibras.com\/site\/\",\"logo\":{\"@type\":\"ImageObject\",\"inLanguage\":\"pt-BR\",\"@id\":\"https:\/\/www.notibras.com\/site\/#\/schema\/logo\/image\/\",\"url\":\"https:\/\/www.notibras.com\/site\/wp-content\/uploads\/2023\/01\/notibras23.png\",\"contentUrl\":\"https:\/\/www.notibras.com\/site\/wp-content\/uploads\/2023\/01\/notibras23.png\",\"width\":350,\"height\":87,\"caption\":\"Grupo Notibras de Comunica\u00e7\u00e3o\"},\"image\":{\"@id\":\"https:\/\/www.notibras.com\/site\/#\/schema\/logo\/image\/\"},\"sameAs\":[\"https:\/\/www.facebook.com\/notibras\/\",\"https:\/\/x.com\/Notibras\",\"https:\/\/www.instagram.com\/notibras\/\"]},{\"@type\":\"Person\",\"@id\":\"https:\/\/www.notibras.com\/site\/#\/schema\/person\/36ab0979449956132d3e5b517ea76ac8\",\"name\":\"Reda\u00e7\u00e3o\",\"image\":{\"@type\":\"ImageObject\",\"inLanguage\":\"pt-BR\",\"@id\":\"https:\/\/secure.gravatar.com\/avatar\/e0a867bdedb85fd243eadf09663511f96fc81e0720a4a42581f334ad4303aa6b?s=96&d=mm&r=g\",\"url\":\"https:\/\/secure.gravatar.com\/avatar\/e0a867bdedb85fd243eadf09663511f96fc81e0720a4a42581f334ad4303aa6b?s=96&d=mm&r=g\",\"contentUrl\":\"https:\/\/secure.gravatar.com\/avatar\/e0a867bdedb85fd243eadf09663511f96fc81e0720a4a42581f334ad4303aa6b?s=96&d=mm&r=g\",\"caption\":\"Reda\u00e7\u00e3o\"}}]}<\/script>\n<!-- \/ Yoast SEO plugin. -->","yoast_head_json":{"title":"Marcha das Margaridas re\u00fane mais de 100 mil mulheres - Notibras","robots":{"index":"index","follow":"follow","max-snippet":"max-snippet:-1","max-image-preview":"max-image-preview:large","max-video-preview":"max-video-preview:-1"},"canonical":"https:\/\/www.notibras.com\/site\/marcha-das-margaridas-reune-mais-de-100-mil-mulheres\/","og_locale":"pt_BR","og_type":"article","og_title":"Marcha das Margaridas re\u00fane mais de 100 mil mulheres - Notibras","og_description":"Mais de 100 mil mulheres brasileiras do campo, da floresta, das \u00e1guas e das cidades, al\u00e9m de representantes de 33 pa\u00edses, s\u00e3o esperadas nesta ter\u00e7a (15) e quarta-feira em Bras\u00edlia, na 7\u00aa Marcha das Margaridas. O evento, coordenado pela Confedera\u00e7\u00e3o Nacional dos Trabalhadores na Agricultura (Contag), federa\u00e7\u00f5es e sindicatos filiados e 16 organiza\u00e7\u00f5es parceiras, ocorre [&hellip;]","og_url":"https:\/\/www.notibras.com\/site\/marcha-das-margaridas-reune-mais-de-100-mil-mulheres\/","og_site_name":"Notibras","article_publisher":"https:\/\/www.facebook.com\/notibras\/","article_published_time":"2023-08-15T11:18:15+00:00","article_modified_time":"2023-08-15T11:53:55+00:00","og_image":[{"width":1170,"height":700,"url":"https:\/\/www.notibras.com\/site\/wp-content\/uploads\/2023\/08\/margaridas_mcmgo_abr_14081920635-1.jpg","type":"image\/jpeg"}],"author":"Reda\u00e7\u00e3o","twitter_card":"summary_large_image","twitter_creator":"@Notibras","twitter_site":"@Notibras","twitter_misc":{"Escrito por":"Reda\u00e7\u00e3o","Est. tempo de leitura":"5 minutos"},"schema":{"@context":"https:\/\/schema.org","@graph":[{"@type":"Article","@id":"https:\/\/www.notibras.com\/site\/marcha-das-margaridas-reune-mais-de-100-mil-mulheres\/#article","isPartOf":{"@id":"https:\/\/www.notibras.com\/site\/marcha-das-margaridas-reune-mais-de-100-mil-mulheres\/"},"author":{"name":"Reda\u00e7\u00e3o","@id":"https:\/\/www.notibras.com\/site\/#\/schema\/person\/36ab0979449956132d3e5b517ea76ac8"},"headline":"Marcha das Margaridas re\u00fane mais de 100 mil mulheres","datePublished":"2023-08-15T11:18:15+00:00","dateModified":"2023-08-15T11:53:55+00:00","mainEntityOfPage":{"@id":"https:\/\/www.notibras.com\/site\/marcha-das-margaridas-reune-mais-de-100-mil-mulheres\/"},"wordCount":862,"publisher":{"@id":"https:\/\/www.notibras.com\/site\/#organization"},"image":{"@id":"https:\/\/www.notibras.com\/site\/marcha-das-margaridas-reune-mais-de-100-mil-mulheres\/#primaryimage"},"thumbnailUrl":"https:\/\/www.notibras.com\/site\/wp-content\/uploads\/2023\/08\/margaridas_mcmgo_abr_14081920635-1.jpg","keywords":["capa"],"articleSection":["Quadradinho em Foco"],"inLanguage":"pt-BR"},{"@type":"WebPage","@id":"https:\/\/www.notibras.com\/site\/marcha-das-margaridas-reune-mais-de-100-mil-mulheres\/","url":"https:\/\/www.notibras.com\/site\/marcha-das-margaridas-reune-mais-de-100-mil-mulheres\/","name":"Marcha das Margaridas re\u00fane mais de 100 mil mulheres - Notibras","isPartOf":{"@id":"https:\/\/www.notibras.com\/site\/#website"},"primaryImageOfPage":{"@id":"https:\/\/www.notibras.com\/site\/marcha-das-margaridas-reune-mais-de-100-mil-mulheres\/#primaryimage"},"image":{"@id":"https:\/\/www.notibras.com\/site\/marcha-das-margaridas-reune-mais-de-100-mil-mulheres\/#primaryimage"},"thumbnailUrl":"https:\/\/www.notibras.com\/site\/wp-content\/uploads\/2023\/08\/margaridas_mcmgo_abr_14081920635-1.jpg","datePublished":"2023-08-15T11:18:15+00:00","dateModified":"2023-08-15T11:53:55+00:00","breadcrumb":{"@id":"https:\/\/www.notibras.com\/site\/marcha-das-margaridas-reune-mais-de-100-mil-mulheres\/#breadcrumb"},"inLanguage":"pt-BR","potentialAction":[{"@type":"ReadAction","target":["https:\/\/www.notibras.com\/site\/marcha-das-margaridas-reune-mais-de-100-mil-mulheres\/"]}]},{"@type":"ImageObject","inLanguage":"pt-BR","@id":"https:\/\/www.notibras.com\/site\/marcha-das-margaridas-reune-mais-de-100-mil-mulheres\/#primaryimage","url":"https:\/\/www.notibras.com\/site\/wp-content\/uploads\/2023\/08\/margaridas_mcmgo_abr_14081920635-1.jpg","contentUrl":"https:\/\/www.notibras.com\/site\/wp-content\/uploads\/2023\/08\/margaridas_mcmgo_abr_14081920635-1.jpg","width":1170,"height":700,"caption":"Marcha das Margaridas."},{"@type":"BreadcrumbList","@id":"https:\/\/www.notibras.com\/site\/marcha-das-margaridas-reune-mais-de-100-mil-mulheres\/#breadcrumb","itemListElement":[{"@type":"ListItem","position":1,"name":"In\u00edcio","item":"https:\/\/www.notibras.com\/site\/"},{"@type":"ListItem","position":2,"name":"Marcha das Margaridas re\u00fane mais de 100 mil mulheres"}]},{"@type":"WebSite","@id":"https:\/\/www.notibras.com\/site\/#website","url":"https:\/\/www.notibras.com\/site\/","name":"Notibras","description":"Not\u00edcias de Bras\u00edlia, do Brasil e do Mundo","publisher":{"@id":"https:\/\/www.notibras.com\/site\/#organization"},"potentialAction":[{"@type":"SearchAction","target":{"@type":"EntryPoint","urlTemplate":"https:\/\/www.notibras.com\/site\/?s={search_term_string}"},"query-input":{"@type":"PropertyValueSpecification","valueRequired":true,"valueName":"search_term_string"}}],"inLanguage":"pt-BR"},{"@type":"Organization","@id":"https:\/\/www.notibras.com\/site\/#organization","name":"Grupo Notibras de Comunica\u00e7\u00e3o","url":"https:\/\/www.notibras.com\/site\/","logo":{"@type":"ImageObject","inLanguage":"pt-BR","@id":"https:\/\/www.notibras.com\/site\/#\/schema\/logo\/image\/","url":"https:\/\/www.notibras.com\/site\/wp-content\/uploads\/2023\/01\/notibras23.png","contentUrl":"https:\/\/www.notibras.com\/site\/wp-content\/uploads\/2023\/01\/notibras23.png","width":350,"height":87,"caption":"Grupo Notibras de Comunica\u00e7\u00e3o"},"image":{"@id":"https:\/\/www.notibras.com\/site\/#\/schema\/logo\/image\/"},"sameAs":["https:\/\/www.facebook.com\/notibras\/","https:\/\/x.com\/Notibras","https:\/\/www.instagram.com\/notibras\/"]},{"@type":"Person","@id":"https:\/\/www.notibras.com\/site\/#\/schema\/person\/36ab0979449956132d3e5b517ea76ac8","name":"Reda\u00e7\u00e3o","image":{"@type":"ImageObject","inLanguage":"pt-BR","@id":"https:\/\/secure.gravatar.com\/avatar\/e0a867bdedb85fd243eadf09663511f96fc81e0720a4a42581f334ad4303aa6b?s=96&d=mm&r=g","url":"https:\/\/secure.gravatar.com\/avatar\/e0a867bdedb85fd243eadf09663511f96fc81e0720a4a42581f334ad4303aa6b?s=96&d=mm&r=g","contentUrl":"https:\/\/secure.gravatar.com\/avatar\/e0a867bdedb85fd243eadf09663511f96fc81e0720a4a42581f334ad4303aa6b?s=96&d=mm&r=g","caption":"Reda\u00e7\u00e3o"}}]}},"amp_enabled":true,"_links":{"self":[{"href":"https:\/\/www.notibras.com\/site\/wp-json\/wp\/v2\/posts\/311047","targetHints":{"allow":["GET"]}}],"collection":[{"href":"https:\/\/www.notibras.com\/site\/wp-json\/wp\/v2\/posts"}],"about":[{"href":"https:\/\/www.notibras.com\/site\/wp-json\/wp\/v2\/types\/post"}],"author":[{"embeddable":true,"href":"https:\/\/www.notibras.com\/site\/wp-json\/wp\/v2\/users\/2"}],"replies":[{"embeddable":true,"href":"https:\/\/www.notibras.com\/site\/wp-json\/wp\/v2\/comments?post=311047"}],"version-history":[{"count":1,"href":"https:\/\/www.notibras.com\/site\/wp-json\/wp\/v2\/posts\/311047\/revisions"}],"predecessor-version":[{"id":311049,"href":"https:\/\/www.notibras.com\/site\/wp-json\/wp\/v2\/posts\/311047\/revisions\/311049"}],"wp:featuredmedia":[{"embeddable":true,"href":"https:\/\/www.notibras.com\/site\/wp-json\/wp\/v2\/media\/311048"}],"wp:attachment":[{"href":"https:\/\/www.notibras.com\/site\/wp-json\/wp\/v2\/media?parent=311047"}],"wp:term":[{"taxonomy":"category","embeddable":true,"href":"https:\/\/www.notibras.com\/site\/wp-json\/wp\/v2\/categories?post=311047"},{"taxonomy":"post_tag","embeddable":true,"href":"https:\/\/www.notibras.com\/site\/wp-json\/wp\/v2\/tags?post=311047"}],"curies":[{"name":"wp","href":"https:\/\/api.w.org\/{rel}","templated":true}]}}