{"id":311053,"date":"2023-08-15T00:03:31","date_gmt":"2023-08-15T03:03:31","guid":{"rendered":"https:\/\/www.notibras.com\/site\/?p=311053"},"modified":"2023-08-15T09:06:36","modified_gmt":"2023-08-15T12:06:36","slug":"casos-de-covid-voltam-a-assustar-mas-mortes-caem","status":"publish","type":"post","link":"https:\/\/www.notibras.com\/site\/casos-de-covid-voltam-a-assustar-mas-mortes-caem\/","title":{"rendered":"Casos de Covid voltam a assustar, mas mortes caem"},"content":{"rendered":"<p>Cerca de 1,5 milh\u00e3o de novos casos de covid-19 foram registrados em todo o mundo entre 10 de julho e 6 de agosto \u2013 um aumento de 80% em rela\u00e7\u00e3o ao per\u00edodo anterior. E o Brasil faz parte desse mapa. Durante os mesmos 28 dias, o v\u00edrus causou ainda 2,5 mil mortes \u2013 uma queda de 57% em rela\u00e7\u00e3o ao per\u00edodo anterior. Os dados s\u00e3o da Organiza\u00e7\u00e3o Mundial da Sa\u00fade (OMS).<\/p>\n<p>Os n\u00fameros mostram que, enquanto diversos pa\u00edses registraram queda de novos casos e de \u00f3bitos provocados pela doen\u00e7a, a regi\u00e3o do Pac\u00edfico Ocidental identificou aumento de novas infec\u00e7\u00f5es em meio a uma redu\u00e7\u00e3o nos \u00f3bitos. Desde o dia 6 de agosto, mais de 769 milh\u00f5es de casos foram reportados globalmente, al\u00e9m de cerca de 6,9 milh\u00f5es de mortes.<\/p>\n<p>\u201cAtualmente, os casos relatados n\u00e3o representam com precis\u00e3o as taxas de infec\u00e7\u00e3o devido \u00e0 redu\u00e7\u00e3o de testes e relat\u00f3rios globalmente. Durante esse per\u00edodo de 28 dias, 44% (103 de 234) dos pa\u00edses relataram pelo menos um caso \u00e0 OMS \u2013 uma propor\u00e7\u00e3o que vem diminuindo desde meados de 2022\u201d, destacou a entidade em comunicado.<\/p>\n","protected":false},"excerpt":{"rendered":"<p>Cerca de 1,5 milh\u00e3o de novos casos de covid-19 foram registrados em todo o mundo entre 10 de julho e 6 de agosto \u2013 um aumento de 80% em rela\u00e7\u00e3o ao per\u00edodo anterior. E o Brasil faz parte desse mapa. Durante os mesmos 28 dias, o v\u00edrus causou ainda 2,5 mil mortes \u2013 uma queda [&hellip;]<\/p>\n","protected":false},"author":2,"featured_media":311054,"comment_status":"closed","ping_status":"closed","sticky":false,"template":"","format":"standard","meta":{"_acf_changed":false,"footnotes":""},"categories":[161],"tags":[95],"class_list":["post-311053","post","type-post","status-publish","format-standard","has-post-thumbnail","hentry","category-quadradinho-em-foco","tag-capa"],"acf":[],"yoast_head":"<!-- This site is optimized with the Yoast SEO plugin v27.2 - https:\/\/yoast.com\/product\/yoast-seo-wordpress\/ -->\n<title>Casos de Covid voltam a assustar, mas mortes caem - Notibras<\/title>\n<meta name=\"robots\" content=\"index, follow, max-snippet:-1, max-image-preview:large, max-video-preview:-1\" \/>\n<link rel=\"canonical\" href=\"https:\/\/www.notibras.com\/site\/casos-de-covid-voltam-a-assustar-mas-mortes-caem\/\" \/>\n<meta property=\"og:locale\" content=\"pt_BR\" \/>\n<meta property=\"og:type\" content=\"article\" \/>\n<meta property=\"og:title\" content=\"Casos de Covid voltam a assustar, mas mortes caem - Notibras\" \/>\n<meta property=\"og:description\" content=\"Cerca de 1,5 milh\u00e3o de novos casos de covid-19 foram registrados em todo o mundo entre 10 de julho e 6 de agosto \u2013 um aumento de 80% em rela\u00e7\u00e3o ao per\u00edodo anterior. E o Brasil faz parte desse mapa. Durante os mesmos 28 dias, o v\u00edrus causou ainda 2,5 mil mortes \u2013 uma queda [&hellip;]\" \/>\n<meta property=\"og:url\" content=\"https:\/\/www.notibras.com\/site\/casos-de-covid-voltam-a-assustar-mas-mortes-caem\/\" \/>\n<meta property=\"og:site_name\" content=\"Notibras\" \/>\n<meta property=\"article:publisher\" content=\"https:\/\/www.facebook.com\/notibras\/\" \/>\n<meta property=\"article:published_time\" content=\"2023-08-15T03:03:31+00:00\" \/>\n<meta property=\"article:modified_time\" content=\"2023-08-15T12:06:36+00:00\" \/>\n<meta property=\"og:image\" content=\"https:\/\/www.notibras.com\/site\/wp-content\/uploads\/2023\/08\/img_3307-1.jpg\" \/>\n\t<meta property=\"og:image:width\" content=\"1170\" \/>\n\t<meta property=\"og:image:height\" content=\"700\" \/>\n\t<meta property=\"og:image:type\" content=\"image\/jpeg\" \/>\n<meta name=\"author\" content=\"Reda\u00e7\u00e3o\" \/>\n<meta name=\"twitter:card\" content=\"summary_large_image\" \/>\n<meta name=\"twitter:creator\" content=\"@Notibras\" \/>\n<meta name=\"twitter:site\" content=\"@Notibras\" \/>\n<meta name=\"twitter:label1\" content=\"Escrito por\" \/>\n\t<meta name=\"twitter:data1\" content=\"Reda\u00e7\u00e3o\" \/>\n\t<meta name=\"twitter:label2\" content=\"Est. tempo de leitura\" \/>\n\t<meta name=\"twitter:data2\" content=\"1 minuto\" \/>\n<script type=\"application\/ld+json\" class=\"yoast-schema-graph\">{\"@context\":\"https:\/\/schema.org\",\"@graph\":[{\"@type\":\"Article\",\"@id\":\"https:\/\/www.notibras.com\/site\/casos-de-covid-voltam-a-assustar-mas-mortes-caem\/#article\",\"isPartOf\":{\"@id\":\"https:\/\/www.notibras.com\/site\/casos-de-covid-voltam-a-assustar-mas-mortes-caem\/\"},\"author\":{\"name\":\"Reda\u00e7\u00e3o\",\"@id\":\"https:\/\/www.notibras.com\/site\/#\/schema\/person\/36ab0979449956132d3e5b517ea76ac8\"},\"headline\":\"Casos de Covid voltam a assustar, mas mortes caem\",\"datePublished\":\"2023-08-15T03:03:31+00:00\",\"dateModified\":\"2023-08-15T12:06:36+00:00\",\"mainEntityOfPage\":{\"@id\":\"https:\/\/www.notibras.com\/site\/casos-de-covid-voltam-a-assustar-mas-mortes-caem\/\"},\"wordCount\":199,\"publisher\":{\"@id\":\"https:\/\/www.notibras.com\/site\/#organization\"},\"image\":{\"@id\":\"https:\/\/www.notibras.com\/site\/casos-de-covid-voltam-a-assustar-mas-mortes-caem\/#primaryimage\"},\"thumbnailUrl\":\"https:\/\/www.notibras.com\/site\/wp-content\/uploads\/2023\/08\/img_3307-1.jpg\",\"keywords\":[\"capa\"],\"articleSection\":[\"Quadradinho em Foco\"],\"inLanguage\":\"pt-BR\"},{\"@type\":\"WebPage\",\"@id\":\"https:\/\/www.notibras.com\/site\/casos-de-covid-voltam-a-assustar-mas-mortes-caem\/\",\"url\":\"https:\/\/www.notibras.com\/site\/casos-de-covid-voltam-a-assustar-mas-mortes-caem\/\",\"name\":\"Casos de Covid voltam a assustar, mas mortes caem - Notibras\",\"isPartOf\":{\"@id\":\"https:\/\/www.notibras.com\/site\/#website\"},\"primaryImageOfPage\":{\"@id\":\"https:\/\/www.notibras.com\/site\/casos-de-covid-voltam-a-assustar-mas-mortes-caem\/#primaryimage\"},\"image\":{\"@id\":\"https:\/\/www.notibras.com\/site\/casos-de-covid-voltam-a-assustar-mas-mortes-caem\/#primaryimage\"},\"thumbnailUrl\":\"https:\/\/www.notibras.com\/site\/wp-content\/uploads\/2023\/08\/img_3307-1.jpg\",\"datePublished\":\"2023-08-15T03:03:31+00:00\",\"dateModified\":\"2023-08-15T12:06:36+00:00\",\"breadcrumb\":{\"@id\":\"https:\/\/www.notibras.com\/site\/casos-de-covid-voltam-a-assustar-mas-mortes-caem\/#breadcrumb\"},\"inLanguage\":\"pt-BR\",\"potentialAction\":[{\"@type\":\"ReadAction\",\"target\":[\"https:\/\/www.notibras.com\/site\/casos-de-covid-voltam-a-assustar-mas-mortes-caem\/\"]}]},{\"@type\":\"ImageObject\",\"inLanguage\":\"pt-BR\",\"@id\":\"https:\/\/www.notibras.com\/site\/casos-de-covid-voltam-a-assustar-mas-mortes-caem\/#primaryimage\",\"url\":\"https:\/\/www.notibras.com\/site\/wp-content\/uploads\/2023\/08\/img_3307-1.jpg\",\"contentUrl\":\"https:\/\/www.notibras.com\/site\/wp-content\/uploads\/2023\/08\/img_3307-1.jpg\",\"width\":1170,\"height\":700,\"caption\":\"Vacina bivalente contra Covid\"},{\"@type\":\"BreadcrumbList\",\"@id\":\"https:\/\/www.notibras.com\/site\/casos-de-covid-voltam-a-assustar-mas-mortes-caem\/#breadcrumb\",\"itemListElement\":[{\"@type\":\"ListItem\",\"position\":1,\"name\":\"In\u00edcio\",\"item\":\"https:\/\/www.notibras.com\/site\/\"},{\"@type\":\"ListItem\",\"position\":2,\"name\":\"Casos de Covid voltam a assustar, mas mortes caem\"}]},{\"@type\":\"WebSite\",\"@id\":\"https:\/\/www.notibras.com\/site\/#website\",\"url\":\"https:\/\/www.notibras.com\/site\/\",\"name\":\"Notibras\",\"description\":\"Not\u00edcias de Bras\u00edlia, do Brasil e do Mundo\",\"publisher\":{\"@id\":\"https:\/\/www.notibras.com\/site\/#organization\"},\"potentialAction\":[{\"@type\":\"SearchAction\",\"target\":{\"@type\":\"EntryPoint\",\"urlTemplate\":\"https:\/\/www.notibras.com\/site\/?s={search_term_string}\"},\"query-input\":{\"@type\":\"PropertyValueSpecification\",\"valueRequired\":true,\"valueName\":\"search_term_string\"}}],\"inLanguage\":\"pt-BR\"},{\"@type\":\"Organization\",\"@id\":\"https:\/\/www.notibras.com\/site\/#organization\",\"name\":\"Grupo Notibras de Comunica\u00e7\u00e3o\",\"url\":\"https:\/\/www.notibras.com\/site\/\",\"logo\":{\"@type\":\"ImageObject\",\"inLanguage\":\"pt-BR\",\"@id\":\"https:\/\/www.notibras.com\/site\/#\/schema\/logo\/image\/\",\"url\":\"https:\/\/www.notibras.com\/site\/wp-content\/uploads\/2023\/01\/notibras23.png\",\"contentUrl\":\"https:\/\/www.notibras.com\/site\/wp-content\/uploads\/2023\/01\/notibras23.png\",\"width\":350,\"height\":87,\"caption\":\"Grupo Notibras de Comunica\u00e7\u00e3o\"},\"image\":{\"@id\":\"https:\/\/www.notibras.com\/site\/#\/schema\/logo\/image\/\"},\"sameAs\":[\"https:\/\/www.facebook.com\/notibras\/\",\"https:\/\/x.com\/Notibras\",\"https:\/\/www.instagram.com\/notibras\/\"]},{\"@type\":\"Person\",\"@id\":\"https:\/\/www.notibras.com\/site\/#\/schema\/person\/36ab0979449956132d3e5b517ea76ac8\",\"name\":\"Reda\u00e7\u00e3o\",\"image\":{\"@type\":\"ImageObject\",\"inLanguage\":\"pt-BR\",\"@id\":\"https:\/\/secure.gravatar.com\/avatar\/e0a867bdedb85fd243eadf09663511f96fc81e0720a4a42581f334ad4303aa6b?s=96&d=mm&r=g\",\"url\":\"https:\/\/secure.gravatar.com\/avatar\/e0a867bdedb85fd243eadf09663511f96fc81e0720a4a42581f334ad4303aa6b?s=96&d=mm&r=g\",\"contentUrl\":\"https:\/\/secure.gravatar.com\/avatar\/e0a867bdedb85fd243eadf09663511f96fc81e0720a4a42581f334ad4303aa6b?s=96&d=mm&r=g\",\"caption\":\"Reda\u00e7\u00e3o\"}}]}<\/script>\n<!-- \/ Yoast SEO plugin. -->","yoast_head_json":{"title":"Casos de Covid voltam a assustar, mas mortes caem - Notibras","robots":{"index":"index","follow":"follow","max-snippet":"max-snippet:-1","max-image-preview":"max-image-preview:large","max-video-preview":"max-video-preview:-1"},"canonical":"https:\/\/www.notibras.com\/site\/casos-de-covid-voltam-a-assustar-mas-mortes-caem\/","og_locale":"pt_BR","og_type":"article","og_title":"Casos de Covid voltam a assustar, mas mortes caem - Notibras","og_description":"Cerca de 1,5 milh\u00e3o de novos casos de covid-19 foram registrados em todo o mundo entre 10 de julho e 6 de agosto \u2013 um aumento de 80% em rela\u00e7\u00e3o ao per\u00edodo anterior. E o Brasil faz parte desse mapa. Durante os mesmos 28 dias, o v\u00edrus causou ainda 2,5 mil mortes \u2013 uma queda [&hellip;]","og_url":"https:\/\/www.notibras.com\/site\/casos-de-covid-voltam-a-assustar-mas-mortes-caem\/","og_site_name":"Notibras","article_publisher":"https:\/\/www.facebook.com\/notibras\/","article_published_time":"2023-08-15T03:03:31+00:00","article_modified_time":"2023-08-15T12:06:36+00:00","og_image":[{"width":1170,"height":700,"url":"https:\/\/www.notibras.com\/site\/wp-content\/uploads\/2023\/08\/img_3307-1.jpg","type":"image\/jpeg"}],"author":"Reda\u00e7\u00e3o","twitter_card":"summary_large_image","twitter_creator":"@Notibras","twitter_site":"@Notibras","twitter_misc":{"Escrito por":"Reda\u00e7\u00e3o","Est. tempo de leitura":"1 minuto"},"schema":{"@context":"https:\/\/schema.org","@graph":[{"@type":"Article","@id":"https:\/\/www.notibras.com\/site\/casos-de-covid-voltam-a-assustar-mas-mortes-caem\/#article","isPartOf":{"@id":"https:\/\/www.notibras.com\/site\/casos-de-covid-voltam-a-assustar-mas-mortes-caem\/"},"author":{"name":"Reda\u00e7\u00e3o","@id":"https:\/\/www.notibras.com\/site\/#\/schema\/person\/36ab0979449956132d3e5b517ea76ac8"},"headline":"Casos de Covid voltam a assustar, mas mortes caem","datePublished":"2023-08-15T03:03:31+00:00","dateModified":"2023-08-15T12:06:36+00:00","mainEntityOfPage":{"@id":"https:\/\/www.notibras.com\/site\/casos-de-covid-voltam-a-assustar-mas-mortes-caem\/"},"wordCount":199,"publisher":{"@id":"https:\/\/www.notibras.com\/site\/#organization"},"image":{"@id":"https:\/\/www.notibras.com\/site\/casos-de-covid-voltam-a-assustar-mas-mortes-caem\/#primaryimage"},"thumbnailUrl":"https:\/\/www.notibras.com\/site\/wp-content\/uploads\/2023\/08\/img_3307-1.jpg","keywords":["capa"],"articleSection":["Quadradinho em Foco"],"inLanguage":"pt-BR"},{"@type":"WebPage","@id":"https:\/\/www.notibras.com\/site\/casos-de-covid-voltam-a-assustar-mas-mortes-caem\/","url":"https:\/\/www.notibras.com\/site\/casos-de-covid-voltam-a-assustar-mas-mortes-caem\/","name":"Casos de Covid voltam a assustar, mas mortes caem - Notibras","isPartOf":{"@id":"https:\/\/www.notibras.com\/site\/#website"},"primaryImageOfPage":{"@id":"https:\/\/www.notibras.com\/site\/casos-de-covid-voltam-a-assustar-mas-mortes-caem\/#primaryimage"},"image":{"@id":"https:\/\/www.notibras.com\/site\/casos-de-covid-voltam-a-assustar-mas-mortes-caem\/#primaryimage"},"thumbnailUrl":"https:\/\/www.notibras.com\/site\/wp-content\/uploads\/2023\/08\/img_3307-1.jpg","datePublished":"2023-08-15T03:03:31+00:00","dateModified":"2023-08-15T12:06:36+00:00","breadcrumb":{"@id":"https:\/\/www.notibras.com\/site\/casos-de-covid-voltam-a-assustar-mas-mortes-caem\/#breadcrumb"},"inLanguage":"pt-BR","potentialAction":[{"@type":"ReadAction","target":["https:\/\/www.notibras.com\/site\/casos-de-covid-voltam-a-assustar-mas-mortes-caem\/"]}]},{"@type":"ImageObject","inLanguage":"pt-BR","@id":"https:\/\/www.notibras.com\/site\/casos-de-covid-voltam-a-assustar-mas-mortes-caem\/#primaryimage","url":"https:\/\/www.notibras.com\/site\/wp-content\/uploads\/2023\/08\/img_3307-1.jpg","contentUrl":"https:\/\/www.notibras.com\/site\/wp-content\/uploads\/2023\/08\/img_3307-1.jpg","width":1170,"height":700,"caption":"Vacina bivalente contra Covid"},{"@type":"BreadcrumbList","@id":"https:\/\/www.notibras.com\/site\/casos-de-covid-voltam-a-assustar-mas-mortes-caem\/#breadcrumb","itemListElement":[{"@type":"ListItem","position":1,"name":"In\u00edcio","item":"https:\/\/www.notibras.com\/site\/"},{"@type":"ListItem","position":2,"name":"Casos de Covid voltam a assustar, mas mortes caem"}]},{"@type":"WebSite","@id":"https:\/\/www.notibras.com\/site\/#website","url":"https:\/\/www.notibras.com\/site\/","name":"Notibras","description":"Not\u00edcias de Bras\u00edlia, do Brasil e do Mundo","publisher":{"@id":"https:\/\/www.notibras.com\/site\/#organization"},"potentialAction":[{"@type":"SearchAction","target":{"@type":"EntryPoint","urlTemplate":"https:\/\/www.notibras.com\/site\/?s={search_term_string}"},"query-input":{"@type":"PropertyValueSpecification","valueRequired":true,"valueName":"search_term_string"}}],"inLanguage":"pt-BR"},{"@type":"Organization","@id":"https:\/\/www.notibras.com\/site\/#organization","name":"Grupo Notibras de Comunica\u00e7\u00e3o","url":"https:\/\/www.notibras.com\/site\/","logo":{"@type":"ImageObject","inLanguage":"pt-BR","@id":"https:\/\/www.notibras.com\/site\/#\/schema\/logo\/image\/","url":"https:\/\/www.notibras.com\/site\/wp-content\/uploads\/2023\/01\/notibras23.png","contentUrl":"https:\/\/www.notibras.com\/site\/wp-content\/uploads\/2023\/01\/notibras23.png","width":350,"height":87,"caption":"Grupo Notibras de Comunica\u00e7\u00e3o"},"image":{"@id":"https:\/\/www.notibras.com\/site\/#\/schema\/logo\/image\/"},"sameAs":["https:\/\/www.facebook.com\/notibras\/","https:\/\/x.com\/Notibras","https:\/\/www.instagram.com\/notibras\/"]},{"@type":"Person","@id":"https:\/\/www.notibras.com\/site\/#\/schema\/person\/36ab0979449956132d3e5b517ea76ac8","name":"Reda\u00e7\u00e3o","image":{"@type":"ImageObject","inLanguage":"pt-BR","@id":"https:\/\/secure.gravatar.com\/avatar\/e0a867bdedb85fd243eadf09663511f96fc81e0720a4a42581f334ad4303aa6b?s=96&d=mm&r=g","url":"https:\/\/secure.gravatar.com\/avatar\/e0a867bdedb85fd243eadf09663511f96fc81e0720a4a42581f334ad4303aa6b?s=96&d=mm&r=g","contentUrl":"https:\/\/secure.gravatar.com\/avatar\/e0a867bdedb85fd243eadf09663511f96fc81e0720a4a42581f334ad4303aa6b?s=96&d=mm&r=g","caption":"Reda\u00e7\u00e3o"}}]}},"amp_enabled":true,"_links":{"self":[{"href":"https:\/\/www.notibras.com\/site\/wp-json\/wp\/v2\/posts\/311053","targetHints":{"allow":["GET"]}}],"collection":[{"href":"https:\/\/www.notibras.com\/site\/wp-json\/wp\/v2\/posts"}],"about":[{"href":"https:\/\/www.notibras.com\/site\/wp-json\/wp\/v2\/types\/post"}],"author":[{"embeddable":true,"href":"https:\/\/www.notibras.com\/site\/wp-json\/wp\/v2\/users\/2"}],"replies":[{"embeddable":true,"href":"https:\/\/www.notibras.com\/site\/wp-json\/wp\/v2\/comments?post=311053"}],"version-history":[{"count":1,"href":"https:\/\/www.notibras.com\/site\/wp-json\/wp\/v2\/posts\/311053\/revisions"}],"predecessor-version":[{"id":311055,"href":"https:\/\/www.notibras.com\/site\/wp-json\/wp\/v2\/posts\/311053\/revisions\/311055"}],"wp:featuredmedia":[{"embeddable":true,"href":"https:\/\/www.notibras.com\/site\/wp-json\/wp\/v2\/media\/311054"}],"wp:attachment":[{"href":"https:\/\/www.notibras.com\/site\/wp-json\/wp\/v2\/media?parent=311053"}],"wp:term":[{"taxonomy":"category","embeddable":true,"href":"https:\/\/www.notibras.com\/site\/wp-json\/wp\/v2\/categories?post=311053"},{"taxonomy":"post_tag","embeddable":true,"href":"https:\/\/www.notibras.com\/site\/wp-json\/wp\/v2\/tags?post=311053"}],"curies":[{"name":"wp","href":"https:\/\/api.w.org\/{rel}","templated":true}]}}