{"id":311079,"date":"2023-08-15T11:02:31","date_gmt":"2023-08-15T14:02:31","guid":{"rendered":"https:\/\/www.notibras.com\/site\/?p=311079"},"modified":"2023-08-15T11:02:50","modified_gmt":"2023-08-15T14:02:50","slug":"petrobras-mata-sonho-do-tanque-cheio-e-aumenta-combustiveis","status":"publish","type":"post","link":"https:\/\/www.notibras.com\/site\/petrobras-mata-sonho-do-tanque-cheio-e-aumenta-combustiveis\/","title":{"rendered":"Petrobras mata sonho do tanque cheio e aumenta combust\u00edveis"},"content":{"rendered":"<p>A Petrobras anunciou nesta ter\u00e7a-feira (15), reajuste nos pre\u00e7os da gasolina e do diesel a partir de quarta, 16. A gasolina A &#8211; produzida pelas refinarias de petr\u00f3leo e entregue diretamente \u00e0s distribuidoras &#8211; ter\u00e1 o pre\u00e7o m\u00e9dio aumentado em R$ 0,41 por litro e passar\u00e1 a ser vendida \u00e0s distribuidoras por R$ 2,93. O aumento \u00e9 de cerca de 16%.<\/p>\n<p>\u201cConsiderando a mistura obrigat\u00f3ria de 73% de gasolina A e 27% de etanol anidro para a composi\u00e7\u00e3o da gasolina comercializada nos postos, a parcela da Petrobras no pre\u00e7o ao consumidor ser\u00e1, em m\u00e9dia, R$ 2,14 a cada litro vendido na bomba\u201d, diz o comunicado da empresa.<\/p>\n<p>Apesar desse reajuste, no ano o pre\u00e7o da gasolina vendida \u00e0s distribuidoras acumula redu\u00e7\u00e3o de R$ 0,15 por litro.<\/p>\n<p><strong>Diesel<\/strong><br \/>\nPara o diesel, a Petrobras aumentar\u00e1 o pre\u00e7o m\u00e9dio de venda para as distribuidoras em R$ 0,78, chegando a R$ 3,80 por litro. O reajuste representa 26%.<\/p>\n<p>Levando em considera\u00e7\u00e3o a mistura obrigat\u00f3ria de 88% de diesel A &#8211; produzido nas refinarias &#8211; e 12% de biodiesel para a composi\u00e7\u00e3o do diesel comercializado nos postos, a parcela da Petrobras no pre\u00e7o ao consumidor ser\u00e1, em m\u00e9dia, R$ 3,34 a cada litro.<\/p>\n<p>No ano, o pre\u00e7o de venda de diesel da Petrobras para as distribuidoras acumula redu\u00e7\u00e3o de R$ 0,69 por litro.<\/p>\n<p>A parcela da Petrobras no pre\u00e7o do combust\u00edvel n\u00e3o \u00e9 o valor final que o consumidor encontra nas bombas porque ainda entram no c\u00e1lculo impostos e margens de lucro da distribui\u00e7\u00e3o e dos postos.<\/p>\n<p><strong>Nova pol\u00edtica de pre\u00e7os<\/strong><br \/>\nA Petrobras esclareceu que a nova pol\u00edtica de pre\u00e7os da empresa \u201cincorpora par\u00e2metros que refletem as melhores condi\u00e7\u00f5es de refino e log\u00edstica da Petrobras na sua precifica\u00e7\u00e3o\u201d.<\/p>\n<p>Segundo a empresa, \u201cem um primeiro momento, isso permitiu que a empresa reduzisse seus pre\u00e7os de gasolina e diesel e, nas \u00faltimas semanas, mitigasse os efeitos da volatilidade e da alta abrupta dos pre\u00e7os externos, propiciando per\u00edodo de estabilidade de pre\u00e7os aos seus clientes\u201d.<\/p>\n<p>A companhia ressalta que, \u201cno entanto, a consolida\u00e7\u00e3o dos pre\u00e7os de petr\u00f3leo em outro patamar, e estando a Petrobras no limite da sua otimiza\u00e7\u00e3o operacional, incluindo a realiza\u00e7\u00e3o de importa\u00e7\u00f5es complementares, torna necess\u00e1rio realizar ajustes de pre\u00e7os para ambos os combust\u00edveis, dentro dos par\u00e2metros da estrat\u00e9gia comercial, visando reequil\u00edbrio com o mercado e com os valores marginais para a Petrobras\u201d.<\/p>\n<p>Na avalia\u00e7\u00e3o da companhia, a nova pol\u00edtica de pre\u00e7os evita repassar aos consumidores a volatilidade conjuntural do mercado internacional e da taxa de c\u00e2mbio, ao mesmo tempo em que preserva um \u201cambiente competitivo salutar nos termos da legisla\u00e7\u00e3o vigente\u201d.<\/p>\n","protected":false},"excerpt":{"rendered":"<p>A Petrobras anunciou nesta ter\u00e7a-feira (15), reajuste nos pre\u00e7os da gasolina e do diesel a partir de quarta, 16. A gasolina A &#8211; produzida pelas refinarias de petr\u00f3leo e entregue diretamente \u00e0s distribuidoras &#8211; ter\u00e1 o pre\u00e7o m\u00e9dio aumentado em R$ 0,41 por litro e passar\u00e1 a ser vendida \u00e0s distribuidoras por R$ 2,93. O [&hellip;]<\/p>\n","protected":false},"author":2,"featured_media":305820,"comment_status":"closed","ping_status":"closed","sticky":false,"template":"","format":"standard","meta":{"_acf_changed":false,"footnotes":""},"categories":[161],"tags":[95],"class_list":["post-311079","post","type-post","status-publish","format-standard","has-post-thumbnail","hentry","category-quadradinho-em-foco","tag-capa"],"acf":[],"yoast_head":"<!-- This site is optimized with the Yoast SEO plugin v27.2 - https:\/\/yoast.com\/product\/yoast-seo-wordpress\/ -->\n<title>Petrobras mata sonho do tanque cheio e aumenta combust\u00edveis - Notibras<\/title>\n<meta name=\"robots\" content=\"index, follow, max-snippet:-1, max-image-preview:large, max-video-preview:-1\" \/>\n<link rel=\"canonical\" href=\"https:\/\/www.notibras.com\/site\/petrobras-mata-sonho-do-tanque-cheio-e-aumenta-combustiveis\/\" \/>\n<meta property=\"og:locale\" content=\"pt_BR\" \/>\n<meta property=\"og:type\" content=\"article\" \/>\n<meta property=\"og:title\" content=\"Petrobras mata sonho do tanque cheio e aumenta combust\u00edveis - Notibras\" \/>\n<meta property=\"og:description\" content=\"A Petrobras anunciou nesta ter\u00e7a-feira (15), reajuste nos pre\u00e7os da gasolina e do diesel a partir de quarta, 16. A gasolina A &#8211; produzida pelas refinarias de petr\u00f3leo e entregue diretamente \u00e0s distribuidoras &#8211; ter\u00e1 o pre\u00e7o m\u00e9dio aumentado em R$ 0,41 por litro e passar\u00e1 a ser vendida \u00e0s distribuidoras por R$ 2,93. O [&hellip;]\" \/>\n<meta property=\"og:url\" content=\"https:\/\/www.notibras.com\/site\/petrobras-mata-sonho-do-tanque-cheio-e-aumenta-combustiveis\/\" \/>\n<meta property=\"og:site_name\" content=\"Notibras\" \/>\n<meta property=\"article:publisher\" content=\"https:\/\/www.facebook.com\/notibras\/\" \/>\n<meta property=\"article:published_time\" content=\"2023-08-15T14:02:31+00:00\" \/>\n<meta property=\"article:modified_time\" content=\"2023-08-15T14:02:50+00:00\" \/>\n<meta property=\"og:image\" content=\"https:\/\/www.notibras.com\/site\/wp-content\/uploads\/2023\/05\/tnrgo_edit_28051807952.jpg\" \/>\n\t<meta property=\"og:image:width\" content=\"770\" \/>\n\t<meta property=\"og:image:height\" content=\"513\" \/>\n\t<meta property=\"og:image:type\" content=\"image\/jpeg\" \/>\n<meta name=\"author\" content=\"Reda\u00e7\u00e3o\" \/>\n<meta name=\"twitter:card\" content=\"summary_large_image\" \/>\n<meta name=\"twitter:creator\" content=\"@Notibras\" \/>\n<meta name=\"twitter:site\" content=\"@Notibras\" \/>\n<meta name=\"twitter:label1\" content=\"Escrito por\" \/>\n\t<meta name=\"twitter:data1\" content=\"Reda\u00e7\u00e3o\" \/>\n\t<meta name=\"twitter:label2\" content=\"Est. tempo de leitura\" \/>\n\t<meta name=\"twitter:data2\" content=\"3 minutos\" \/>\n<script type=\"application\/ld+json\" class=\"yoast-schema-graph\">{\"@context\":\"https:\/\/schema.org\",\"@graph\":[{\"@type\":\"Article\",\"@id\":\"https:\/\/www.notibras.com\/site\/petrobras-mata-sonho-do-tanque-cheio-e-aumenta-combustiveis\/#article\",\"isPartOf\":{\"@id\":\"https:\/\/www.notibras.com\/site\/petrobras-mata-sonho-do-tanque-cheio-e-aumenta-combustiveis\/\"},\"author\":{\"name\":\"Reda\u00e7\u00e3o\",\"@id\":\"https:\/\/www.notibras.com\/site\/#\/schema\/person\/36ab0979449956132d3e5b517ea76ac8\"},\"headline\":\"Petrobras mata sonho do tanque cheio e aumenta combust\u00edveis\",\"datePublished\":\"2023-08-15T14:02:31+00:00\",\"dateModified\":\"2023-08-15T14:02:50+00:00\",\"mainEntityOfPage\":{\"@id\":\"https:\/\/www.notibras.com\/site\/petrobras-mata-sonho-do-tanque-cheio-e-aumenta-combustiveis\/\"},\"wordCount\":472,\"publisher\":{\"@id\":\"https:\/\/www.notibras.com\/site\/#organization\"},\"image\":{\"@id\":\"https:\/\/www.notibras.com\/site\/petrobras-mata-sonho-do-tanque-cheio-e-aumenta-combustiveis\/#primaryimage\"},\"thumbnailUrl\":\"https:\/\/www.notibras.com\/site\/wp-content\/uploads\/2023\/05\/tnrgo_edit_28051807952.jpg\",\"keywords\":[\"capa\"],\"articleSection\":[\"Quadradinho em Foco\"],\"inLanguage\":\"pt-BR\"},{\"@type\":\"WebPage\",\"@id\":\"https:\/\/www.notibras.com\/site\/petrobras-mata-sonho-do-tanque-cheio-e-aumenta-combustiveis\/\",\"url\":\"https:\/\/www.notibras.com\/site\/petrobras-mata-sonho-do-tanque-cheio-e-aumenta-combustiveis\/\",\"name\":\"Petrobras mata sonho do tanque cheio e aumenta combust\u00edveis - Notibras\",\"isPartOf\":{\"@id\":\"https:\/\/www.notibras.com\/site\/#website\"},\"primaryImageOfPage\":{\"@id\":\"https:\/\/www.notibras.com\/site\/petrobras-mata-sonho-do-tanque-cheio-e-aumenta-combustiveis\/#primaryimage\"},\"image\":{\"@id\":\"https:\/\/www.notibras.com\/site\/petrobras-mata-sonho-do-tanque-cheio-e-aumenta-combustiveis\/#primaryimage\"},\"thumbnailUrl\":\"https:\/\/www.notibras.com\/site\/wp-content\/uploads\/2023\/05\/tnrgo_edit_28051807952.jpg\",\"datePublished\":\"2023-08-15T14:02:31+00:00\",\"dateModified\":\"2023-08-15T14:02:50+00:00\",\"breadcrumb\":{\"@id\":\"https:\/\/www.notibras.com\/site\/petrobras-mata-sonho-do-tanque-cheio-e-aumenta-combustiveis\/#breadcrumb\"},\"inLanguage\":\"pt-BR\",\"potentialAction\":[{\"@type\":\"ReadAction\",\"target\":[\"https:\/\/www.notibras.com\/site\/petrobras-mata-sonho-do-tanque-cheio-e-aumenta-combustiveis\/\"]}]},{\"@type\":\"ImageObject\",\"inLanguage\":\"pt-BR\",\"@id\":\"https:\/\/www.notibras.com\/site\/petrobras-mata-sonho-do-tanque-cheio-e-aumenta-combustiveis\/#primaryimage\",\"url\":\"https:\/\/www.notibras.com\/site\/wp-content\/uploads\/2023\/05\/tnrgo_edit_28051807952.jpg\",\"contentUrl\":\"https:\/\/www.notibras.com\/site\/wp-content\/uploads\/2023\/05\/tnrgo_edit_28051807952.jpg\",\"width\":770,\"height\":513,\"caption\":\"Posto de combustIvel, em S\u00e3o Crist\u00f3v\u00e3o, na zona norte da cidade, recebe gasolina e volta a abastecer, gerando enormes filas de carros e motos.\"},{\"@type\":\"BreadcrumbList\",\"@id\":\"https:\/\/www.notibras.com\/site\/petrobras-mata-sonho-do-tanque-cheio-e-aumenta-combustiveis\/#breadcrumb\",\"itemListElement\":[{\"@type\":\"ListItem\",\"position\":1,\"name\":\"In\u00edcio\",\"item\":\"https:\/\/www.notibras.com\/site\/\"},{\"@type\":\"ListItem\",\"position\":2,\"name\":\"Petrobras mata sonho do tanque cheio e aumenta combust\u00edveis\"}]},{\"@type\":\"WebSite\",\"@id\":\"https:\/\/www.notibras.com\/site\/#website\",\"url\":\"https:\/\/www.notibras.com\/site\/\",\"name\":\"Notibras\",\"description\":\"Not\u00edcias de Bras\u00edlia, do Brasil e do Mundo\",\"publisher\":{\"@id\":\"https:\/\/www.notibras.com\/site\/#organization\"},\"potentialAction\":[{\"@type\":\"SearchAction\",\"target\":{\"@type\":\"EntryPoint\",\"urlTemplate\":\"https:\/\/www.notibras.com\/site\/?s={search_term_string}\"},\"query-input\":{\"@type\":\"PropertyValueSpecification\",\"valueRequired\":true,\"valueName\":\"search_term_string\"}}],\"inLanguage\":\"pt-BR\"},{\"@type\":\"Organization\",\"@id\":\"https:\/\/www.notibras.com\/site\/#organization\",\"name\":\"Grupo Notibras de Comunica\u00e7\u00e3o\",\"url\":\"https:\/\/www.notibras.com\/site\/\",\"logo\":{\"@type\":\"ImageObject\",\"inLanguage\":\"pt-BR\",\"@id\":\"https:\/\/www.notibras.com\/site\/#\/schema\/logo\/image\/\",\"url\":\"https:\/\/www.notibras.com\/site\/wp-content\/uploads\/2023\/01\/notibras23.png\",\"contentUrl\":\"https:\/\/www.notibras.com\/site\/wp-content\/uploads\/2023\/01\/notibras23.png\",\"width\":350,\"height\":87,\"caption\":\"Grupo Notibras de Comunica\u00e7\u00e3o\"},\"image\":{\"@id\":\"https:\/\/www.notibras.com\/site\/#\/schema\/logo\/image\/\"},\"sameAs\":[\"https:\/\/www.facebook.com\/notibras\/\",\"https:\/\/x.com\/Notibras\",\"https:\/\/www.instagram.com\/notibras\/\"]},{\"@type\":\"Person\",\"@id\":\"https:\/\/www.notibras.com\/site\/#\/schema\/person\/36ab0979449956132d3e5b517ea76ac8\",\"name\":\"Reda\u00e7\u00e3o\",\"image\":{\"@type\":\"ImageObject\",\"inLanguage\":\"pt-BR\",\"@id\":\"https:\/\/secure.gravatar.com\/avatar\/e0a867bdedb85fd243eadf09663511f96fc81e0720a4a42581f334ad4303aa6b?s=96&d=mm&r=g\",\"url\":\"https:\/\/secure.gravatar.com\/avatar\/e0a867bdedb85fd243eadf09663511f96fc81e0720a4a42581f334ad4303aa6b?s=96&d=mm&r=g\",\"contentUrl\":\"https:\/\/secure.gravatar.com\/avatar\/e0a867bdedb85fd243eadf09663511f96fc81e0720a4a42581f334ad4303aa6b?s=96&d=mm&r=g\",\"caption\":\"Reda\u00e7\u00e3o\"}}]}<\/script>\n<!-- \/ Yoast SEO plugin. -->","yoast_head_json":{"title":"Petrobras mata sonho do tanque cheio e aumenta combust\u00edveis - Notibras","robots":{"index":"index","follow":"follow","max-snippet":"max-snippet:-1","max-image-preview":"max-image-preview:large","max-video-preview":"max-video-preview:-1"},"canonical":"https:\/\/www.notibras.com\/site\/petrobras-mata-sonho-do-tanque-cheio-e-aumenta-combustiveis\/","og_locale":"pt_BR","og_type":"article","og_title":"Petrobras mata sonho do tanque cheio e aumenta combust\u00edveis - Notibras","og_description":"A Petrobras anunciou nesta ter\u00e7a-feira (15), reajuste nos pre\u00e7os da gasolina e do diesel a partir de quarta, 16. A gasolina A &#8211; produzida pelas refinarias de petr\u00f3leo e entregue diretamente \u00e0s distribuidoras &#8211; ter\u00e1 o pre\u00e7o m\u00e9dio aumentado em R$ 0,41 por litro e passar\u00e1 a ser vendida \u00e0s distribuidoras por R$ 2,93. O [&hellip;]","og_url":"https:\/\/www.notibras.com\/site\/petrobras-mata-sonho-do-tanque-cheio-e-aumenta-combustiveis\/","og_site_name":"Notibras","article_publisher":"https:\/\/www.facebook.com\/notibras\/","article_published_time":"2023-08-15T14:02:31+00:00","article_modified_time":"2023-08-15T14:02:50+00:00","og_image":[{"width":770,"height":513,"url":"https:\/\/www.notibras.com\/site\/wp-content\/uploads\/2023\/05\/tnrgo_edit_28051807952.jpg","type":"image\/jpeg"}],"author":"Reda\u00e7\u00e3o","twitter_card":"summary_large_image","twitter_creator":"@Notibras","twitter_site":"@Notibras","twitter_misc":{"Escrito por":"Reda\u00e7\u00e3o","Est. tempo de leitura":"3 minutos"},"schema":{"@context":"https:\/\/schema.org","@graph":[{"@type":"Article","@id":"https:\/\/www.notibras.com\/site\/petrobras-mata-sonho-do-tanque-cheio-e-aumenta-combustiveis\/#article","isPartOf":{"@id":"https:\/\/www.notibras.com\/site\/petrobras-mata-sonho-do-tanque-cheio-e-aumenta-combustiveis\/"},"author":{"name":"Reda\u00e7\u00e3o","@id":"https:\/\/www.notibras.com\/site\/#\/schema\/person\/36ab0979449956132d3e5b517ea76ac8"},"headline":"Petrobras mata sonho do tanque cheio e aumenta combust\u00edveis","datePublished":"2023-08-15T14:02:31+00:00","dateModified":"2023-08-15T14:02:50+00:00","mainEntityOfPage":{"@id":"https:\/\/www.notibras.com\/site\/petrobras-mata-sonho-do-tanque-cheio-e-aumenta-combustiveis\/"},"wordCount":472,"publisher":{"@id":"https:\/\/www.notibras.com\/site\/#organization"},"image":{"@id":"https:\/\/www.notibras.com\/site\/petrobras-mata-sonho-do-tanque-cheio-e-aumenta-combustiveis\/#primaryimage"},"thumbnailUrl":"https:\/\/www.notibras.com\/site\/wp-content\/uploads\/2023\/05\/tnrgo_edit_28051807952.jpg","keywords":["capa"],"articleSection":["Quadradinho em Foco"],"inLanguage":"pt-BR"},{"@type":"WebPage","@id":"https:\/\/www.notibras.com\/site\/petrobras-mata-sonho-do-tanque-cheio-e-aumenta-combustiveis\/","url":"https:\/\/www.notibras.com\/site\/petrobras-mata-sonho-do-tanque-cheio-e-aumenta-combustiveis\/","name":"Petrobras mata sonho do tanque cheio e aumenta combust\u00edveis - Notibras","isPartOf":{"@id":"https:\/\/www.notibras.com\/site\/#website"},"primaryImageOfPage":{"@id":"https:\/\/www.notibras.com\/site\/petrobras-mata-sonho-do-tanque-cheio-e-aumenta-combustiveis\/#primaryimage"},"image":{"@id":"https:\/\/www.notibras.com\/site\/petrobras-mata-sonho-do-tanque-cheio-e-aumenta-combustiveis\/#primaryimage"},"thumbnailUrl":"https:\/\/www.notibras.com\/site\/wp-content\/uploads\/2023\/05\/tnrgo_edit_28051807952.jpg","datePublished":"2023-08-15T14:02:31+00:00","dateModified":"2023-08-15T14:02:50+00:00","breadcrumb":{"@id":"https:\/\/www.notibras.com\/site\/petrobras-mata-sonho-do-tanque-cheio-e-aumenta-combustiveis\/#breadcrumb"},"inLanguage":"pt-BR","potentialAction":[{"@type":"ReadAction","target":["https:\/\/www.notibras.com\/site\/petrobras-mata-sonho-do-tanque-cheio-e-aumenta-combustiveis\/"]}]},{"@type":"ImageObject","inLanguage":"pt-BR","@id":"https:\/\/www.notibras.com\/site\/petrobras-mata-sonho-do-tanque-cheio-e-aumenta-combustiveis\/#primaryimage","url":"https:\/\/www.notibras.com\/site\/wp-content\/uploads\/2023\/05\/tnrgo_edit_28051807952.jpg","contentUrl":"https:\/\/www.notibras.com\/site\/wp-content\/uploads\/2023\/05\/tnrgo_edit_28051807952.jpg","width":770,"height":513,"caption":"Posto de combustIvel, em S\u00e3o Crist\u00f3v\u00e3o, na zona norte da cidade, recebe gasolina e volta a abastecer, gerando enormes filas de carros e motos."},{"@type":"BreadcrumbList","@id":"https:\/\/www.notibras.com\/site\/petrobras-mata-sonho-do-tanque-cheio-e-aumenta-combustiveis\/#breadcrumb","itemListElement":[{"@type":"ListItem","position":1,"name":"In\u00edcio","item":"https:\/\/www.notibras.com\/site\/"},{"@type":"ListItem","position":2,"name":"Petrobras mata sonho do tanque cheio e aumenta combust\u00edveis"}]},{"@type":"WebSite","@id":"https:\/\/www.notibras.com\/site\/#website","url":"https:\/\/www.notibras.com\/site\/","name":"Notibras","description":"Not\u00edcias de Bras\u00edlia, do Brasil e do Mundo","publisher":{"@id":"https:\/\/www.notibras.com\/site\/#organization"},"potentialAction":[{"@type":"SearchAction","target":{"@type":"EntryPoint","urlTemplate":"https:\/\/www.notibras.com\/site\/?s={search_term_string}"},"query-input":{"@type":"PropertyValueSpecification","valueRequired":true,"valueName":"search_term_string"}}],"inLanguage":"pt-BR"},{"@type":"Organization","@id":"https:\/\/www.notibras.com\/site\/#organization","name":"Grupo Notibras de Comunica\u00e7\u00e3o","url":"https:\/\/www.notibras.com\/site\/","logo":{"@type":"ImageObject","inLanguage":"pt-BR","@id":"https:\/\/www.notibras.com\/site\/#\/schema\/logo\/image\/","url":"https:\/\/www.notibras.com\/site\/wp-content\/uploads\/2023\/01\/notibras23.png","contentUrl":"https:\/\/www.notibras.com\/site\/wp-content\/uploads\/2023\/01\/notibras23.png","width":350,"height":87,"caption":"Grupo Notibras de Comunica\u00e7\u00e3o"},"image":{"@id":"https:\/\/www.notibras.com\/site\/#\/schema\/logo\/image\/"},"sameAs":["https:\/\/www.facebook.com\/notibras\/","https:\/\/x.com\/Notibras","https:\/\/www.instagram.com\/notibras\/"]},{"@type":"Person","@id":"https:\/\/www.notibras.com\/site\/#\/schema\/person\/36ab0979449956132d3e5b517ea76ac8","name":"Reda\u00e7\u00e3o","image":{"@type":"ImageObject","inLanguage":"pt-BR","@id":"https:\/\/secure.gravatar.com\/avatar\/e0a867bdedb85fd243eadf09663511f96fc81e0720a4a42581f334ad4303aa6b?s=96&d=mm&r=g","url":"https:\/\/secure.gravatar.com\/avatar\/e0a867bdedb85fd243eadf09663511f96fc81e0720a4a42581f334ad4303aa6b?s=96&d=mm&r=g","contentUrl":"https:\/\/secure.gravatar.com\/avatar\/e0a867bdedb85fd243eadf09663511f96fc81e0720a4a42581f334ad4303aa6b?s=96&d=mm&r=g","caption":"Reda\u00e7\u00e3o"}}]}},"amp_enabled":true,"_links":{"self":[{"href":"https:\/\/www.notibras.com\/site\/wp-json\/wp\/v2\/posts\/311079","targetHints":{"allow":["GET"]}}],"collection":[{"href":"https:\/\/www.notibras.com\/site\/wp-json\/wp\/v2\/posts"}],"about":[{"href":"https:\/\/www.notibras.com\/site\/wp-json\/wp\/v2\/types\/post"}],"author":[{"embeddable":true,"href":"https:\/\/www.notibras.com\/site\/wp-json\/wp\/v2\/users\/2"}],"replies":[{"embeddable":true,"href":"https:\/\/www.notibras.com\/site\/wp-json\/wp\/v2\/comments?post=311079"}],"version-history":[{"count":2,"href":"https:\/\/www.notibras.com\/site\/wp-json\/wp\/v2\/posts\/311079\/revisions"}],"predecessor-version":[{"id":311081,"href":"https:\/\/www.notibras.com\/site\/wp-json\/wp\/v2\/posts\/311079\/revisions\/311081"}],"wp:featuredmedia":[{"embeddable":true,"href":"https:\/\/www.notibras.com\/site\/wp-json\/wp\/v2\/media\/305820"}],"wp:attachment":[{"href":"https:\/\/www.notibras.com\/site\/wp-json\/wp\/v2\/media?parent=311079"}],"wp:term":[{"taxonomy":"category","embeddable":true,"href":"https:\/\/www.notibras.com\/site\/wp-json\/wp\/v2\/categories?post=311079"},{"taxonomy":"post_tag","embeddable":true,"href":"https:\/\/www.notibras.com\/site\/wp-json\/wp\/v2\/tags?post=311079"}],"curies":[{"name":"wp","href":"https:\/\/api.w.org\/{rel}","templated":true}]}}