{"id":311112,"date":"2023-08-16T00:01:59","date_gmt":"2023-08-16T03:01:59","guid":{"rendered":"https:\/\/www.notibras.com\/site\/?p=311112"},"modified":"2023-08-16T07:29:52","modified_gmt":"2023-08-16T10:29:52","slug":"cartilha-da-dica-para-deteccao-precoce-do-glaucoma-infantil","status":"publish","type":"post","link":"https:\/\/www.notibras.com\/site\/cartilha-da-dica-para-deteccao-precoce-do-glaucoma-infantil\/","title":{"rendered":"Cartilha d\u00e1 dica para detec\u00e7\u00e3o precoce do glaucoma infantil"},"content":{"rendered":"<p>Na quinta, 17, a Sociedade Brasileira de Glaucoma (SBG) lan\u00e7a em live, no seu canal no You Tube, um novo aliado de pais e pediatras para a detec\u00e7\u00e3o precoce do glaucoma infantil. Trata-se da cartilha Glaucoma infantil: diagn\u00f3stico precoce \u00e9 a melhor op\u00e7\u00e3o, cujos tr\u00eas personagens (\u00cdris, Glauco e Pio) protagonizam a campanha de preven\u00e7\u00e3o ao glaucoma pedi\u00e1trico que ser\u00e1 lan\u00e7ada pela SBG. Embora a doen\u00e7a n\u00e3o tenha cura, ela tem tratamento. Entre adultos, o glaucoma \u00e9 considerado a principal causa de cegueira irrevers\u00edvel no mundo.<\/p>\n<p>De acordo com a Organiza\u00e7\u00e3o Mundial da Sa\u00fade (OMS), o glaucoma \u00e9 respons\u00e1vel por 5% dos casos de cegueira em crian\u00e7as em todo o globo. Isso significa que de 1,5 milh\u00e3o de crian\u00e7as de 0 a 7 anos de idade, 75 mil ficaram cegas devido \u00e0 doen\u00e7a.<\/p>\n<p>\u201cA popula\u00e7\u00e3o, os pediatras, s\u00e3o nosso p\u00fablico-alvo da live, porque s\u00e3o as primeiras pessoas que t\u00eam contato com a crian\u00e7a com suspeita de glaucoma infantil que d\u00e1 sintomas\u201d, disse nesta ter\u00e7a-feira (15) \u00e0 Ag\u00eancia Brasil a oftalmologista H\u00e9vila Rolim, professora de oftalmologia da Universidade Federal de Rond\u00f4nia (Unir) e coordenadora do setor de Glaucoma Pedi\u00e1trico da SBG. H\u00e9vila \u00e9 uma das autoras da cartilha, ao lado de Ana Fl\u00e1via Belfort e Regina Cele Silveira Seixas, tamb\u00e9m coordenadoras do setor de Glaucoma Pedi\u00e1trico da entidade.<\/p>\n<p><strong>Tipos<\/strong><br \/>\nO tipo mais comum da doen\u00e7a \u00e9 o glaucoma cong\u00eanito. \u201cA crian\u00e7a nasce j\u00e1 com sinais, ou desenvolve nos dois primeiros anos de vida. Pais e pediatras que t\u00eam o primeiro contato precisam reconhecer os sinais para que um especialista seja procurado\u201d, indicou H\u00e9vila. Na crian\u00e7a, o glaucoma n\u00e3o costuma ser silencioso, como ocorre com o adulto.<\/p>\n<p>No principal subtipo, que \u00e9 o glaucoma cong\u00eanito prim\u00e1rio, o aumento da press\u00e3o do olho leva, na crian\u00e7a em desenvolvimento, ao crescimento do tamanho do olho. \u201cA c\u00f3rnea fica opaca, a crian\u00e7a fica com o olho grande, \u00e0s vezes o olho cresce de um tamanho diferente do outro, a crian\u00e7a tem lacrimejamento, sensibilidade \u00e0 luz muito importante. \u00c9 um olho diferente do olho de um beb\u00ea ou de uma crian\u00e7a de 2 anos normal\u201d, informou a oftalmologista.<\/p>\n<p>H\u00e1 outros tipos de glaucoma infantil, como o cong\u00eanito secund\u00e1rio, que pode surgir em decorr\u00eancia de cirurgia de catarata cong\u00eanita, do uso de corticoides por longos per\u00edodos, de trauma ocular e de outras malforma\u00e7\u00f5es do olho. H\u00e9vila Rolim esclareceu que at\u00e9 os 4 anos de idade, o olho da crian\u00e7a est\u00e1 mais male\u00e1vel, em crescimento. \u201cEsse olho se distende com o aumento da press\u00e3o ocular e muda o formato. Por isso, surgem altera\u00e7\u00f5es, como o olho ficar grande, a c\u00f3rnea ficar opaca\u201d. Depois dessa faixa et\u00e1ria, o glaucoma pode vir a ser silencioso. Da\u00ed, ser importante a consulta regular com um oftalmologista para que a doen\u00e7a possa ser identificada.<\/p>\n<p>A Sociedade Brasileira de Pediatria (SBP) recomenda que a crian\u00e7a sem nenhum fator de risco realize, em primeiro lugar, o Teste do Olhinho ainda na maternidade e, depois, a primeira consulta com um oftalmologista entre 6 meses e um ano de vida. \u201cMas toda crian\u00e7a deve passar por uma consulta de rotina com oftalmologista entre 3 anos e 5 anos\u201d, insistiu a especialista.<\/p>\n<p><strong>Tratamento<\/strong><br \/>\nPara o principal tipo do glaucoma infantil, que \u00e9 o glaucoma cong\u00eanito prim\u00e1rio, o tratamento \u00e9 essencialmente cir\u00fargico, diferente do adulto, em que o tratamento principal come\u00e7a com col\u00edrio. Na crian\u00e7a, ele pode ser usado at\u00e9 a cirurgia ou como um adjunto ao tratamento cir\u00fargico. Como a doen\u00e7a \u00e9 causada por uma m\u00e1 forma\u00e7\u00e3o, o olho produz diariamente um l\u00edquido que todo dia \u00e9 escoado, no sistema de drenagem do olho. \u201cNo glaucoma cong\u00eanito, esse sistema de drenagem \u00e9 mal formado e isso leva ao aumento da press\u00e3o ocular\u201d. No glaucoma cong\u00eanito, o objetivo da cirurgia \u00e9 restaurar o escoamento desse l\u00edquido, para restaurar a press\u00e3o intraocular\u201d. \u201c\u00c9 esse glaucoma que assombra a gente, porque ele cega\u201d.<\/p>\n<p>H\u00e9vila esclareceu que mesmo com a cirurgia, os m\u00e9dicos podem normalizar a press\u00e3o, mas n\u00e3o conseguem fazer o olho reduzir de tamanho, ou seja, n\u00e3o conseguem restaurar a anatomia do olho. \u201cEssa \u00e9 a preocupa\u00e7\u00e3o da gente, porque isso leva ao glaucoma infantil que \u00e9 a principal causa de cegueira entre crian\u00e7as\u201d. Advertiu que mesmo fazendo a cirurgia, muitas crian\u00e7as v\u00e3o apresentar alguma defici\u00eancia porque, na maior parte das vezes, o paciente n\u00e3o chega aos especialistas em est\u00e1gio inicial. \u201cJ\u00e1 chega com glaucoma avan\u00e7ado\u201d. Por isso, a SBG est\u00e1 lan\u00e7ado a cartilha para que o diagn\u00f3stico seja feito o mais precocemente poss\u00edvel, para que a crian\u00e7a possa ser referenciada a um oftalmologista capacitado a oper\u00e1-la e normalizar a press\u00e3o intraocular. O diagn\u00f3stico tem que ser precoce para evitar a defici\u00eancia visual, reiterou. Nos outros tipos da doen\u00e7a, o tratamento pode ser cir\u00fargico ou cl\u00ednico.<\/p>\n<p>As tr\u00eas personagens da cartilha visam sensibilizar e aproximar as pessoas, falando sobre quais s\u00e3o as fun\u00e7\u00f5es de cada parte do olho, como o olho funciona, quais s\u00e3o os sinais e sintomas do glaucoma infantil, como \u00e9 feito o diagn\u00f3stico, como \u00e9 o tratamento, quais s\u00e3o as recomenda\u00e7\u00f5es de exames para uma crian\u00e7a saud\u00e1vel. \u201cEst\u00e1 um material acess\u00edvel para a popula\u00e7\u00e3o\u201d.<\/p>\n<p><strong>Rede de refer\u00eancias<\/strong><br \/>\nA SBG est\u00e1 participando, em conjunto com o Conselho Brasileiro de Oftalmologia (CBO) e a Sociedade Brasileira de Oftalmopediatria (SBOP), do processo de cria\u00e7\u00e3o de uma rede de referenciamento no Sistema \u00danico de Sa\u00fade (SUS) das principais doen\u00e7as infantis que levam \u00e0 cegueira. A ideia \u00e9 que o glaucoma infantil seja inclu\u00eddo nessa rede, para que os pacientes cheguem mais cedo nos m\u00e9dicos, e a cirurgia e o tratamento possam ser realizados, evitando-se a evolu\u00e7\u00e3o do quadro para defici\u00eancia visual ou para cegueira. \u201c\u00c9 para minimizar as consequ\u00eancias dessa doen\u00e7a e preservar a vis\u00e3o. E, tamb\u00e9m reabilitar, porque a cirurgia n\u00e3o resolve e aquela crian\u00e7a vai ser acompanhada a vida inteira. Ent\u00e3o, essa crian\u00e7a precisa estar em um centro de excel\u00eancia\u201d, destacou H\u00e9vila Rolim.<\/p>\n<p>At\u00e9 o momento, mais de 45 locais j\u00e1 foram mapeados para atendimento ao glaucoma infantil, mas nem todos est\u00e3o totalmente estruturados, com profissionais especializados, materiais, centros cir\u00fargicos inclusive para fazer exames com seda\u00e7\u00e3o, reabilita\u00e7\u00e3o, suporte psicol\u00f3gico para os pais. Na avalia\u00e7\u00e3o da coordenadora do setor de Glaucoma Pedi\u00e1trico da SBG, \u00e9 preciso que toda essa rede seja estruturada, para dar o devido suporte \u00e0s crian\u00e7as com glaucoma.<\/p>\n","protected":false},"excerpt":{"rendered":"<p>Na quinta, 17, a Sociedade Brasileira de Glaucoma (SBG) lan\u00e7a em live, no seu canal no You Tube, um novo aliado de pais e pediatras para a detec\u00e7\u00e3o precoce do glaucoma infantil. Trata-se da cartilha Glaucoma infantil: diagn\u00f3stico precoce \u00e9 a melhor op\u00e7\u00e3o, cujos tr\u00eas personagens (\u00cdris, Glauco e Pio) protagonizam a campanha de preven\u00e7\u00e3o [&hellip;]<\/p>\n","protected":false},"author":2,"featured_media":311113,"comment_status":"closed","ping_status":"closed","sticky":false,"template":"","format":"standard","meta":{"_acf_changed":false,"footnotes":""},"categories":[161],"tags":[95],"class_list":["post-311112","post","type-post","status-publish","format-standard","has-post-thumbnail","hentry","category-quadradinho-em-foco","tag-capa"],"acf":[],"yoast_head":"<!-- This site is optimized with the Yoast SEO plugin v27.2 - https:\/\/yoast.com\/product\/yoast-seo-wordpress\/ -->\n<title>Cartilha d\u00e1 dica para detec\u00e7\u00e3o precoce do glaucoma infantil - Notibras<\/title>\n<meta name=\"robots\" content=\"index, follow, max-snippet:-1, max-image-preview:large, max-video-preview:-1\" \/>\n<link rel=\"canonical\" href=\"https:\/\/www.notibras.com\/site\/cartilha-da-dica-para-deteccao-precoce-do-glaucoma-infantil\/\" \/>\n<meta property=\"og:locale\" content=\"pt_BR\" \/>\n<meta property=\"og:type\" content=\"article\" \/>\n<meta property=\"og:title\" content=\"Cartilha d\u00e1 dica para detec\u00e7\u00e3o precoce do glaucoma infantil - Notibras\" \/>\n<meta property=\"og:description\" content=\"Na quinta, 17, a Sociedade Brasileira de Glaucoma (SBG) lan\u00e7a em live, no seu canal no You Tube, um novo aliado de pais e pediatras para a detec\u00e7\u00e3o precoce do glaucoma infantil. Trata-se da cartilha Glaucoma infantil: diagn\u00f3stico precoce \u00e9 a melhor op\u00e7\u00e3o, cujos tr\u00eas personagens (\u00cdris, Glauco e Pio) protagonizam a campanha de preven\u00e7\u00e3o [&hellip;]\" \/>\n<meta property=\"og:url\" content=\"https:\/\/www.notibras.com\/site\/cartilha-da-dica-para-deteccao-precoce-do-glaucoma-infantil\/\" \/>\n<meta property=\"og:site_name\" content=\"Notibras\" \/>\n<meta property=\"article:publisher\" content=\"https:\/\/www.facebook.com\/notibras\/\" \/>\n<meta property=\"article:published_time\" content=\"2023-08-16T03:01:59+00:00\" \/>\n<meta property=\"article:modified_time\" content=\"2023-08-16T10:29:52+00:00\" \/>\n<meta property=\"og:image\" content=\"https:\/\/www.notibras.com\/site\/wp-content\/uploads\/2023\/08\/iris.jpg\" \/>\n\t<meta property=\"og:image:width\" content=\"1170\" \/>\n\t<meta property=\"og:image:height\" content=\"700\" \/>\n\t<meta property=\"og:image:type\" content=\"image\/jpeg\" \/>\n<meta name=\"author\" content=\"Reda\u00e7\u00e3o\" \/>\n<meta name=\"twitter:card\" content=\"summary_large_image\" \/>\n<meta name=\"twitter:creator\" content=\"@Notibras\" \/>\n<meta name=\"twitter:site\" content=\"@Notibras\" \/>\n<meta name=\"twitter:label1\" content=\"Escrito por\" \/>\n\t<meta name=\"twitter:data1\" content=\"Reda\u00e7\u00e3o\" \/>\n\t<meta name=\"twitter:label2\" content=\"Est. tempo de leitura\" \/>\n\t<meta name=\"twitter:data2\" content=\"6 minutos\" \/>\n<script type=\"application\/ld+json\" class=\"yoast-schema-graph\">{\"@context\":\"https:\/\/schema.org\",\"@graph\":[{\"@type\":\"Article\",\"@id\":\"https:\/\/www.notibras.com\/site\/cartilha-da-dica-para-deteccao-precoce-do-glaucoma-infantil\/#article\",\"isPartOf\":{\"@id\":\"https:\/\/www.notibras.com\/site\/cartilha-da-dica-para-deteccao-precoce-do-glaucoma-infantil\/\"},\"author\":{\"name\":\"Reda\u00e7\u00e3o\",\"@id\":\"https:\/\/www.notibras.com\/site\/#\/schema\/person\/36ab0979449956132d3e5b517ea76ac8\"},\"headline\":\"Cartilha d\u00e1 dica para detec\u00e7\u00e3o precoce do glaucoma infantil\",\"datePublished\":\"2023-08-16T03:01:59+00:00\",\"dateModified\":\"2023-08-16T10:29:52+00:00\",\"mainEntityOfPage\":{\"@id\":\"https:\/\/www.notibras.com\/site\/cartilha-da-dica-para-deteccao-precoce-do-glaucoma-infantil\/\"},\"wordCount\":1153,\"publisher\":{\"@id\":\"https:\/\/www.notibras.com\/site\/#organization\"},\"image\":{\"@id\":\"https:\/\/www.notibras.com\/site\/cartilha-da-dica-para-deteccao-precoce-do-glaucoma-infantil\/#primaryimage\"},\"thumbnailUrl\":\"https:\/\/www.notibras.com\/site\/wp-content\/uploads\/2023\/08\/iris.jpg\",\"keywords\":[\"capa\"],\"articleSection\":[\"Quadradinho em Foco\"],\"inLanguage\":\"pt-BR\"},{\"@type\":\"WebPage\",\"@id\":\"https:\/\/www.notibras.com\/site\/cartilha-da-dica-para-deteccao-precoce-do-glaucoma-infantil\/\",\"url\":\"https:\/\/www.notibras.com\/site\/cartilha-da-dica-para-deteccao-precoce-do-glaucoma-infantil\/\",\"name\":\"Cartilha d\u00e1 dica para detec\u00e7\u00e3o precoce do glaucoma infantil - Notibras\",\"isPartOf\":{\"@id\":\"https:\/\/www.notibras.com\/site\/#website\"},\"primaryImageOfPage\":{\"@id\":\"https:\/\/www.notibras.com\/site\/cartilha-da-dica-para-deteccao-precoce-do-glaucoma-infantil\/#primaryimage\"},\"image\":{\"@id\":\"https:\/\/www.notibras.com\/site\/cartilha-da-dica-para-deteccao-precoce-do-glaucoma-infantil\/#primaryimage\"},\"thumbnailUrl\":\"https:\/\/www.notibras.com\/site\/wp-content\/uploads\/2023\/08\/iris.jpg\",\"datePublished\":\"2023-08-16T03:01:59+00:00\",\"dateModified\":\"2023-08-16T10:29:52+00:00\",\"breadcrumb\":{\"@id\":\"https:\/\/www.notibras.com\/site\/cartilha-da-dica-para-deteccao-precoce-do-glaucoma-infantil\/#breadcrumb\"},\"inLanguage\":\"pt-BR\",\"potentialAction\":[{\"@type\":\"ReadAction\",\"target\":[\"https:\/\/www.notibras.com\/site\/cartilha-da-dica-para-deteccao-precoce-do-glaucoma-infantil\/\"]}]},{\"@type\":\"ImageObject\",\"inLanguage\":\"pt-BR\",\"@id\":\"https:\/\/www.notibras.com\/site\/cartilha-da-dica-para-deteccao-precoce-do-glaucoma-infantil\/#primaryimage\",\"url\":\"https:\/\/www.notibras.com\/site\/wp-content\/uploads\/2023\/08\/iris.jpg\",\"contentUrl\":\"https:\/\/www.notibras.com\/site\/wp-content\/uploads\/2023\/08\/iris.jpg\",\"width\":1170,\"height\":700,\"caption\":\"15\/08\/2023, Personagem Iris da cartilha, Glaucoma infantil: diagn\u00f3stico precoce \u00e9 a\u00a0melhor\u00a0op\u00e7\u00e3o. Arte: Sociedade Brasileira de Glaucoma\u00a0(SBG)\"},{\"@type\":\"BreadcrumbList\",\"@id\":\"https:\/\/www.notibras.com\/site\/cartilha-da-dica-para-deteccao-precoce-do-glaucoma-infantil\/#breadcrumb\",\"itemListElement\":[{\"@type\":\"ListItem\",\"position\":1,\"name\":\"In\u00edcio\",\"item\":\"https:\/\/www.notibras.com\/site\/\"},{\"@type\":\"ListItem\",\"position\":2,\"name\":\"Cartilha d\u00e1 dica para detec\u00e7\u00e3o precoce do glaucoma infantil\"}]},{\"@type\":\"WebSite\",\"@id\":\"https:\/\/www.notibras.com\/site\/#website\",\"url\":\"https:\/\/www.notibras.com\/site\/\",\"name\":\"Notibras\",\"description\":\"Not\u00edcias de Bras\u00edlia, do Brasil e do Mundo\",\"publisher\":{\"@id\":\"https:\/\/www.notibras.com\/site\/#organization\"},\"potentialAction\":[{\"@type\":\"SearchAction\",\"target\":{\"@type\":\"EntryPoint\",\"urlTemplate\":\"https:\/\/www.notibras.com\/site\/?s={search_term_string}\"},\"query-input\":{\"@type\":\"PropertyValueSpecification\",\"valueRequired\":true,\"valueName\":\"search_term_string\"}}],\"inLanguage\":\"pt-BR\"},{\"@type\":\"Organization\",\"@id\":\"https:\/\/www.notibras.com\/site\/#organization\",\"name\":\"Grupo Notibras de Comunica\u00e7\u00e3o\",\"url\":\"https:\/\/www.notibras.com\/site\/\",\"logo\":{\"@type\":\"ImageObject\",\"inLanguage\":\"pt-BR\",\"@id\":\"https:\/\/www.notibras.com\/site\/#\/schema\/logo\/image\/\",\"url\":\"https:\/\/www.notibras.com\/site\/wp-content\/uploads\/2023\/01\/notibras23.png\",\"contentUrl\":\"https:\/\/www.notibras.com\/site\/wp-content\/uploads\/2023\/01\/notibras23.png\",\"width\":350,\"height\":87,\"caption\":\"Grupo Notibras de Comunica\u00e7\u00e3o\"},\"image\":{\"@id\":\"https:\/\/www.notibras.com\/site\/#\/schema\/logo\/image\/\"},\"sameAs\":[\"https:\/\/www.facebook.com\/notibras\/\",\"https:\/\/x.com\/Notibras\",\"https:\/\/www.instagram.com\/notibras\/\"]},{\"@type\":\"Person\",\"@id\":\"https:\/\/www.notibras.com\/site\/#\/schema\/person\/36ab0979449956132d3e5b517ea76ac8\",\"name\":\"Reda\u00e7\u00e3o\",\"image\":{\"@type\":\"ImageObject\",\"inLanguage\":\"pt-BR\",\"@id\":\"https:\/\/secure.gravatar.com\/avatar\/e0a867bdedb85fd243eadf09663511f96fc81e0720a4a42581f334ad4303aa6b?s=96&d=mm&r=g\",\"url\":\"https:\/\/secure.gravatar.com\/avatar\/e0a867bdedb85fd243eadf09663511f96fc81e0720a4a42581f334ad4303aa6b?s=96&d=mm&r=g\",\"contentUrl\":\"https:\/\/secure.gravatar.com\/avatar\/e0a867bdedb85fd243eadf09663511f96fc81e0720a4a42581f334ad4303aa6b?s=96&d=mm&r=g\",\"caption\":\"Reda\u00e7\u00e3o\"}}]}<\/script>\n<!-- \/ Yoast SEO plugin. -->","yoast_head_json":{"title":"Cartilha d\u00e1 dica para detec\u00e7\u00e3o precoce do glaucoma infantil - Notibras","robots":{"index":"index","follow":"follow","max-snippet":"max-snippet:-1","max-image-preview":"max-image-preview:large","max-video-preview":"max-video-preview:-1"},"canonical":"https:\/\/www.notibras.com\/site\/cartilha-da-dica-para-deteccao-precoce-do-glaucoma-infantil\/","og_locale":"pt_BR","og_type":"article","og_title":"Cartilha d\u00e1 dica para detec\u00e7\u00e3o precoce do glaucoma infantil - Notibras","og_description":"Na quinta, 17, a Sociedade Brasileira de Glaucoma (SBG) lan\u00e7a em live, no seu canal no You Tube, um novo aliado de pais e pediatras para a detec\u00e7\u00e3o precoce do glaucoma infantil. Trata-se da cartilha Glaucoma infantil: diagn\u00f3stico precoce \u00e9 a melhor op\u00e7\u00e3o, cujos tr\u00eas personagens (\u00cdris, Glauco e Pio) protagonizam a campanha de preven\u00e7\u00e3o [&hellip;]","og_url":"https:\/\/www.notibras.com\/site\/cartilha-da-dica-para-deteccao-precoce-do-glaucoma-infantil\/","og_site_name":"Notibras","article_publisher":"https:\/\/www.facebook.com\/notibras\/","article_published_time":"2023-08-16T03:01:59+00:00","article_modified_time":"2023-08-16T10:29:52+00:00","og_image":[{"width":1170,"height":700,"url":"https:\/\/www.notibras.com\/site\/wp-content\/uploads\/2023\/08\/iris.jpg","type":"image\/jpeg"}],"author":"Reda\u00e7\u00e3o","twitter_card":"summary_large_image","twitter_creator":"@Notibras","twitter_site":"@Notibras","twitter_misc":{"Escrito por":"Reda\u00e7\u00e3o","Est. tempo de leitura":"6 minutos"},"schema":{"@context":"https:\/\/schema.org","@graph":[{"@type":"Article","@id":"https:\/\/www.notibras.com\/site\/cartilha-da-dica-para-deteccao-precoce-do-glaucoma-infantil\/#article","isPartOf":{"@id":"https:\/\/www.notibras.com\/site\/cartilha-da-dica-para-deteccao-precoce-do-glaucoma-infantil\/"},"author":{"name":"Reda\u00e7\u00e3o","@id":"https:\/\/www.notibras.com\/site\/#\/schema\/person\/36ab0979449956132d3e5b517ea76ac8"},"headline":"Cartilha d\u00e1 dica para detec\u00e7\u00e3o precoce do glaucoma infantil","datePublished":"2023-08-16T03:01:59+00:00","dateModified":"2023-08-16T10:29:52+00:00","mainEntityOfPage":{"@id":"https:\/\/www.notibras.com\/site\/cartilha-da-dica-para-deteccao-precoce-do-glaucoma-infantil\/"},"wordCount":1153,"publisher":{"@id":"https:\/\/www.notibras.com\/site\/#organization"},"image":{"@id":"https:\/\/www.notibras.com\/site\/cartilha-da-dica-para-deteccao-precoce-do-glaucoma-infantil\/#primaryimage"},"thumbnailUrl":"https:\/\/www.notibras.com\/site\/wp-content\/uploads\/2023\/08\/iris.jpg","keywords":["capa"],"articleSection":["Quadradinho em Foco"],"inLanguage":"pt-BR"},{"@type":"WebPage","@id":"https:\/\/www.notibras.com\/site\/cartilha-da-dica-para-deteccao-precoce-do-glaucoma-infantil\/","url":"https:\/\/www.notibras.com\/site\/cartilha-da-dica-para-deteccao-precoce-do-glaucoma-infantil\/","name":"Cartilha d\u00e1 dica para detec\u00e7\u00e3o precoce do glaucoma infantil - Notibras","isPartOf":{"@id":"https:\/\/www.notibras.com\/site\/#website"},"primaryImageOfPage":{"@id":"https:\/\/www.notibras.com\/site\/cartilha-da-dica-para-deteccao-precoce-do-glaucoma-infantil\/#primaryimage"},"image":{"@id":"https:\/\/www.notibras.com\/site\/cartilha-da-dica-para-deteccao-precoce-do-glaucoma-infantil\/#primaryimage"},"thumbnailUrl":"https:\/\/www.notibras.com\/site\/wp-content\/uploads\/2023\/08\/iris.jpg","datePublished":"2023-08-16T03:01:59+00:00","dateModified":"2023-08-16T10:29:52+00:00","breadcrumb":{"@id":"https:\/\/www.notibras.com\/site\/cartilha-da-dica-para-deteccao-precoce-do-glaucoma-infantil\/#breadcrumb"},"inLanguage":"pt-BR","potentialAction":[{"@type":"ReadAction","target":["https:\/\/www.notibras.com\/site\/cartilha-da-dica-para-deteccao-precoce-do-glaucoma-infantil\/"]}]},{"@type":"ImageObject","inLanguage":"pt-BR","@id":"https:\/\/www.notibras.com\/site\/cartilha-da-dica-para-deteccao-precoce-do-glaucoma-infantil\/#primaryimage","url":"https:\/\/www.notibras.com\/site\/wp-content\/uploads\/2023\/08\/iris.jpg","contentUrl":"https:\/\/www.notibras.com\/site\/wp-content\/uploads\/2023\/08\/iris.jpg","width":1170,"height":700,"caption":"15\/08\/2023, Personagem Iris da cartilha, Glaucoma infantil: diagn\u00f3stico precoce \u00e9 a\u00a0melhor\u00a0op\u00e7\u00e3o. Arte: Sociedade Brasileira de Glaucoma\u00a0(SBG)"},{"@type":"BreadcrumbList","@id":"https:\/\/www.notibras.com\/site\/cartilha-da-dica-para-deteccao-precoce-do-glaucoma-infantil\/#breadcrumb","itemListElement":[{"@type":"ListItem","position":1,"name":"In\u00edcio","item":"https:\/\/www.notibras.com\/site\/"},{"@type":"ListItem","position":2,"name":"Cartilha d\u00e1 dica para detec\u00e7\u00e3o precoce do glaucoma infantil"}]},{"@type":"WebSite","@id":"https:\/\/www.notibras.com\/site\/#website","url":"https:\/\/www.notibras.com\/site\/","name":"Notibras","description":"Not\u00edcias de Bras\u00edlia, do Brasil e do Mundo","publisher":{"@id":"https:\/\/www.notibras.com\/site\/#organization"},"potentialAction":[{"@type":"SearchAction","target":{"@type":"EntryPoint","urlTemplate":"https:\/\/www.notibras.com\/site\/?s={search_term_string}"},"query-input":{"@type":"PropertyValueSpecification","valueRequired":true,"valueName":"search_term_string"}}],"inLanguage":"pt-BR"},{"@type":"Organization","@id":"https:\/\/www.notibras.com\/site\/#organization","name":"Grupo Notibras de Comunica\u00e7\u00e3o","url":"https:\/\/www.notibras.com\/site\/","logo":{"@type":"ImageObject","inLanguage":"pt-BR","@id":"https:\/\/www.notibras.com\/site\/#\/schema\/logo\/image\/","url":"https:\/\/www.notibras.com\/site\/wp-content\/uploads\/2023\/01\/notibras23.png","contentUrl":"https:\/\/www.notibras.com\/site\/wp-content\/uploads\/2023\/01\/notibras23.png","width":350,"height":87,"caption":"Grupo Notibras de Comunica\u00e7\u00e3o"},"image":{"@id":"https:\/\/www.notibras.com\/site\/#\/schema\/logo\/image\/"},"sameAs":["https:\/\/www.facebook.com\/notibras\/","https:\/\/x.com\/Notibras","https:\/\/www.instagram.com\/notibras\/"]},{"@type":"Person","@id":"https:\/\/www.notibras.com\/site\/#\/schema\/person\/36ab0979449956132d3e5b517ea76ac8","name":"Reda\u00e7\u00e3o","image":{"@type":"ImageObject","inLanguage":"pt-BR","@id":"https:\/\/secure.gravatar.com\/avatar\/e0a867bdedb85fd243eadf09663511f96fc81e0720a4a42581f334ad4303aa6b?s=96&d=mm&r=g","url":"https:\/\/secure.gravatar.com\/avatar\/e0a867bdedb85fd243eadf09663511f96fc81e0720a4a42581f334ad4303aa6b?s=96&d=mm&r=g","contentUrl":"https:\/\/secure.gravatar.com\/avatar\/e0a867bdedb85fd243eadf09663511f96fc81e0720a4a42581f334ad4303aa6b?s=96&d=mm&r=g","caption":"Reda\u00e7\u00e3o"}}]}},"amp_enabled":true,"_links":{"self":[{"href":"https:\/\/www.notibras.com\/site\/wp-json\/wp\/v2\/posts\/311112","targetHints":{"allow":["GET"]}}],"collection":[{"href":"https:\/\/www.notibras.com\/site\/wp-json\/wp\/v2\/posts"}],"about":[{"href":"https:\/\/www.notibras.com\/site\/wp-json\/wp\/v2\/types\/post"}],"author":[{"embeddable":true,"href":"https:\/\/www.notibras.com\/site\/wp-json\/wp\/v2\/users\/2"}],"replies":[{"embeddable":true,"href":"https:\/\/www.notibras.com\/site\/wp-json\/wp\/v2\/comments?post=311112"}],"version-history":[{"count":1,"href":"https:\/\/www.notibras.com\/site\/wp-json\/wp\/v2\/posts\/311112\/revisions"}],"predecessor-version":[{"id":311114,"href":"https:\/\/www.notibras.com\/site\/wp-json\/wp\/v2\/posts\/311112\/revisions\/311114"}],"wp:featuredmedia":[{"embeddable":true,"href":"https:\/\/www.notibras.com\/site\/wp-json\/wp\/v2\/media\/311113"}],"wp:attachment":[{"href":"https:\/\/www.notibras.com\/site\/wp-json\/wp\/v2\/media?parent=311112"}],"wp:term":[{"taxonomy":"category","embeddable":true,"href":"https:\/\/www.notibras.com\/site\/wp-json\/wp\/v2\/categories?post=311112"},{"taxonomy":"post_tag","embeddable":true,"href":"https:\/\/www.notibras.com\/site\/wp-json\/wp\/v2\/tags?post=311112"}],"curies":[{"name":"wp","href":"https:\/\/api.w.org\/{rel}","templated":true}]}}