{"id":311115,"date":"2023-08-16T07:43:06","date_gmt":"2023-08-16T10:43:06","guid":{"rendered":"https:\/\/www.notibras.com\/site\/?p=311115"},"modified":"2023-08-16T07:43:06","modified_gmt":"2023-08-16T10:43:06","slug":"acidente-com-velho-carro-tem-fraturas-e-corta-lingua","status":"publish","type":"post","link":"https:\/\/www.notibras.com\/site\/acidente-com-velho-carro-tem-fraturas-e-corta-lingua\/","title":{"rendered":"Acidente com velho carro tem fraturas e corta l\u00edngua"},"content":{"rendered":"<p>Essa hist\u00f3ria que vou lhes contar aconteceu logo ap\u00f3s um acidente automobil\u00edstico que sofri no long\u00ednquo ano de 1996 na avenida Brasil, no Rio. Para ser mais exato, o fato ocorreu no dia 16 de agosto daquele ano.<\/p>\n<p>Como resultado, quebrei os dois bra\u00e7os, a perna direita, o nariz, mand\u00edbula e maxilar, al\u00e9m de ter perdido um pedacinho da parte lateral da l\u00edngua. Quanto ao carro, foi direto para o ferro velho.<\/p>\n<p>Pois bem, l\u00e1 estava eu no hospital, todo remendado, com gesso espalhado pelo corpo. Meus queridos padrinhos, a Marilda e o Celso, foram me fazer uma visita.<\/p>\n<p>Eles pareciam aflitos, ainda mais ela, que sempre foi extremamente carinhosa comigo. Ent\u00e3o, aqueles mimos estavam levantando meu \u00e2nimo, at\u00e9 que a Marilda solta essa.<\/p>\n<p>&#8211; Meu filho, olha que coisa legal!<\/p>\n<p>Eu, que quase n\u00e3o conseguia pronunciar um ai, tamanha a dor que ainda sentia por conta das fraturas, apenas olhei para o sorriso da minha madrinha, que emendou essa.<\/p>\n<p>&#8211; Voc\u00ea bateu com o carro no mesmo dia em que o Elvis desencarnou.<\/p>\n","protected":false},"excerpt":{"rendered":"<p>Essa hist\u00f3ria que vou lhes contar aconteceu logo ap\u00f3s um acidente automobil\u00edstico que sofri no long\u00ednquo ano de 1996 na avenida Brasil, no Rio. Para ser mais exato, o fato ocorreu no dia 16 de agosto daquele ano. Como resultado, quebrei os dois bra\u00e7os, a perna direita, o nariz, mand\u00edbula e maxilar, al\u00e9m de ter [&hellip;]<\/p>\n","protected":false},"author":2,"featured_media":311116,"comment_status":"closed","ping_status":"closed","sticky":false,"template":"","format":"standard","meta":{"_acf_changed":false,"footnotes":""},"categories":[161],"tags":[],"class_list":["post-311115","post","type-post","status-publish","format-standard","has-post-thumbnail","hentry","category-quadradinho-em-foco"],"acf":[],"yoast_head":"<!-- This site is optimized with the Yoast SEO plugin v27.2 - https:\/\/yoast.com\/product\/yoast-seo-wordpress\/ -->\n<title>Acidente com velho carro tem fraturas e corta l\u00edngua - Notibras<\/title>\n<meta name=\"robots\" content=\"index, follow, max-snippet:-1, max-image-preview:large, max-video-preview:-1\" \/>\n<link rel=\"canonical\" href=\"https:\/\/www.notibras.com\/site\/acidente-com-velho-carro-tem-fraturas-e-corta-lingua\/\" \/>\n<meta property=\"og:locale\" content=\"pt_BR\" \/>\n<meta property=\"og:type\" content=\"article\" \/>\n<meta property=\"og:title\" content=\"Acidente com velho carro tem fraturas e corta l\u00edngua - Notibras\" \/>\n<meta property=\"og:description\" content=\"Essa hist\u00f3ria que vou lhes contar aconteceu logo ap\u00f3s um acidente automobil\u00edstico que sofri no long\u00ednquo ano de 1996 na avenida Brasil, no Rio. Para ser mais exato, o fato ocorreu no dia 16 de agosto daquele ano. Como resultado, quebrei os dois bra\u00e7os, a perna direita, o nariz, mand\u00edbula e maxilar, al\u00e9m de ter [&hellip;]\" \/>\n<meta property=\"og:url\" content=\"https:\/\/www.notibras.com\/site\/acidente-com-velho-carro-tem-fraturas-e-corta-lingua\/\" \/>\n<meta property=\"og:site_name\" content=\"Notibras\" \/>\n<meta property=\"article:publisher\" content=\"https:\/\/www.facebook.com\/notibras\/\" \/>\n<meta property=\"article:published_time\" content=\"2023-08-16T10:43:06+00:00\" \/>\n<meta property=\"og:image\" content=\"https:\/\/www.notibras.com\/site\/wp-content\/uploads\/2023\/08\/elvis.16.jpg\" \/>\n\t<meta property=\"og:image:width\" content=\"728\" \/>\n\t<meta property=\"og:image:height\" content=\"399\" \/>\n\t<meta property=\"og:image:type\" content=\"image\/jpeg\" \/>\n<meta name=\"author\" content=\"Reda\u00e7\u00e3o\" \/>\n<meta name=\"twitter:card\" content=\"summary_large_image\" \/>\n<meta name=\"twitter:creator\" content=\"@Notibras\" \/>\n<meta name=\"twitter:site\" content=\"@Notibras\" \/>\n<meta name=\"twitter:label1\" content=\"Escrito por\" \/>\n\t<meta name=\"twitter:data1\" content=\"Reda\u00e7\u00e3o\" \/>\n\t<meta name=\"twitter:label2\" content=\"Est. tempo de leitura\" \/>\n\t<meta name=\"twitter:data2\" content=\"1 minuto\" \/>\n<script type=\"application\/ld+json\" class=\"yoast-schema-graph\">{\"@context\":\"https:\/\/schema.org\",\"@graph\":[{\"@type\":\"Article\",\"@id\":\"https:\/\/www.notibras.com\/site\/acidente-com-velho-carro-tem-fraturas-e-corta-lingua\/#article\",\"isPartOf\":{\"@id\":\"https:\/\/www.notibras.com\/site\/acidente-com-velho-carro-tem-fraturas-e-corta-lingua\/\"},\"author\":{\"name\":\"Reda\u00e7\u00e3o\",\"@id\":\"https:\/\/www.notibras.com\/site\/#\/schema\/person\/36ab0979449956132d3e5b517ea76ac8\"},\"headline\":\"Acidente com velho carro tem fraturas e corta l\u00edngua\",\"datePublished\":\"2023-08-16T10:43:06+00:00\",\"mainEntityOfPage\":{\"@id\":\"https:\/\/www.notibras.com\/site\/acidente-com-velho-carro-tem-fraturas-e-corta-lingua\/\"},\"wordCount\":192,\"publisher\":{\"@id\":\"https:\/\/www.notibras.com\/site\/#organization\"},\"image\":{\"@id\":\"https:\/\/www.notibras.com\/site\/acidente-com-velho-carro-tem-fraturas-e-corta-lingua\/#primaryimage\"},\"thumbnailUrl\":\"https:\/\/www.notibras.com\/site\/wp-content\/uploads\/2023\/08\/elvis.16.jpg\",\"articleSection\":[\"Quadradinho em Foco\"],\"inLanguage\":\"pt-BR\"},{\"@type\":\"WebPage\",\"@id\":\"https:\/\/www.notibras.com\/site\/acidente-com-velho-carro-tem-fraturas-e-corta-lingua\/\",\"url\":\"https:\/\/www.notibras.com\/site\/acidente-com-velho-carro-tem-fraturas-e-corta-lingua\/\",\"name\":\"Acidente com velho carro tem fraturas e corta l\u00edngua - Notibras\",\"isPartOf\":{\"@id\":\"https:\/\/www.notibras.com\/site\/#website\"},\"primaryImageOfPage\":{\"@id\":\"https:\/\/www.notibras.com\/site\/acidente-com-velho-carro-tem-fraturas-e-corta-lingua\/#primaryimage\"},\"image\":{\"@id\":\"https:\/\/www.notibras.com\/site\/acidente-com-velho-carro-tem-fraturas-e-corta-lingua\/#primaryimage\"},\"thumbnailUrl\":\"https:\/\/www.notibras.com\/site\/wp-content\/uploads\/2023\/08\/elvis.16.jpg\",\"datePublished\":\"2023-08-16T10:43:06+00:00\",\"breadcrumb\":{\"@id\":\"https:\/\/www.notibras.com\/site\/acidente-com-velho-carro-tem-fraturas-e-corta-lingua\/#breadcrumb\"},\"inLanguage\":\"pt-BR\",\"potentialAction\":[{\"@type\":\"ReadAction\",\"target\":[\"https:\/\/www.notibras.com\/site\/acidente-com-velho-carro-tem-fraturas-e-corta-lingua\/\"]}]},{\"@type\":\"ImageObject\",\"inLanguage\":\"pt-BR\",\"@id\":\"https:\/\/www.notibras.com\/site\/acidente-com-velho-carro-tem-fraturas-e-corta-lingua\/#primaryimage\",\"url\":\"https:\/\/www.notibras.com\/site\/wp-content\/uploads\/2023\/08\/elvis.16.jpg\",\"contentUrl\":\"https:\/\/www.notibras.com\/site\/wp-content\/uploads\/2023\/08\/elvis.16.jpg\",\"width\":728,\"height\":399},{\"@type\":\"BreadcrumbList\",\"@id\":\"https:\/\/www.notibras.com\/site\/acidente-com-velho-carro-tem-fraturas-e-corta-lingua\/#breadcrumb\",\"itemListElement\":[{\"@type\":\"ListItem\",\"position\":1,\"name\":\"In\u00edcio\",\"item\":\"https:\/\/www.notibras.com\/site\/\"},{\"@type\":\"ListItem\",\"position\":2,\"name\":\"Acidente com velho carro tem fraturas e corta l\u00edngua\"}]},{\"@type\":\"WebSite\",\"@id\":\"https:\/\/www.notibras.com\/site\/#website\",\"url\":\"https:\/\/www.notibras.com\/site\/\",\"name\":\"Notibras\",\"description\":\"Not\u00edcias de Bras\u00edlia, do Brasil e do Mundo\",\"publisher\":{\"@id\":\"https:\/\/www.notibras.com\/site\/#organization\"},\"potentialAction\":[{\"@type\":\"SearchAction\",\"target\":{\"@type\":\"EntryPoint\",\"urlTemplate\":\"https:\/\/www.notibras.com\/site\/?s={search_term_string}\"},\"query-input\":{\"@type\":\"PropertyValueSpecification\",\"valueRequired\":true,\"valueName\":\"search_term_string\"}}],\"inLanguage\":\"pt-BR\"},{\"@type\":\"Organization\",\"@id\":\"https:\/\/www.notibras.com\/site\/#organization\",\"name\":\"Grupo Notibras de Comunica\u00e7\u00e3o\",\"url\":\"https:\/\/www.notibras.com\/site\/\",\"logo\":{\"@type\":\"ImageObject\",\"inLanguage\":\"pt-BR\",\"@id\":\"https:\/\/www.notibras.com\/site\/#\/schema\/logo\/image\/\",\"url\":\"https:\/\/www.notibras.com\/site\/wp-content\/uploads\/2023\/01\/notibras23.png\",\"contentUrl\":\"https:\/\/www.notibras.com\/site\/wp-content\/uploads\/2023\/01\/notibras23.png\",\"width\":350,\"height\":87,\"caption\":\"Grupo Notibras de Comunica\u00e7\u00e3o\"},\"image\":{\"@id\":\"https:\/\/www.notibras.com\/site\/#\/schema\/logo\/image\/\"},\"sameAs\":[\"https:\/\/www.facebook.com\/notibras\/\",\"https:\/\/x.com\/Notibras\",\"https:\/\/www.instagram.com\/notibras\/\"]},{\"@type\":\"Person\",\"@id\":\"https:\/\/www.notibras.com\/site\/#\/schema\/person\/36ab0979449956132d3e5b517ea76ac8\",\"name\":\"Reda\u00e7\u00e3o\",\"image\":{\"@type\":\"ImageObject\",\"inLanguage\":\"pt-BR\",\"@id\":\"https:\/\/secure.gravatar.com\/avatar\/e0a867bdedb85fd243eadf09663511f96fc81e0720a4a42581f334ad4303aa6b?s=96&d=mm&r=g\",\"url\":\"https:\/\/secure.gravatar.com\/avatar\/e0a867bdedb85fd243eadf09663511f96fc81e0720a4a42581f334ad4303aa6b?s=96&d=mm&r=g\",\"contentUrl\":\"https:\/\/secure.gravatar.com\/avatar\/e0a867bdedb85fd243eadf09663511f96fc81e0720a4a42581f334ad4303aa6b?s=96&d=mm&r=g\",\"caption\":\"Reda\u00e7\u00e3o\"}}]}<\/script>\n<!-- \/ Yoast SEO plugin. -->","yoast_head_json":{"title":"Acidente com velho carro tem fraturas e corta l\u00edngua - Notibras","robots":{"index":"index","follow":"follow","max-snippet":"max-snippet:-1","max-image-preview":"max-image-preview:large","max-video-preview":"max-video-preview:-1"},"canonical":"https:\/\/www.notibras.com\/site\/acidente-com-velho-carro-tem-fraturas-e-corta-lingua\/","og_locale":"pt_BR","og_type":"article","og_title":"Acidente com velho carro tem fraturas e corta l\u00edngua - Notibras","og_description":"Essa hist\u00f3ria que vou lhes contar aconteceu logo ap\u00f3s um acidente automobil\u00edstico que sofri no long\u00ednquo ano de 1996 na avenida Brasil, no Rio. Para ser mais exato, o fato ocorreu no dia 16 de agosto daquele ano. Como resultado, quebrei os dois bra\u00e7os, a perna direita, o nariz, mand\u00edbula e maxilar, al\u00e9m de ter [&hellip;]","og_url":"https:\/\/www.notibras.com\/site\/acidente-com-velho-carro-tem-fraturas-e-corta-lingua\/","og_site_name":"Notibras","article_publisher":"https:\/\/www.facebook.com\/notibras\/","article_published_time":"2023-08-16T10:43:06+00:00","og_image":[{"width":728,"height":399,"url":"https:\/\/www.notibras.com\/site\/wp-content\/uploads\/2023\/08\/elvis.16.jpg","type":"image\/jpeg"}],"author":"Reda\u00e7\u00e3o","twitter_card":"summary_large_image","twitter_creator":"@Notibras","twitter_site":"@Notibras","twitter_misc":{"Escrito por":"Reda\u00e7\u00e3o","Est. tempo de leitura":"1 minuto"},"schema":{"@context":"https:\/\/schema.org","@graph":[{"@type":"Article","@id":"https:\/\/www.notibras.com\/site\/acidente-com-velho-carro-tem-fraturas-e-corta-lingua\/#article","isPartOf":{"@id":"https:\/\/www.notibras.com\/site\/acidente-com-velho-carro-tem-fraturas-e-corta-lingua\/"},"author":{"name":"Reda\u00e7\u00e3o","@id":"https:\/\/www.notibras.com\/site\/#\/schema\/person\/36ab0979449956132d3e5b517ea76ac8"},"headline":"Acidente com velho carro tem fraturas e corta l\u00edngua","datePublished":"2023-08-16T10:43:06+00:00","mainEntityOfPage":{"@id":"https:\/\/www.notibras.com\/site\/acidente-com-velho-carro-tem-fraturas-e-corta-lingua\/"},"wordCount":192,"publisher":{"@id":"https:\/\/www.notibras.com\/site\/#organization"},"image":{"@id":"https:\/\/www.notibras.com\/site\/acidente-com-velho-carro-tem-fraturas-e-corta-lingua\/#primaryimage"},"thumbnailUrl":"https:\/\/www.notibras.com\/site\/wp-content\/uploads\/2023\/08\/elvis.16.jpg","articleSection":["Quadradinho em Foco"],"inLanguage":"pt-BR"},{"@type":"WebPage","@id":"https:\/\/www.notibras.com\/site\/acidente-com-velho-carro-tem-fraturas-e-corta-lingua\/","url":"https:\/\/www.notibras.com\/site\/acidente-com-velho-carro-tem-fraturas-e-corta-lingua\/","name":"Acidente com velho carro tem fraturas e corta l\u00edngua - Notibras","isPartOf":{"@id":"https:\/\/www.notibras.com\/site\/#website"},"primaryImageOfPage":{"@id":"https:\/\/www.notibras.com\/site\/acidente-com-velho-carro-tem-fraturas-e-corta-lingua\/#primaryimage"},"image":{"@id":"https:\/\/www.notibras.com\/site\/acidente-com-velho-carro-tem-fraturas-e-corta-lingua\/#primaryimage"},"thumbnailUrl":"https:\/\/www.notibras.com\/site\/wp-content\/uploads\/2023\/08\/elvis.16.jpg","datePublished":"2023-08-16T10:43:06+00:00","breadcrumb":{"@id":"https:\/\/www.notibras.com\/site\/acidente-com-velho-carro-tem-fraturas-e-corta-lingua\/#breadcrumb"},"inLanguage":"pt-BR","potentialAction":[{"@type":"ReadAction","target":["https:\/\/www.notibras.com\/site\/acidente-com-velho-carro-tem-fraturas-e-corta-lingua\/"]}]},{"@type":"ImageObject","inLanguage":"pt-BR","@id":"https:\/\/www.notibras.com\/site\/acidente-com-velho-carro-tem-fraturas-e-corta-lingua\/#primaryimage","url":"https:\/\/www.notibras.com\/site\/wp-content\/uploads\/2023\/08\/elvis.16.jpg","contentUrl":"https:\/\/www.notibras.com\/site\/wp-content\/uploads\/2023\/08\/elvis.16.jpg","width":728,"height":399},{"@type":"BreadcrumbList","@id":"https:\/\/www.notibras.com\/site\/acidente-com-velho-carro-tem-fraturas-e-corta-lingua\/#breadcrumb","itemListElement":[{"@type":"ListItem","position":1,"name":"In\u00edcio","item":"https:\/\/www.notibras.com\/site\/"},{"@type":"ListItem","position":2,"name":"Acidente com velho carro tem fraturas e corta l\u00edngua"}]},{"@type":"WebSite","@id":"https:\/\/www.notibras.com\/site\/#website","url":"https:\/\/www.notibras.com\/site\/","name":"Notibras","description":"Not\u00edcias de Bras\u00edlia, do Brasil e do Mundo","publisher":{"@id":"https:\/\/www.notibras.com\/site\/#organization"},"potentialAction":[{"@type":"SearchAction","target":{"@type":"EntryPoint","urlTemplate":"https:\/\/www.notibras.com\/site\/?s={search_term_string}"},"query-input":{"@type":"PropertyValueSpecification","valueRequired":true,"valueName":"search_term_string"}}],"inLanguage":"pt-BR"},{"@type":"Organization","@id":"https:\/\/www.notibras.com\/site\/#organization","name":"Grupo Notibras de Comunica\u00e7\u00e3o","url":"https:\/\/www.notibras.com\/site\/","logo":{"@type":"ImageObject","inLanguage":"pt-BR","@id":"https:\/\/www.notibras.com\/site\/#\/schema\/logo\/image\/","url":"https:\/\/www.notibras.com\/site\/wp-content\/uploads\/2023\/01\/notibras23.png","contentUrl":"https:\/\/www.notibras.com\/site\/wp-content\/uploads\/2023\/01\/notibras23.png","width":350,"height":87,"caption":"Grupo Notibras de Comunica\u00e7\u00e3o"},"image":{"@id":"https:\/\/www.notibras.com\/site\/#\/schema\/logo\/image\/"},"sameAs":["https:\/\/www.facebook.com\/notibras\/","https:\/\/x.com\/Notibras","https:\/\/www.instagram.com\/notibras\/"]},{"@type":"Person","@id":"https:\/\/www.notibras.com\/site\/#\/schema\/person\/36ab0979449956132d3e5b517ea76ac8","name":"Reda\u00e7\u00e3o","image":{"@type":"ImageObject","inLanguage":"pt-BR","@id":"https:\/\/secure.gravatar.com\/avatar\/e0a867bdedb85fd243eadf09663511f96fc81e0720a4a42581f334ad4303aa6b?s=96&d=mm&r=g","url":"https:\/\/secure.gravatar.com\/avatar\/e0a867bdedb85fd243eadf09663511f96fc81e0720a4a42581f334ad4303aa6b?s=96&d=mm&r=g","contentUrl":"https:\/\/secure.gravatar.com\/avatar\/e0a867bdedb85fd243eadf09663511f96fc81e0720a4a42581f334ad4303aa6b?s=96&d=mm&r=g","caption":"Reda\u00e7\u00e3o"}}]}},"amp_enabled":true,"_links":{"self":[{"href":"https:\/\/www.notibras.com\/site\/wp-json\/wp\/v2\/posts\/311115","targetHints":{"allow":["GET"]}}],"collection":[{"href":"https:\/\/www.notibras.com\/site\/wp-json\/wp\/v2\/posts"}],"about":[{"href":"https:\/\/www.notibras.com\/site\/wp-json\/wp\/v2\/types\/post"}],"author":[{"embeddable":true,"href":"https:\/\/www.notibras.com\/site\/wp-json\/wp\/v2\/users\/2"}],"replies":[{"embeddable":true,"href":"https:\/\/www.notibras.com\/site\/wp-json\/wp\/v2\/comments?post=311115"}],"version-history":[{"count":1,"href":"https:\/\/www.notibras.com\/site\/wp-json\/wp\/v2\/posts\/311115\/revisions"}],"predecessor-version":[{"id":311117,"href":"https:\/\/www.notibras.com\/site\/wp-json\/wp\/v2\/posts\/311115\/revisions\/311117"}],"wp:featuredmedia":[{"embeddable":true,"href":"https:\/\/www.notibras.com\/site\/wp-json\/wp\/v2\/media\/311116"}],"wp:attachment":[{"href":"https:\/\/www.notibras.com\/site\/wp-json\/wp\/v2\/media?parent=311115"}],"wp:term":[{"taxonomy":"category","embeddable":true,"href":"https:\/\/www.notibras.com\/site\/wp-json\/wp\/v2\/categories?post=311115"},{"taxonomy":"post_tag","embeddable":true,"href":"https:\/\/www.notibras.com\/site\/wp-json\/wp\/v2\/tags?post=311115"}],"curies":[{"name":"wp","href":"https:\/\/api.w.org\/{rel}","templated":true}]}}