{"id":311129,"date":"2023-08-16T00:00:48","date_gmt":"2023-08-16T03:00:48","guid":{"rendered":"https:\/\/www.notibras.com\/site\/?p=311129"},"modified":"2023-08-16T08:42:52","modified_gmt":"2023-08-16T11:42:52","slug":"entenda-tudo-sobre-trabalho-de-crianca-e-adolescente","status":"publish","type":"post","link":"https:\/\/www.notibras.com\/site\/entenda-tudo-sobre-trabalho-de-crianca-e-adolescente\/","title":{"rendered":"Entenda tudo sobre trabalho de crian\u00e7a e adolescente"},"content":{"rendered":"<p>Quando crian\u00e7as e adolescentes trabalham, quem administra o dinheiro recebido? Em que situa\u00e7\u00f5es eles podem trabalhar, conforme as leis vigentes no Brasil? Quando eles passam a administrar o pr\u00f3prio dinheiro e quanto lhes cabe? A Ag\u00eancia Brasil conversou com especialistas para responder a essas perguntas.<\/p>\n<p>Recentemente, o caso da atriz Larissa Manoela, que tinha a fortuna administrada pelos pais, trouxe essas quest\u00f5es \u00e0 tona. Apesar de ter recebido milh\u00f5es ao longo da carreira, a atriz tinha acesso apenas a uma pequena parcela do que recebia.<\/p>\n<p>O coordenador da Inf\u00e2ncia e Juventude da Defensoria P\u00fablica do Estado do Rio de Janeiro, Rodrigo Azambuja (foto), explica que uma das atribui\u00e7\u00f5es do poder familiar \u00e9 administrar o patrim\u00f4nio dos filhos, mas ressalta que eles n\u00e3o s\u00e3o os donos desse patrim\u00f4nio. Essa atribui\u00e7\u00e3o, segundo Azambuja, deve ser exercida sempre em benef\u00edcio dos filhos.<\/p>\n<p>\u201cA imaturidade pr\u00f3pria da idade faz com que o legislador, para a prote\u00e7\u00e3o dos filhos, atribua a adultos, pais e respons\u00e1veis essa tarefa de administrar o patrim\u00f4nio. Mas, isso n\u00e3o significa dizer que s\u00e3o donos dos bens dos filhos e, por isso, qualquer ato, inclusive lesivo &#8211; que a lei refere a ru\u00edna que significa desfalque, ficar em situa\u00e7\u00e3o de insolv\u00eancia, em d\u00e9bitos &#8211; \u00e9 proibido e pode gerar suspens\u00e3o do poder familiar\u201d, diz Azambuja.<\/p>\n<p>A determina\u00e7\u00e3o est\u00e1 no C\u00f3digo Civil, Lei 10.406\/2002, que estabelece: \u201cSe o pai ou a m\u00e3e abusar de sua autoridade, faltando aos deveres a eles inerentes ou arruinando os bens dos filhos, cabe ao juiz, requerendo algum parente, ou o Minist\u00e9rio P\u00fablico, adotar a medida que lhe pare\u00e7a reclamada pela seguran\u00e7a do menor e seus haveres, at\u00e9 suspendendo o poder familiar, quando convenha\u201d.<\/p>\n<p>De acordo com Azambuja, h\u00e1 \u201cm\u00e1 compreens\u00e3o\u201d, de que os filhos s\u00e3o propriedades dos pais e respons\u00e1veis, o que \u00e9 \u201cabsolutamente equivocado. Hoje, a gente entende essas crian\u00e7as como sujeitos de direito, titulares de direitos e que, em raz\u00e3o dessa idade incompleta que gera imaturidade por estarem em desenvolvimento, que est\u00e3o submetidos a esse poder\/dever, que s\u00f3 existe para benefici\u00e1-los e nunca em preju\u00edzo deles\u201d.<\/p>\n<p><strong>Trabalho no Brasil<\/strong><br \/>\nNo Brasil, pela Consolida\u00e7\u00e3o das Leis do Trabalho, \u00e9 proibido qualquer trabalho a menores de 16 anos de idade, salvo na condi\u00e7\u00e3o de aprendiz, a partir dos 14 anos. Antes dessa idade, o trabalho infantil art\u00edstico exige autoriza\u00e7\u00e3o judicial.<\/p>\n<p>O advogado e especialista em Direitos da Inf\u00e2ncia e Juventude, Ariel de Castro Alves, detalha que, no pedido de autoriza\u00e7\u00e3o de trabalho infantil art\u00edstico, a crian\u00e7a ou adolescente, representada pelo pai e m\u00e3e ou respons\u00e1vel legal, deve apresentar os documentos pessoais da crian\u00e7a ou adolescente, dos representantes legais, o alvar\u00e1 de funcionamento da empresa que vai contratar a crian\u00e7a ou adolescente, o contrato social da empresa criada pela fam\u00edlia para a crian\u00e7a ser contratada, o comprovante de conta poupan\u00e7a em nome da crian\u00e7a ou adolescente, entre outros documentos que comprovam por exemplo, matr\u00edcula e frequ\u00eancia escolar da crian\u00e7a.<\/p>\n<p>A necessidade de autoriza\u00e7\u00e3o, al\u00e9m de prevista na pr\u00f3pria CLT, est\u00e1 na Conven\u00e7\u00e3o 138 da Organiza\u00e7\u00e3o Internacional do Trabalho (OIT), reconhecida pelo Brasil, em vig\u00eancia desde 2002, que condiciona o trabalho art\u00edstico de crian\u00e7as e adolescentes com menos de 16 anos a uma autoriza\u00e7\u00e3o judicial, por meio de alvar\u00e1. Tamb\u00e9m consta do Estatuto da Crian\u00e7a e do Adolescente (ECA), que prev\u00ea a compet\u00eancia da Vara da Inf\u00e2ncia e Juventude para autorizar a participa\u00e7\u00e3o de crian\u00e7as e adolescentes em espet\u00e1culos p\u00fablicos e em seus ensaios.<\/p>\n<p>\u201cA atua\u00e7\u00e3o da crian\u00e7a ou adolescente s\u00f3 deveria ocorrer mediante a autoriza\u00e7\u00e3o judicial, por meio de alvar\u00e1. Mas temos falhas na fiscaliza\u00e7\u00e3o do trabalho art\u00edstico infantil, que acaba sendo glamourizado e n\u00e3o sendo tratado como forma tamb\u00e9m de explora\u00e7\u00e3o do trabalho infantil em muitos casos\u201d, diz o advogado, que foi secret\u00e1rio nacional dos Direitos da Crian\u00e7a e do Adolescente e presidente do Conselho Nacional dos Direitos da Crian\u00e7a e do Adolescente (Conanda).<\/p>\n<p><strong>Fiscaliza\u00e7\u00e3o<\/strong><br \/>\nAriel de Castro Alves acrescenta que muitas crian\u00e7as e adolescentes que trabalham no meio art\u00edstico acabam sustentando seus pais e m\u00e3es e gerando riquezas e bens para a fam\u00edlia. \u201cE os pais e m\u00e3es, em alguns casos, acabam n\u00e3o tendo profiss\u00f5es e se tornam empres\u00e1rios dos filhos. E toda fam\u00edlia acaba sendo sustentada e vivendo em fun\u00e7\u00e3o da crian\u00e7a ou adolescente que trabalha\u201d, diz.<\/p>\n<p>Alves explica que, pela legisla\u00e7\u00e3o, ap\u00f3s os 16 anos, os adolescentes passam a poder trabalhar, ter contas banc\u00e1rias e ser respons\u00e1veis pelos contratos e, ap\u00f3s 18 anos, passam a ser respons\u00e1veis aut\u00f4nomos pelos seus atos e contratos, sem necessidade de acompanhamento.<\/p>\n<p>De acordo com ele, falta, no entanto, fiscaliza\u00e7\u00e3o por parte das varas da Inf\u00e2ncia e Juventude, promotorias, Minist\u00e9rio do Trabalho e dos conselhos tutelares com rela\u00e7\u00e3o ao trabalho infantil art\u00edstico.<\/p>\n<p>A fiscaliza\u00e7\u00e3o cabe tamb\u00e9m, segundo o advogado, \u00e0s empresas contratantes. \u201cAs empresas tamb\u00e9m deveriam verificar essas situa\u00e7\u00f5es de poss\u00edveis cl\u00e1usulas abusivas nos contratos das crian\u00e7as ou adolescentes e seus pais e encaminharem os casos para a verifica\u00e7\u00e3o das promotorias da Inf\u00e2ncia e Juventude ou defensorias p\u00fablicas\u201d, diz.<\/p>\n<p>Nos casos de lit\u00edgio entre os pais e respons\u00e1veis e as crian\u00e7as ou adolescentes, as defensorias e promotorias, de acordo com Alves, atuam em nome das crian\u00e7as ou adolescentes nos processos. Podem ocorrer tamb\u00e9m situa\u00e7\u00f5es de media\u00e7\u00e3o de conflitos entre as partes, mediadas por esses \u00f3rg\u00e3os.<\/p>\n","protected":false},"excerpt":{"rendered":"<p>Quando crian\u00e7as e adolescentes trabalham, quem administra o dinheiro recebido? Em que situa\u00e7\u00f5es eles podem trabalhar, conforme as leis vigentes no Brasil? Quando eles passam a administrar o pr\u00f3prio dinheiro e quanto lhes cabe? A Ag\u00eancia Brasil conversou com especialistas para responder a essas perguntas. Recentemente, o caso da atriz Larissa Manoela, que tinha a [&hellip;]<\/p>\n","protected":false},"author":2,"featured_media":311130,"comment_status":"closed","ping_status":"closed","sticky":false,"template":"","format":"standard","meta":{"_acf_changed":false,"footnotes":""},"categories":[161],"tags":[],"class_list":["post-311129","post","type-post","status-publish","format-standard","has-post-thumbnail","hentry","category-quadradinho-em-foco"],"acf":[],"yoast_head":"<!-- This site is optimized with the Yoast SEO plugin v27.2 - https:\/\/yoast.com\/product\/yoast-seo-wordpress\/ -->\n<title>Entenda tudo sobre trabalho de crian\u00e7a e adolescente - Notibras<\/title>\n<meta name=\"robots\" content=\"index, follow, max-snippet:-1, max-image-preview:large, max-video-preview:-1\" \/>\n<link rel=\"canonical\" href=\"https:\/\/www.notibras.com\/site\/entenda-tudo-sobre-trabalho-de-crianca-e-adolescente\/\" \/>\n<meta property=\"og:locale\" content=\"pt_BR\" \/>\n<meta property=\"og:type\" content=\"article\" \/>\n<meta property=\"og:title\" content=\"Entenda tudo sobre trabalho de crian\u00e7a e adolescente - Notibras\" \/>\n<meta property=\"og:description\" content=\"Quando crian\u00e7as e adolescentes trabalham, quem administra o dinheiro recebido? Em que situa\u00e7\u00f5es eles podem trabalhar, conforme as leis vigentes no Brasil? Quando eles passam a administrar o pr\u00f3prio dinheiro e quanto lhes cabe? A Ag\u00eancia Brasil conversou com especialistas para responder a essas perguntas. Recentemente, o caso da atriz Larissa Manoela, que tinha a [&hellip;]\" \/>\n<meta property=\"og:url\" content=\"https:\/\/www.notibras.com\/site\/entenda-tudo-sobre-trabalho-de-crianca-e-adolescente\/\" \/>\n<meta property=\"og:site_name\" content=\"Notibras\" \/>\n<meta property=\"article:publisher\" content=\"https:\/\/www.facebook.com\/notibras\/\" \/>\n<meta property=\"article:published_time\" content=\"2023-08-16T03:00:48+00:00\" \/>\n<meta property=\"article:modified_time\" content=\"2023-08-16T11:42:52+00:00\" \/>\n<meta property=\"og:image\" content=\"https:\/\/www.notibras.com\/site\/wp-content\/uploads\/2023\/08\/Caso-Larissa-Manoela.webp\" \/>\n\t<meta property=\"og:image:width\" content=\"600\" \/>\n\t<meta property=\"og:image:height\" content=\"338\" \/>\n\t<meta property=\"og:image:type\" content=\"image\/webp\" \/>\n<meta name=\"author\" content=\"Reda\u00e7\u00e3o\" \/>\n<meta name=\"twitter:card\" content=\"summary_large_image\" \/>\n<meta name=\"twitter:creator\" content=\"@Notibras\" \/>\n<meta name=\"twitter:site\" content=\"@Notibras\" \/>\n<meta name=\"twitter:label1\" content=\"Escrito por\" \/>\n\t<meta name=\"twitter:data1\" content=\"Reda\u00e7\u00e3o\" \/>\n\t<meta name=\"twitter:label2\" content=\"Est. tempo de leitura\" \/>\n\t<meta name=\"twitter:data2\" content=\"5 minutos\" \/>\n<script type=\"application\/ld+json\" class=\"yoast-schema-graph\">{\"@context\":\"https:\/\/schema.org\",\"@graph\":[{\"@type\":\"Article\",\"@id\":\"https:\/\/www.notibras.com\/site\/entenda-tudo-sobre-trabalho-de-crianca-e-adolescente\/#article\",\"isPartOf\":{\"@id\":\"https:\/\/www.notibras.com\/site\/entenda-tudo-sobre-trabalho-de-crianca-e-adolescente\/\"},\"author\":{\"name\":\"Reda\u00e7\u00e3o\",\"@id\":\"https:\/\/www.notibras.com\/site\/#\/schema\/person\/36ab0979449956132d3e5b517ea76ac8\"},\"headline\":\"Entenda tudo sobre trabalho de crian\u00e7a e adolescente\",\"datePublished\":\"2023-08-16T03:00:48+00:00\",\"dateModified\":\"2023-08-16T11:42:52+00:00\",\"mainEntityOfPage\":{\"@id\":\"https:\/\/www.notibras.com\/site\/entenda-tudo-sobre-trabalho-de-crianca-e-adolescente\/\"},\"wordCount\":994,\"publisher\":{\"@id\":\"https:\/\/www.notibras.com\/site\/#organization\"},\"image\":{\"@id\":\"https:\/\/www.notibras.com\/site\/entenda-tudo-sobre-trabalho-de-crianca-e-adolescente\/#primaryimage\"},\"thumbnailUrl\":\"https:\/\/www.notibras.com\/site\/wp-content\/uploads\/2023\/08\/Caso-Larissa-Manoela.webp\",\"articleSection\":[\"Quadradinho em Foco\"],\"inLanguage\":\"pt-BR\"},{\"@type\":\"WebPage\",\"@id\":\"https:\/\/www.notibras.com\/site\/entenda-tudo-sobre-trabalho-de-crianca-e-adolescente\/\",\"url\":\"https:\/\/www.notibras.com\/site\/entenda-tudo-sobre-trabalho-de-crianca-e-adolescente\/\",\"name\":\"Entenda tudo sobre trabalho de crian\u00e7a e adolescente - Notibras\",\"isPartOf\":{\"@id\":\"https:\/\/www.notibras.com\/site\/#website\"},\"primaryImageOfPage\":{\"@id\":\"https:\/\/www.notibras.com\/site\/entenda-tudo-sobre-trabalho-de-crianca-e-adolescente\/#primaryimage\"},\"image\":{\"@id\":\"https:\/\/www.notibras.com\/site\/entenda-tudo-sobre-trabalho-de-crianca-e-adolescente\/#primaryimage\"},\"thumbnailUrl\":\"https:\/\/www.notibras.com\/site\/wp-content\/uploads\/2023\/08\/Caso-Larissa-Manoela.webp\",\"datePublished\":\"2023-08-16T03:00:48+00:00\",\"dateModified\":\"2023-08-16T11:42:52+00:00\",\"breadcrumb\":{\"@id\":\"https:\/\/www.notibras.com\/site\/entenda-tudo-sobre-trabalho-de-crianca-e-adolescente\/#breadcrumb\"},\"inLanguage\":\"pt-BR\",\"potentialAction\":[{\"@type\":\"ReadAction\",\"target\":[\"https:\/\/www.notibras.com\/site\/entenda-tudo-sobre-trabalho-de-crianca-e-adolescente\/\"]}]},{\"@type\":\"ImageObject\",\"inLanguage\":\"pt-BR\",\"@id\":\"https:\/\/www.notibras.com\/site\/entenda-tudo-sobre-trabalho-de-crianca-e-adolescente\/#primaryimage\",\"url\":\"https:\/\/www.notibras.com\/site\/wp-content\/uploads\/2023\/08\/Caso-Larissa-Manoela.webp\",\"contentUrl\":\"https:\/\/www.notibras.com\/site\/wp-content\/uploads\/2023\/08\/Caso-Larissa-Manoela.webp\",\"width\":600,\"height\":338},{\"@type\":\"BreadcrumbList\",\"@id\":\"https:\/\/www.notibras.com\/site\/entenda-tudo-sobre-trabalho-de-crianca-e-adolescente\/#breadcrumb\",\"itemListElement\":[{\"@type\":\"ListItem\",\"position\":1,\"name\":\"In\u00edcio\",\"item\":\"https:\/\/www.notibras.com\/site\/\"},{\"@type\":\"ListItem\",\"position\":2,\"name\":\"Entenda tudo sobre trabalho de crian\u00e7a e adolescente\"}]},{\"@type\":\"WebSite\",\"@id\":\"https:\/\/www.notibras.com\/site\/#website\",\"url\":\"https:\/\/www.notibras.com\/site\/\",\"name\":\"Notibras\",\"description\":\"Not\u00edcias de Bras\u00edlia, do Brasil e do Mundo\",\"publisher\":{\"@id\":\"https:\/\/www.notibras.com\/site\/#organization\"},\"potentialAction\":[{\"@type\":\"SearchAction\",\"target\":{\"@type\":\"EntryPoint\",\"urlTemplate\":\"https:\/\/www.notibras.com\/site\/?s={search_term_string}\"},\"query-input\":{\"@type\":\"PropertyValueSpecification\",\"valueRequired\":true,\"valueName\":\"search_term_string\"}}],\"inLanguage\":\"pt-BR\"},{\"@type\":\"Organization\",\"@id\":\"https:\/\/www.notibras.com\/site\/#organization\",\"name\":\"Grupo Notibras de Comunica\u00e7\u00e3o\",\"url\":\"https:\/\/www.notibras.com\/site\/\",\"logo\":{\"@type\":\"ImageObject\",\"inLanguage\":\"pt-BR\",\"@id\":\"https:\/\/www.notibras.com\/site\/#\/schema\/logo\/image\/\",\"url\":\"https:\/\/www.notibras.com\/site\/wp-content\/uploads\/2023\/01\/notibras23.png\",\"contentUrl\":\"https:\/\/www.notibras.com\/site\/wp-content\/uploads\/2023\/01\/notibras23.png\",\"width\":350,\"height\":87,\"caption\":\"Grupo Notibras de Comunica\u00e7\u00e3o\"},\"image\":{\"@id\":\"https:\/\/www.notibras.com\/site\/#\/schema\/logo\/image\/\"},\"sameAs\":[\"https:\/\/www.facebook.com\/notibras\/\",\"https:\/\/x.com\/Notibras\",\"https:\/\/www.instagram.com\/notibras\/\"]},{\"@type\":\"Person\",\"@id\":\"https:\/\/www.notibras.com\/site\/#\/schema\/person\/36ab0979449956132d3e5b517ea76ac8\",\"name\":\"Reda\u00e7\u00e3o\",\"image\":{\"@type\":\"ImageObject\",\"inLanguage\":\"pt-BR\",\"@id\":\"https:\/\/secure.gravatar.com\/avatar\/e0a867bdedb85fd243eadf09663511f96fc81e0720a4a42581f334ad4303aa6b?s=96&d=mm&r=g\",\"url\":\"https:\/\/secure.gravatar.com\/avatar\/e0a867bdedb85fd243eadf09663511f96fc81e0720a4a42581f334ad4303aa6b?s=96&d=mm&r=g\",\"contentUrl\":\"https:\/\/secure.gravatar.com\/avatar\/e0a867bdedb85fd243eadf09663511f96fc81e0720a4a42581f334ad4303aa6b?s=96&d=mm&r=g\",\"caption\":\"Reda\u00e7\u00e3o\"}}]}<\/script>\n<!-- \/ Yoast SEO plugin. -->","yoast_head_json":{"title":"Entenda tudo sobre trabalho de crian\u00e7a e adolescente - Notibras","robots":{"index":"index","follow":"follow","max-snippet":"max-snippet:-1","max-image-preview":"max-image-preview:large","max-video-preview":"max-video-preview:-1"},"canonical":"https:\/\/www.notibras.com\/site\/entenda-tudo-sobre-trabalho-de-crianca-e-adolescente\/","og_locale":"pt_BR","og_type":"article","og_title":"Entenda tudo sobre trabalho de crian\u00e7a e adolescente - Notibras","og_description":"Quando crian\u00e7as e adolescentes trabalham, quem administra o dinheiro recebido? Em que situa\u00e7\u00f5es eles podem trabalhar, conforme as leis vigentes no Brasil? Quando eles passam a administrar o pr\u00f3prio dinheiro e quanto lhes cabe? A Ag\u00eancia Brasil conversou com especialistas para responder a essas perguntas. Recentemente, o caso da atriz Larissa Manoela, que tinha a [&hellip;]","og_url":"https:\/\/www.notibras.com\/site\/entenda-tudo-sobre-trabalho-de-crianca-e-adolescente\/","og_site_name":"Notibras","article_publisher":"https:\/\/www.facebook.com\/notibras\/","article_published_time":"2023-08-16T03:00:48+00:00","article_modified_time":"2023-08-16T11:42:52+00:00","og_image":[{"width":600,"height":338,"url":"https:\/\/www.notibras.com\/site\/wp-content\/uploads\/2023\/08\/Caso-Larissa-Manoela.webp","type":"image\/webp"}],"author":"Reda\u00e7\u00e3o","twitter_card":"summary_large_image","twitter_creator":"@Notibras","twitter_site":"@Notibras","twitter_misc":{"Escrito por":"Reda\u00e7\u00e3o","Est. tempo de leitura":"5 minutos"},"schema":{"@context":"https:\/\/schema.org","@graph":[{"@type":"Article","@id":"https:\/\/www.notibras.com\/site\/entenda-tudo-sobre-trabalho-de-crianca-e-adolescente\/#article","isPartOf":{"@id":"https:\/\/www.notibras.com\/site\/entenda-tudo-sobre-trabalho-de-crianca-e-adolescente\/"},"author":{"name":"Reda\u00e7\u00e3o","@id":"https:\/\/www.notibras.com\/site\/#\/schema\/person\/36ab0979449956132d3e5b517ea76ac8"},"headline":"Entenda tudo sobre trabalho de crian\u00e7a e adolescente","datePublished":"2023-08-16T03:00:48+00:00","dateModified":"2023-08-16T11:42:52+00:00","mainEntityOfPage":{"@id":"https:\/\/www.notibras.com\/site\/entenda-tudo-sobre-trabalho-de-crianca-e-adolescente\/"},"wordCount":994,"publisher":{"@id":"https:\/\/www.notibras.com\/site\/#organization"},"image":{"@id":"https:\/\/www.notibras.com\/site\/entenda-tudo-sobre-trabalho-de-crianca-e-adolescente\/#primaryimage"},"thumbnailUrl":"https:\/\/www.notibras.com\/site\/wp-content\/uploads\/2023\/08\/Caso-Larissa-Manoela.webp","articleSection":["Quadradinho em Foco"],"inLanguage":"pt-BR"},{"@type":"WebPage","@id":"https:\/\/www.notibras.com\/site\/entenda-tudo-sobre-trabalho-de-crianca-e-adolescente\/","url":"https:\/\/www.notibras.com\/site\/entenda-tudo-sobre-trabalho-de-crianca-e-adolescente\/","name":"Entenda tudo sobre trabalho de crian\u00e7a e adolescente - Notibras","isPartOf":{"@id":"https:\/\/www.notibras.com\/site\/#website"},"primaryImageOfPage":{"@id":"https:\/\/www.notibras.com\/site\/entenda-tudo-sobre-trabalho-de-crianca-e-adolescente\/#primaryimage"},"image":{"@id":"https:\/\/www.notibras.com\/site\/entenda-tudo-sobre-trabalho-de-crianca-e-adolescente\/#primaryimage"},"thumbnailUrl":"https:\/\/www.notibras.com\/site\/wp-content\/uploads\/2023\/08\/Caso-Larissa-Manoela.webp","datePublished":"2023-08-16T03:00:48+00:00","dateModified":"2023-08-16T11:42:52+00:00","breadcrumb":{"@id":"https:\/\/www.notibras.com\/site\/entenda-tudo-sobre-trabalho-de-crianca-e-adolescente\/#breadcrumb"},"inLanguage":"pt-BR","potentialAction":[{"@type":"ReadAction","target":["https:\/\/www.notibras.com\/site\/entenda-tudo-sobre-trabalho-de-crianca-e-adolescente\/"]}]},{"@type":"ImageObject","inLanguage":"pt-BR","@id":"https:\/\/www.notibras.com\/site\/entenda-tudo-sobre-trabalho-de-crianca-e-adolescente\/#primaryimage","url":"https:\/\/www.notibras.com\/site\/wp-content\/uploads\/2023\/08\/Caso-Larissa-Manoela.webp","contentUrl":"https:\/\/www.notibras.com\/site\/wp-content\/uploads\/2023\/08\/Caso-Larissa-Manoela.webp","width":600,"height":338},{"@type":"BreadcrumbList","@id":"https:\/\/www.notibras.com\/site\/entenda-tudo-sobre-trabalho-de-crianca-e-adolescente\/#breadcrumb","itemListElement":[{"@type":"ListItem","position":1,"name":"In\u00edcio","item":"https:\/\/www.notibras.com\/site\/"},{"@type":"ListItem","position":2,"name":"Entenda tudo sobre trabalho de crian\u00e7a e adolescente"}]},{"@type":"WebSite","@id":"https:\/\/www.notibras.com\/site\/#website","url":"https:\/\/www.notibras.com\/site\/","name":"Notibras","description":"Not\u00edcias de Bras\u00edlia, do Brasil e do Mundo","publisher":{"@id":"https:\/\/www.notibras.com\/site\/#organization"},"potentialAction":[{"@type":"SearchAction","target":{"@type":"EntryPoint","urlTemplate":"https:\/\/www.notibras.com\/site\/?s={search_term_string}"},"query-input":{"@type":"PropertyValueSpecification","valueRequired":true,"valueName":"search_term_string"}}],"inLanguage":"pt-BR"},{"@type":"Organization","@id":"https:\/\/www.notibras.com\/site\/#organization","name":"Grupo Notibras de Comunica\u00e7\u00e3o","url":"https:\/\/www.notibras.com\/site\/","logo":{"@type":"ImageObject","inLanguage":"pt-BR","@id":"https:\/\/www.notibras.com\/site\/#\/schema\/logo\/image\/","url":"https:\/\/www.notibras.com\/site\/wp-content\/uploads\/2023\/01\/notibras23.png","contentUrl":"https:\/\/www.notibras.com\/site\/wp-content\/uploads\/2023\/01\/notibras23.png","width":350,"height":87,"caption":"Grupo Notibras de Comunica\u00e7\u00e3o"},"image":{"@id":"https:\/\/www.notibras.com\/site\/#\/schema\/logo\/image\/"},"sameAs":["https:\/\/www.facebook.com\/notibras\/","https:\/\/x.com\/Notibras","https:\/\/www.instagram.com\/notibras\/"]},{"@type":"Person","@id":"https:\/\/www.notibras.com\/site\/#\/schema\/person\/36ab0979449956132d3e5b517ea76ac8","name":"Reda\u00e7\u00e3o","image":{"@type":"ImageObject","inLanguage":"pt-BR","@id":"https:\/\/secure.gravatar.com\/avatar\/e0a867bdedb85fd243eadf09663511f96fc81e0720a4a42581f334ad4303aa6b?s=96&d=mm&r=g","url":"https:\/\/secure.gravatar.com\/avatar\/e0a867bdedb85fd243eadf09663511f96fc81e0720a4a42581f334ad4303aa6b?s=96&d=mm&r=g","contentUrl":"https:\/\/secure.gravatar.com\/avatar\/e0a867bdedb85fd243eadf09663511f96fc81e0720a4a42581f334ad4303aa6b?s=96&d=mm&r=g","caption":"Reda\u00e7\u00e3o"}}]}},"amp_enabled":true,"_links":{"self":[{"href":"https:\/\/www.notibras.com\/site\/wp-json\/wp\/v2\/posts\/311129","targetHints":{"allow":["GET"]}}],"collection":[{"href":"https:\/\/www.notibras.com\/site\/wp-json\/wp\/v2\/posts"}],"about":[{"href":"https:\/\/www.notibras.com\/site\/wp-json\/wp\/v2\/types\/post"}],"author":[{"embeddable":true,"href":"https:\/\/www.notibras.com\/site\/wp-json\/wp\/v2\/users\/2"}],"replies":[{"embeddable":true,"href":"https:\/\/www.notibras.com\/site\/wp-json\/wp\/v2\/comments?post=311129"}],"version-history":[{"count":1,"href":"https:\/\/www.notibras.com\/site\/wp-json\/wp\/v2\/posts\/311129\/revisions"}],"predecessor-version":[{"id":311131,"href":"https:\/\/www.notibras.com\/site\/wp-json\/wp\/v2\/posts\/311129\/revisions\/311131"}],"wp:featuredmedia":[{"embeddable":true,"href":"https:\/\/www.notibras.com\/site\/wp-json\/wp\/v2\/media\/311130"}],"wp:attachment":[{"href":"https:\/\/www.notibras.com\/site\/wp-json\/wp\/v2\/media?parent=311129"}],"wp:term":[{"taxonomy":"category","embeddable":true,"href":"https:\/\/www.notibras.com\/site\/wp-json\/wp\/v2\/categories?post=311129"},{"taxonomy":"post_tag","embeddable":true,"href":"https:\/\/www.notibras.com\/site\/wp-json\/wp\/v2\/tags?post=311129"}],"curies":[{"name":"wp","href":"https:\/\/api.w.org\/{rel}","templated":true}]}}