{"id":31117,"date":"2014-12-14T09:11:07","date_gmt":"2014-12-14T12:11:07","guid":{"rendered":"http:\/\/www.notibras.com\/site\/?p=31117"},"modified":"2014-12-14T09:11:40","modified_gmt":"2014-12-14T12:11:40","slug":"2014-o-ano-que-chega-ao-fim-para-alivio-das-micro-e-pequenas-empresas","status":"publish","type":"post","link":"https:\/\/www.notibras.com\/site\/2014-o-ano-que-chega-ao-fim-para-alivio-das-micro-e-pequenas-empresas\/","title":{"rendered":"2014, o ano que acaba para al\u00edvio das micro e pequenas empresas"},"content":{"rendered":"<p>A economia brasileira tem produzido mais preocupa\u00e7\u00f5es do que boas not\u00edcias em 2014. Desacelera\u00e7\u00e3o do ritmo de atividade, infla\u00e7\u00e3o elevada, piora na confian\u00e7a de empres\u00e1rios e consumidores e d\u00favidas sobre o direcionamento das finan\u00e7as do pa\u00eds formam um quadro pouco animador.<\/p>\n<p>Ao analisarmos a situa\u00e7\u00e3o das micro e pequenas empresas (MPEs) de S\u00e3o Paulo vemos que o faturamento delas caiu 0,3% no acumulado de janeiro a setembro na compara\u00e7\u00e3o com o mesmo per\u00edodo de 2013. Com o recuo, 2014 tem tudo para n\u00e3o deixar saudades. Para 2015, a expectativa \u00e9 de melhora, mas nada que entusiasme muito.<\/p>\n<p>Tempos dif\u00edceis para as 9 milh\u00f5es de MPEs brasileiras, que representam 99% das empresas existentes no pa\u00eds e respondem por 27% do PIB (Produto Interno Bruto), 52% dos empregos com carteira assinada e 40% dos sal\u00e1rios pagos. Como ningu\u00e9m est\u00e1 imune a turbul\u00eancias, a resist\u00eancia das MPEs \u00e9 minada dia ap\u00f3s dia.<\/p>\n<p>O problema \u00e9 que os pequenos neg\u00f3cios t\u00eam forte depend\u00eancia do mercado interno e indicadores ruins abrem caminho para o surgimento de um c\u00edrculo vicioso que corr\u00f3i a economia como um todo. Nessas condi\u00e7\u00f5es, as MPEs veem o consumo de seus produtos e servi\u00e7os diminuir.<\/p>\n<p>Menos vendas levam \u00e0 redu\u00e7\u00e3o de receita, de empregos, da renda do trabalhador, da arrecada\u00e7\u00e3o e do dinheiro dispon\u00edvel para o governo investir em benef\u00edcios para a popula\u00e7\u00e3o, prejudicando o desenvolvimento local, aumentando a morte de empreendimentos e causando o aborto de projetos. Ou seja, quando as MPEs enfrentam dificuldades, toda a economia \u00e9 afetada.<\/p>\n<p>\u00c9 inquestion\u00e1vel que a defesa dos pequenos neg\u00f3cios \u00e9 fundamental para o pa\u00eds. Os \u00faltimos anos trouxeram uma s\u00e9rie de avan\u00e7os nesse sentido como a cria\u00e7\u00e3o da Lei Geral da Micro e Pequena Empresa, o Simples Nacional e sua recente universaliza\u00e7\u00e3o e a cria\u00e7\u00e3o da figura jur\u00eddica do Microempreendedor Individual (MEI). Leis que facilitam o empreendedorismo s\u00e3o sempre bem-vindas, principalmente no Brasil, pa\u00eds em que a rela\u00e7\u00e3o com poder p\u00fablico \u00e9 problem\u00e1tica.<\/p>\n<p>Segundo o relat\u00f3rio Doing Business, do Banco Mundial, estamos em 116\u00ba, entre 189 pa\u00edses, no que se refere ao ambiente para empreender e realizar de neg\u00f3cios. A burocracia e carga tribut\u00e1ria s\u00e3o os maiores entraves na vida do empres\u00e1rio brasileiro.<\/p>\n<p>A formula\u00e7\u00e3o de regras e de mecanismos que estimulem os pequenos neg\u00f3cios devem sempre nortear os esfor\u00e7os pelo empreendedorismo nacional. \u00c9 dever do poder p\u00fablico faz\u00ea-lo, e \u00e9 justo ser cobrado por isso.<\/p>\n<blockquote><p>Por outro lado, o dono ou futuro dono de um pequeno neg\u00f3cio tem de fazer a sua parte tamb\u00e9m. Ele precisa se preparar, qualificar a si e seu neg\u00f3cio, planejar e inovar, requisitos b\u00e1sicos para o bom desempenho. Al\u00e9m disso, tem de manter vivo o esp\u00edrito empreendedor, aquela for\u00e7a motriz que faz com que n\u00e3o desista e enxergue oportunidades onde os outros veem dificuldades. As crises servem para tirar o indiv\u00edduo de sua zona de conforto e for\u00e7\u00e1-lo a buscar solu\u00e7\u00f5es.<\/p><\/blockquote>\n<p>Momentos cr\u00edticos exigem estrat\u00e9gias diferenciadas e \u00e9 a\u00ed que o empreendedor atento pode n\u00e3o s\u00f3 superar obst\u00e1culos, mas ganhar mais espa\u00e7o no mercado. \u00c9 nessa hora que os bons se diferenciam.<\/p>\n<p>O primeiro passo \u00e9 tornar-se um gestor melhor. Em tempos turbulentos, o empres\u00e1rio deve manter um controle rigoroso das contas, cortar excessos e ficar atento \u00e0s possibilidades ao redor. Tem de saber se comunicar com sua equipe (ou poder\u00e1 sucumbir a ru\u00eddos e ao chamado fogo amigo) e estar disposto a colocar a m\u00e3o na massa, trabalhar duro. Ou seja, ser o primeiro a chegar e o \u00faltimo a sair.<\/p>\n<p>Obviamente, ningu\u00e9m nasce sabendo e procurar ajuda para aprimorar-se n\u00e3o \u00e9 dem\u00e9rito. O Sebrae-SP est\u00e1 sempre pronto para apoiar o empreendedor, capacit\u00e1-lo e auxili\u00e1-lo, seja para o sucesso quando os ventos sopram a favor, seja para fazer da crise uma oportunidade de supera\u00e7\u00e3o.<\/p>\n<p><strong>Bruno Caetano<\/strong><\/p>\n","protected":false},"excerpt":{"rendered":"<p>A economia brasileira tem produzido mais preocupa\u00e7\u00f5es do que boas not\u00edcias em 2014. Desacelera\u00e7\u00e3o do ritmo de atividade, infla\u00e7\u00e3o elevada, piora na confian\u00e7a de empres\u00e1rios e consumidores e d\u00favidas sobre o direcionamento das finan\u00e7as do pa\u00eds formam um quadro pouco animador. Ao analisarmos a situa\u00e7\u00e3o das micro e pequenas empresas (MPEs) de S\u00e3o Paulo vemos [&hellip;]<\/p>\n","protected":false},"author":2,"featured_media":31118,"comment_status":"open","ping_status":"closed","sticky":false,"template":"","format":"standard","meta":{"_acf_changed":false,"footnotes":""},"categories":[25],"tags":[],"class_list":["post-31117","post","type-post","status-publish","format-standard","has-post-thumbnail","hentry","category-opina-ai"],"acf":[],"yoast_head":"<!-- This site is optimized with the Yoast SEO plugin v27.2 - https:\/\/yoast.com\/product\/yoast-seo-wordpress\/ -->\n<title>2014, o ano que acaba para al\u00edvio das micro e pequenas empresas - Notibras<\/title>\n<meta name=\"robots\" content=\"index, follow, max-snippet:-1, max-image-preview:large, max-video-preview:-1\" \/>\n<link rel=\"canonical\" href=\"https:\/\/www.notibras.com\/site\/2014-o-ano-que-chega-ao-fim-para-alivio-das-micro-e-pequenas-empresas\/\" \/>\n<meta property=\"og:locale\" content=\"pt_BR\" \/>\n<meta property=\"og:type\" content=\"article\" \/>\n<meta property=\"og:title\" content=\"2014, o ano que acaba para al\u00edvio das micro e pequenas empresas - Notibras\" \/>\n<meta property=\"og:description\" content=\"A economia brasileira tem produzido mais preocupa\u00e7\u00f5es do que boas not\u00edcias em 2014. Desacelera\u00e7\u00e3o do ritmo de atividade, infla\u00e7\u00e3o elevada, piora na confian\u00e7a de empres\u00e1rios e consumidores e d\u00favidas sobre o direcionamento das finan\u00e7as do pa\u00eds formam um quadro pouco animador. Ao analisarmos a situa\u00e7\u00e3o das micro e pequenas empresas (MPEs) de S\u00e3o Paulo vemos [&hellip;]\" \/>\n<meta property=\"og:url\" content=\"https:\/\/www.notibras.com\/site\/2014-o-ano-que-chega-ao-fim-para-alivio-das-micro-e-pequenas-empresas\/\" \/>\n<meta property=\"og:site_name\" content=\"Notibras\" \/>\n<meta property=\"article:publisher\" content=\"https:\/\/www.facebook.com\/notibras\/\" \/>\n<meta property=\"article:published_time\" content=\"2014-12-14T12:11:07+00:00\" \/>\n<meta property=\"article:modified_time\" content=\"2014-12-14T12:11:40+00:00\" \/>\n<meta property=\"og:image\" content=\"https:\/\/www.notibras.com\/site\/wp-content\/uploads\/2014\/12\/microempresa1.jpg\" \/>\n\t<meta property=\"og:image:width\" content=\"867\" \/>\n\t<meta property=\"og:image:height\" content=\"558\" \/>\n\t<meta property=\"og:image:type\" content=\"image\/jpeg\" \/>\n<meta name=\"author\" content=\"Reda\u00e7\u00e3o\" \/>\n<meta name=\"twitter:card\" content=\"summary_large_image\" \/>\n<meta name=\"twitter:creator\" content=\"@Notibras\" \/>\n<meta name=\"twitter:site\" content=\"@Notibras\" \/>\n<meta name=\"twitter:label1\" content=\"Escrito por\" \/>\n\t<meta name=\"twitter:data1\" content=\"Reda\u00e7\u00e3o\" \/>\n\t<meta name=\"twitter:label2\" content=\"Est. tempo de leitura\" \/>\n\t<meta name=\"twitter:data2\" content=\"3 minutos\" \/>\n<script type=\"application\/ld+json\" class=\"yoast-schema-graph\">{\"@context\":\"https:\/\/schema.org\",\"@graph\":[{\"@type\":\"Article\",\"@id\":\"https:\/\/www.notibras.com\/site\/2014-o-ano-que-chega-ao-fim-para-alivio-das-micro-e-pequenas-empresas\/#article\",\"isPartOf\":{\"@id\":\"https:\/\/www.notibras.com\/site\/2014-o-ano-que-chega-ao-fim-para-alivio-das-micro-e-pequenas-empresas\/\"},\"author\":{\"name\":\"Reda\u00e7\u00e3o\",\"@id\":\"https:\/\/www.notibras.com\/site\/#\/schema\/person\/36ab0979449956132d3e5b517ea76ac8\"},\"headline\":\"2014, o ano que acaba para al\u00edvio das micro e pequenas empresas\",\"datePublished\":\"2014-12-14T12:11:07+00:00\",\"dateModified\":\"2014-12-14T12:11:40+00:00\",\"mainEntityOfPage\":{\"@id\":\"https:\/\/www.notibras.com\/site\/2014-o-ano-que-chega-ao-fim-para-alivio-das-micro-e-pequenas-empresas\/\"},\"wordCount\":691,\"commentCount\":0,\"publisher\":{\"@id\":\"https:\/\/www.notibras.com\/site\/#organization\"},\"image\":{\"@id\":\"https:\/\/www.notibras.com\/site\/2014-o-ano-que-chega-ao-fim-para-alivio-das-micro-e-pequenas-empresas\/#primaryimage\"},\"thumbnailUrl\":\"https:\/\/www.notibras.com\/site\/wp-content\/uploads\/2014\/12\/microempresa1.jpg\",\"articleSection\":[\"Opina a\u00ed\"],\"inLanguage\":\"pt-BR\",\"potentialAction\":[{\"@type\":\"CommentAction\",\"name\":\"Comment\",\"target\":[\"https:\/\/www.notibras.com\/site\/2014-o-ano-que-chega-ao-fim-para-alivio-das-micro-e-pequenas-empresas\/#respond\"]}]},{\"@type\":\"WebPage\",\"@id\":\"https:\/\/www.notibras.com\/site\/2014-o-ano-que-chega-ao-fim-para-alivio-das-micro-e-pequenas-empresas\/\",\"url\":\"https:\/\/www.notibras.com\/site\/2014-o-ano-que-chega-ao-fim-para-alivio-das-micro-e-pequenas-empresas\/\",\"name\":\"2014, o ano que acaba para al\u00edvio das micro e pequenas empresas - Notibras\",\"isPartOf\":{\"@id\":\"https:\/\/www.notibras.com\/site\/#website\"},\"primaryImageOfPage\":{\"@id\":\"https:\/\/www.notibras.com\/site\/2014-o-ano-que-chega-ao-fim-para-alivio-das-micro-e-pequenas-empresas\/#primaryimage\"},\"image\":{\"@id\":\"https:\/\/www.notibras.com\/site\/2014-o-ano-que-chega-ao-fim-para-alivio-das-micro-e-pequenas-empresas\/#primaryimage\"},\"thumbnailUrl\":\"https:\/\/www.notibras.com\/site\/wp-content\/uploads\/2014\/12\/microempresa1.jpg\",\"datePublished\":\"2014-12-14T12:11:07+00:00\",\"dateModified\":\"2014-12-14T12:11:40+00:00\",\"breadcrumb\":{\"@id\":\"https:\/\/www.notibras.com\/site\/2014-o-ano-que-chega-ao-fim-para-alivio-das-micro-e-pequenas-empresas\/#breadcrumb\"},\"inLanguage\":\"pt-BR\",\"potentialAction\":[{\"@type\":\"ReadAction\",\"target\":[\"https:\/\/www.notibras.com\/site\/2014-o-ano-que-chega-ao-fim-para-alivio-das-micro-e-pequenas-empresas\/\"]}]},{\"@type\":\"ImageObject\",\"inLanguage\":\"pt-BR\",\"@id\":\"https:\/\/www.notibras.com\/site\/2014-o-ano-que-chega-ao-fim-para-alivio-das-micro-e-pequenas-empresas\/#primaryimage\",\"url\":\"https:\/\/www.notibras.com\/site\/wp-content\/uploads\/2014\/12\/microempresa1.jpg\",\"contentUrl\":\"https:\/\/www.notibras.com\/site\/wp-content\/uploads\/2014\/12\/microempresa1.jpg\",\"width\":867,\"height\":558},{\"@type\":\"BreadcrumbList\",\"@id\":\"https:\/\/www.notibras.com\/site\/2014-o-ano-que-chega-ao-fim-para-alivio-das-micro-e-pequenas-empresas\/#breadcrumb\",\"itemListElement\":[{\"@type\":\"ListItem\",\"position\":1,\"name\":\"In\u00edcio\",\"item\":\"https:\/\/www.notibras.com\/site\/\"},{\"@type\":\"ListItem\",\"position\":2,\"name\":\"2014, o ano que acaba para al\u00edvio das micro e pequenas empresas\"}]},{\"@type\":\"WebSite\",\"@id\":\"https:\/\/www.notibras.com\/site\/#website\",\"url\":\"https:\/\/www.notibras.com\/site\/\",\"name\":\"Notibras\",\"description\":\"Not\u00edcias de Bras\u00edlia, do Brasil e do Mundo\",\"publisher\":{\"@id\":\"https:\/\/www.notibras.com\/site\/#organization\"},\"potentialAction\":[{\"@type\":\"SearchAction\",\"target\":{\"@type\":\"EntryPoint\",\"urlTemplate\":\"https:\/\/www.notibras.com\/site\/?s={search_term_string}\"},\"query-input\":{\"@type\":\"PropertyValueSpecification\",\"valueRequired\":true,\"valueName\":\"search_term_string\"}}],\"inLanguage\":\"pt-BR\"},{\"@type\":\"Organization\",\"@id\":\"https:\/\/www.notibras.com\/site\/#organization\",\"name\":\"Grupo Notibras de Comunica\u00e7\u00e3o\",\"url\":\"https:\/\/www.notibras.com\/site\/\",\"logo\":{\"@type\":\"ImageObject\",\"inLanguage\":\"pt-BR\",\"@id\":\"https:\/\/www.notibras.com\/site\/#\/schema\/logo\/image\/\",\"url\":\"https:\/\/www.notibras.com\/site\/wp-content\/uploads\/2023\/01\/notibras23.png\",\"contentUrl\":\"https:\/\/www.notibras.com\/site\/wp-content\/uploads\/2023\/01\/notibras23.png\",\"width\":350,\"height\":87,\"caption\":\"Grupo Notibras de Comunica\u00e7\u00e3o\"},\"image\":{\"@id\":\"https:\/\/www.notibras.com\/site\/#\/schema\/logo\/image\/\"},\"sameAs\":[\"https:\/\/www.facebook.com\/notibras\/\",\"https:\/\/x.com\/Notibras\",\"https:\/\/www.instagram.com\/notibras\/\"]},{\"@type\":\"Person\",\"@id\":\"https:\/\/www.notibras.com\/site\/#\/schema\/person\/36ab0979449956132d3e5b517ea76ac8\",\"name\":\"Reda\u00e7\u00e3o\",\"image\":{\"@type\":\"ImageObject\",\"inLanguage\":\"pt-BR\",\"@id\":\"https:\/\/secure.gravatar.com\/avatar\/e0a867bdedb85fd243eadf09663511f96fc81e0720a4a42581f334ad4303aa6b?s=96&d=mm&r=g\",\"url\":\"https:\/\/secure.gravatar.com\/avatar\/e0a867bdedb85fd243eadf09663511f96fc81e0720a4a42581f334ad4303aa6b?s=96&d=mm&r=g\",\"contentUrl\":\"https:\/\/secure.gravatar.com\/avatar\/e0a867bdedb85fd243eadf09663511f96fc81e0720a4a42581f334ad4303aa6b?s=96&d=mm&r=g\",\"caption\":\"Reda\u00e7\u00e3o\"}}]}<\/script>\n<!-- \/ Yoast SEO plugin. -->","yoast_head_json":{"title":"2014, o ano que acaba para al\u00edvio das micro e pequenas empresas - Notibras","robots":{"index":"index","follow":"follow","max-snippet":"max-snippet:-1","max-image-preview":"max-image-preview:large","max-video-preview":"max-video-preview:-1"},"canonical":"https:\/\/www.notibras.com\/site\/2014-o-ano-que-chega-ao-fim-para-alivio-das-micro-e-pequenas-empresas\/","og_locale":"pt_BR","og_type":"article","og_title":"2014, o ano que acaba para al\u00edvio das micro e pequenas empresas - Notibras","og_description":"A economia brasileira tem produzido mais preocupa\u00e7\u00f5es do que boas not\u00edcias em 2014. Desacelera\u00e7\u00e3o do ritmo de atividade, infla\u00e7\u00e3o elevada, piora na confian\u00e7a de empres\u00e1rios e consumidores e d\u00favidas sobre o direcionamento das finan\u00e7as do pa\u00eds formam um quadro pouco animador. Ao analisarmos a situa\u00e7\u00e3o das micro e pequenas empresas (MPEs) de S\u00e3o Paulo vemos [&hellip;]","og_url":"https:\/\/www.notibras.com\/site\/2014-o-ano-que-chega-ao-fim-para-alivio-das-micro-e-pequenas-empresas\/","og_site_name":"Notibras","article_publisher":"https:\/\/www.facebook.com\/notibras\/","article_published_time":"2014-12-14T12:11:07+00:00","article_modified_time":"2014-12-14T12:11:40+00:00","og_image":[{"width":867,"height":558,"url":"https:\/\/www.notibras.com\/site\/wp-content\/uploads\/2014\/12\/microempresa1.jpg","type":"image\/jpeg"}],"author":"Reda\u00e7\u00e3o","twitter_card":"summary_large_image","twitter_creator":"@Notibras","twitter_site":"@Notibras","twitter_misc":{"Escrito por":"Reda\u00e7\u00e3o","Est. tempo de leitura":"3 minutos"},"schema":{"@context":"https:\/\/schema.org","@graph":[{"@type":"Article","@id":"https:\/\/www.notibras.com\/site\/2014-o-ano-que-chega-ao-fim-para-alivio-das-micro-e-pequenas-empresas\/#article","isPartOf":{"@id":"https:\/\/www.notibras.com\/site\/2014-o-ano-que-chega-ao-fim-para-alivio-das-micro-e-pequenas-empresas\/"},"author":{"name":"Reda\u00e7\u00e3o","@id":"https:\/\/www.notibras.com\/site\/#\/schema\/person\/36ab0979449956132d3e5b517ea76ac8"},"headline":"2014, o ano que acaba para al\u00edvio das micro e pequenas empresas","datePublished":"2014-12-14T12:11:07+00:00","dateModified":"2014-12-14T12:11:40+00:00","mainEntityOfPage":{"@id":"https:\/\/www.notibras.com\/site\/2014-o-ano-que-chega-ao-fim-para-alivio-das-micro-e-pequenas-empresas\/"},"wordCount":691,"commentCount":0,"publisher":{"@id":"https:\/\/www.notibras.com\/site\/#organization"},"image":{"@id":"https:\/\/www.notibras.com\/site\/2014-o-ano-que-chega-ao-fim-para-alivio-das-micro-e-pequenas-empresas\/#primaryimage"},"thumbnailUrl":"https:\/\/www.notibras.com\/site\/wp-content\/uploads\/2014\/12\/microempresa1.jpg","articleSection":["Opina a\u00ed"],"inLanguage":"pt-BR","potentialAction":[{"@type":"CommentAction","name":"Comment","target":["https:\/\/www.notibras.com\/site\/2014-o-ano-que-chega-ao-fim-para-alivio-das-micro-e-pequenas-empresas\/#respond"]}]},{"@type":"WebPage","@id":"https:\/\/www.notibras.com\/site\/2014-o-ano-que-chega-ao-fim-para-alivio-das-micro-e-pequenas-empresas\/","url":"https:\/\/www.notibras.com\/site\/2014-o-ano-que-chega-ao-fim-para-alivio-das-micro-e-pequenas-empresas\/","name":"2014, o ano que acaba para al\u00edvio das micro e pequenas empresas - Notibras","isPartOf":{"@id":"https:\/\/www.notibras.com\/site\/#website"},"primaryImageOfPage":{"@id":"https:\/\/www.notibras.com\/site\/2014-o-ano-que-chega-ao-fim-para-alivio-das-micro-e-pequenas-empresas\/#primaryimage"},"image":{"@id":"https:\/\/www.notibras.com\/site\/2014-o-ano-que-chega-ao-fim-para-alivio-das-micro-e-pequenas-empresas\/#primaryimage"},"thumbnailUrl":"https:\/\/www.notibras.com\/site\/wp-content\/uploads\/2014\/12\/microempresa1.jpg","datePublished":"2014-12-14T12:11:07+00:00","dateModified":"2014-12-14T12:11:40+00:00","breadcrumb":{"@id":"https:\/\/www.notibras.com\/site\/2014-o-ano-que-chega-ao-fim-para-alivio-das-micro-e-pequenas-empresas\/#breadcrumb"},"inLanguage":"pt-BR","potentialAction":[{"@type":"ReadAction","target":["https:\/\/www.notibras.com\/site\/2014-o-ano-que-chega-ao-fim-para-alivio-das-micro-e-pequenas-empresas\/"]}]},{"@type":"ImageObject","inLanguage":"pt-BR","@id":"https:\/\/www.notibras.com\/site\/2014-o-ano-que-chega-ao-fim-para-alivio-das-micro-e-pequenas-empresas\/#primaryimage","url":"https:\/\/www.notibras.com\/site\/wp-content\/uploads\/2014\/12\/microempresa1.jpg","contentUrl":"https:\/\/www.notibras.com\/site\/wp-content\/uploads\/2014\/12\/microempresa1.jpg","width":867,"height":558},{"@type":"BreadcrumbList","@id":"https:\/\/www.notibras.com\/site\/2014-o-ano-que-chega-ao-fim-para-alivio-das-micro-e-pequenas-empresas\/#breadcrumb","itemListElement":[{"@type":"ListItem","position":1,"name":"In\u00edcio","item":"https:\/\/www.notibras.com\/site\/"},{"@type":"ListItem","position":2,"name":"2014, o ano que acaba para al\u00edvio das micro e pequenas empresas"}]},{"@type":"WebSite","@id":"https:\/\/www.notibras.com\/site\/#website","url":"https:\/\/www.notibras.com\/site\/","name":"Notibras","description":"Not\u00edcias de Bras\u00edlia, do Brasil e do Mundo","publisher":{"@id":"https:\/\/www.notibras.com\/site\/#organization"},"potentialAction":[{"@type":"SearchAction","target":{"@type":"EntryPoint","urlTemplate":"https:\/\/www.notibras.com\/site\/?s={search_term_string}"},"query-input":{"@type":"PropertyValueSpecification","valueRequired":true,"valueName":"search_term_string"}}],"inLanguage":"pt-BR"},{"@type":"Organization","@id":"https:\/\/www.notibras.com\/site\/#organization","name":"Grupo Notibras de Comunica\u00e7\u00e3o","url":"https:\/\/www.notibras.com\/site\/","logo":{"@type":"ImageObject","inLanguage":"pt-BR","@id":"https:\/\/www.notibras.com\/site\/#\/schema\/logo\/image\/","url":"https:\/\/www.notibras.com\/site\/wp-content\/uploads\/2023\/01\/notibras23.png","contentUrl":"https:\/\/www.notibras.com\/site\/wp-content\/uploads\/2023\/01\/notibras23.png","width":350,"height":87,"caption":"Grupo Notibras de Comunica\u00e7\u00e3o"},"image":{"@id":"https:\/\/www.notibras.com\/site\/#\/schema\/logo\/image\/"},"sameAs":["https:\/\/www.facebook.com\/notibras\/","https:\/\/x.com\/Notibras","https:\/\/www.instagram.com\/notibras\/"]},{"@type":"Person","@id":"https:\/\/www.notibras.com\/site\/#\/schema\/person\/36ab0979449956132d3e5b517ea76ac8","name":"Reda\u00e7\u00e3o","image":{"@type":"ImageObject","inLanguage":"pt-BR","@id":"https:\/\/secure.gravatar.com\/avatar\/e0a867bdedb85fd243eadf09663511f96fc81e0720a4a42581f334ad4303aa6b?s=96&d=mm&r=g","url":"https:\/\/secure.gravatar.com\/avatar\/e0a867bdedb85fd243eadf09663511f96fc81e0720a4a42581f334ad4303aa6b?s=96&d=mm&r=g","contentUrl":"https:\/\/secure.gravatar.com\/avatar\/e0a867bdedb85fd243eadf09663511f96fc81e0720a4a42581f334ad4303aa6b?s=96&d=mm&r=g","caption":"Reda\u00e7\u00e3o"}}]}},"amp_enabled":true,"_links":{"self":[{"href":"https:\/\/www.notibras.com\/site\/wp-json\/wp\/v2\/posts\/31117","targetHints":{"allow":["GET"]}}],"collection":[{"href":"https:\/\/www.notibras.com\/site\/wp-json\/wp\/v2\/posts"}],"about":[{"href":"https:\/\/www.notibras.com\/site\/wp-json\/wp\/v2\/types\/post"}],"author":[{"embeddable":true,"href":"https:\/\/www.notibras.com\/site\/wp-json\/wp\/v2\/users\/2"}],"replies":[{"embeddable":true,"href":"https:\/\/www.notibras.com\/site\/wp-json\/wp\/v2\/comments?post=31117"}],"version-history":[{"count":0,"href":"https:\/\/www.notibras.com\/site\/wp-json\/wp\/v2\/posts\/31117\/revisions"}],"wp:featuredmedia":[{"embeddable":true,"href":"https:\/\/www.notibras.com\/site\/wp-json\/wp\/v2\/media\/31118"}],"wp:attachment":[{"href":"https:\/\/www.notibras.com\/site\/wp-json\/wp\/v2\/media?parent=31117"}],"wp:term":[{"taxonomy":"category","embeddable":true,"href":"https:\/\/www.notibras.com\/site\/wp-json\/wp\/v2\/categories?post=31117"},{"taxonomy":"post_tag","embeddable":true,"href":"https:\/\/www.notibras.com\/site\/wp-json\/wp\/v2\/tags?post=31117"}],"curies":[{"name":"wp","href":"https:\/\/api.w.org\/{rel}","templated":true}]}}