{"id":311178,"date":"2023-08-17T08:44:44","date_gmt":"2023-08-17T11:44:44","guid":{"rendered":"https:\/\/www.notibras.com\/site\/?p=311178"},"modified":"2023-08-17T08:44:44","modified_gmt":"2023-08-17T11:44:44","slug":"banda-do-petracco-e-cinco-minutos-de-meia-hora","status":"publish","type":"post","link":"https:\/\/www.notibras.com\/site\/banda-do-petracco-e-cinco-minutos-de-meia-hora\/","title":{"rendered":"Banda  do Petracco e cinco minutos de meia hora"},"content":{"rendered":"<p>Apesar de ser carioca, tenho um grande carinho pela capital ga\u00facha, como tamb\u00e9m por Bras\u00edlia. Por isso, durante o encontro semanal da trupe do <strong>Notibras<\/strong> em concorrida padaria na Asa Norte, meus colegas da reda\u00e7\u00e3o, em especial o Jos\u00e9 Seabra, o Wenceslau Ara\u00fajo e o Mathuzal\u00e9m J\u00fanior, sempre me cobram hist\u00f3rias sobre a principal cidade ao extremo sul. Obviamente que abro o bico rapidinho, mesmo porque o Seabra sabe que \u00e9 a deixa para descer mais uma rodada de caf\u00e9 gourmet.<\/p>\n<p>L\u00e1 est\u00e1vamos a Dona Irene, o Clei e eu no cachorr\u00f3dromo do Tesourinha, em Porto Alegre, quando surgiu um magrelo em sua bicicleta acompanhado de dois belos c\u00e3es da nobre ra\u00e7a vira-lata. N\u00e3o demorou muito, as nossas buldogues, Bebel e Clarinha, foram dar as boas vindas \u00e0queles dois lindos cachorros, que logo soubemos se chamarem Cacau e Coco.<\/p>\n<p>Enquanto as quatro crian\u00e7as corriam para c\u00e1 e para l\u00e1, chegando ao fundo, voltando para mais perto, eis que o tal rapaz da bici (alcunha ga\u00facha para bicicleta) se aproximou e come\u00e7amos uma conversa, no in\u00edcio meio t\u00edmida, mas que logo se encheu de sorrisos e at\u00e9 algumas gargalhadas. &#8220;Nem precisa perguntar quem \u00e9 o Coco e quem \u00e9 o Cacau&#8221;, disse Marcio, fazendo men\u00e7\u00e3o \u00e0s cores dos seus pupilos.<\/p>\n<p>Conversa vai, conversa vem, fa\u00e7o uma pergunta que, provavelmente, tenha causado certo espanto aos outros donos de cachorros que estavam pr\u00f3ximos.<\/p>\n<p>&#8211; Marcio, o que voc\u00ea faz da vida?<\/p>\n<p>&#8211; Dudu, eu sou m\u00fasico h\u00e1 mais de 40 anos.<\/p>\n<p>Pois \u00e9, eu estava diante do famoso Marcio Petracco, mas como aut\u00eantico forasteiro nem percebi o tamanho da minha gafe. Seja como for, ele n\u00e3o pareceu ter ficado chateado comigo, j\u00e1 que a nossa conversa se descambou para a m\u00fasica, onde percebemos algumas afinidades. Marcio me disse que iria fazer um show no Queen&#8217;s, famoso bar da cidade, no dia seguinte, 18 de dezembro de 2022. Seria uma apresenta\u00e7\u00e3o com m\u00fasicas dos Rolling Stones, justamente na data do anivers\u00e1rio de 79 anos do Keith Richards, lend\u00e1rio guitarrista.<\/p>\n<p>Fomos uns dos primeiros a chegar ao Beco do Queen&#8217;s, quando as nuvens acinzentavam o c\u00e9u da capital ga\u00facha. T\u00edpico dia de primavera! Um efusivo Marcio nos recebeu, enquanto fazia os \u00faltimos reparos no palco.<\/p>\n<p>&#8211; Fio do bigode! Voc\u00eas vieram mesmo!<\/p>\n<p>Demos os parab\u00e9ns pelo anivers\u00e1rio do Marcio, j\u00e1 que ele iria fazer as vezes do Keith. Ali\u00e1s, diria at\u00e9 que o Marcio estava mais parecido com o Keith Richards do que o guitarrista dos Stones poderia parecer consigo mesmo. N\u00e3o demorou muito, o ambiente come\u00e7ou a lotar, apesar da chuva, que logo come\u00e7ou a derramar um monte de \u00e1gua. Abrigados, bebericamos e degustamos, enquanto nossos olhos e ouvidos se encantavam com a apresenta\u00e7\u00e3o da banda. Tanto \u00e9 que at\u00e9 arriscamos alguns passinhos ao lado da mesa.<\/p>\n<p>O tempo pareceu voar, como geralmente acontece quando estamos nos divertindo. Logo chegou a derradeira &#8220;Satisfaction&#8221;, o que \u00e9 o prel\u00fadio do t\u00e9rmino do show da famosa banda inglesa. Todavia, assim que o \u00faltimo acorde desse cl\u00e1ssico do rock and roll se esvaiu pelo ambiente, eis que o Marcio anuncia ao microfone: &#8220;A gente vai fazer uma pausa de cinco minutos e daqui a meia hora a gente volta&#8221;.<\/p>\n","protected":false},"excerpt":{"rendered":"<p>Apesar de ser carioca, tenho um grande carinho pela capital ga\u00facha, como tamb\u00e9m por Bras\u00edlia. Por isso, durante o encontro semanal da trupe do Notibras em concorrida padaria na Asa Norte, meus colegas da reda\u00e7\u00e3o, em especial o Jos\u00e9 Seabra, o Wenceslau Ara\u00fajo e o Mathuzal\u00e9m J\u00fanior, sempre me cobram hist\u00f3rias sobre a principal cidade [&hellip;]<\/p>\n","protected":false},"author":2,"featured_media":311179,"comment_status":"closed","ping_status":"closed","sticky":false,"template":"","format":"standard","meta":{"_acf_changed":false,"footnotes":""},"categories":[161],"tags":[],"class_list":["post-311178","post","type-post","status-publish","format-standard","has-post-thumbnail","hentry","category-quadradinho-em-foco"],"acf":[],"yoast_head":"<!-- This site is optimized with the Yoast SEO plugin v27.2 - https:\/\/yoast.com\/product\/yoast-seo-wordpress\/ -->\n<title>Banda do Petracco e cinco minutos de meia hora - Notibras<\/title>\n<meta name=\"robots\" content=\"index, follow, max-snippet:-1, max-image-preview:large, max-video-preview:-1\" \/>\n<link rel=\"canonical\" href=\"https:\/\/www.notibras.com\/site\/banda-do-petracco-e-cinco-minutos-de-meia-hora\/\" \/>\n<meta property=\"og:locale\" content=\"pt_BR\" \/>\n<meta property=\"og:type\" content=\"article\" \/>\n<meta property=\"og:title\" content=\"Banda do Petracco e cinco minutos de meia hora - Notibras\" \/>\n<meta property=\"og:description\" content=\"Apesar de ser carioca, tenho um grande carinho pela capital ga\u00facha, como tamb\u00e9m por Bras\u00edlia. Por isso, durante o encontro semanal da trupe do Notibras em concorrida padaria na Asa Norte, meus colegas da reda\u00e7\u00e3o, em especial o Jos\u00e9 Seabra, o Wenceslau Ara\u00fajo e o Mathuzal\u00e9m J\u00fanior, sempre me cobram hist\u00f3rias sobre a principal cidade [&hellip;]\" \/>\n<meta property=\"og:url\" content=\"https:\/\/www.notibras.com\/site\/banda-do-petracco-e-cinco-minutos-de-meia-hora\/\" \/>\n<meta property=\"og:site_name\" content=\"Notibras\" \/>\n<meta property=\"article:publisher\" content=\"https:\/\/www.facebook.com\/notibras\/\" \/>\n<meta property=\"article:published_time\" content=\"2023-08-17T11:44:44+00:00\" \/>\n<meta property=\"og:image\" content=\"https:\/\/www.notibras.com\/site\/wp-content\/uploads\/2023\/08\/dudu.2.petrarco.jpg\" \/>\n\t<meta property=\"og:image:width\" content=\"1024\" \/>\n\t<meta property=\"og:image:height\" content=\"768\" \/>\n\t<meta property=\"og:image:type\" content=\"image\/jpeg\" \/>\n<meta name=\"author\" content=\"Reda\u00e7\u00e3o\" \/>\n<meta name=\"twitter:card\" content=\"summary_large_image\" \/>\n<meta name=\"twitter:creator\" content=\"@Notibras\" \/>\n<meta name=\"twitter:site\" content=\"@Notibras\" \/>\n<meta name=\"twitter:label1\" content=\"Escrito por\" \/>\n\t<meta name=\"twitter:data1\" content=\"Reda\u00e7\u00e3o\" \/>\n\t<meta name=\"twitter:label2\" content=\"Est. tempo de leitura\" \/>\n\t<meta name=\"twitter:data2\" content=\"3 minutos\" \/>\n<script type=\"application\/ld+json\" class=\"yoast-schema-graph\">{\"@context\":\"https:\/\/schema.org\",\"@graph\":[{\"@type\":\"Article\",\"@id\":\"https:\/\/www.notibras.com\/site\/banda-do-petracco-e-cinco-minutos-de-meia-hora\/#article\",\"isPartOf\":{\"@id\":\"https:\/\/www.notibras.com\/site\/banda-do-petracco-e-cinco-minutos-de-meia-hora\/\"},\"author\":{\"name\":\"Reda\u00e7\u00e3o\",\"@id\":\"https:\/\/www.notibras.com\/site\/#\/schema\/person\/36ab0979449956132d3e5b517ea76ac8\"},\"headline\":\"Banda do Petracco e cinco minutos de meia hora\",\"datePublished\":\"2023-08-17T11:44:44+00:00\",\"mainEntityOfPage\":{\"@id\":\"https:\/\/www.notibras.com\/site\/banda-do-petracco-e-cinco-minutos-de-meia-hora\/\"},\"wordCount\":574,\"publisher\":{\"@id\":\"https:\/\/www.notibras.com\/site\/#organization\"},\"image\":{\"@id\":\"https:\/\/www.notibras.com\/site\/banda-do-petracco-e-cinco-minutos-de-meia-hora\/#primaryimage\"},\"thumbnailUrl\":\"https:\/\/www.notibras.com\/site\/wp-content\/uploads\/2023\/08\/dudu.2.petrarco.jpg\",\"articleSection\":[\"Quadradinho em Foco\"],\"inLanguage\":\"pt-BR\"},{\"@type\":\"WebPage\",\"@id\":\"https:\/\/www.notibras.com\/site\/banda-do-petracco-e-cinco-minutos-de-meia-hora\/\",\"url\":\"https:\/\/www.notibras.com\/site\/banda-do-petracco-e-cinco-minutos-de-meia-hora\/\",\"name\":\"Banda do Petracco e cinco minutos de meia hora - Notibras\",\"isPartOf\":{\"@id\":\"https:\/\/www.notibras.com\/site\/#website\"},\"primaryImageOfPage\":{\"@id\":\"https:\/\/www.notibras.com\/site\/banda-do-petracco-e-cinco-minutos-de-meia-hora\/#primaryimage\"},\"image\":{\"@id\":\"https:\/\/www.notibras.com\/site\/banda-do-petracco-e-cinco-minutos-de-meia-hora\/#primaryimage\"},\"thumbnailUrl\":\"https:\/\/www.notibras.com\/site\/wp-content\/uploads\/2023\/08\/dudu.2.petrarco.jpg\",\"datePublished\":\"2023-08-17T11:44:44+00:00\",\"breadcrumb\":{\"@id\":\"https:\/\/www.notibras.com\/site\/banda-do-petracco-e-cinco-minutos-de-meia-hora\/#breadcrumb\"},\"inLanguage\":\"pt-BR\",\"potentialAction\":[{\"@type\":\"ReadAction\",\"target\":[\"https:\/\/www.notibras.com\/site\/banda-do-petracco-e-cinco-minutos-de-meia-hora\/\"]}]},{\"@type\":\"ImageObject\",\"inLanguage\":\"pt-BR\",\"@id\":\"https:\/\/www.notibras.com\/site\/banda-do-petracco-e-cinco-minutos-de-meia-hora\/#primaryimage\",\"url\":\"https:\/\/www.notibras.com\/site\/wp-content\/uploads\/2023\/08\/dudu.2.petrarco.jpg\",\"contentUrl\":\"https:\/\/www.notibras.com\/site\/wp-content\/uploads\/2023\/08\/dudu.2.petrarco.jpg\",\"width\":1024,\"height\":768},{\"@type\":\"BreadcrumbList\",\"@id\":\"https:\/\/www.notibras.com\/site\/banda-do-petracco-e-cinco-minutos-de-meia-hora\/#breadcrumb\",\"itemListElement\":[{\"@type\":\"ListItem\",\"position\":1,\"name\":\"In\u00edcio\",\"item\":\"https:\/\/www.notibras.com\/site\/\"},{\"@type\":\"ListItem\",\"position\":2,\"name\":\"Banda do Petracco e cinco minutos de meia hora\"}]},{\"@type\":\"WebSite\",\"@id\":\"https:\/\/www.notibras.com\/site\/#website\",\"url\":\"https:\/\/www.notibras.com\/site\/\",\"name\":\"Notibras\",\"description\":\"Not\u00edcias de Bras\u00edlia, do Brasil e do Mundo\",\"publisher\":{\"@id\":\"https:\/\/www.notibras.com\/site\/#organization\"},\"potentialAction\":[{\"@type\":\"SearchAction\",\"target\":{\"@type\":\"EntryPoint\",\"urlTemplate\":\"https:\/\/www.notibras.com\/site\/?s={search_term_string}\"},\"query-input\":{\"@type\":\"PropertyValueSpecification\",\"valueRequired\":true,\"valueName\":\"search_term_string\"}}],\"inLanguage\":\"pt-BR\"},{\"@type\":\"Organization\",\"@id\":\"https:\/\/www.notibras.com\/site\/#organization\",\"name\":\"Grupo Notibras de Comunica\u00e7\u00e3o\",\"url\":\"https:\/\/www.notibras.com\/site\/\",\"logo\":{\"@type\":\"ImageObject\",\"inLanguage\":\"pt-BR\",\"@id\":\"https:\/\/www.notibras.com\/site\/#\/schema\/logo\/image\/\",\"url\":\"https:\/\/www.notibras.com\/site\/wp-content\/uploads\/2023\/01\/notibras23.png\",\"contentUrl\":\"https:\/\/www.notibras.com\/site\/wp-content\/uploads\/2023\/01\/notibras23.png\",\"width\":350,\"height\":87,\"caption\":\"Grupo Notibras de Comunica\u00e7\u00e3o\"},\"image\":{\"@id\":\"https:\/\/www.notibras.com\/site\/#\/schema\/logo\/image\/\"},\"sameAs\":[\"https:\/\/www.facebook.com\/notibras\/\",\"https:\/\/x.com\/Notibras\",\"https:\/\/www.instagram.com\/notibras\/\"]},{\"@type\":\"Person\",\"@id\":\"https:\/\/www.notibras.com\/site\/#\/schema\/person\/36ab0979449956132d3e5b517ea76ac8\",\"name\":\"Reda\u00e7\u00e3o\",\"image\":{\"@type\":\"ImageObject\",\"inLanguage\":\"pt-BR\",\"@id\":\"https:\/\/secure.gravatar.com\/avatar\/e0a867bdedb85fd243eadf09663511f96fc81e0720a4a42581f334ad4303aa6b?s=96&d=mm&r=g\",\"url\":\"https:\/\/secure.gravatar.com\/avatar\/e0a867bdedb85fd243eadf09663511f96fc81e0720a4a42581f334ad4303aa6b?s=96&d=mm&r=g\",\"contentUrl\":\"https:\/\/secure.gravatar.com\/avatar\/e0a867bdedb85fd243eadf09663511f96fc81e0720a4a42581f334ad4303aa6b?s=96&d=mm&r=g\",\"caption\":\"Reda\u00e7\u00e3o\"}}]}<\/script>\n<!-- \/ Yoast SEO plugin. -->","yoast_head_json":{"title":"Banda do Petracco e cinco minutos de meia hora - Notibras","robots":{"index":"index","follow":"follow","max-snippet":"max-snippet:-1","max-image-preview":"max-image-preview:large","max-video-preview":"max-video-preview:-1"},"canonical":"https:\/\/www.notibras.com\/site\/banda-do-petracco-e-cinco-minutos-de-meia-hora\/","og_locale":"pt_BR","og_type":"article","og_title":"Banda do Petracco e cinco minutos de meia hora - Notibras","og_description":"Apesar de ser carioca, tenho um grande carinho pela capital ga\u00facha, como tamb\u00e9m por Bras\u00edlia. Por isso, durante o encontro semanal da trupe do Notibras em concorrida padaria na Asa Norte, meus colegas da reda\u00e7\u00e3o, em especial o Jos\u00e9 Seabra, o Wenceslau Ara\u00fajo e o Mathuzal\u00e9m J\u00fanior, sempre me cobram hist\u00f3rias sobre a principal cidade [&hellip;]","og_url":"https:\/\/www.notibras.com\/site\/banda-do-petracco-e-cinco-minutos-de-meia-hora\/","og_site_name":"Notibras","article_publisher":"https:\/\/www.facebook.com\/notibras\/","article_published_time":"2023-08-17T11:44:44+00:00","og_image":[{"width":1024,"height":768,"url":"https:\/\/www.notibras.com\/site\/wp-content\/uploads\/2023\/08\/dudu.2.petrarco.jpg","type":"image\/jpeg"}],"author":"Reda\u00e7\u00e3o","twitter_card":"summary_large_image","twitter_creator":"@Notibras","twitter_site":"@Notibras","twitter_misc":{"Escrito por":"Reda\u00e7\u00e3o","Est. tempo de leitura":"3 minutos"},"schema":{"@context":"https:\/\/schema.org","@graph":[{"@type":"Article","@id":"https:\/\/www.notibras.com\/site\/banda-do-petracco-e-cinco-minutos-de-meia-hora\/#article","isPartOf":{"@id":"https:\/\/www.notibras.com\/site\/banda-do-petracco-e-cinco-minutos-de-meia-hora\/"},"author":{"name":"Reda\u00e7\u00e3o","@id":"https:\/\/www.notibras.com\/site\/#\/schema\/person\/36ab0979449956132d3e5b517ea76ac8"},"headline":"Banda do Petracco e cinco minutos de meia hora","datePublished":"2023-08-17T11:44:44+00:00","mainEntityOfPage":{"@id":"https:\/\/www.notibras.com\/site\/banda-do-petracco-e-cinco-minutos-de-meia-hora\/"},"wordCount":574,"publisher":{"@id":"https:\/\/www.notibras.com\/site\/#organization"},"image":{"@id":"https:\/\/www.notibras.com\/site\/banda-do-petracco-e-cinco-minutos-de-meia-hora\/#primaryimage"},"thumbnailUrl":"https:\/\/www.notibras.com\/site\/wp-content\/uploads\/2023\/08\/dudu.2.petrarco.jpg","articleSection":["Quadradinho em Foco"],"inLanguage":"pt-BR"},{"@type":"WebPage","@id":"https:\/\/www.notibras.com\/site\/banda-do-petracco-e-cinco-minutos-de-meia-hora\/","url":"https:\/\/www.notibras.com\/site\/banda-do-petracco-e-cinco-minutos-de-meia-hora\/","name":"Banda do Petracco e cinco minutos de meia hora - Notibras","isPartOf":{"@id":"https:\/\/www.notibras.com\/site\/#website"},"primaryImageOfPage":{"@id":"https:\/\/www.notibras.com\/site\/banda-do-petracco-e-cinco-minutos-de-meia-hora\/#primaryimage"},"image":{"@id":"https:\/\/www.notibras.com\/site\/banda-do-petracco-e-cinco-minutos-de-meia-hora\/#primaryimage"},"thumbnailUrl":"https:\/\/www.notibras.com\/site\/wp-content\/uploads\/2023\/08\/dudu.2.petrarco.jpg","datePublished":"2023-08-17T11:44:44+00:00","breadcrumb":{"@id":"https:\/\/www.notibras.com\/site\/banda-do-petracco-e-cinco-minutos-de-meia-hora\/#breadcrumb"},"inLanguage":"pt-BR","potentialAction":[{"@type":"ReadAction","target":["https:\/\/www.notibras.com\/site\/banda-do-petracco-e-cinco-minutos-de-meia-hora\/"]}]},{"@type":"ImageObject","inLanguage":"pt-BR","@id":"https:\/\/www.notibras.com\/site\/banda-do-petracco-e-cinco-minutos-de-meia-hora\/#primaryimage","url":"https:\/\/www.notibras.com\/site\/wp-content\/uploads\/2023\/08\/dudu.2.petrarco.jpg","contentUrl":"https:\/\/www.notibras.com\/site\/wp-content\/uploads\/2023\/08\/dudu.2.petrarco.jpg","width":1024,"height":768},{"@type":"BreadcrumbList","@id":"https:\/\/www.notibras.com\/site\/banda-do-petracco-e-cinco-minutos-de-meia-hora\/#breadcrumb","itemListElement":[{"@type":"ListItem","position":1,"name":"In\u00edcio","item":"https:\/\/www.notibras.com\/site\/"},{"@type":"ListItem","position":2,"name":"Banda do Petracco e cinco minutos de meia hora"}]},{"@type":"WebSite","@id":"https:\/\/www.notibras.com\/site\/#website","url":"https:\/\/www.notibras.com\/site\/","name":"Notibras","description":"Not\u00edcias de Bras\u00edlia, do Brasil e do Mundo","publisher":{"@id":"https:\/\/www.notibras.com\/site\/#organization"},"potentialAction":[{"@type":"SearchAction","target":{"@type":"EntryPoint","urlTemplate":"https:\/\/www.notibras.com\/site\/?s={search_term_string}"},"query-input":{"@type":"PropertyValueSpecification","valueRequired":true,"valueName":"search_term_string"}}],"inLanguage":"pt-BR"},{"@type":"Organization","@id":"https:\/\/www.notibras.com\/site\/#organization","name":"Grupo Notibras de Comunica\u00e7\u00e3o","url":"https:\/\/www.notibras.com\/site\/","logo":{"@type":"ImageObject","inLanguage":"pt-BR","@id":"https:\/\/www.notibras.com\/site\/#\/schema\/logo\/image\/","url":"https:\/\/www.notibras.com\/site\/wp-content\/uploads\/2023\/01\/notibras23.png","contentUrl":"https:\/\/www.notibras.com\/site\/wp-content\/uploads\/2023\/01\/notibras23.png","width":350,"height":87,"caption":"Grupo Notibras de Comunica\u00e7\u00e3o"},"image":{"@id":"https:\/\/www.notibras.com\/site\/#\/schema\/logo\/image\/"},"sameAs":["https:\/\/www.facebook.com\/notibras\/","https:\/\/x.com\/Notibras","https:\/\/www.instagram.com\/notibras\/"]},{"@type":"Person","@id":"https:\/\/www.notibras.com\/site\/#\/schema\/person\/36ab0979449956132d3e5b517ea76ac8","name":"Reda\u00e7\u00e3o","image":{"@type":"ImageObject","inLanguage":"pt-BR","@id":"https:\/\/secure.gravatar.com\/avatar\/e0a867bdedb85fd243eadf09663511f96fc81e0720a4a42581f334ad4303aa6b?s=96&d=mm&r=g","url":"https:\/\/secure.gravatar.com\/avatar\/e0a867bdedb85fd243eadf09663511f96fc81e0720a4a42581f334ad4303aa6b?s=96&d=mm&r=g","contentUrl":"https:\/\/secure.gravatar.com\/avatar\/e0a867bdedb85fd243eadf09663511f96fc81e0720a4a42581f334ad4303aa6b?s=96&d=mm&r=g","caption":"Reda\u00e7\u00e3o"}}]}},"amp_enabled":true,"_links":{"self":[{"href":"https:\/\/www.notibras.com\/site\/wp-json\/wp\/v2\/posts\/311178","targetHints":{"allow":["GET"]}}],"collection":[{"href":"https:\/\/www.notibras.com\/site\/wp-json\/wp\/v2\/posts"}],"about":[{"href":"https:\/\/www.notibras.com\/site\/wp-json\/wp\/v2\/types\/post"}],"author":[{"embeddable":true,"href":"https:\/\/www.notibras.com\/site\/wp-json\/wp\/v2\/users\/2"}],"replies":[{"embeddable":true,"href":"https:\/\/www.notibras.com\/site\/wp-json\/wp\/v2\/comments?post=311178"}],"version-history":[{"count":1,"href":"https:\/\/www.notibras.com\/site\/wp-json\/wp\/v2\/posts\/311178\/revisions"}],"predecessor-version":[{"id":311180,"href":"https:\/\/www.notibras.com\/site\/wp-json\/wp\/v2\/posts\/311178\/revisions\/311180"}],"wp:featuredmedia":[{"embeddable":true,"href":"https:\/\/www.notibras.com\/site\/wp-json\/wp\/v2\/media\/311179"}],"wp:attachment":[{"href":"https:\/\/www.notibras.com\/site\/wp-json\/wp\/v2\/media?parent=311178"}],"wp:term":[{"taxonomy":"category","embeddable":true,"href":"https:\/\/www.notibras.com\/site\/wp-json\/wp\/v2\/categories?post=311178"},{"taxonomy":"post_tag","embeddable":true,"href":"https:\/\/www.notibras.com\/site\/wp-json\/wp\/v2\/tags?post=311178"}],"curies":[{"name":"wp","href":"https:\/\/api.w.org\/{rel}","templated":true}]}}