{"id":311181,"date":"2023-08-17T08:42:41","date_gmt":"2023-08-17T11:42:41","guid":{"rendered":"https:\/\/www.notibras.com\/site\/?p=311181"},"modified":"2023-08-17T09:49:01","modified_gmt":"2023-08-17T12:49:01","slug":"presos-mais-10-golpistas-dos-ataques-a-democracia","status":"publish","type":"post","link":"https:\/\/www.notibras.com\/site\/presos-mais-10-golpistas-dos-ataques-a-democracia\/","title":{"rendered":"Presos mais 10 golpistas dos ataques \u00e0 democracia"},"content":{"rendered":"<p>A Pol\u00edcia Federal (PF) deflagrou nesta quinta-feira (17) a 14\u00aa fase da Opera\u00e7\u00e3o Lesa P\u00e1tria. O objetivo \u00e9 identificar pessoas que participaram dos fatos ocorridos em 8 de janeiro, quando o Pal\u00e1cio do Planalto, o Congresso Nacional e o Supremo Tribunal Federal (STF) foram invadidos e depredados.<\/p>\n<p>Em nota, a corpora\u00e7\u00e3o informou que est\u00e3o sendo cumpridos dez mandados de pris\u00e3o preventiva, sendo dois no Distrito Federal, dois em Goi\u00e1s, um na Para\u00edba, dois no Paran\u00e1 e tr\u00eas em Santa Catarina, al\u00e9m de 16 mandados de busca e apreens\u00e3o na Bahia, em Goi\u00e1s, na Para\u00edba, no Paran\u00e1, em Santa Catarina e no Distrito Federal.<\/p>\n<p>Entre os presos est\u00e3o: o pastor Dirlei Paz, que nas redes sociais se identifica como \u2018servo do senhor\u2019 e \u2018patriota\u2019 e aparece em foto pedindo \u2018interven\u00e7\u00e3o federal\u2019; a cantora gospel Fernanda \u00d4liver; e o influenciador Isac Ferreira.<\/p>\n<p>\u201cOs fatos investigados constituem, em tese, os crimes de aboli\u00e7\u00e3o violenta do Estado Democr\u00e1tico de Direito, golpe de Estado, dano qualificado, associa\u00e7\u00e3o criminosa, incita\u00e7\u00e3o ao crime, destrui\u00e7\u00e3o e deteriora\u00e7\u00e3o ou inutiliza\u00e7\u00e3o de bem especialmente protegido e crimes da lei de terrorismo.\u201d<\/p>\n<p>Ainda de acordo com a nota, os alvos da opera\u00e7\u00e3o s\u00e3o suspeitos de terem fomentado o que a corpora\u00e7\u00e3o se refere como \u201cFesta da Selma\u201d, codinome utilizado para se referir \u00e0s invas\u00f5es.<\/p>\n<p>\u201cO termo Festa da Selma foi utilizado para convidar e organizar transporte para as invas\u00f5es, al\u00e9m de compartilhar coordenadas e instru\u00e7\u00f5es detalhadas para a invas\u00e3o aos pr\u00e9dios p\u00fablicos. Recomendavam ainda n\u00e3o levar idosos e crian\u00e7as, se preparar para enfrentar a pol\u00edcia e defendiam ainda termos como guerra, ocupar o Congresso e derrubar o governo constitu\u00eddo.\u201d<\/p>\n","protected":false},"excerpt":{"rendered":"<p>A Pol\u00edcia Federal (PF) deflagrou nesta quinta-feira (17) a 14\u00aa fase da Opera\u00e7\u00e3o Lesa P\u00e1tria. O objetivo \u00e9 identificar pessoas que participaram dos fatos ocorridos em 8 de janeiro, quando o Pal\u00e1cio do Planalto, o Congresso Nacional e o Supremo Tribunal Federal (STF) foram invadidos e depredados. Em nota, a corpora\u00e7\u00e3o informou que est\u00e3o sendo [&hellip;]<\/p>\n","protected":false},"author":2,"featured_media":311182,"comment_status":"closed","ping_status":"closed","sticky":false,"template":"","format":"standard","meta":{"_acf_changed":false,"footnotes":""},"categories":[161],"tags":[],"class_list":["post-311181","post","type-post","status-publish","format-standard","has-post-thumbnail","hentry","category-quadradinho-em-foco"],"acf":[],"yoast_head":"<!-- This site is optimized with the Yoast SEO plugin v27.2 - https:\/\/yoast.com\/product\/yoast-seo-wordpress\/ -->\n<title>Presos mais 10 golpistas dos ataques \u00e0 democracia - Notibras<\/title>\n<meta name=\"robots\" content=\"index, follow, max-snippet:-1, max-image-preview:large, max-video-preview:-1\" \/>\n<link rel=\"canonical\" href=\"https:\/\/www.notibras.com\/site\/presos-mais-10-golpistas-dos-ataques-a-democracia\/\" \/>\n<meta property=\"og:locale\" content=\"pt_BR\" \/>\n<meta property=\"og:type\" content=\"article\" \/>\n<meta property=\"og:title\" content=\"Presos mais 10 golpistas dos ataques \u00e0 democracia - Notibras\" \/>\n<meta property=\"og:description\" content=\"A Pol\u00edcia Federal (PF) deflagrou nesta quinta-feira (17) a 14\u00aa fase da Opera\u00e7\u00e3o Lesa P\u00e1tria. O objetivo \u00e9 identificar pessoas que participaram dos fatos ocorridos em 8 de janeiro, quando o Pal\u00e1cio do Planalto, o Congresso Nacional e o Supremo Tribunal Federal (STF) foram invadidos e depredados. Em nota, a corpora\u00e7\u00e3o informou que est\u00e3o sendo [&hellip;]\" \/>\n<meta property=\"og:url\" content=\"https:\/\/www.notibras.com\/site\/presos-mais-10-golpistas-dos-ataques-a-democracia\/\" \/>\n<meta property=\"og:site_name\" content=\"Notibras\" \/>\n<meta property=\"article:publisher\" content=\"https:\/\/www.facebook.com\/notibras\/\" \/>\n<meta property=\"article:published_time\" content=\"2023-08-17T11:42:41+00:00\" \/>\n<meta property=\"article:modified_time\" content=\"2023-08-17T12:49:01+00:00\" \/>\n<meta property=\"og:image\" content=\"https:\/\/www.notibras.com\/site\/wp-content\/uploads\/2023\/08\/pf3-2.jpg\" \/>\n\t<meta property=\"og:image:width\" content=\"1170\" \/>\n\t<meta property=\"og:image:height\" content=\"700\" \/>\n\t<meta property=\"og:image:type\" content=\"image\/jpeg\" \/>\n<meta name=\"author\" content=\"Reda\u00e7\u00e3o\" \/>\n<meta name=\"twitter:card\" content=\"summary_large_image\" \/>\n<meta name=\"twitter:creator\" content=\"@Notibras\" \/>\n<meta name=\"twitter:site\" content=\"@Notibras\" \/>\n<meta name=\"twitter:label1\" content=\"Escrito por\" \/>\n\t<meta name=\"twitter:data1\" content=\"Reda\u00e7\u00e3o\" \/>\n\t<meta name=\"twitter:label2\" content=\"Est. tempo de leitura\" \/>\n\t<meta name=\"twitter:data2\" content=\"2 minutos\" \/>\n<script type=\"application\/ld+json\" class=\"yoast-schema-graph\">{\"@context\":\"https:\/\/schema.org\",\"@graph\":[{\"@type\":\"Article\",\"@id\":\"https:\/\/www.notibras.com\/site\/presos-mais-10-golpistas-dos-ataques-a-democracia\/#article\",\"isPartOf\":{\"@id\":\"https:\/\/www.notibras.com\/site\/presos-mais-10-golpistas-dos-ataques-a-democracia\/\"},\"author\":{\"name\":\"Reda\u00e7\u00e3o\",\"@id\":\"https:\/\/www.notibras.com\/site\/#\/schema\/person\/36ab0979449956132d3e5b517ea76ac8\"},\"headline\":\"Presos mais 10 golpistas dos ataques \u00e0 democracia\",\"datePublished\":\"2023-08-17T11:42:41+00:00\",\"dateModified\":\"2023-08-17T12:49:01+00:00\",\"mainEntityOfPage\":{\"@id\":\"https:\/\/www.notibras.com\/site\/presos-mais-10-golpistas-dos-ataques-a-democracia\/\"},\"wordCount\":306,\"publisher\":{\"@id\":\"https:\/\/www.notibras.com\/site\/#organization\"},\"image\":{\"@id\":\"https:\/\/www.notibras.com\/site\/presos-mais-10-golpistas-dos-ataques-a-democracia\/#primaryimage\"},\"thumbnailUrl\":\"https:\/\/www.notibras.com\/site\/wp-content\/uploads\/2023\/08\/pf3-2.jpg\",\"articleSection\":[\"Quadradinho em Foco\"],\"inLanguage\":\"pt-BR\"},{\"@type\":\"WebPage\",\"@id\":\"https:\/\/www.notibras.com\/site\/presos-mais-10-golpistas-dos-ataques-a-democracia\/\",\"url\":\"https:\/\/www.notibras.com\/site\/presos-mais-10-golpistas-dos-ataques-a-democracia\/\",\"name\":\"Presos mais 10 golpistas dos ataques \u00e0 democracia - Notibras\",\"isPartOf\":{\"@id\":\"https:\/\/www.notibras.com\/site\/#website\"},\"primaryImageOfPage\":{\"@id\":\"https:\/\/www.notibras.com\/site\/presos-mais-10-golpistas-dos-ataques-a-democracia\/#primaryimage\"},\"image\":{\"@id\":\"https:\/\/www.notibras.com\/site\/presos-mais-10-golpistas-dos-ataques-a-democracia\/#primaryimage\"},\"thumbnailUrl\":\"https:\/\/www.notibras.com\/site\/wp-content\/uploads\/2023\/08\/pf3-2.jpg\",\"datePublished\":\"2023-08-17T11:42:41+00:00\",\"dateModified\":\"2023-08-17T12:49:01+00:00\",\"breadcrumb\":{\"@id\":\"https:\/\/www.notibras.com\/site\/presos-mais-10-golpistas-dos-ataques-a-democracia\/#breadcrumb\"},\"inLanguage\":\"pt-BR\",\"potentialAction\":[{\"@type\":\"ReadAction\",\"target\":[\"https:\/\/www.notibras.com\/site\/presos-mais-10-golpistas-dos-ataques-a-democracia\/\"]}]},{\"@type\":\"ImageObject\",\"inLanguage\":\"pt-BR\",\"@id\":\"https:\/\/www.notibras.com\/site\/presos-mais-10-golpistas-dos-ataques-a-democracia\/#primaryimage\",\"url\":\"https:\/\/www.notibras.com\/site\/wp-content\/uploads\/2023\/08\/pf3-2.jpg\",\"contentUrl\":\"https:\/\/www.notibras.com\/site\/wp-content\/uploads\/2023\/08\/pf3-2.jpg\",\"width\":1170,\"height\":700},{\"@type\":\"BreadcrumbList\",\"@id\":\"https:\/\/www.notibras.com\/site\/presos-mais-10-golpistas-dos-ataques-a-democracia\/#breadcrumb\",\"itemListElement\":[{\"@type\":\"ListItem\",\"position\":1,\"name\":\"In\u00edcio\",\"item\":\"https:\/\/www.notibras.com\/site\/\"},{\"@type\":\"ListItem\",\"position\":2,\"name\":\"Presos mais 10 golpistas dos ataques \u00e0 democracia\"}]},{\"@type\":\"WebSite\",\"@id\":\"https:\/\/www.notibras.com\/site\/#website\",\"url\":\"https:\/\/www.notibras.com\/site\/\",\"name\":\"Notibras\",\"description\":\"Not\u00edcias de Bras\u00edlia, do Brasil e do Mundo\",\"publisher\":{\"@id\":\"https:\/\/www.notibras.com\/site\/#organization\"},\"potentialAction\":[{\"@type\":\"SearchAction\",\"target\":{\"@type\":\"EntryPoint\",\"urlTemplate\":\"https:\/\/www.notibras.com\/site\/?s={search_term_string}\"},\"query-input\":{\"@type\":\"PropertyValueSpecification\",\"valueRequired\":true,\"valueName\":\"search_term_string\"}}],\"inLanguage\":\"pt-BR\"},{\"@type\":\"Organization\",\"@id\":\"https:\/\/www.notibras.com\/site\/#organization\",\"name\":\"Grupo Notibras de Comunica\u00e7\u00e3o\",\"url\":\"https:\/\/www.notibras.com\/site\/\",\"logo\":{\"@type\":\"ImageObject\",\"inLanguage\":\"pt-BR\",\"@id\":\"https:\/\/www.notibras.com\/site\/#\/schema\/logo\/image\/\",\"url\":\"https:\/\/www.notibras.com\/site\/wp-content\/uploads\/2023\/01\/notibras23.png\",\"contentUrl\":\"https:\/\/www.notibras.com\/site\/wp-content\/uploads\/2023\/01\/notibras23.png\",\"width\":350,\"height\":87,\"caption\":\"Grupo Notibras de Comunica\u00e7\u00e3o\"},\"image\":{\"@id\":\"https:\/\/www.notibras.com\/site\/#\/schema\/logo\/image\/\"},\"sameAs\":[\"https:\/\/www.facebook.com\/notibras\/\",\"https:\/\/x.com\/Notibras\",\"https:\/\/www.instagram.com\/notibras\/\"]},{\"@type\":\"Person\",\"@id\":\"https:\/\/www.notibras.com\/site\/#\/schema\/person\/36ab0979449956132d3e5b517ea76ac8\",\"name\":\"Reda\u00e7\u00e3o\",\"image\":{\"@type\":\"ImageObject\",\"inLanguage\":\"pt-BR\",\"@id\":\"https:\/\/secure.gravatar.com\/avatar\/e0a867bdedb85fd243eadf09663511f96fc81e0720a4a42581f334ad4303aa6b?s=96&d=mm&r=g\",\"url\":\"https:\/\/secure.gravatar.com\/avatar\/e0a867bdedb85fd243eadf09663511f96fc81e0720a4a42581f334ad4303aa6b?s=96&d=mm&r=g\",\"contentUrl\":\"https:\/\/secure.gravatar.com\/avatar\/e0a867bdedb85fd243eadf09663511f96fc81e0720a4a42581f334ad4303aa6b?s=96&d=mm&r=g\",\"caption\":\"Reda\u00e7\u00e3o\"}}]}<\/script>\n<!-- \/ Yoast SEO plugin. -->","yoast_head_json":{"title":"Presos mais 10 golpistas dos ataques \u00e0 democracia - Notibras","robots":{"index":"index","follow":"follow","max-snippet":"max-snippet:-1","max-image-preview":"max-image-preview:large","max-video-preview":"max-video-preview:-1"},"canonical":"https:\/\/www.notibras.com\/site\/presos-mais-10-golpistas-dos-ataques-a-democracia\/","og_locale":"pt_BR","og_type":"article","og_title":"Presos mais 10 golpistas dos ataques \u00e0 democracia - Notibras","og_description":"A Pol\u00edcia Federal (PF) deflagrou nesta quinta-feira (17) a 14\u00aa fase da Opera\u00e7\u00e3o Lesa P\u00e1tria. O objetivo \u00e9 identificar pessoas que participaram dos fatos ocorridos em 8 de janeiro, quando o Pal\u00e1cio do Planalto, o Congresso Nacional e o Supremo Tribunal Federal (STF) foram invadidos e depredados. Em nota, a corpora\u00e7\u00e3o informou que est\u00e3o sendo [&hellip;]","og_url":"https:\/\/www.notibras.com\/site\/presos-mais-10-golpistas-dos-ataques-a-democracia\/","og_site_name":"Notibras","article_publisher":"https:\/\/www.facebook.com\/notibras\/","article_published_time":"2023-08-17T11:42:41+00:00","article_modified_time":"2023-08-17T12:49:01+00:00","og_image":[{"width":1170,"height":700,"url":"https:\/\/www.notibras.com\/site\/wp-content\/uploads\/2023\/08\/pf3-2.jpg","type":"image\/jpeg"}],"author":"Reda\u00e7\u00e3o","twitter_card":"summary_large_image","twitter_creator":"@Notibras","twitter_site":"@Notibras","twitter_misc":{"Escrito por":"Reda\u00e7\u00e3o","Est. tempo de leitura":"2 minutos"},"schema":{"@context":"https:\/\/schema.org","@graph":[{"@type":"Article","@id":"https:\/\/www.notibras.com\/site\/presos-mais-10-golpistas-dos-ataques-a-democracia\/#article","isPartOf":{"@id":"https:\/\/www.notibras.com\/site\/presos-mais-10-golpistas-dos-ataques-a-democracia\/"},"author":{"name":"Reda\u00e7\u00e3o","@id":"https:\/\/www.notibras.com\/site\/#\/schema\/person\/36ab0979449956132d3e5b517ea76ac8"},"headline":"Presos mais 10 golpistas dos ataques \u00e0 democracia","datePublished":"2023-08-17T11:42:41+00:00","dateModified":"2023-08-17T12:49:01+00:00","mainEntityOfPage":{"@id":"https:\/\/www.notibras.com\/site\/presos-mais-10-golpistas-dos-ataques-a-democracia\/"},"wordCount":306,"publisher":{"@id":"https:\/\/www.notibras.com\/site\/#organization"},"image":{"@id":"https:\/\/www.notibras.com\/site\/presos-mais-10-golpistas-dos-ataques-a-democracia\/#primaryimage"},"thumbnailUrl":"https:\/\/www.notibras.com\/site\/wp-content\/uploads\/2023\/08\/pf3-2.jpg","articleSection":["Quadradinho em Foco"],"inLanguage":"pt-BR"},{"@type":"WebPage","@id":"https:\/\/www.notibras.com\/site\/presos-mais-10-golpistas-dos-ataques-a-democracia\/","url":"https:\/\/www.notibras.com\/site\/presos-mais-10-golpistas-dos-ataques-a-democracia\/","name":"Presos mais 10 golpistas dos ataques \u00e0 democracia - Notibras","isPartOf":{"@id":"https:\/\/www.notibras.com\/site\/#website"},"primaryImageOfPage":{"@id":"https:\/\/www.notibras.com\/site\/presos-mais-10-golpistas-dos-ataques-a-democracia\/#primaryimage"},"image":{"@id":"https:\/\/www.notibras.com\/site\/presos-mais-10-golpistas-dos-ataques-a-democracia\/#primaryimage"},"thumbnailUrl":"https:\/\/www.notibras.com\/site\/wp-content\/uploads\/2023\/08\/pf3-2.jpg","datePublished":"2023-08-17T11:42:41+00:00","dateModified":"2023-08-17T12:49:01+00:00","breadcrumb":{"@id":"https:\/\/www.notibras.com\/site\/presos-mais-10-golpistas-dos-ataques-a-democracia\/#breadcrumb"},"inLanguage":"pt-BR","potentialAction":[{"@type":"ReadAction","target":["https:\/\/www.notibras.com\/site\/presos-mais-10-golpistas-dos-ataques-a-democracia\/"]}]},{"@type":"ImageObject","inLanguage":"pt-BR","@id":"https:\/\/www.notibras.com\/site\/presos-mais-10-golpistas-dos-ataques-a-democracia\/#primaryimage","url":"https:\/\/www.notibras.com\/site\/wp-content\/uploads\/2023\/08\/pf3-2.jpg","contentUrl":"https:\/\/www.notibras.com\/site\/wp-content\/uploads\/2023\/08\/pf3-2.jpg","width":1170,"height":700},{"@type":"BreadcrumbList","@id":"https:\/\/www.notibras.com\/site\/presos-mais-10-golpistas-dos-ataques-a-democracia\/#breadcrumb","itemListElement":[{"@type":"ListItem","position":1,"name":"In\u00edcio","item":"https:\/\/www.notibras.com\/site\/"},{"@type":"ListItem","position":2,"name":"Presos mais 10 golpistas dos ataques \u00e0 democracia"}]},{"@type":"WebSite","@id":"https:\/\/www.notibras.com\/site\/#website","url":"https:\/\/www.notibras.com\/site\/","name":"Notibras","description":"Not\u00edcias de Bras\u00edlia, do Brasil e do Mundo","publisher":{"@id":"https:\/\/www.notibras.com\/site\/#organization"},"potentialAction":[{"@type":"SearchAction","target":{"@type":"EntryPoint","urlTemplate":"https:\/\/www.notibras.com\/site\/?s={search_term_string}"},"query-input":{"@type":"PropertyValueSpecification","valueRequired":true,"valueName":"search_term_string"}}],"inLanguage":"pt-BR"},{"@type":"Organization","@id":"https:\/\/www.notibras.com\/site\/#organization","name":"Grupo Notibras de Comunica\u00e7\u00e3o","url":"https:\/\/www.notibras.com\/site\/","logo":{"@type":"ImageObject","inLanguage":"pt-BR","@id":"https:\/\/www.notibras.com\/site\/#\/schema\/logo\/image\/","url":"https:\/\/www.notibras.com\/site\/wp-content\/uploads\/2023\/01\/notibras23.png","contentUrl":"https:\/\/www.notibras.com\/site\/wp-content\/uploads\/2023\/01\/notibras23.png","width":350,"height":87,"caption":"Grupo Notibras de Comunica\u00e7\u00e3o"},"image":{"@id":"https:\/\/www.notibras.com\/site\/#\/schema\/logo\/image\/"},"sameAs":["https:\/\/www.facebook.com\/notibras\/","https:\/\/x.com\/Notibras","https:\/\/www.instagram.com\/notibras\/"]},{"@type":"Person","@id":"https:\/\/www.notibras.com\/site\/#\/schema\/person\/36ab0979449956132d3e5b517ea76ac8","name":"Reda\u00e7\u00e3o","image":{"@type":"ImageObject","inLanguage":"pt-BR","@id":"https:\/\/secure.gravatar.com\/avatar\/e0a867bdedb85fd243eadf09663511f96fc81e0720a4a42581f334ad4303aa6b?s=96&d=mm&r=g","url":"https:\/\/secure.gravatar.com\/avatar\/e0a867bdedb85fd243eadf09663511f96fc81e0720a4a42581f334ad4303aa6b?s=96&d=mm&r=g","contentUrl":"https:\/\/secure.gravatar.com\/avatar\/e0a867bdedb85fd243eadf09663511f96fc81e0720a4a42581f334ad4303aa6b?s=96&d=mm&r=g","caption":"Reda\u00e7\u00e3o"}}]}},"amp_enabled":true,"_links":{"self":[{"href":"https:\/\/www.notibras.com\/site\/wp-json\/wp\/v2\/posts\/311181","targetHints":{"allow":["GET"]}}],"collection":[{"href":"https:\/\/www.notibras.com\/site\/wp-json\/wp\/v2\/posts"}],"about":[{"href":"https:\/\/www.notibras.com\/site\/wp-json\/wp\/v2\/types\/post"}],"author":[{"embeddable":true,"href":"https:\/\/www.notibras.com\/site\/wp-json\/wp\/v2\/users\/2"}],"replies":[{"embeddable":true,"href":"https:\/\/www.notibras.com\/site\/wp-json\/wp\/v2\/comments?post=311181"}],"version-history":[{"count":3,"href":"https:\/\/www.notibras.com\/site\/wp-json\/wp\/v2\/posts\/311181\/revisions"}],"predecessor-version":[{"id":311185,"href":"https:\/\/www.notibras.com\/site\/wp-json\/wp\/v2\/posts\/311181\/revisions\/311185"}],"wp:featuredmedia":[{"embeddable":true,"href":"https:\/\/www.notibras.com\/site\/wp-json\/wp\/v2\/media\/311182"}],"wp:attachment":[{"href":"https:\/\/www.notibras.com\/site\/wp-json\/wp\/v2\/media?parent=311181"}],"wp:term":[{"taxonomy":"category","embeddable":true,"href":"https:\/\/www.notibras.com\/site\/wp-json\/wp\/v2\/categories?post=311181"},{"taxonomy":"post_tag","embeddable":true,"href":"https:\/\/www.notibras.com\/site\/wp-json\/wp\/v2\/tags?post=311181"}],"curies":[{"name":"wp","href":"https:\/\/api.w.org\/{rel}","templated":true}]}}