{"id":311188,"date":"2023-08-17T00:00:21","date_gmt":"2023-08-17T03:00:21","guid":{"rendered":"https:\/\/www.notibras.com\/site\/?p=311188"},"modified":"2023-08-17T10:37:45","modified_gmt":"2023-08-17T13:37:45","slug":"lula-cria-pacto-para-a-prevencao-de-feminicidios","status":"publish","type":"post","link":"https:\/\/www.notibras.com\/site\/lula-cria-pacto-para-a-prevencao-de-feminicidios\/","title":{"rendered":"Lula cria pacto para a preven\u00e7\u00e3o de feminic\u00eddios"},"content":{"rendered":"<p>O Pacto Nacional de Preven\u00e7\u00e3o aos Feminic\u00eddios, anunciado pelo presidente Luiz In\u00e1cio Lula da Silva, no encerramento da Marcha das Margaridas 2023, em Bras\u00edlia, nesta quarta-feira (16), atende ao terceiro dos 13 eixos da pauta de reivindica\u00e7\u00f5es pol\u00edticas das mulheres participantes da mobiliza\u00e7\u00e3o. O de Vida livre de todas as formas de viol\u00eancia, sem racismo e sem sexismo.<\/p>\n<p>O Minist\u00e9rio das Mulheres vai coordenar as a\u00e7\u00f5es governamentais com o objetivo de prevenir as mortes violentas de mulheres, em raz\u00e3o da desigualdade de g\u00eanero e da viol\u00eancia dom\u00e9stica. O novo pacto ainda ter\u00e1 a miss\u00e3o de garantir os direitos e o acesso \u00e0 justi\u00e7a \u00e0s mulheres v\u00edtimas da viol\u00eancia e aos seus familiares.<\/p>\n<p>O Anu\u00e1rio Brasileiro de Seguran\u00e7a P\u00fablica 2023, do F\u00f3rum Brasileiro de Seguran\u00e7a P\u00fablica, aponta que, no ano passado, houve crescimento de todas as formas de viol\u00eancia contra a mulher. Especificamente sobre os feminic\u00eddios, em 2022, 1.437 mulheres mortas, simplesmente, por serem o que s\u00e3o: mulheres. O n\u00famero representa alta de 6,1% no n\u00famero de casos, em rela\u00e7\u00e3o ao ano anterior.<\/p>\n<p>A coordenadora da 7\u00aa Marcha das Margaridas, e secret\u00e1ria de Mulheres da Confedera\u00e7\u00e3o Nacional dos Trabalhadores Rurais Agricultores e Agricultoras Familiares (Contag), a piauiense Maz\u00e9 Morais, ao comentar sobre as pautas pol\u00edticas do movimento, agradeceu ao presidente da Rep\u00fablica pelo di\u00e1logo feito com os minist\u00e9rios, nos \u00faltimos meses. \u201cA marcha de 2023 &#8211; diferentemente da marcha de 2019, que foi a marcha da resist\u00eancia &#8211; \u00e9, agora, a marcha da reconstru\u00e7\u00e3o do Brasil e do bem viver\u201d, disse a coordenadora.<\/p>\n<p>\u201cQuando uma mulher avan\u00e7a, nenhum homem retrocede\u201d, afirma a coordenadora da 7\u00aa Marcha das Margaridas\u201d, Maz\u00e9 Morais.<\/p>\n<p><strong>Preven\u00e7\u00e3o a feminic\u00eddios<\/strong><br \/>\nDe acordo com o Minist\u00e9rio das Mulheres, como a\u00e7\u00e3o inicial do Pacto Nacional de Preven\u00e7\u00e3o aos Feminic\u00eddio, ser\u00e3o entregues 270 unidades m\u00f3veis para realizar o atendimento direto de acolhimento e orienta\u00e7\u00e3o \u00e0s mulheres, al\u00e9m de 10 carros, em que a metade servir\u00e1 para locomo\u00e7\u00e3o das equipes e a outra parte para transportar os equipamentos de atendimento \u00e0s usu\u00e1rias.<\/p>\n<p>Nas localidades onde \u00e9 necess\u00e1rio o servi\u00e7o fluvial para o atendimento das mulheres das florestas, das \u00e1guas e do Pantanal, o Minist\u00e9rio das Mulheres vai encaminhar barcos e lanchas.<\/p>\n<p>Al\u00e9m do Minist\u00e9rio das Mulheres, o comit\u00ea gestor do Pacto Nacional de Preven\u00e7\u00e3o aos Feminic\u00eddios \u00e9 composto pelos minist\u00e9rios da Igualdade Racial; Povos Ind\u00edgenas; dos Direitos Humanos e da Cidadania; da Justi\u00e7a e Seguran\u00e7a P\u00fablica; da Sa\u00fade; da Educa\u00e7\u00e3o; do Desenvolvimento e Assist\u00eancia Social, Fam\u00edlia e Combate \u00e0 Fome; de Gest\u00e3o e Inova\u00e7\u00e3o em Servi\u00e7os P\u00fablicos; do Planejamento e Or\u00e7amento, e Casa Civil da Presid\u00eancia da Rep\u00fablica.<\/p>\n<p>Durante o ato, a ministra das Mulheres, Cida Gon\u00e7alves, destacou que o governo federal quer ficar mais pr\u00f3ximo da popula\u00e7\u00e3o. \u201cEssa marcha est\u00e1 em Bras\u00edlia, mas, a partir de agora, s\u00e3o o governo e o Minist\u00e9rio das Mulheres quem v\u00e3o marchar at\u00e9 voc\u00eas, para que n\u00f3s possamos, de fato, garantir resultados e efetividade das pol\u00edticas p\u00fablicas para as mulheres brasileiras\u201d.<\/p>\n<p>&#8220;O presidente Luiz In\u00e1cio Lula da Lula da Silva j\u00e1 disse n\u00e3o quer ministro em Bras\u00edlia. Ele quer ministros nos lugares onde tiver o problema. Por isso, n\u00f3s, os ministros, estaremos com voc\u00eas, para que n\u00f3s possamos resolver\u201d, declarou a ministra das Mulheres, Cida Gon\u00e7alves.<\/p>\n<p><strong>Margaridas no foco<\/strong><br \/>\nOutras medidas voltadas para as mulheres, que s\u00e3o o p\u00fablico da Marcha das Margaridas, foram anunciadas pelo minist\u00e9rio. Uma delas \u00e9 a cria\u00e7\u00e3o do F\u00f3rum Nacional Permanente de Enfrentamento \u00e0 Viol\u00eancia contra as Mulheres do Campo, da Floresta e das \u00c1guas, com o objetivo de elaborar, propor, avaliar e monitorar pol\u00edticas de preven\u00e7\u00e3o e de enfrentamento \u00e0 viol\u00eancia contra as mulheres.<\/p>\n<p>Para estimular a autonomia econ\u00f4mica, inclus\u00e3o produtiva, trabalho e renda das mulheres, o governo federal instituiu o F\u00f3rum para a Promo\u00e7\u00e3o de Estrat\u00e9gias de Fortalecimento de pol\u00edticas p\u00fablicas de autonomia econ\u00f4mica e cuidado com mulheres da pesca, aquicultura artesanal, marisqueiras e outras trabalhadoras das \u00e1guas.<\/p>\n<p><strong>Escuta e relacionamento<\/strong><br \/>\nO governo quer ouvir de perto as mulheres, nas localidades onde vivem. Conhecendo melhor a realidade delas, o Minist\u00e9rio das Mulheres acredita que poder\u00e1 garantir a prote\u00e7\u00e3o de direitos e acertar mais na constru\u00e7\u00e3o de pol\u00edticas p\u00fablicas adequadas \u00e0 realidade vivida.<\/p>\n<p>O programa \u201cOi, Mulheres!\u201d, que \u00e9 a Ouvidoria Itinerante do minist\u00e9rio, vai levar profissionais da pasta para escutar as mulheres diretamente nos espa\u00e7os que elas moram. Ser\u00e3o beneficiadas pelo servi\u00e7o aquelas em situa\u00e7\u00e3o de vulnerabilidade e submetidas a viola\u00e7\u00f5es de direitos; mulheres ind\u00edgenas, ribeirinhas, pescadoras, quilombolas, de terreiro, em situa\u00e7\u00e3o de rua, catadoras de materiais recicl\u00e1veis, pescadoras, trabalhadoras do campo, privadas de liberdade, v\u00edtimas da viol\u00eancia policial, al\u00e9m de mulheres que vivem em situa\u00e7\u00f5es de riscos, desastres, deslocamentos for\u00e7ados e outras crises.<\/p>\n<p>O Minist\u00e9rio das Mulheres tamb\u00e9m firmou uma parceria com os Correios para garantir que as mulheres possam enviar cartas \u00e0 Ouvidoria Mulheres sem custo de remessa. A medida estabelece um canal de den\u00fancia de viola\u00e7\u00f5es de direitos, especialmente, para mulheres em situa\u00e7\u00e3o de vulnerabilidade, invisibilizadas ou exclu\u00eddas digitais.<\/p>\n","protected":false},"excerpt":{"rendered":"<p>O Pacto Nacional de Preven\u00e7\u00e3o aos Feminic\u00eddios, anunciado pelo presidente Luiz In\u00e1cio Lula da Silva, no encerramento da Marcha das Margaridas 2023, em Bras\u00edlia, nesta quarta-feira (16), atende ao terceiro dos 13 eixos da pauta de reivindica\u00e7\u00f5es pol\u00edticas das mulheres participantes da mobiliza\u00e7\u00e3o. O de Vida livre de todas as formas de viol\u00eancia, sem racismo [&hellip;]<\/p>\n","protected":false},"author":2,"featured_media":311189,"comment_status":"closed","ping_status":"closed","sticky":false,"template":"","format":"standard","meta":{"_acf_changed":false,"footnotes":""},"categories":[161],"tags":[],"class_list":["post-311188","post","type-post","status-publish","format-standard","has-post-thumbnail","hentry","category-quadradinho-em-foco"],"acf":[],"yoast_head":"<!-- This site is optimized with the Yoast SEO plugin v27.2 - https:\/\/yoast.com\/product\/yoast-seo-wordpress\/ -->\n<title>Lula cria pacto para a preven\u00e7\u00e3o de feminic\u00eddios - Notibras<\/title>\n<meta name=\"robots\" content=\"index, follow, max-snippet:-1, max-image-preview:large, max-video-preview:-1\" \/>\n<link rel=\"canonical\" href=\"https:\/\/www.notibras.com\/site\/lula-cria-pacto-para-a-prevencao-de-feminicidios\/\" \/>\n<meta property=\"og:locale\" content=\"pt_BR\" \/>\n<meta property=\"og:type\" content=\"article\" \/>\n<meta property=\"og:title\" content=\"Lula cria pacto para a preven\u00e7\u00e3o de feminic\u00eddios - Notibras\" \/>\n<meta property=\"og:description\" content=\"O Pacto Nacional de Preven\u00e7\u00e3o aos Feminic\u00eddios, anunciado pelo presidente Luiz In\u00e1cio Lula da Silva, no encerramento da Marcha das Margaridas 2023, em Bras\u00edlia, nesta quarta-feira (16), atende ao terceiro dos 13 eixos da pauta de reivindica\u00e7\u00f5es pol\u00edticas das mulheres participantes da mobiliza\u00e7\u00e3o. O de Vida livre de todas as formas de viol\u00eancia, sem racismo [&hellip;]\" \/>\n<meta property=\"og:url\" content=\"https:\/\/www.notibras.com\/site\/lula-cria-pacto-para-a-prevencao-de-feminicidios\/\" \/>\n<meta property=\"og:site_name\" content=\"Notibras\" \/>\n<meta property=\"article:publisher\" content=\"https:\/\/www.facebook.com\/notibras\/\" \/>\n<meta property=\"article:published_time\" content=\"2023-08-17T03:00:21+00:00\" \/>\n<meta property=\"article:modified_time\" content=\"2023-08-17T13:37:45+00:00\" \/>\n<meta property=\"og:image\" content=\"https:\/\/www.notibras.com\/site\/wp-content\/uploads\/2023\/08\/pzzb6961.jpg\" \/>\n\t<meta property=\"og:image:width\" content=\"1170\" \/>\n\t<meta property=\"og:image:height\" content=\"700\" \/>\n\t<meta property=\"og:image:type\" content=\"image\/jpeg\" \/>\n<meta name=\"author\" content=\"Reda\u00e7\u00e3o\" \/>\n<meta name=\"twitter:card\" content=\"summary_large_image\" \/>\n<meta name=\"twitter:creator\" content=\"@Notibras\" \/>\n<meta name=\"twitter:site\" content=\"@Notibras\" \/>\n<meta name=\"twitter:label1\" content=\"Escrito por\" \/>\n\t<meta name=\"twitter:data1\" content=\"Reda\u00e7\u00e3o\" \/>\n\t<meta name=\"twitter:label2\" content=\"Est. tempo de leitura\" \/>\n\t<meta name=\"twitter:data2\" content=\"5 minutos\" \/>\n<script type=\"application\/ld+json\" class=\"yoast-schema-graph\">{\"@context\":\"https:\/\/schema.org\",\"@graph\":[{\"@type\":\"Article\",\"@id\":\"https:\/\/www.notibras.com\/site\/lula-cria-pacto-para-a-prevencao-de-feminicidios\/#article\",\"isPartOf\":{\"@id\":\"https:\/\/www.notibras.com\/site\/lula-cria-pacto-para-a-prevencao-de-feminicidios\/\"},\"author\":{\"name\":\"Reda\u00e7\u00e3o\",\"@id\":\"https:\/\/www.notibras.com\/site\/#\/schema\/person\/36ab0979449956132d3e5b517ea76ac8\"},\"headline\":\"Lula cria pacto para a preven\u00e7\u00e3o de feminic\u00eddios\",\"datePublished\":\"2023-08-17T03:00:21+00:00\",\"dateModified\":\"2023-08-17T13:37:45+00:00\",\"mainEntityOfPage\":{\"@id\":\"https:\/\/www.notibras.com\/site\/lula-cria-pacto-para-a-prevencao-de-feminicidios\/\"},\"wordCount\":934,\"publisher\":{\"@id\":\"https:\/\/www.notibras.com\/site\/#organization\"},\"image\":{\"@id\":\"https:\/\/www.notibras.com\/site\/lula-cria-pacto-para-a-prevencao-de-feminicidios\/#primaryimage\"},\"thumbnailUrl\":\"https:\/\/www.notibras.com\/site\/wp-content\/uploads\/2023\/08\/pzzb6961.jpg\",\"articleSection\":[\"Quadradinho em Foco\"],\"inLanguage\":\"pt-BR\"},{\"@type\":\"WebPage\",\"@id\":\"https:\/\/www.notibras.com\/site\/lula-cria-pacto-para-a-prevencao-de-feminicidios\/\",\"url\":\"https:\/\/www.notibras.com\/site\/lula-cria-pacto-para-a-prevencao-de-feminicidios\/\",\"name\":\"Lula cria pacto para a preven\u00e7\u00e3o de feminic\u00eddios - Notibras\",\"isPartOf\":{\"@id\":\"https:\/\/www.notibras.com\/site\/#website\"},\"primaryImageOfPage\":{\"@id\":\"https:\/\/www.notibras.com\/site\/lula-cria-pacto-para-a-prevencao-de-feminicidios\/#primaryimage\"},\"image\":{\"@id\":\"https:\/\/www.notibras.com\/site\/lula-cria-pacto-para-a-prevencao-de-feminicidios\/#primaryimage\"},\"thumbnailUrl\":\"https:\/\/www.notibras.com\/site\/wp-content\/uploads\/2023\/08\/pzzb6961.jpg\",\"datePublished\":\"2023-08-17T03:00:21+00:00\",\"dateModified\":\"2023-08-17T13:37:45+00:00\",\"breadcrumb\":{\"@id\":\"https:\/\/www.notibras.com\/site\/lula-cria-pacto-para-a-prevencao-de-feminicidios\/#breadcrumb\"},\"inLanguage\":\"pt-BR\",\"potentialAction\":[{\"@type\":\"ReadAction\",\"target\":[\"https:\/\/www.notibras.com\/site\/lula-cria-pacto-para-a-prevencao-de-feminicidios\/\"]}]},{\"@type\":\"ImageObject\",\"inLanguage\":\"pt-BR\",\"@id\":\"https:\/\/www.notibras.com\/site\/lula-cria-pacto-para-a-prevencao-de-feminicidios\/#primaryimage\",\"url\":\"https:\/\/www.notibras.com\/site\/wp-content\/uploads\/2023\/08\/pzzb6961.jpg\",\"contentUrl\":\"https:\/\/www.notibras.com\/site\/wp-content\/uploads\/2023\/08\/pzzb6961.jpg\",\"width\":1170,\"height\":700,\"caption\":\"Bras\u00edlia,DF 16\/08\/2023 Presidente Luiz In\u00e1cio Lula da Silva, acompanhado da primeira-dama, Janja Lula da Silva, e de v\u00e1rios ministros, participa do encerramento da Marcha das Margaridas na Esplanada dos Minist\u00e9rios. Foto: Fabio Rodrigues-Pozzebom\/ Ag\u00eancia Brasil\"},{\"@type\":\"BreadcrumbList\",\"@id\":\"https:\/\/www.notibras.com\/site\/lula-cria-pacto-para-a-prevencao-de-feminicidios\/#breadcrumb\",\"itemListElement\":[{\"@type\":\"ListItem\",\"position\":1,\"name\":\"In\u00edcio\",\"item\":\"https:\/\/www.notibras.com\/site\/\"},{\"@type\":\"ListItem\",\"position\":2,\"name\":\"Lula cria pacto para a preven\u00e7\u00e3o de feminic\u00eddios\"}]},{\"@type\":\"WebSite\",\"@id\":\"https:\/\/www.notibras.com\/site\/#website\",\"url\":\"https:\/\/www.notibras.com\/site\/\",\"name\":\"Notibras\",\"description\":\"Not\u00edcias de Bras\u00edlia, do Brasil e do Mundo\",\"publisher\":{\"@id\":\"https:\/\/www.notibras.com\/site\/#organization\"},\"potentialAction\":[{\"@type\":\"SearchAction\",\"target\":{\"@type\":\"EntryPoint\",\"urlTemplate\":\"https:\/\/www.notibras.com\/site\/?s={search_term_string}\"},\"query-input\":{\"@type\":\"PropertyValueSpecification\",\"valueRequired\":true,\"valueName\":\"search_term_string\"}}],\"inLanguage\":\"pt-BR\"},{\"@type\":\"Organization\",\"@id\":\"https:\/\/www.notibras.com\/site\/#organization\",\"name\":\"Grupo Notibras de Comunica\u00e7\u00e3o\",\"url\":\"https:\/\/www.notibras.com\/site\/\",\"logo\":{\"@type\":\"ImageObject\",\"inLanguage\":\"pt-BR\",\"@id\":\"https:\/\/www.notibras.com\/site\/#\/schema\/logo\/image\/\",\"url\":\"https:\/\/www.notibras.com\/site\/wp-content\/uploads\/2023\/01\/notibras23.png\",\"contentUrl\":\"https:\/\/www.notibras.com\/site\/wp-content\/uploads\/2023\/01\/notibras23.png\",\"width\":350,\"height\":87,\"caption\":\"Grupo Notibras de Comunica\u00e7\u00e3o\"},\"image\":{\"@id\":\"https:\/\/www.notibras.com\/site\/#\/schema\/logo\/image\/\"},\"sameAs\":[\"https:\/\/www.facebook.com\/notibras\/\",\"https:\/\/x.com\/Notibras\",\"https:\/\/www.instagram.com\/notibras\/\"]},{\"@type\":\"Person\",\"@id\":\"https:\/\/www.notibras.com\/site\/#\/schema\/person\/36ab0979449956132d3e5b517ea76ac8\",\"name\":\"Reda\u00e7\u00e3o\",\"image\":{\"@type\":\"ImageObject\",\"inLanguage\":\"pt-BR\",\"@id\":\"https:\/\/secure.gravatar.com\/avatar\/e0a867bdedb85fd243eadf09663511f96fc81e0720a4a42581f334ad4303aa6b?s=96&d=mm&r=g\",\"url\":\"https:\/\/secure.gravatar.com\/avatar\/e0a867bdedb85fd243eadf09663511f96fc81e0720a4a42581f334ad4303aa6b?s=96&d=mm&r=g\",\"contentUrl\":\"https:\/\/secure.gravatar.com\/avatar\/e0a867bdedb85fd243eadf09663511f96fc81e0720a4a42581f334ad4303aa6b?s=96&d=mm&r=g\",\"caption\":\"Reda\u00e7\u00e3o\"}}]}<\/script>\n<!-- \/ Yoast SEO plugin. -->","yoast_head_json":{"title":"Lula cria pacto para a preven\u00e7\u00e3o de feminic\u00eddios - Notibras","robots":{"index":"index","follow":"follow","max-snippet":"max-snippet:-1","max-image-preview":"max-image-preview:large","max-video-preview":"max-video-preview:-1"},"canonical":"https:\/\/www.notibras.com\/site\/lula-cria-pacto-para-a-prevencao-de-feminicidios\/","og_locale":"pt_BR","og_type":"article","og_title":"Lula cria pacto para a preven\u00e7\u00e3o de feminic\u00eddios - Notibras","og_description":"O Pacto Nacional de Preven\u00e7\u00e3o aos Feminic\u00eddios, anunciado pelo presidente Luiz In\u00e1cio Lula da Silva, no encerramento da Marcha das Margaridas 2023, em Bras\u00edlia, nesta quarta-feira (16), atende ao terceiro dos 13 eixos da pauta de reivindica\u00e7\u00f5es pol\u00edticas das mulheres participantes da mobiliza\u00e7\u00e3o. O de Vida livre de todas as formas de viol\u00eancia, sem racismo [&hellip;]","og_url":"https:\/\/www.notibras.com\/site\/lula-cria-pacto-para-a-prevencao-de-feminicidios\/","og_site_name":"Notibras","article_publisher":"https:\/\/www.facebook.com\/notibras\/","article_published_time":"2023-08-17T03:00:21+00:00","article_modified_time":"2023-08-17T13:37:45+00:00","og_image":[{"width":1170,"height":700,"url":"https:\/\/www.notibras.com\/site\/wp-content\/uploads\/2023\/08\/pzzb6961.jpg","type":"image\/jpeg"}],"author":"Reda\u00e7\u00e3o","twitter_card":"summary_large_image","twitter_creator":"@Notibras","twitter_site":"@Notibras","twitter_misc":{"Escrito por":"Reda\u00e7\u00e3o","Est. tempo de leitura":"5 minutos"},"schema":{"@context":"https:\/\/schema.org","@graph":[{"@type":"Article","@id":"https:\/\/www.notibras.com\/site\/lula-cria-pacto-para-a-prevencao-de-feminicidios\/#article","isPartOf":{"@id":"https:\/\/www.notibras.com\/site\/lula-cria-pacto-para-a-prevencao-de-feminicidios\/"},"author":{"name":"Reda\u00e7\u00e3o","@id":"https:\/\/www.notibras.com\/site\/#\/schema\/person\/36ab0979449956132d3e5b517ea76ac8"},"headline":"Lula cria pacto para a preven\u00e7\u00e3o de feminic\u00eddios","datePublished":"2023-08-17T03:00:21+00:00","dateModified":"2023-08-17T13:37:45+00:00","mainEntityOfPage":{"@id":"https:\/\/www.notibras.com\/site\/lula-cria-pacto-para-a-prevencao-de-feminicidios\/"},"wordCount":934,"publisher":{"@id":"https:\/\/www.notibras.com\/site\/#organization"},"image":{"@id":"https:\/\/www.notibras.com\/site\/lula-cria-pacto-para-a-prevencao-de-feminicidios\/#primaryimage"},"thumbnailUrl":"https:\/\/www.notibras.com\/site\/wp-content\/uploads\/2023\/08\/pzzb6961.jpg","articleSection":["Quadradinho em Foco"],"inLanguage":"pt-BR"},{"@type":"WebPage","@id":"https:\/\/www.notibras.com\/site\/lula-cria-pacto-para-a-prevencao-de-feminicidios\/","url":"https:\/\/www.notibras.com\/site\/lula-cria-pacto-para-a-prevencao-de-feminicidios\/","name":"Lula cria pacto para a preven\u00e7\u00e3o de feminic\u00eddios - Notibras","isPartOf":{"@id":"https:\/\/www.notibras.com\/site\/#website"},"primaryImageOfPage":{"@id":"https:\/\/www.notibras.com\/site\/lula-cria-pacto-para-a-prevencao-de-feminicidios\/#primaryimage"},"image":{"@id":"https:\/\/www.notibras.com\/site\/lula-cria-pacto-para-a-prevencao-de-feminicidios\/#primaryimage"},"thumbnailUrl":"https:\/\/www.notibras.com\/site\/wp-content\/uploads\/2023\/08\/pzzb6961.jpg","datePublished":"2023-08-17T03:00:21+00:00","dateModified":"2023-08-17T13:37:45+00:00","breadcrumb":{"@id":"https:\/\/www.notibras.com\/site\/lula-cria-pacto-para-a-prevencao-de-feminicidios\/#breadcrumb"},"inLanguage":"pt-BR","potentialAction":[{"@type":"ReadAction","target":["https:\/\/www.notibras.com\/site\/lula-cria-pacto-para-a-prevencao-de-feminicidios\/"]}]},{"@type":"ImageObject","inLanguage":"pt-BR","@id":"https:\/\/www.notibras.com\/site\/lula-cria-pacto-para-a-prevencao-de-feminicidios\/#primaryimage","url":"https:\/\/www.notibras.com\/site\/wp-content\/uploads\/2023\/08\/pzzb6961.jpg","contentUrl":"https:\/\/www.notibras.com\/site\/wp-content\/uploads\/2023\/08\/pzzb6961.jpg","width":1170,"height":700,"caption":"Bras\u00edlia,DF 16\/08\/2023 Presidente Luiz In\u00e1cio Lula da Silva, acompanhado da primeira-dama, Janja Lula da Silva, e de v\u00e1rios ministros, participa do encerramento da Marcha das Margaridas na Esplanada dos Minist\u00e9rios. Foto: Fabio Rodrigues-Pozzebom\/ Ag\u00eancia Brasil"},{"@type":"BreadcrumbList","@id":"https:\/\/www.notibras.com\/site\/lula-cria-pacto-para-a-prevencao-de-feminicidios\/#breadcrumb","itemListElement":[{"@type":"ListItem","position":1,"name":"In\u00edcio","item":"https:\/\/www.notibras.com\/site\/"},{"@type":"ListItem","position":2,"name":"Lula cria pacto para a preven\u00e7\u00e3o de feminic\u00eddios"}]},{"@type":"WebSite","@id":"https:\/\/www.notibras.com\/site\/#website","url":"https:\/\/www.notibras.com\/site\/","name":"Notibras","description":"Not\u00edcias de Bras\u00edlia, do Brasil e do Mundo","publisher":{"@id":"https:\/\/www.notibras.com\/site\/#organization"},"potentialAction":[{"@type":"SearchAction","target":{"@type":"EntryPoint","urlTemplate":"https:\/\/www.notibras.com\/site\/?s={search_term_string}"},"query-input":{"@type":"PropertyValueSpecification","valueRequired":true,"valueName":"search_term_string"}}],"inLanguage":"pt-BR"},{"@type":"Organization","@id":"https:\/\/www.notibras.com\/site\/#organization","name":"Grupo Notibras de Comunica\u00e7\u00e3o","url":"https:\/\/www.notibras.com\/site\/","logo":{"@type":"ImageObject","inLanguage":"pt-BR","@id":"https:\/\/www.notibras.com\/site\/#\/schema\/logo\/image\/","url":"https:\/\/www.notibras.com\/site\/wp-content\/uploads\/2023\/01\/notibras23.png","contentUrl":"https:\/\/www.notibras.com\/site\/wp-content\/uploads\/2023\/01\/notibras23.png","width":350,"height":87,"caption":"Grupo Notibras de Comunica\u00e7\u00e3o"},"image":{"@id":"https:\/\/www.notibras.com\/site\/#\/schema\/logo\/image\/"},"sameAs":["https:\/\/www.facebook.com\/notibras\/","https:\/\/x.com\/Notibras","https:\/\/www.instagram.com\/notibras\/"]},{"@type":"Person","@id":"https:\/\/www.notibras.com\/site\/#\/schema\/person\/36ab0979449956132d3e5b517ea76ac8","name":"Reda\u00e7\u00e3o","image":{"@type":"ImageObject","inLanguage":"pt-BR","@id":"https:\/\/secure.gravatar.com\/avatar\/e0a867bdedb85fd243eadf09663511f96fc81e0720a4a42581f334ad4303aa6b?s=96&d=mm&r=g","url":"https:\/\/secure.gravatar.com\/avatar\/e0a867bdedb85fd243eadf09663511f96fc81e0720a4a42581f334ad4303aa6b?s=96&d=mm&r=g","contentUrl":"https:\/\/secure.gravatar.com\/avatar\/e0a867bdedb85fd243eadf09663511f96fc81e0720a4a42581f334ad4303aa6b?s=96&d=mm&r=g","caption":"Reda\u00e7\u00e3o"}}]}},"amp_enabled":true,"_links":{"self":[{"href":"https:\/\/www.notibras.com\/site\/wp-json\/wp\/v2\/posts\/311188","targetHints":{"allow":["GET"]}}],"collection":[{"href":"https:\/\/www.notibras.com\/site\/wp-json\/wp\/v2\/posts"}],"about":[{"href":"https:\/\/www.notibras.com\/site\/wp-json\/wp\/v2\/types\/post"}],"author":[{"embeddable":true,"href":"https:\/\/www.notibras.com\/site\/wp-json\/wp\/v2\/users\/2"}],"replies":[{"embeddable":true,"href":"https:\/\/www.notibras.com\/site\/wp-json\/wp\/v2\/comments?post=311188"}],"version-history":[{"count":1,"href":"https:\/\/www.notibras.com\/site\/wp-json\/wp\/v2\/posts\/311188\/revisions"}],"predecessor-version":[{"id":311190,"href":"https:\/\/www.notibras.com\/site\/wp-json\/wp\/v2\/posts\/311188\/revisions\/311190"}],"wp:featuredmedia":[{"embeddable":true,"href":"https:\/\/www.notibras.com\/site\/wp-json\/wp\/v2\/media\/311189"}],"wp:attachment":[{"href":"https:\/\/www.notibras.com\/site\/wp-json\/wp\/v2\/media?parent=311188"}],"wp:term":[{"taxonomy":"category","embeddable":true,"href":"https:\/\/www.notibras.com\/site\/wp-json\/wp\/v2\/categories?post=311188"},{"taxonomy":"post_tag","embeddable":true,"href":"https:\/\/www.notibras.com\/site\/wp-json\/wp\/v2\/tags?post=311188"}],"curies":[{"name":"wp","href":"https:\/\/api.w.org\/{rel}","templated":true}]}}