{"id":311234,"date":"2023-08-18T00:07:12","date_gmt":"2023-08-18T03:07:12","guid":{"rendered":"https:\/\/www.notibras.com\/site\/?p=311234"},"modified":"2023-08-18T02:00:09","modified_gmt":"2023-08-18T05:00:09","slug":"infectologistas-voltam-a-alertar-para-casos-de-covid","status":"publish","type":"post","link":"https:\/\/www.notibras.com\/site\/infectologistas-voltam-a-alertar-para-casos-de-covid\/","title":{"rendered":"Infectologistas voltam a alertar para casos de Covid"},"content":{"rendered":"<p>A Sociedade Brasileira de Infectologia emitiu uma nota informativa nesta quinta-feira (17) avaliando que a nova variante de interesse (EG.5) monitorada pela Organiza\u00e7\u00e3o Mundial da Sa\u00fade (OMS) ainda n\u00e3o modificou o cen\u00e1rio epidemiol\u00f3gico no Brasil. Apesar disso, a entidade pede que as autoridades sanit\u00e1rias reforcem a vigil\u00e2ncia gen\u00f4mica dos casos sintom\u00e1ticos de covid-19, para que qualquer mudan\u00e7a de cen\u00e1rio seja detectada precocemente.<\/p>\n<p>Essa vigil\u00e2ncia \u00e9 feita com o sequenciamento gen\u00e9tico das amostras positivas do coronav\u00edrus SARS-CoV-2 coletadas nos testes RT-PCR, e permite identificar quais variantes est\u00e3o circulando no pa\u00eds e mudan\u00e7as nesse cen\u00e1rio.<\/p>\n<p>A nota informativa foi assinada pelo presidente da SBI, o infectologista Alberto Chebabo, que salienta que a nova variante ainda n\u00e3o foi detectada no Brasil, mas pode j\u00e1 estar circulando de forma silenciosa, devido ao baixo \u00edndice de coleta para an\u00e1lise gen\u00f4mica no pa\u00eds.<\/p>\n<p>&#8220;Apesar disto, n\u00e3o houve modifica\u00e7\u00e3o no cen\u00e1rio de casos notificados de covid-19 ou aumento de casos de S\u00edndrome Respirat\u00f3ria Aguda Grave (SRAG) no Brasil no momento, n\u00e3o havendo necessidade de mudan\u00e7a das recomenda\u00e7\u00f5es vigentes&#8221;.<\/p>\n<p>O texto foi divulgado um dia depois de a Universidade Federal do Rio de Janeiro ter recomendado a retomada do uso de m\u00e1scaras em aglomera\u00e7\u00f5es e ambientes fechados na universidade, como preven\u00e7\u00e3o contra a covid-19.<\/p>\n<p>A universidade afirma ter detectado aumento moderado e progressivo nos testes positivos de covid-19 realizados por seu centro de testagem, e menciona avalia\u00e7\u00e3o da OMS de que 1,5 milh\u00e3o de novos casos de covid-19 foram registrados em todo o mundo entre 10 de julho e 6 de agosto, um aumento de 80% em rela\u00e7\u00e3o ao per\u00edodo anterior. Esse aumento, por\u00e9m, est\u00e1 concentrado principalmente no Leste da \u00c1sia e Oceania, segundo a organiza\u00e7\u00e3o.<\/p>\n<p>Para o secret\u00e1rio municipal de sa\u00fade do Rio de Janeiro, Daniel Soranz, &#8220;n\u00e3o h\u00e1 neste momento nenhuma altera\u00e7\u00e3o no cen\u00e1rio epidemiol\u00f3gico que justifique o uso indiscriminado de m\u00e1scara, a recomenda\u00e7\u00e3o \u00e9 que todos os maiores de 12 anos realizem a dose de refor\u00e7o para covid-19 com a vacina bivalente&#8221;.<\/p>\n<p><strong>Nova subvariante \u00d4micron<\/strong><br \/>\nNa nota divulgada nesta quinta, a Sociedade Brasileira de Infectologia contextualiza que 51 pa\u00edses j\u00e1 confirmaram casos da nova subvariante EG.5, da cepa \u00d4micron.<\/p>\n<p>Essa variante apresenta maior capacidade de transmiss\u00e3o e escape imune, o que pode aumentar os casos de covid-19 globalmente at\u00e9 que ela se torne a nova cepa dominante e se estabilize dessa forma. Apesar destas caracter\u00edsticas, a OMS classificou a EG.5 apenas como variante de interesse, e como de baixo risco para a sa\u00fade p\u00fablica em n\u00edvel global, porque ela n\u00e3o trouxe mudan\u00e7as no padr\u00e3o de gravidade de doen\u00e7a (hospitaliza\u00e7\u00e3o e \u00f3bitos). Os \u00f3bitos por covid-19, na verdade, tiveram queda de 80% no mesmo per\u00edodo em que os casos aumentaram, segundo a OMS.<\/p>\n<p><strong>Vacina\u00e7\u00e3o<\/strong><br \/>\nNo cen\u00e1rio atual, a Sociedade Brasileira de Infectologia enfatiza que \u00e9 necess\u00e1rio manter o calend\u00e1rio vacinal atualizado com as doses de refor\u00e7o. A vacina bivalente foi desenvolvida justamente para aumentar a prote\u00e7\u00e3o contra as subvariantes da \u00d4micron, que tem grande capacidade de escape do esquema vacinal b\u00e1sico, sem as doses de refor\u00e7o.<\/p>\n<p>A SBI refor\u00e7a que grupos de risco (pessoas com 60 anos ou mais, imunossuprimidos, gestantes, popula\u00e7\u00e3o ind\u00edgena e profissionais de sa\u00fade) devem ter doses de refor\u00e7o realizadas com n\u00e3o mais de um ano de intervalo da dose anterior, preferencialmente com a vacina bivalente.<\/p>\n<p>Em rela\u00e7\u00e3o \u00e0s m\u00e1scaras, a indica\u00e7\u00e3o de uso \u00e9 para a popula\u00e7\u00e3o de risco em locais fechados, com baixa ventila\u00e7\u00e3o e aglomera\u00e7\u00e3o, caso haja futuramente aumento de casos de s\u00edndrome gripal, circula\u00e7\u00e3o e detec\u00e7\u00e3o viral no Brasil.<\/p>\n<p>A sociedade cient\u00edfica tamb\u00e9m considera importante que seja realizada testagem dos casos de s\u00edndrome gripal para redu\u00e7\u00e3o da transmiss\u00e3o em caso de covid-19, com isolamento dos casos positivos.<\/p>\n<p><strong>Tratamento<\/strong><br \/>\nPara o tratamento dos casos diagnosticados, a SBI aconselha que, no \u00e2mbito do Sistema \u00danico de Sa\u00fade (SUS), sejam prescritos dentro dos cinco primeiros dias de sintomas os antivirais Nirmatrelvir\/ritonavir (NMV\/r), para pacientes com 65 anos ou mais e imunossuprimidos. A recomenda\u00e7\u00e3o tem como objetivo reduzir risco de agravamento, complica\u00e7\u00e3o e morte. Tamb\u00e9m deve haver avalia\u00e7\u00e3o m\u00e9dica devido \u00e0 possibilidade de intera\u00e7\u00f5es com outras medica\u00e7\u00f5es e poss\u00edveis contraindica\u00e7\u00f5es \u00e0 sua utiliza\u00e7\u00e3o.<\/p>\n<p>Na rede privada de sa\u00fade, em situa\u00e7\u00f5es de impossibilidade de uso do NMR\/r, devem ser considerados alternativamente o uso de Molnupiravir ou Rendesevir nos primeiros dias de sintomas, tamb\u00e9m nos casos de maior risco de hospitaliza\u00e7\u00e3o.<\/p>\n","protected":false},"excerpt":{"rendered":"<p>A Sociedade Brasileira de Infectologia emitiu uma nota informativa nesta quinta-feira (17) avaliando que a nova variante de interesse (EG.5) monitorada pela Organiza\u00e7\u00e3o Mundial da Sa\u00fade (OMS) ainda n\u00e3o modificou o cen\u00e1rio epidemiol\u00f3gico no Brasil. Apesar disso, a entidade pede que as autoridades sanit\u00e1rias reforcem a vigil\u00e2ncia gen\u00f4mica dos casos sintom\u00e1ticos de covid-19, para que [&hellip;]<\/p>\n","protected":false},"author":2,"featured_media":311235,"comment_status":"closed","ping_status":"closed","sticky":false,"template":"","format":"standard","meta":{"_acf_changed":false,"footnotes":""},"categories":[161],"tags":[],"class_list":["post-311234","post","type-post","status-publish","format-standard","has-post-thumbnail","hentry","category-quadradinho-em-foco"],"acf":[],"yoast_head":"<!-- This site is optimized with the Yoast SEO plugin v27.2 - https:\/\/yoast.com\/product\/yoast-seo-wordpress\/ -->\n<title>Infectologistas voltam a alertar para casos de Covid - Notibras<\/title>\n<meta name=\"robots\" content=\"index, follow, max-snippet:-1, max-image-preview:large, max-video-preview:-1\" \/>\n<link rel=\"canonical\" href=\"https:\/\/www.notibras.com\/site\/infectologistas-voltam-a-alertar-para-casos-de-covid\/\" \/>\n<meta property=\"og:locale\" content=\"pt_BR\" \/>\n<meta property=\"og:type\" content=\"article\" \/>\n<meta property=\"og:title\" content=\"Infectologistas voltam a alertar para casos de Covid - Notibras\" \/>\n<meta property=\"og:description\" content=\"A Sociedade Brasileira de Infectologia emitiu uma nota informativa nesta quinta-feira (17) avaliando que a nova variante de interesse (EG.5) monitorada pela Organiza\u00e7\u00e3o Mundial da Sa\u00fade (OMS) ainda n\u00e3o modificou o cen\u00e1rio epidemiol\u00f3gico no Brasil. Apesar disso, a entidade pede que as autoridades sanit\u00e1rias reforcem a vigil\u00e2ncia gen\u00f4mica dos casos sintom\u00e1ticos de covid-19, para que [&hellip;]\" \/>\n<meta property=\"og:url\" content=\"https:\/\/www.notibras.com\/site\/infectologistas-voltam-a-alertar-para-casos-de-covid\/\" \/>\n<meta property=\"og:site_name\" content=\"Notibras\" \/>\n<meta property=\"article:publisher\" content=\"https:\/\/www.facebook.com\/notibras\/\" \/>\n<meta property=\"article:published_time\" content=\"2023-08-18T03:07:12+00:00\" \/>\n<meta property=\"article:modified_time\" content=\"2023-08-18T05:00:09+00:00\" \/>\n<meta property=\"og:image\" content=\"https:\/\/www.notibras.com\/site\/wp-content\/uploads\/2023\/08\/pzzb8321.jpg\" \/>\n\t<meta property=\"og:image:width\" content=\"1170\" \/>\n\t<meta property=\"og:image:height\" content=\"700\" \/>\n\t<meta property=\"og:image:type\" content=\"image\/jpeg\" \/>\n<meta name=\"author\" content=\"Reda\u00e7\u00e3o\" \/>\n<meta name=\"twitter:card\" content=\"summary_large_image\" \/>\n<meta name=\"twitter:creator\" content=\"@Notibras\" \/>\n<meta name=\"twitter:site\" content=\"@Notibras\" \/>\n<meta name=\"twitter:label1\" content=\"Escrito por\" \/>\n\t<meta name=\"twitter:data1\" content=\"Reda\u00e7\u00e3o\" \/>\n\t<meta name=\"twitter:label2\" content=\"Est. tempo de leitura\" \/>\n\t<meta name=\"twitter:data2\" content=\"4 minutos\" \/>\n<script type=\"application\/ld+json\" class=\"yoast-schema-graph\">{\"@context\":\"https:\/\/schema.org\",\"@graph\":[{\"@type\":\"Article\",\"@id\":\"https:\/\/www.notibras.com\/site\/infectologistas-voltam-a-alertar-para-casos-de-covid\/#article\",\"isPartOf\":{\"@id\":\"https:\/\/www.notibras.com\/site\/infectologistas-voltam-a-alertar-para-casos-de-covid\/\"},\"author\":{\"name\":\"Reda\u00e7\u00e3o\",\"@id\":\"https:\/\/www.notibras.com\/site\/#\/schema\/person\/36ab0979449956132d3e5b517ea76ac8\"},\"headline\":\"Infectologistas voltam a alertar para casos de Covid\",\"datePublished\":\"2023-08-18T03:07:12+00:00\",\"dateModified\":\"2023-08-18T05:00:09+00:00\",\"mainEntityOfPage\":{\"@id\":\"https:\/\/www.notibras.com\/site\/infectologistas-voltam-a-alertar-para-casos-de-covid\/\"},\"wordCount\":814,\"publisher\":{\"@id\":\"https:\/\/www.notibras.com\/site\/#organization\"},\"image\":{\"@id\":\"https:\/\/www.notibras.com\/site\/infectologistas-voltam-a-alertar-para-casos-de-covid\/#primaryimage\"},\"thumbnailUrl\":\"https:\/\/www.notibras.com\/site\/wp-content\/uploads\/2023\/08\/pzzb8321.jpg\",\"articleSection\":[\"Quadradinho em Foco\"],\"inLanguage\":\"pt-BR\"},{\"@type\":\"WebPage\",\"@id\":\"https:\/\/www.notibras.com\/site\/infectologistas-voltam-a-alertar-para-casos-de-covid\/\",\"url\":\"https:\/\/www.notibras.com\/site\/infectologistas-voltam-a-alertar-para-casos-de-covid\/\",\"name\":\"Infectologistas voltam a alertar para casos de Covid - Notibras\",\"isPartOf\":{\"@id\":\"https:\/\/www.notibras.com\/site\/#website\"},\"primaryImageOfPage\":{\"@id\":\"https:\/\/www.notibras.com\/site\/infectologistas-voltam-a-alertar-para-casos-de-covid\/#primaryimage\"},\"image\":{\"@id\":\"https:\/\/www.notibras.com\/site\/infectologistas-voltam-a-alertar-para-casos-de-covid\/#primaryimage\"},\"thumbnailUrl\":\"https:\/\/www.notibras.com\/site\/wp-content\/uploads\/2023\/08\/pzzb8321.jpg\",\"datePublished\":\"2023-08-18T03:07:12+00:00\",\"dateModified\":\"2023-08-18T05:00:09+00:00\",\"breadcrumb\":{\"@id\":\"https:\/\/www.notibras.com\/site\/infectologistas-voltam-a-alertar-para-casos-de-covid\/#breadcrumb\"},\"inLanguage\":\"pt-BR\",\"potentialAction\":[{\"@type\":\"ReadAction\",\"target\":[\"https:\/\/www.notibras.com\/site\/infectologistas-voltam-a-alertar-para-casos-de-covid\/\"]}]},{\"@type\":\"ImageObject\",\"inLanguage\":\"pt-BR\",\"@id\":\"https:\/\/www.notibras.com\/site\/infectologistas-voltam-a-alertar-para-casos-de-covid\/#primaryimage\",\"url\":\"https:\/\/www.notibras.com\/site\/wp-content\/uploads\/2023\/08\/pzzb8321.jpg\",\"contentUrl\":\"https:\/\/www.notibras.com\/site\/wp-content\/uploads\/2023\/08\/pzzb8321.jpg\",\"width\":1170,\"height\":700,\"caption\":\"Bras\u00edlia (DF) 28\/02\/2023 Vacina\u00e7\u00e3o contra COVID 19\"},{\"@type\":\"BreadcrumbList\",\"@id\":\"https:\/\/www.notibras.com\/site\/infectologistas-voltam-a-alertar-para-casos-de-covid\/#breadcrumb\",\"itemListElement\":[{\"@type\":\"ListItem\",\"position\":1,\"name\":\"In\u00edcio\",\"item\":\"https:\/\/www.notibras.com\/site\/\"},{\"@type\":\"ListItem\",\"position\":2,\"name\":\"Infectologistas voltam a alertar para casos de Covid\"}]},{\"@type\":\"WebSite\",\"@id\":\"https:\/\/www.notibras.com\/site\/#website\",\"url\":\"https:\/\/www.notibras.com\/site\/\",\"name\":\"Notibras\",\"description\":\"Not\u00edcias de Bras\u00edlia, do Brasil e do Mundo\",\"publisher\":{\"@id\":\"https:\/\/www.notibras.com\/site\/#organization\"},\"potentialAction\":[{\"@type\":\"SearchAction\",\"target\":{\"@type\":\"EntryPoint\",\"urlTemplate\":\"https:\/\/www.notibras.com\/site\/?s={search_term_string}\"},\"query-input\":{\"@type\":\"PropertyValueSpecification\",\"valueRequired\":true,\"valueName\":\"search_term_string\"}}],\"inLanguage\":\"pt-BR\"},{\"@type\":\"Organization\",\"@id\":\"https:\/\/www.notibras.com\/site\/#organization\",\"name\":\"Grupo Notibras de Comunica\u00e7\u00e3o\",\"url\":\"https:\/\/www.notibras.com\/site\/\",\"logo\":{\"@type\":\"ImageObject\",\"inLanguage\":\"pt-BR\",\"@id\":\"https:\/\/www.notibras.com\/site\/#\/schema\/logo\/image\/\",\"url\":\"https:\/\/www.notibras.com\/site\/wp-content\/uploads\/2023\/01\/notibras23.png\",\"contentUrl\":\"https:\/\/www.notibras.com\/site\/wp-content\/uploads\/2023\/01\/notibras23.png\",\"width\":350,\"height\":87,\"caption\":\"Grupo Notibras de Comunica\u00e7\u00e3o\"},\"image\":{\"@id\":\"https:\/\/www.notibras.com\/site\/#\/schema\/logo\/image\/\"},\"sameAs\":[\"https:\/\/www.facebook.com\/notibras\/\",\"https:\/\/x.com\/Notibras\",\"https:\/\/www.instagram.com\/notibras\/\"]},{\"@type\":\"Person\",\"@id\":\"https:\/\/www.notibras.com\/site\/#\/schema\/person\/36ab0979449956132d3e5b517ea76ac8\",\"name\":\"Reda\u00e7\u00e3o\",\"image\":{\"@type\":\"ImageObject\",\"inLanguage\":\"pt-BR\",\"@id\":\"https:\/\/secure.gravatar.com\/avatar\/e0a867bdedb85fd243eadf09663511f96fc81e0720a4a42581f334ad4303aa6b?s=96&d=mm&r=g\",\"url\":\"https:\/\/secure.gravatar.com\/avatar\/e0a867bdedb85fd243eadf09663511f96fc81e0720a4a42581f334ad4303aa6b?s=96&d=mm&r=g\",\"contentUrl\":\"https:\/\/secure.gravatar.com\/avatar\/e0a867bdedb85fd243eadf09663511f96fc81e0720a4a42581f334ad4303aa6b?s=96&d=mm&r=g\",\"caption\":\"Reda\u00e7\u00e3o\"}}]}<\/script>\n<!-- \/ Yoast SEO plugin. -->","yoast_head_json":{"title":"Infectologistas voltam a alertar para casos de Covid - Notibras","robots":{"index":"index","follow":"follow","max-snippet":"max-snippet:-1","max-image-preview":"max-image-preview:large","max-video-preview":"max-video-preview:-1"},"canonical":"https:\/\/www.notibras.com\/site\/infectologistas-voltam-a-alertar-para-casos-de-covid\/","og_locale":"pt_BR","og_type":"article","og_title":"Infectologistas voltam a alertar para casos de Covid - Notibras","og_description":"A Sociedade Brasileira de Infectologia emitiu uma nota informativa nesta quinta-feira (17) avaliando que a nova variante de interesse (EG.5) monitorada pela Organiza\u00e7\u00e3o Mundial da Sa\u00fade (OMS) ainda n\u00e3o modificou o cen\u00e1rio epidemiol\u00f3gico no Brasil. Apesar disso, a entidade pede que as autoridades sanit\u00e1rias reforcem a vigil\u00e2ncia gen\u00f4mica dos casos sintom\u00e1ticos de covid-19, para que [&hellip;]","og_url":"https:\/\/www.notibras.com\/site\/infectologistas-voltam-a-alertar-para-casos-de-covid\/","og_site_name":"Notibras","article_publisher":"https:\/\/www.facebook.com\/notibras\/","article_published_time":"2023-08-18T03:07:12+00:00","article_modified_time":"2023-08-18T05:00:09+00:00","og_image":[{"width":1170,"height":700,"url":"https:\/\/www.notibras.com\/site\/wp-content\/uploads\/2023\/08\/pzzb8321.jpg","type":"image\/jpeg"}],"author":"Reda\u00e7\u00e3o","twitter_card":"summary_large_image","twitter_creator":"@Notibras","twitter_site":"@Notibras","twitter_misc":{"Escrito por":"Reda\u00e7\u00e3o","Est. tempo de leitura":"4 minutos"},"schema":{"@context":"https:\/\/schema.org","@graph":[{"@type":"Article","@id":"https:\/\/www.notibras.com\/site\/infectologistas-voltam-a-alertar-para-casos-de-covid\/#article","isPartOf":{"@id":"https:\/\/www.notibras.com\/site\/infectologistas-voltam-a-alertar-para-casos-de-covid\/"},"author":{"name":"Reda\u00e7\u00e3o","@id":"https:\/\/www.notibras.com\/site\/#\/schema\/person\/36ab0979449956132d3e5b517ea76ac8"},"headline":"Infectologistas voltam a alertar para casos de Covid","datePublished":"2023-08-18T03:07:12+00:00","dateModified":"2023-08-18T05:00:09+00:00","mainEntityOfPage":{"@id":"https:\/\/www.notibras.com\/site\/infectologistas-voltam-a-alertar-para-casos-de-covid\/"},"wordCount":814,"publisher":{"@id":"https:\/\/www.notibras.com\/site\/#organization"},"image":{"@id":"https:\/\/www.notibras.com\/site\/infectologistas-voltam-a-alertar-para-casos-de-covid\/#primaryimage"},"thumbnailUrl":"https:\/\/www.notibras.com\/site\/wp-content\/uploads\/2023\/08\/pzzb8321.jpg","articleSection":["Quadradinho em Foco"],"inLanguage":"pt-BR"},{"@type":"WebPage","@id":"https:\/\/www.notibras.com\/site\/infectologistas-voltam-a-alertar-para-casos-de-covid\/","url":"https:\/\/www.notibras.com\/site\/infectologistas-voltam-a-alertar-para-casos-de-covid\/","name":"Infectologistas voltam a alertar para casos de Covid - Notibras","isPartOf":{"@id":"https:\/\/www.notibras.com\/site\/#website"},"primaryImageOfPage":{"@id":"https:\/\/www.notibras.com\/site\/infectologistas-voltam-a-alertar-para-casos-de-covid\/#primaryimage"},"image":{"@id":"https:\/\/www.notibras.com\/site\/infectologistas-voltam-a-alertar-para-casos-de-covid\/#primaryimage"},"thumbnailUrl":"https:\/\/www.notibras.com\/site\/wp-content\/uploads\/2023\/08\/pzzb8321.jpg","datePublished":"2023-08-18T03:07:12+00:00","dateModified":"2023-08-18T05:00:09+00:00","breadcrumb":{"@id":"https:\/\/www.notibras.com\/site\/infectologistas-voltam-a-alertar-para-casos-de-covid\/#breadcrumb"},"inLanguage":"pt-BR","potentialAction":[{"@type":"ReadAction","target":["https:\/\/www.notibras.com\/site\/infectologistas-voltam-a-alertar-para-casos-de-covid\/"]}]},{"@type":"ImageObject","inLanguage":"pt-BR","@id":"https:\/\/www.notibras.com\/site\/infectologistas-voltam-a-alertar-para-casos-de-covid\/#primaryimage","url":"https:\/\/www.notibras.com\/site\/wp-content\/uploads\/2023\/08\/pzzb8321.jpg","contentUrl":"https:\/\/www.notibras.com\/site\/wp-content\/uploads\/2023\/08\/pzzb8321.jpg","width":1170,"height":700,"caption":"Bras\u00edlia (DF) 28\/02\/2023 Vacina\u00e7\u00e3o contra COVID 19"},{"@type":"BreadcrumbList","@id":"https:\/\/www.notibras.com\/site\/infectologistas-voltam-a-alertar-para-casos-de-covid\/#breadcrumb","itemListElement":[{"@type":"ListItem","position":1,"name":"In\u00edcio","item":"https:\/\/www.notibras.com\/site\/"},{"@type":"ListItem","position":2,"name":"Infectologistas voltam a alertar para casos de Covid"}]},{"@type":"WebSite","@id":"https:\/\/www.notibras.com\/site\/#website","url":"https:\/\/www.notibras.com\/site\/","name":"Notibras","description":"Not\u00edcias de Bras\u00edlia, do Brasil e do Mundo","publisher":{"@id":"https:\/\/www.notibras.com\/site\/#organization"},"potentialAction":[{"@type":"SearchAction","target":{"@type":"EntryPoint","urlTemplate":"https:\/\/www.notibras.com\/site\/?s={search_term_string}"},"query-input":{"@type":"PropertyValueSpecification","valueRequired":true,"valueName":"search_term_string"}}],"inLanguage":"pt-BR"},{"@type":"Organization","@id":"https:\/\/www.notibras.com\/site\/#organization","name":"Grupo Notibras de Comunica\u00e7\u00e3o","url":"https:\/\/www.notibras.com\/site\/","logo":{"@type":"ImageObject","inLanguage":"pt-BR","@id":"https:\/\/www.notibras.com\/site\/#\/schema\/logo\/image\/","url":"https:\/\/www.notibras.com\/site\/wp-content\/uploads\/2023\/01\/notibras23.png","contentUrl":"https:\/\/www.notibras.com\/site\/wp-content\/uploads\/2023\/01\/notibras23.png","width":350,"height":87,"caption":"Grupo Notibras de Comunica\u00e7\u00e3o"},"image":{"@id":"https:\/\/www.notibras.com\/site\/#\/schema\/logo\/image\/"},"sameAs":["https:\/\/www.facebook.com\/notibras\/","https:\/\/x.com\/Notibras","https:\/\/www.instagram.com\/notibras\/"]},{"@type":"Person","@id":"https:\/\/www.notibras.com\/site\/#\/schema\/person\/36ab0979449956132d3e5b517ea76ac8","name":"Reda\u00e7\u00e3o","image":{"@type":"ImageObject","inLanguage":"pt-BR","@id":"https:\/\/secure.gravatar.com\/avatar\/e0a867bdedb85fd243eadf09663511f96fc81e0720a4a42581f334ad4303aa6b?s=96&d=mm&r=g","url":"https:\/\/secure.gravatar.com\/avatar\/e0a867bdedb85fd243eadf09663511f96fc81e0720a4a42581f334ad4303aa6b?s=96&d=mm&r=g","contentUrl":"https:\/\/secure.gravatar.com\/avatar\/e0a867bdedb85fd243eadf09663511f96fc81e0720a4a42581f334ad4303aa6b?s=96&d=mm&r=g","caption":"Reda\u00e7\u00e3o"}}]}},"amp_enabled":true,"_links":{"self":[{"href":"https:\/\/www.notibras.com\/site\/wp-json\/wp\/v2\/posts\/311234","targetHints":{"allow":["GET"]}}],"collection":[{"href":"https:\/\/www.notibras.com\/site\/wp-json\/wp\/v2\/posts"}],"about":[{"href":"https:\/\/www.notibras.com\/site\/wp-json\/wp\/v2\/types\/post"}],"author":[{"embeddable":true,"href":"https:\/\/www.notibras.com\/site\/wp-json\/wp\/v2\/users\/2"}],"replies":[{"embeddable":true,"href":"https:\/\/www.notibras.com\/site\/wp-json\/wp\/v2\/comments?post=311234"}],"version-history":[{"count":1,"href":"https:\/\/www.notibras.com\/site\/wp-json\/wp\/v2\/posts\/311234\/revisions"}],"predecessor-version":[{"id":311236,"href":"https:\/\/www.notibras.com\/site\/wp-json\/wp\/v2\/posts\/311234\/revisions\/311236"}],"wp:featuredmedia":[{"embeddable":true,"href":"https:\/\/www.notibras.com\/site\/wp-json\/wp\/v2\/media\/311235"}],"wp:attachment":[{"href":"https:\/\/www.notibras.com\/site\/wp-json\/wp\/v2\/media?parent=311234"}],"wp:term":[{"taxonomy":"category","embeddable":true,"href":"https:\/\/www.notibras.com\/site\/wp-json\/wp\/v2\/categories?post=311234"},{"taxonomy":"post_tag","embeddable":true,"href":"https:\/\/www.notibras.com\/site\/wp-json\/wp\/v2\/tags?post=311234"}],"curies":[{"name":"wp","href":"https:\/\/api.w.org\/{rel}","templated":true}]}}