{"id":311237,"date":"2023-08-18T02:58:40","date_gmt":"2023-08-18T05:58:40","guid":{"rendered":"https:\/\/www.notibras.com\/site\/?p=311237"},"modified":"2023-08-18T02:58:11","modified_gmt":"2023-08-18T05:58:11","slug":"saude-quer-mais-vacinacao-de-crianca-e-adolescente","status":"publish","type":"post","link":"https:\/\/www.notibras.com\/site\/saude-quer-mais-vacinacao-de-crianca-e-adolescente\/","title":{"rendered":"Sa\u00fade quer mais vacina\u00e7\u00e3o de crian\u00e7a e adolescente"},"content":{"rendered":"<p>O Minist\u00e9rio da Sa\u00fade lan\u00e7ou na quinta-feira (17), a campanha nacional de multivacina\u00e7\u00e3o com o objetivo de aumentar os \u00edndices de imuniza\u00e7\u00e3o de crian\u00e7as e adolescentes menores de 15 anos, com a atualiza\u00e7\u00e3o da caderneta de vacina\u00e7\u00e3o deste p\u00fablico.<\/p>\n<p>Nesta edi\u00e7\u00e3o, a apresentadora, atriz e cantora Maria da Gra\u00e7a Xuxa Meneghel, a Xuxa, \u00e9 a madrinha da campanha junto com o personagem Z\u00e9 Gotinha, criado pelo artista pl\u00e1stico Darlan Rosa, em 1986. A Rainha dos Baixinhos participou voluntariamente de todo o material da campanha. Desde fevereiro deste ano, Xuxa \u00e9 uma das embaixadoras do Movimento Nacional pela Vacina\u00e7\u00e3o, mobiliza\u00e7\u00e3o nacional coordenada pelo Minist\u00e9rio da Sa\u00fade com o objetivo de retomar as coberturas vacinais no pa\u00eds.<\/p>\n<p>Em entrevista o diretor do Departamento de Imuniza\u00e7\u00e3o e Doen\u00e7as Imunopreven\u00edveis do minist\u00e9rio, Eder Gatti, refor\u00e7ou ao p\u00fablico a seguran\u00e7a dos imunizantes. \u201cLembramos que as vacinas s\u00e3o seguras e salvam vidas. O Programa Nacional de Imuniza\u00e7\u00f5es [PNI] conta com o apoio de especialistas pautados pela ci\u00eancia para a tomada de decis\u00f5es.&#8221;<\/p>\n<p>Em nota divulgada nesta quinta-feira, a ministra da Sa\u00fade, N\u00edsia Trindade, comentou sobre o risco de as doen\u00e7as j\u00e1 eliminadas no Brasil voltarem, como a poliomielite. \u201cCom a queda das coberturas vacinais nos \u00faltimos anos, n\u00f3s temos, infelizmente, o risco de reintrodu\u00e7\u00e3o de doen\u00e7as que estavam eliminadas no Brasil. Por isso, precisamos proteger as nossas crian\u00e7as e os nossos adolescentes.\u201d<\/p>\n<p>\u201cTemos uma responsabilidade fundamental, algo definido no Estatuto da Crian\u00e7a e do Adolescente [ECA] como um direito. O direito \u00e0 vacina \u00e9 o direito \u00e0 prote\u00e7\u00e3o, \u00e9 o direito \u00e0 vida que n\u00e3o pode ser negado\u201d, destacou a ministra.<\/p>\n<p>A campanha do governo federal ser\u00e1 exibida em emissoras de r\u00e1dio e TV aberta; nas redes sociais; em outdoors; mobili\u00e1rio urbano, como pontos de \u00f4nibus; e em locais de grande circula\u00e7\u00e3o de pessoas, em todo os estados e no Distrito Federal.<\/p>\n<p>O Minist\u00e9rio da Sa\u00fade tamb\u00e9m agendou para 26 de agosto o Dia D de divulga\u00e7\u00e3o e mobiliza\u00e7\u00e3o nacional para multivacina\u00e7\u00e3o. Neste dia, as unidades b\u00e1sicas de sa\u00fade (UBS) de todo o pa\u00eds funcionam para os profissionais do Sistema \u00danico de Sa\u00fade (SUS) vacinarem o p\u00fablico, em massa.<\/p>\n<p>Para incentivar e apoiar as a\u00e7\u00f5es de multivacina\u00e7\u00e3o, o Minist\u00e9rio da Sa\u00fade repassou mais de R$ 151 milh\u00f5es. A pasta indica que outras a\u00e7\u00f5es tamb\u00e9m est\u00e3o sendo realizadas para retomada das altas coberturas vacinais, como a busca ativa de n\u00e3o vacinados, vacina\u00e7\u00e3o nas escolas e quando ocorrer qualquer contato com um servi\u00e7o de sa\u00fade, intensifica\u00e7\u00e3o da vacina\u00e7\u00e3o em \u00e1reas ind\u00edgenas e nos locais onde as taxas de imuniza\u00e7\u00e3o est\u00e3o mais baixas, entre outras iniciativas.<\/p>\n<p><strong>Xuxa e Z\u00e9 Gotinha<\/strong><br \/>\nNo v\u00eddeo oficial da campanha, Z\u00e9 Gotinha procura a Xuxa para juntos convocarem baixinhos e baixinhas para o Movimento Nacional pela Vacina\u00e7\u00e3o. Durante a viagem na recriada nave da apresentadora, apelidada por ela de \u201cnave da multivacina\u00e7\u00e3o\u201d, com efeitos especiais e anima\u00e7\u00e3o em 3D, eles comentam que algumas doen\u00e7as voltaram a atingir crian\u00e7as e adolescentes.<\/p>\n<p>Nas suas redes sociais, a artista tamb\u00e9m destaca a import\u00e2ncia da vacina\u00e7\u00e3o. \u201cChegou a hora de os baixinhos e baixinhas menores de 15 anos atualizarem a caderneta de vacina\u00e7\u00e3o. Eu e o @zegotinha estamos viajando juntos por todo o Brasil pra apoiar o Movimento Nacional pela Vacina\u00e7\u00e3o. Vamos juntos proteger a inf\u00e2ncia das nossas crian\u00e7as. Confira o calend\u00e1rio de vacina\u00e7\u00e3o da sua cidade&#8221;, escreveu.<\/p>\n<p><strong>Mobiliza\u00e7\u00f5es regionais<\/strong><br \/>\nA campanha nacional de multivacina\u00e7\u00e3o do Minist\u00e9rio da Sa\u00fade ser\u00e1 veiculada em todo o pa\u00eds, em etapas regionais de imuniza\u00e7\u00e3o. De acordo com o minist\u00e9rio, a decis\u00e3o \u00e9 parte da estrat\u00e9gia in\u00e9dita com o objetivo de retomar as altas coberturas vacinais. Em cada unidade da federa\u00e7\u00e3o, a campanha trar\u00e1 conte\u00fado espec\u00edfico que retrata as realidades locais de cada estado, com cenas de paisagens regionais sobrevoadas pela nave da Xuxa. O intuito \u00e9 se aproximar da popula\u00e7\u00e3o e engaj\u00e1-la para o Brasil se manter livre de doen\u00e7as que podem levar \u00e0 morte ou deixar sequelas.<\/p>\n<p>O p\u00fablico j\u00e1 pode consultar a data de vacina\u00e7\u00e3o na cidade onde reside. Todos os estados do pa\u00eds receber\u00e3o a multivacina\u00e7\u00e3o em etapas regionais at\u00e9 o fim de 2023. No \u00faltimo dia 10, as a\u00e7\u00f5es de multivacina\u00e7\u00e3o come\u00e7aram em Bel\u00e9m. Os estados do Maranh\u00e3o e Roraima tamb\u00e9m j\u00e1 iniciaram a multivacina\u00e7\u00e3o.<\/p>\n<p>&#8220;Vamos valorizar a vida e promover a prote\u00e7\u00e3o coletiva. Juntos, podemos fazer a diferen\u00e7a na luta contra as doen\u00e7as. Fa\u00e7a sua parte, vacine-se e compartilhe essa mensagem de solidariedade&#8221;, convidou o diretor do Departamento de Imuniza\u00e7\u00e3o e Doen\u00e7as Imunopreven\u00edveis do Minist\u00e9rio da Sa\u00fade, Eder Gatti.<\/p>\n<p><strong>Rol\u00ea do Z\u00e9 Gotinha<\/strong><br \/>\nNa manh\u00e3 desta quinta-feira, Z\u00e9 Gotinha passeou na rodovi\u00e1ria de Bras\u00edlia e cumprimentou o p\u00fablico. O personagem esteve acompanhado do lutador ol\u00edmpico de taekwondo e assessor do Minist\u00e9rio do Esporte, Diogo Silva, que convocou os adultos a levarem suas crian\u00e7as aos postos de sa\u00fade para vacina\u00e7\u00e3o. \u201cOs brasileiros s\u00e3o apaixonados por futebol, por correr, pr\u00e1ticas de lazer, pelo mundo das lutas. Mas, nada disso \u00e9 poss\u00edvel, se a gente n\u00e3o se vacinar. Pode-se ter in\u00fameras sequelas f\u00edsicas, intelectuais, caso n\u00e3o se vacine e isso vai impactar diretamente no bem-estar dos seus filhos. Ent\u00e3o, pais, por favor, levem suas crian\u00e7as para se vacinar. N\u00e3o d\u00f3i. \u00c9 r\u00e1pido e todo mundo vai ficar bem e seguro\u201d, enfatizou o atleta.<\/p>\n<p>Z\u00e9 Gotinha tamb\u00e9m estava acompanhado de Nayara Falc\u00e3o, atleta de canoagem paral\u00edmpica e, atualmente, diretora de Projetos Paradesportivos de Educa\u00e7\u00e3o, Lazer e Inclus\u00e3o Social, do Minist\u00e9rio do Esporte. Nayara destacou que o papel dos respons\u00e1veis pelas crian\u00e7as e adolescentes \u00e9 fundamental na vacina\u00e7\u00e3o. \u201cPais, m\u00e3es, familiares e aqueles que amam os pequenininhos, que eles n\u00e3o podem ir por si s\u00f3: Vamos l\u00e1, os levem! Vamos incentivar a vida, porque vacina\u00e7\u00e3o \u00e9 isso. \u00c9 com um organismo saud\u00e1vel para que possa se desenvolver perfeitamente e com sa\u00fade.&#8221;<\/p>\n<p>\u201cDa mesma forma que voc\u00ea leva seu filho, sua filha para nata\u00e7\u00e3o, para uma corrida, karat\u00ea, jud\u00f4, bal\u00e9, para uma dan\u00e7a, para o esporte que for, leve para o posto de sa\u00fade tamb\u00e9m. E em 26 de agosto, dia D da Multivacina\u00e7\u00e3o, vamos nesse dia juntos\u201d, convocou a atleta.<\/p>\n<p>O p\u00fablico reagiu positivamente \u00e0 visita do Z\u00e9 Gotinha, que posou para fotos ao lado de crian\u00e7as que passaram pelo local. Foi o caso do Victor Emanuel Fran\u00e7a, de 6 anos, acompanhado pela av\u00f3 Marcia Fran\u00e7a Muniz, que prioriza a vacina\u00e7\u00e3o do neto, criado por ela. \u201cA carteira de vacina\u00e7\u00e3o dele est\u00e1 atualizada. Acho muito importante porque a gente evita v\u00e1rios tipos de doen\u00e7as. J\u00e1 fica prevenido.\u201d<\/p>\n<p>A dona de casa Ivone Bastos, m\u00e3e da cadeirante Vit\u00f3ria Keity Bastos, destacou a import\u00e2ncia do cuidado. \u201cComo a Keity \u00e9 uma crian\u00e7a especial, tem imunidade diferente da nossa, mais baixa. Ent\u00e3o, ela precisa estar protegida. Eu acho que quem ama tem que cuidar. Principalmente, na hora das vacinas porque [elas] protegem de todos esses v\u00edrus que est\u00e3o por a\u00ed.\u201d<\/p>\n","protected":false},"excerpt":{"rendered":"<p>O Minist\u00e9rio da Sa\u00fade lan\u00e7ou na quinta-feira (17), a campanha nacional de multivacina\u00e7\u00e3o com o objetivo de aumentar os \u00edndices de imuniza\u00e7\u00e3o de crian\u00e7as e adolescentes menores de 15 anos, com a atualiza\u00e7\u00e3o da caderneta de vacina\u00e7\u00e3o deste p\u00fablico. Nesta edi\u00e7\u00e3o, a apresentadora, atriz e cantora Maria da Gra\u00e7a Xuxa Meneghel, a Xuxa, \u00e9 a [&hellip;]<\/p>\n","protected":false},"author":2,"featured_media":311238,"comment_status":"closed","ping_status":"closed","sticky":false,"template":"","format":"standard","meta":{"_acf_changed":false,"footnotes":""},"categories":[161],"tags":[],"class_list":["post-311237","post","type-post","status-publish","format-standard","has-post-thumbnail","hentry","category-quadradinho-em-foco"],"acf":[],"yoast_head":"<!-- This site is optimized with the Yoast SEO plugin v27.2 - https:\/\/yoast.com\/product\/yoast-seo-wordpress\/ -->\n<title>Sa\u00fade quer mais vacina\u00e7\u00e3o de crian\u00e7a e adolescente - Notibras<\/title>\n<meta name=\"robots\" content=\"index, follow, max-snippet:-1, max-image-preview:large, max-video-preview:-1\" \/>\n<link rel=\"canonical\" href=\"https:\/\/www.notibras.com\/site\/saude-quer-mais-vacinacao-de-crianca-e-adolescente\/\" \/>\n<meta property=\"og:locale\" content=\"pt_BR\" \/>\n<meta property=\"og:type\" content=\"article\" \/>\n<meta property=\"og:title\" content=\"Sa\u00fade quer mais vacina\u00e7\u00e3o de crian\u00e7a e adolescente - Notibras\" \/>\n<meta property=\"og:description\" content=\"O Minist\u00e9rio da Sa\u00fade lan\u00e7ou na quinta-feira (17), a campanha nacional de multivacina\u00e7\u00e3o com o objetivo de aumentar os \u00edndices de imuniza\u00e7\u00e3o de crian\u00e7as e adolescentes menores de 15 anos, com a atualiza\u00e7\u00e3o da caderneta de vacina\u00e7\u00e3o deste p\u00fablico. Nesta edi\u00e7\u00e3o, a apresentadora, atriz e cantora Maria da Gra\u00e7a Xuxa Meneghel, a Xuxa, \u00e9 a [&hellip;]\" \/>\n<meta property=\"og:url\" content=\"https:\/\/www.notibras.com\/site\/saude-quer-mais-vacinacao-de-crianca-e-adolescente\/\" \/>\n<meta property=\"og:site_name\" content=\"Notibras\" \/>\n<meta property=\"article:publisher\" content=\"https:\/\/www.facebook.com\/notibras\/\" \/>\n<meta property=\"article:published_time\" content=\"2023-08-18T05:58:40+00:00\" \/>\n<meta property=\"og:image\" content=\"https:\/\/www.notibras.com\/site\/wp-content\/uploads\/2023\/08\/pzzb7535-1.jpg\" \/>\n\t<meta property=\"og:image:width\" content=\"1170\" \/>\n\t<meta property=\"og:image:height\" content=\"700\" \/>\n\t<meta property=\"og:image:type\" content=\"image\/jpeg\" \/>\n<meta name=\"author\" content=\"Reda\u00e7\u00e3o\" \/>\n<meta name=\"twitter:card\" content=\"summary_large_image\" \/>\n<meta name=\"twitter:creator\" content=\"@Notibras\" \/>\n<meta name=\"twitter:site\" content=\"@Notibras\" \/>\n<meta name=\"twitter:label1\" content=\"Escrito por\" \/>\n\t<meta name=\"twitter:data1\" content=\"Reda\u00e7\u00e3o\" \/>\n\t<meta name=\"twitter:label2\" content=\"Est. tempo de leitura\" \/>\n\t<meta name=\"twitter:data2\" content=\"7 minutos\" \/>\n<script type=\"application\/ld+json\" class=\"yoast-schema-graph\">{\"@context\":\"https:\/\/schema.org\",\"@graph\":[{\"@type\":\"Article\",\"@id\":\"https:\/\/www.notibras.com\/site\/saude-quer-mais-vacinacao-de-crianca-e-adolescente\/#article\",\"isPartOf\":{\"@id\":\"https:\/\/www.notibras.com\/site\/saude-quer-mais-vacinacao-de-crianca-e-adolescente\/\"},\"author\":{\"name\":\"Reda\u00e7\u00e3o\",\"@id\":\"https:\/\/www.notibras.com\/site\/#\/schema\/person\/36ab0979449956132d3e5b517ea76ac8\"},\"headline\":\"Sa\u00fade quer mais vacina\u00e7\u00e3o de crian\u00e7a e adolescente\",\"datePublished\":\"2023-08-18T05:58:40+00:00\",\"mainEntityOfPage\":{\"@id\":\"https:\/\/www.notibras.com\/site\/saude-quer-mais-vacinacao-de-crianca-e-adolescente\/\"},\"wordCount\":1284,\"publisher\":{\"@id\":\"https:\/\/www.notibras.com\/site\/#organization\"},\"image\":{\"@id\":\"https:\/\/www.notibras.com\/site\/saude-quer-mais-vacinacao-de-crianca-e-adolescente\/#primaryimage\"},\"thumbnailUrl\":\"https:\/\/www.notibras.com\/site\/wp-content\/uploads\/2023\/08\/pzzb7535-1.jpg\",\"articleSection\":[\"Quadradinho em Foco\"],\"inLanguage\":\"pt-BR\"},{\"@type\":\"WebPage\",\"@id\":\"https:\/\/www.notibras.com\/site\/saude-quer-mais-vacinacao-de-crianca-e-adolescente\/\",\"url\":\"https:\/\/www.notibras.com\/site\/saude-quer-mais-vacinacao-de-crianca-e-adolescente\/\",\"name\":\"Sa\u00fade quer mais vacina\u00e7\u00e3o de crian\u00e7a e adolescente - Notibras\",\"isPartOf\":{\"@id\":\"https:\/\/www.notibras.com\/site\/#website\"},\"primaryImageOfPage\":{\"@id\":\"https:\/\/www.notibras.com\/site\/saude-quer-mais-vacinacao-de-crianca-e-adolescente\/#primaryimage\"},\"image\":{\"@id\":\"https:\/\/www.notibras.com\/site\/saude-quer-mais-vacinacao-de-crianca-e-adolescente\/#primaryimage\"},\"thumbnailUrl\":\"https:\/\/www.notibras.com\/site\/wp-content\/uploads\/2023\/08\/pzzb7535-1.jpg\",\"datePublished\":\"2023-08-18T05:58:40+00:00\",\"breadcrumb\":{\"@id\":\"https:\/\/www.notibras.com\/site\/saude-quer-mais-vacinacao-de-crianca-e-adolescente\/#breadcrumb\"},\"inLanguage\":\"pt-BR\",\"potentialAction\":[{\"@type\":\"ReadAction\",\"target\":[\"https:\/\/www.notibras.com\/site\/saude-quer-mais-vacinacao-de-crianca-e-adolescente\/\"]}]},{\"@type\":\"ImageObject\",\"inLanguage\":\"pt-BR\",\"@id\":\"https:\/\/www.notibras.com\/site\/saude-quer-mais-vacinacao-de-crianca-e-adolescente\/#primaryimage\",\"url\":\"https:\/\/www.notibras.com\/site\/wp-content\/uploads\/2023\/08\/pzzb7535-1.jpg\",\"contentUrl\":\"https:\/\/www.notibras.com\/site\/wp-content\/uploads\/2023\/08\/pzzb7535-1.jpg\",\"width\":1170,\"height\":700,\"caption\":\"Bras\u00edlia (DF), 17\/08\/2023, Pra marcar o lan\u00e7amento da Campanha Nacional de Multivacina\u00e7\u00e3o do Minist\u00e9rio da Sa\u00fade, o Z\u00e9 Gotinha foi na Rodovi\u00e1ria do Plano Piloto, para conscientizar a popula\u00e7\u00e3o sobre a import\u00e2ncia da vacina\u00e7\u00e3o. Foto: Jos\u00e9 Cruz\/Ag\u00eancia Brasil\"},{\"@type\":\"BreadcrumbList\",\"@id\":\"https:\/\/www.notibras.com\/site\/saude-quer-mais-vacinacao-de-crianca-e-adolescente\/#breadcrumb\",\"itemListElement\":[{\"@type\":\"ListItem\",\"position\":1,\"name\":\"In\u00edcio\",\"item\":\"https:\/\/www.notibras.com\/site\/\"},{\"@type\":\"ListItem\",\"position\":2,\"name\":\"Sa\u00fade quer mais vacina\u00e7\u00e3o de crian\u00e7a e adolescente\"}]},{\"@type\":\"WebSite\",\"@id\":\"https:\/\/www.notibras.com\/site\/#website\",\"url\":\"https:\/\/www.notibras.com\/site\/\",\"name\":\"Notibras\",\"description\":\"Not\u00edcias de Bras\u00edlia, do Brasil e do Mundo\",\"publisher\":{\"@id\":\"https:\/\/www.notibras.com\/site\/#organization\"},\"potentialAction\":[{\"@type\":\"SearchAction\",\"target\":{\"@type\":\"EntryPoint\",\"urlTemplate\":\"https:\/\/www.notibras.com\/site\/?s={search_term_string}\"},\"query-input\":{\"@type\":\"PropertyValueSpecification\",\"valueRequired\":true,\"valueName\":\"search_term_string\"}}],\"inLanguage\":\"pt-BR\"},{\"@type\":\"Organization\",\"@id\":\"https:\/\/www.notibras.com\/site\/#organization\",\"name\":\"Grupo Notibras de Comunica\u00e7\u00e3o\",\"url\":\"https:\/\/www.notibras.com\/site\/\",\"logo\":{\"@type\":\"ImageObject\",\"inLanguage\":\"pt-BR\",\"@id\":\"https:\/\/www.notibras.com\/site\/#\/schema\/logo\/image\/\",\"url\":\"https:\/\/www.notibras.com\/site\/wp-content\/uploads\/2023\/01\/notibras23.png\",\"contentUrl\":\"https:\/\/www.notibras.com\/site\/wp-content\/uploads\/2023\/01\/notibras23.png\",\"width\":350,\"height\":87,\"caption\":\"Grupo Notibras de Comunica\u00e7\u00e3o\"},\"image\":{\"@id\":\"https:\/\/www.notibras.com\/site\/#\/schema\/logo\/image\/\"},\"sameAs\":[\"https:\/\/www.facebook.com\/notibras\/\",\"https:\/\/x.com\/Notibras\",\"https:\/\/www.instagram.com\/notibras\/\"]},{\"@type\":\"Person\",\"@id\":\"https:\/\/www.notibras.com\/site\/#\/schema\/person\/36ab0979449956132d3e5b517ea76ac8\",\"name\":\"Reda\u00e7\u00e3o\",\"image\":{\"@type\":\"ImageObject\",\"inLanguage\":\"pt-BR\",\"@id\":\"https:\/\/secure.gravatar.com\/avatar\/e0a867bdedb85fd243eadf09663511f96fc81e0720a4a42581f334ad4303aa6b?s=96&d=mm&r=g\",\"url\":\"https:\/\/secure.gravatar.com\/avatar\/e0a867bdedb85fd243eadf09663511f96fc81e0720a4a42581f334ad4303aa6b?s=96&d=mm&r=g\",\"contentUrl\":\"https:\/\/secure.gravatar.com\/avatar\/e0a867bdedb85fd243eadf09663511f96fc81e0720a4a42581f334ad4303aa6b?s=96&d=mm&r=g\",\"caption\":\"Reda\u00e7\u00e3o\"}}]}<\/script>\n<!-- \/ Yoast SEO plugin. -->","yoast_head_json":{"title":"Sa\u00fade quer mais vacina\u00e7\u00e3o de crian\u00e7a e adolescente - Notibras","robots":{"index":"index","follow":"follow","max-snippet":"max-snippet:-1","max-image-preview":"max-image-preview:large","max-video-preview":"max-video-preview:-1"},"canonical":"https:\/\/www.notibras.com\/site\/saude-quer-mais-vacinacao-de-crianca-e-adolescente\/","og_locale":"pt_BR","og_type":"article","og_title":"Sa\u00fade quer mais vacina\u00e7\u00e3o de crian\u00e7a e adolescente - Notibras","og_description":"O Minist\u00e9rio da Sa\u00fade lan\u00e7ou na quinta-feira (17), a campanha nacional de multivacina\u00e7\u00e3o com o objetivo de aumentar os \u00edndices de imuniza\u00e7\u00e3o de crian\u00e7as e adolescentes menores de 15 anos, com a atualiza\u00e7\u00e3o da caderneta de vacina\u00e7\u00e3o deste p\u00fablico. Nesta edi\u00e7\u00e3o, a apresentadora, atriz e cantora Maria da Gra\u00e7a Xuxa Meneghel, a Xuxa, \u00e9 a [&hellip;]","og_url":"https:\/\/www.notibras.com\/site\/saude-quer-mais-vacinacao-de-crianca-e-adolescente\/","og_site_name":"Notibras","article_publisher":"https:\/\/www.facebook.com\/notibras\/","article_published_time":"2023-08-18T05:58:40+00:00","og_image":[{"width":1170,"height":700,"url":"https:\/\/www.notibras.com\/site\/wp-content\/uploads\/2023\/08\/pzzb7535-1.jpg","type":"image\/jpeg"}],"author":"Reda\u00e7\u00e3o","twitter_card":"summary_large_image","twitter_creator":"@Notibras","twitter_site":"@Notibras","twitter_misc":{"Escrito por":"Reda\u00e7\u00e3o","Est. tempo de leitura":"7 minutos"},"schema":{"@context":"https:\/\/schema.org","@graph":[{"@type":"Article","@id":"https:\/\/www.notibras.com\/site\/saude-quer-mais-vacinacao-de-crianca-e-adolescente\/#article","isPartOf":{"@id":"https:\/\/www.notibras.com\/site\/saude-quer-mais-vacinacao-de-crianca-e-adolescente\/"},"author":{"name":"Reda\u00e7\u00e3o","@id":"https:\/\/www.notibras.com\/site\/#\/schema\/person\/36ab0979449956132d3e5b517ea76ac8"},"headline":"Sa\u00fade quer mais vacina\u00e7\u00e3o de crian\u00e7a e adolescente","datePublished":"2023-08-18T05:58:40+00:00","mainEntityOfPage":{"@id":"https:\/\/www.notibras.com\/site\/saude-quer-mais-vacinacao-de-crianca-e-adolescente\/"},"wordCount":1284,"publisher":{"@id":"https:\/\/www.notibras.com\/site\/#organization"},"image":{"@id":"https:\/\/www.notibras.com\/site\/saude-quer-mais-vacinacao-de-crianca-e-adolescente\/#primaryimage"},"thumbnailUrl":"https:\/\/www.notibras.com\/site\/wp-content\/uploads\/2023\/08\/pzzb7535-1.jpg","articleSection":["Quadradinho em Foco"],"inLanguage":"pt-BR"},{"@type":"WebPage","@id":"https:\/\/www.notibras.com\/site\/saude-quer-mais-vacinacao-de-crianca-e-adolescente\/","url":"https:\/\/www.notibras.com\/site\/saude-quer-mais-vacinacao-de-crianca-e-adolescente\/","name":"Sa\u00fade quer mais vacina\u00e7\u00e3o de crian\u00e7a e adolescente - Notibras","isPartOf":{"@id":"https:\/\/www.notibras.com\/site\/#website"},"primaryImageOfPage":{"@id":"https:\/\/www.notibras.com\/site\/saude-quer-mais-vacinacao-de-crianca-e-adolescente\/#primaryimage"},"image":{"@id":"https:\/\/www.notibras.com\/site\/saude-quer-mais-vacinacao-de-crianca-e-adolescente\/#primaryimage"},"thumbnailUrl":"https:\/\/www.notibras.com\/site\/wp-content\/uploads\/2023\/08\/pzzb7535-1.jpg","datePublished":"2023-08-18T05:58:40+00:00","breadcrumb":{"@id":"https:\/\/www.notibras.com\/site\/saude-quer-mais-vacinacao-de-crianca-e-adolescente\/#breadcrumb"},"inLanguage":"pt-BR","potentialAction":[{"@type":"ReadAction","target":["https:\/\/www.notibras.com\/site\/saude-quer-mais-vacinacao-de-crianca-e-adolescente\/"]}]},{"@type":"ImageObject","inLanguage":"pt-BR","@id":"https:\/\/www.notibras.com\/site\/saude-quer-mais-vacinacao-de-crianca-e-adolescente\/#primaryimage","url":"https:\/\/www.notibras.com\/site\/wp-content\/uploads\/2023\/08\/pzzb7535-1.jpg","contentUrl":"https:\/\/www.notibras.com\/site\/wp-content\/uploads\/2023\/08\/pzzb7535-1.jpg","width":1170,"height":700,"caption":"Bras\u00edlia (DF), 17\/08\/2023, Pra marcar o lan\u00e7amento da Campanha Nacional de Multivacina\u00e7\u00e3o do Minist\u00e9rio da Sa\u00fade, o Z\u00e9 Gotinha foi na Rodovi\u00e1ria do Plano Piloto, para conscientizar a popula\u00e7\u00e3o sobre a import\u00e2ncia da vacina\u00e7\u00e3o. Foto: Jos\u00e9 Cruz\/Ag\u00eancia Brasil"},{"@type":"BreadcrumbList","@id":"https:\/\/www.notibras.com\/site\/saude-quer-mais-vacinacao-de-crianca-e-adolescente\/#breadcrumb","itemListElement":[{"@type":"ListItem","position":1,"name":"In\u00edcio","item":"https:\/\/www.notibras.com\/site\/"},{"@type":"ListItem","position":2,"name":"Sa\u00fade quer mais vacina\u00e7\u00e3o de crian\u00e7a e adolescente"}]},{"@type":"WebSite","@id":"https:\/\/www.notibras.com\/site\/#website","url":"https:\/\/www.notibras.com\/site\/","name":"Notibras","description":"Not\u00edcias de Bras\u00edlia, do Brasil e do Mundo","publisher":{"@id":"https:\/\/www.notibras.com\/site\/#organization"},"potentialAction":[{"@type":"SearchAction","target":{"@type":"EntryPoint","urlTemplate":"https:\/\/www.notibras.com\/site\/?s={search_term_string}"},"query-input":{"@type":"PropertyValueSpecification","valueRequired":true,"valueName":"search_term_string"}}],"inLanguage":"pt-BR"},{"@type":"Organization","@id":"https:\/\/www.notibras.com\/site\/#organization","name":"Grupo Notibras de Comunica\u00e7\u00e3o","url":"https:\/\/www.notibras.com\/site\/","logo":{"@type":"ImageObject","inLanguage":"pt-BR","@id":"https:\/\/www.notibras.com\/site\/#\/schema\/logo\/image\/","url":"https:\/\/www.notibras.com\/site\/wp-content\/uploads\/2023\/01\/notibras23.png","contentUrl":"https:\/\/www.notibras.com\/site\/wp-content\/uploads\/2023\/01\/notibras23.png","width":350,"height":87,"caption":"Grupo Notibras de Comunica\u00e7\u00e3o"},"image":{"@id":"https:\/\/www.notibras.com\/site\/#\/schema\/logo\/image\/"},"sameAs":["https:\/\/www.facebook.com\/notibras\/","https:\/\/x.com\/Notibras","https:\/\/www.instagram.com\/notibras\/"]},{"@type":"Person","@id":"https:\/\/www.notibras.com\/site\/#\/schema\/person\/36ab0979449956132d3e5b517ea76ac8","name":"Reda\u00e7\u00e3o","image":{"@type":"ImageObject","inLanguage":"pt-BR","@id":"https:\/\/secure.gravatar.com\/avatar\/e0a867bdedb85fd243eadf09663511f96fc81e0720a4a42581f334ad4303aa6b?s=96&d=mm&r=g","url":"https:\/\/secure.gravatar.com\/avatar\/e0a867bdedb85fd243eadf09663511f96fc81e0720a4a42581f334ad4303aa6b?s=96&d=mm&r=g","contentUrl":"https:\/\/secure.gravatar.com\/avatar\/e0a867bdedb85fd243eadf09663511f96fc81e0720a4a42581f334ad4303aa6b?s=96&d=mm&r=g","caption":"Reda\u00e7\u00e3o"}}]}},"amp_enabled":true,"_links":{"self":[{"href":"https:\/\/www.notibras.com\/site\/wp-json\/wp\/v2\/posts\/311237","targetHints":{"allow":["GET"]}}],"collection":[{"href":"https:\/\/www.notibras.com\/site\/wp-json\/wp\/v2\/posts"}],"about":[{"href":"https:\/\/www.notibras.com\/site\/wp-json\/wp\/v2\/types\/post"}],"author":[{"embeddable":true,"href":"https:\/\/www.notibras.com\/site\/wp-json\/wp\/v2\/users\/2"}],"replies":[{"embeddable":true,"href":"https:\/\/www.notibras.com\/site\/wp-json\/wp\/v2\/comments?post=311237"}],"version-history":[{"count":1,"href":"https:\/\/www.notibras.com\/site\/wp-json\/wp\/v2\/posts\/311237\/revisions"}],"predecessor-version":[{"id":311239,"href":"https:\/\/www.notibras.com\/site\/wp-json\/wp\/v2\/posts\/311237\/revisions\/311239"}],"wp:featuredmedia":[{"embeddable":true,"href":"https:\/\/www.notibras.com\/site\/wp-json\/wp\/v2\/media\/311238"}],"wp:attachment":[{"href":"https:\/\/www.notibras.com\/site\/wp-json\/wp\/v2\/media?parent=311237"}],"wp:term":[{"taxonomy":"category","embeddable":true,"href":"https:\/\/www.notibras.com\/site\/wp-json\/wp\/v2\/categories?post=311237"},{"taxonomy":"post_tag","embeddable":true,"href":"https:\/\/www.notibras.com\/site\/wp-json\/wp\/v2\/tags?post=311237"}],"curies":[{"name":"wp","href":"https:\/\/api.w.org\/{rel}","templated":true}]}}