{"id":311248,"date":"2023-08-18T00:08:20","date_gmt":"2023-08-18T03:08:20","guid":{"rendered":"https:\/\/www.notibras.com\/site\/?p=311248"},"modified":"2023-08-18T02:38:19","modified_gmt":"2023-08-18T05:38:19","slug":"pessoa-com-deficiencia-podera-levar-animal-em-voos","status":"publish","type":"post","link":"https:\/\/www.notibras.com\/site\/pessoa-com-deficiencia-podera-levar-animal-em-voos\/","title":{"rendered":"Pessoa com defici\u00eancia poder\u00e1 levar animal em voos"},"content":{"rendered":"<p>:<br \/>\nA Defensoria P\u00fablica da Uni\u00e3o (DPU), por meio da Secretaria-Geral de Articula\u00e7\u00e3o Institucional e do Grupo de Trabalho de Atendimento \u00e0 Pessoa Idosa e \u00e0 Pessoa com Defici\u00eancia, publicou, no in\u00edcio do m\u00eas, nota t\u00e9cnica para se manifestar em favor da concess\u00e3o do direito ao transporte das pessoas com defici\u00eancia, em voos nacionais e internacionais, acompanhadas de animal de suporte emocional.<\/p>\n<p>Os chamados animais de assist\u00eancia emocional ou de suporte emocional acompanham pessoas com sofrimentos ps\u00edquicos, com ou sem defici\u00eancia, a exemplo de ansiedade, depress\u00e3o, estresse p\u00f3s-traum\u00e1tico. Contribuem tamb\u00e9m no suporte emocional de pessoas com Transtorno do Espectro Autista.<\/p>\n<p>Segundo a DPU, a presen\u00e7a do animal de assist\u00eancia emocional para as pessoas que deles necessitam \u00e9 fundamental para o apoio psicol\u00f3gico e psiqui\u00e1trico, conferindo seguran\u00e7a, evitando poss\u00edveis crises e agravamento do seu estado de sa\u00fade. \u201cConsequentemente, ele \u00e9 necess\u00e1rio para assegurar o direito \u00e0 mobilidade pessoal com a m\u00e1xima independ\u00eancia, com plena inclus\u00e3o e participa\u00e7\u00e3o social dessas pessoas, conforme preconiza a Conven\u00e7\u00e3o Internacional dos Direitos das Pessoas com Defici\u00eancia, da qual o Brasil \u00e9 signat\u00e1rio, possuindo status de emenda constitucional\u201d, diz a nota.<\/p>\n<p>Outro problema apontado pela DPU \u00e9 a quest\u00e3o financeira, uma vez que h\u00e1 cobran\u00e7a de tarifa de transporte para animais dom\u00e9sticos, o que n\u00e3o deveria ocorrer em rela\u00e7\u00e3o aos animais de suporte emocional.<\/p>\n<p><strong>Legisla\u00e7\u00e3o<\/strong><br \/>\nA iniciativa da DPU visa a superar uma lacuna, uma vez que as normas atualmente vigentes sobre transporte de animais n\u00e3o contemplam expressamente os animais de suporte emocional.<\/p>\n<p>A Lei n\u00ba 11.126\/2005 (conhecida como a lei do c\u00e3o-guia) e a Portaria ANAC n\u00ba 676\/GC-5\/2000 (previs\u00e3o de transporte de animais dom\u00e9sticos &#8211; c\u00e3es e gatos &#8211; e c\u00e3es treinados para pessoas com defici\u00eancia visual e auditiva que dependam integralmente deles) restringem-se a casos espec\u00edficos e trazem algumas limita\u00e7\u00f5es.<\/p>\n<p>De acordo com a DPU, n\u00e3o h\u00e1 efetiva garantia de ingresso dos c\u00e3es-ouvintes, para aux\u00edlio de pessoas com defici\u00eancia auditiva, \u00e0 exce\u00e7\u00e3o de sua depend\u00eancia do animal ser completa; n\u00e3o h\u00e1 men\u00e7\u00e3o aos c\u00e3es de alerta, fundamentais no reconhecimento de crises de epilepsia, de hipoglicemia ou de ansiedade, por exemplo; nem tampouco dos c\u00e3es de servi\u00e7o treinados para buscar objetos, abrir portas e outras eventuais necessidades de pessoas com defici\u00eancia org\u00e2nica ou f\u00edsica; n\u00e3o h\u00e1 previs\u00e3o para outros tipos de defici\u00eancia, como as decorrentes de s\u00edndromes e transtornos previstos como tais no Estatuto da Pessoa com Defici\u00eancia &#8211; a exemplo das pessoas com transtorno do espectro autista.<\/p>\n<p>O \u00f3rg\u00e3o defende o reconhecimento da garantia de transporte da pessoa com defici\u00eancia acompanhada de animal de suporte emocional de forma aut\u00f4noma e independente \u00e0 regulamenta\u00e7\u00e3o j\u00e1 existente acerca do transporte de animais dom\u00e9sticos.<\/p>\n","protected":false},"excerpt":{"rendered":"<p>: A Defensoria P\u00fablica da Uni\u00e3o (DPU), por meio da Secretaria-Geral de Articula\u00e7\u00e3o Institucional e do Grupo de Trabalho de Atendimento \u00e0 Pessoa Idosa e \u00e0 Pessoa com Defici\u00eancia, publicou, no in\u00edcio do m\u00eas, nota t\u00e9cnica para se manifestar em favor da concess\u00e3o do direito ao transporte das pessoas com defici\u00eancia, em voos nacionais e [&hellip;]<\/p>\n","protected":false},"author":2,"featured_media":304909,"comment_status":"closed","ping_status":"closed","sticky":false,"template":"","format":"standard","meta":{"_acf_changed":false,"footnotes":""},"categories":[161],"tags":[],"class_list":["post-311248","post","type-post","status-publish","format-standard","has-post-thumbnail","hentry","category-quadradinho-em-foco"],"acf":[],"yoast_head":"<!-- This site is optimized with the Yoast SEO plugin v27.2 - https:\/\/yoast.com\/product\/yoast-seo-wordpress\/ -->\n<title>Pessoa com defici\u00eancia poder\u00e1 levar animal em voos - Notibras<\/title>\n<meta name=\"robots\" content=\"index, follow, max-snippet:-1, max-image-preview:large, max-video-preview:-1\" \/>\n<link rel=\"canonical\" href=\"https:\/\/www.notibras.com\/site\/pessoa-com-deficiencia-podera-levar-animal-em-voos\/\" \/>\n<meta property=\"og:locale\" content=\"pt_BR\" \/>\n<meta property=\"og:type\" content=\"article\" \/>\n<meta property=\"og:title\" content=\"Pessoa com defici\u00eancia poder\u00e1 levar animal em voos - Notibras\" \/>\n<meta property=\"og:description\" content=\": A Defensoria P\u00fablica da Uni\u00e3o (DPU), por meio da Secretaria-Geral de Articula\u00e7\u00e3o Institucional e do Grupo de Trabalho de Atendimento \u00e0 Pessoa Idosa e \u00e0 Pessoa com Defici\u00eancia, publicou, no in\u00edcio do m\u00eas, nota t\u00e9cnica para se manifestar em favor da concess\u00e3o do direito ao transporte das pessoas com defici\u00eancia, em voos nacionais e [&hellip;]\" \/>\n<meta property=\"og:url\" content=\"https:\/\/www.notibras.com\/site\/pessoa-com-deficiencia-podera-levar-animal-em-voos\/\" \/>\n<meta property=\"og:site_name\" content=\"Notibras\" \/>\n<meta property=\"article:publisher\" content=\"https:\/\/www.facebook.com\/notibras\/\" \/>\n<meta property=\"article:published_time\" content=\"2023-08-18T03:08:20+00:00\" \/>\n<meta property=\"article:modified_time\" content=\"2023-08-18T05:38:19+00:00\" \/>\n<meta property=\"og:image\" content=\"https:\/\/www.notibras.com\/site\/wp-content\/uploads\/2023\/05\/mg_7433.jpg\" \/>\n\t<meta property=\"og:image:width\" content=\"1170\" \/>\n\t<meta property=\"og:image:height\" content=\"700\" \/>\n\t<meta property=\"og:image:type\" content=\"image\/jpeg\" \/>\n<meta name=\"author\" content=\"Reda\u00e7\u00e3o\" \/>\n<meta name=\"twitter:card\" content=\"summary_large_image\" \/>\n<meta name=\"twitter:creator\" content=\"@Notibras\" \/>\n<meta name=\"twitter:site\" content=\"@Notibras\" \/>\n<meta name=\"twitter:label1\" content=\"Escrito por\" \/>\n\t<meta name=\"twitter:data1\" content=\"Reda\u00e7\u00e3o\" \/>\n\t<meta name=\"twitter:label2\" content=\"Est. tempo de leitura\" \/>\n\t<meta name=\"twitter:data2\" content=\"3 minutos\" \/>\n<script type=\"application\/ld+json\" class=\"yoast-schema-graph\">{\"@context\":\"https:\/\/schema.org\",\"@graph\":[{\"@type\":\"Article\",\"@id\":\"https:\/\/www.notibras.com\/site\/pessoa-com-deficiencia-podera-levar-animal-em-voos\/#article\",\"isPartOf\":{\"@id\":\"https:\/\/www.notibras.com\/site\/pessoa-com-deficiencia-podera-levar-animal-em-voos\/\"},\"author\":{\"name\":\"Reda\u00e7\u00e3o\",\"@id\":\"https:\/\/www.notibras.com\/site\/#\/schema\/person\/36ab0979449956132d3e5b517ea76ac8\"},\"headline\":\"Pessoa com defici\u00eancia poder\u00e1 levar animal em voos\",\"datePublished\":\"2023-08-18T03:08:20+00:00\",\"dateModified\":\"2023-08-18T05:38:19+00:00\",\"mainEntityOfPage\":{\"@id\":\"https:\/\/www.notibras.com\/site\/pessoa-com-deficiencia-podera-levar-animal-em-voos\/\"},\"wordCount\":504,\"publisher\":{\"@id\":\"https:\/\/www.notibras.com\/site\/#organization\"},\"image\":{\"@id\":\"https:\/\/www.notibras.com\/site\/pessoa-com-deficiencia-podera-levar-animal-em-voos\/#primaryimage\"},\"thumbnailUrl\":\"https:\/\/www.notibras.com\/site\/wp-content\/uploads\/2023\/05\/mg_7433.jpg\",\"articleSection\":[\"Quadradinho em Foco\"],\"inLanguage\":\"pt-BR\"},{\"@type\":\"WebPage\",\"@id\":\"https:\/\/www.notibras.com\/site\/pessoa-com-deficiencia-podera-levar-animal-em-voos\/\",\"url\":\"https:\/\/www.notibras.com\/site\/pessoa-com-deficiencia-podera-levar-animal-em-voos\/\",\"name\":\"Pessoa com defici\u00eancia poder\u00e1 levar animal em voos - Notibras\",\"isPartOf\":{\"@id\":\"https:\/\/www.notibras.com\/site\/#website\"},\"primaryImageOfPage\":{\"@id\":\"https:\/\/www.notibras.com\/site\/pessoa-com-deficiencia-podera-levar-animal-em-voos\/#primaryimage\"},\"image\":{\"@id\":\"https:\/\/www.notibras.com\/site\/pessoa-com-deficiencia-podera-levar-animal-em-voos\/#primaryimage\"},\"thumbnailUrl\":\"https:\/\/www.notibras.com\/site\/wp-content\/uploads\/2023\/05\/mg_7433.jpg\",\"datePublished\":\"2023-08-18T03:08:20+00:00\",\"dateModified\":\"2023-08-18T05:38:19+00:00\",\"breadcrumb\":{\"@id\":\"https:\/\/www.notibras.com\/site\/pessoa-com-deficiencia-podera-levar-animal-em-voos\/#breadcrumb\"},\"inLanguage\":\"pt-BR\",\"potentialAction\":[{\"@type\":\"ReadAction\",\"target\":[\"https:\/\/www.notibras.com\/site\/pessoa-com-deficiencia-podera-levar-animal-em-voos\/\"]}]},{\"@type\":\"ImageObject\",\"inLanguage\":\"pt-BR\",\"@id\":\"https:\/\/www.notibras.com\/site\/pessoa-com-deficiencia-podera-levar-animal-em-voos\/#primaryimage\",\"url\":\"https:\/\/www.notibras.com\/site\/wp-content\/uploads\/2023\/05\/mg_7433.jpg\",\"contentUrl\":\"https:\/\/www.notibras.com\/site\/wp-content\/uploads\/2023\/05\/mg_7433.jpg\",\"width\":1170,\"height\":700,\"caption\":\"Movimento de aeronaves no Aeroporto Santos Dumont.\"},{\"@type\":\"BreadcrumbList\",\"@id\":\"https:\/\/www.notibras.com\/site\/pessoa-com-deficiencia-podera-levar-animal-em-voos\/#breadcrumb\",\"itemListElement\":[{\"@type\":\"ListItem\",\"position\":1,\"name\":\"In\u00edcio\",\"item\":\"https:\/\/www.notibras.com\/site\/\"},{\"@type\":\"ListItem\",\"position\":2,\"name\":\"Pessoa com defici\u00eancia poder\u00e1 levar animal em voos\"}]},{\"@type\":\"WebSite\",\"@id\":\"https:\/\/www.notibras.com\/site\/#website\",\"url\":\"https:\/\/www.notibras.com\/site\/\",\"name\":\"Notibras\",\"description\":\"Not\u00edcias de Bras\u00edlia, do Brasil e do Mundo\",\"publisher\":{\"@id\":\"https:\/\/www.notibras.com\/site\/#organization\"},\"potentialAction\":[{\"@type\":\"SearchAction\",\"target\":{\"@type\":\"EntryPoint\",\"urlTemplate\":\"https:\/\/www.notibras.com\/site\/?s={search_term_string}\"},\"query-input\":{\"@type\":\"PropertyValueSpecification\",\"valueRequired\":true,\"valueName\":\"search_term_string\"}}],\"inLanguage\":\"pt-BR\"},{\"@type\":\"Organization\",\"@id\":\"https:\/\/www.notibras.com\/site\/#organization\",\"name\":\"Grupo Notibras de Comunica\u00e7\u00e3o\",\"url\":\"https:\/\/www.notibras.com\/site\/\",\"logo\":{\"@type\":\"ImageObject\",\"inLanguage\":\"pt-BR\",\"@id\":\"https:\/\/www.notibras.com\/site\/#\/schema\/logo\/image\/\",\"url\":\"https:\/\/www.notibras.com\/site\/wp-content\/uploads\/2023\/01\/notibras23.png\",\"contentUrl\":\"https:\/\/www.notibras.com\/site\/wp-content\/uploads\/2023\/01\/notibras23.png\",\"width\":350,\"height\":87,\"caption\":\"Grupo Notibras de Comunica\u00e7\u00e3o\"},\"image\":{\"@id\":\"https:\/\/www.notibras.com\/site\/#\/schema\/logo\/image\/\"},\"sameAs\":[\"https:\/\/www.facebook.com\/notibras\/\",\"https:\/\/x.com\/Notibras\",\"https:\/\/www.instagram.com\/notibras\/\"]},{\"@type\":\"Person\",\"@id\":\"https:\/\/www.notibras.com\/site\/#\/schema\/person\/36ab0979449956132d3e5b517ea76ac8\",\"name\":\"Reda\u00e7\u00e3o\",\"image\":{\"@type\":\"ImageObject\",\"inLanguage\":\"pt-BR\",\"@id\":\"https:\/\/secure.gravatar.com\/avatar\/e0a867bdedb85fd243eadf09663511f96fc81e0720a4a42581f334ad4303aa6b?s=96&d=mm&r=g\",\"url\":\"https:\/\/secure.gravatar.com\/avatar\/e0a867bdedb85fd243eadf09663511f96fc81e0720a4a42581f334ad4303aa6b?s=96&d=mm&r=g\",\"contentUrl\":\"https:\/\/secure.gravatar.com\/avatar\/e0a867bdedb85fd243eadf09663511f96fc81e0720a4a42581f334ad4303aa6b?s=96&d=mm&r=g\",\"caption\":\"Reda\u00e7\u00e3o\"}}]}<\/script>\n<!-- \/ Yoast SEO plugin. -->","yoast_head_json":{"title":"Pessoa com defici\u00eancia poder\u00e1 levar animal em voos - Notibras","robots":{"index":"index","follow":"follow","max-snippet":"max-snippet:-1","max-image-preview":"max-image-preview:large","max-video-preview":"max-video-preview:-1"},"canonical":"https:\/\/www.notibras.com\/site\/pessoa-com-deficiencia-podera-levar-animal-em-voos\/","og_locale":"pt_BR","og_type":"article","og_title":"Pessoa com defici\u00eancia poder\u00e1 levar animal em voos - Notibras","og_description":": A Defensoria P\u00fablica da Uni\u00e3o (DPU), por meio da Secretaria-Geral de Articula\u00e7\u00e3o Institucional e do Grupo de Trabalho de Atendimento \u00e0 Pessoa Idosa e \u00e0 Pessoa com Defici\u00eancia, publicou, no in\u00edcio do m\u00eas, nota t\u00e9cnica para se manifestar em favor da concess\u00e3o do direito ao transporte das pessoas com defici\u00eancia, em voos nacionais e [&hellip;]","og_url":"https:\/\/www.notibras.com\/site\/pessoa-com-deficiencia-podera-levar-animal-em-voos\/","og_site_name":"Notibras","article_publisher":"https:\/\/www.facebook.com\/notibras\/","article_published_time":"2023-08-18T03:08:20+00:00","article_modified_time":"2023-08-18T05:38:19+00:00","og_image":[{"width":1170,"height":700,"url":"https:\/\/www.notibras.com\/site\/wp-content\/uploads\/2023\/05\/mg_7433.jpg","type":"image\/jpeg"}],"author":"Reda\u00e7\u00e3o","twitter_card":"summary_large_image","twitter_creator":"@Notibras","twitter_site":"@Notibras","twitter_misc":{"Escrito por":"Reda\u00e7\u00e3o","Est. tempo de leitura":"3 minutos"},"schema":{"@context":"https:\/\/schema.org","@graph":[{"@type":"Article","@id":"https:\/\/www.notibras.com\/site\/pessoa-com-deficiencia-podera-levar-animal-em-voos\/#article","isPartOf":{"@id":"https:\/\/www.notibras.com\/site\/pessoa-com-deficiencia-podera-levar-animal-em-voos\/"},"author":{"name":"Reda\u00e7\u00e3o","@id":"https:\/\/www.notibras.com\/site\/#\/schema\/person\/36ab0979449956132d3e5b517ea76ac8"},"headline":"Pessoa com defici\u00eancia poder\u00e1 levar animal em voos","datePublished":"2023-08-18T03:08:20+00:00","dateModified":"2023-08-18T05:38:19+00:00","mainEntityOfPage":{"@id":"https:\/\/www.notibras.com\/site\/pessoa-com-deficiencia-podera-levar-animal-em-voos\/"},"wordCount":504,"publisher":{"@id":"https:\/\/www.notibras.com\/site\/#organization"},"image":{"@id":"https:\/\/www.notibras.com\/site\/pessoa-com-deficiencia-podera-levar-animal-em-voos\/#primaryimage"},"thumbnailUrl":"https:\/\/www.notibras.com\/site\/wp-content\/uploads\/2023\/05\/mg_7433.jpg","articleSection":["Quadradinho em Foco"],"inLanguage":"pt-BR"},{"@type":"WebPage","@id":"https:\/\/www.notibras.com\/site\/pessoa-com-deficiencia-podera-levar-animal-em-voos\/","url":"https:\/\/www.notibras.com\/site\/pessoa-com-deficiencia-podera-levar-animal-em-voos\/","name":"Pessoa com defici\u00eancia poder\u00e1 levar animal em voos - Notibras","isPartOf":{"@id":"https:\/\/www.notibras.com\/site\/#website"},"primaryImageOfPage":{"@id":"https:\/\/www.notibras.com\/site\/pessoa-com-deficiencia-podera-levar-animal-em-voos\/#primaryimage"},"image":{"@id":"https:\/\/www.notibras.com\/site\/pessoa-com-deficiencia-podera-levar-animal-em-voos\/#primaryimage"},"thumbnailUrl":"https:\/\/www.notibras.com\/site\/wp-content\/uploads\/2023\/05\/mg_7433.jpg","datePublished":"2023-08-18T03:08:20+00:00","dateModified":"2023-08-18T05:38:19+00:00","breadcrumb":{"@id":"https:\/\/www.notibras.com\/site\/pessoa-com-deficiencia-podera-levar-animal-em-voos\/#breadcrumb"},"inLanguage":"pt-BR","potentialAction":[{"@type":"ReadAction","target":["https:\/\/www.notibras.com\/site\/pessoa-com-deficiencia-podera-levar-animal-em-voos\/"]}]},{"@type":"ImageObject","inLanguage":"pt-BR","@id":"https:\/\/www.notibras.com\/site\/pessoa-com-deficiencia-podera-levar-animal-em-voos\/#primaryimage","url":"https:\/\/www.notibras.com\/site\/wp-content\/uploads\/2023\/05\/mg_7433.jpg","contentUrl":"https:\/\/www.notibras.com\/site\/wp-content\/uploads\/2023\/05\/mg_7433.jpg","width":1170,"height":700,"caption":"Movimento de aeronaves no Aeroporto Santos Dumont."},{"@type":"BreadcrumbList","@id":"https:\/\/www.notibras.com\/site\/pessoa-com-deficiencia-podera-levar-animal-em-voos\/#breadcrumb","itemListElement":[{"@type":"ListItem","position":1,"name":"In\u00edcio","item":"https:\/\/www.notibras.com\/site\/"},{"@type":"ListItem","position":2,"name":"Pessoa com defici\u00eancia poder\u00e1 levar animal em voos"}]},{"@type":"WebSite","@id":"https:\/\/www.notibras.com\/site\/#website","url":"https:\/\/www.notibras.com\/site\/","name":"Notibras","description":"Not\u00edcias de Bras\u00edlia, do Brasil e do Mundo","publisher":{"@id":"https:\/\/www.notibras.com\/site\/#organization"},"potentialAction":[{"@type":"SearchAction","target":{"@type":"EntryPoint","urlTemplate":"https:\/\/www.notibras.com\/site\/?s={search_term_string}"},"query-input":{"@type":"PropertyValueSpecification","valueRequired":true,"valueName":"search_term_string"}}],"inLanguage":"pt-BR"},{"@type":"Organization","@id":"https:\/\/www.notibras.com\/site\/#organization","name":"Grupo Notibras de Comunica\u00e7\u00e3o","url":"https:\/\/www.notibras.com\/site\/","logo":{"@type":"ImageObject","inLanguage":"pt-BR","@id":"https:\/\/www.notibras.com\/site\/#\/schema\/logo\/image\/","url":"https:\/\/www.notibras.com\/site\/wp-content\/uploads\/2023\/01\/notibras23.png","contentUrl":"https:\/\/www.notibras.com\/site\/wp-content\/uploads\/2023\/01\/notibras23.png","width":350,"height":87,"caption":"Grupo Notibras de Comunica\u00e7\u00e3o"},"image":{"@id":"https:\/\/www.notibras.com\/site\/#\/schema\/logo\/image\/"},"sameAs":["https:\/\/www.facebook.com\/notibras\/","https:\/\/x.com\/Notibras","https:\/\/www.instagram.com\/notibras\/"]},{"@type":"Person","@id":"https:\/\/www.notibras.com\/site\/#\/schema\/person\/36ab0979449956132d3e5b517ea76ac8","name":"Reda\u00e7\u00e3o","image":{"@type":"ImageObject","inLanguage":"pt-BR","@id":"https:\/\/secure.gravatar.com\/avatar\/e0a867bdedb85fd243eadf09663511f96fc81e0720a4a42581f334ad4303aa6b?s=96&d=mm&r=g","url":"https:\/\/secure.gravatar.com\/avatar\/e0a867bdedb85fd243eadf09663511f96fc81e0720a4a42581f334ad4303aa6b?s=96&d=mm&r=g","contentUrl":"https:\/\/secure.gravatar.com\/avatar\/e0a867bdedb85fd243eadf09663511f96fc81e0720a4a42581f334ad4303aa6b?s=96&d=mm&r=g","caption":"Reda\u00e7\u00e3o"}}]}},"amp_enabled":true,"_links":{"self":[{"href":"https:\/\/www.notibras.com\/site\/wp-json\/wp\/v2\/posts\/311248","targetHints":{"allow":["GET"]}}],"collection":[{"href":"https:\/\/www.notibras.com\/site\/wp-json\/wp\/v2\/posts"}],"about":[{"href":"https:\/\/www.notibras.com\/site\/wp-json\/wp\/v2\/types\/post"}],"author":[{"embeddable":true,"href":"https:\/\/www.notibras.com\/site\/wp-json\/wp\/v2\/users\/2"}],"replies":[{"embeddable":true,"href":"https:\/\/www.notibras.com\/site\/wp-json\/wp\/v2\/comments?post=311248"}],"version-history":[{"count":1,"href":"https:\/\/www.notibras.com\/site\/wp-json\/wp\/v2\/posts\/311248\/revisions"}],"predecessor-version":[{"id":311249,"href":"https:\/\/www.notibras.com\/site\/wp-json\/wp\/v2\/posts\/311248\/revisions\/311249"}],"wp:featuredmedia":[{"embeddable":true,"href":"https:\/\/www.notibras.com\/site\/wp-json\/wp\/v2\/media\/304909"}],"wp:attachment":[{"href":"https:\/\/www.notibras.com\/site\/wp-json\/wp\/v2\/media?parent=311248"}],"wp:term":[{"taxonomy":"category","embeddable":true,"href":"https:\/\/www.notibras.com\/site\/wp-json\/wp\/v2\/categories?post=311248"},{"taxonomy":"post_tag","embeddable":true,"href":"https:\/\/www.notibras.com\/site\/wp-json\/wp\/v2\/tags?post=311248"}],"curies":[{"name":"wp","href":"https:\/\/api.w.org\/{rel}","templated":true}]}}