{"id":311361,"date":"2023-08-19T00:00:31","date_gmt":"2023-08-19T03:00:31","guid":{"rendered":"https:\/\/www.notibras.com\/site\/?p=311361"},"modified":"2023-08-19T09:10:06","modified_gmt":"2023-08-19T12:10:06","slug":"adao-macedo-assume-pm-apos-prisao-de-golpistas","status":"publish","type":"post","link":"https:\/\/www.notibras.com\/site\/adao-macedo-assume-pm-apos-prisao-de-golpistas\/","title":{"rendered":"Ad\u00e3o Macedo assume PM ap\u00f3s pris\u00e3o de golpistas"},"content":{"rendered":"<p>O coronel Ad\u00e3o Teixeira de Macedo ser\u00e1 o novo comandante-geral da Pol\u00edcia Militar do Distrito Federal (PMDF), ap\u00f3s a pris\u00e3o preventiva do coronel Klepter Rosa Gon\u00e7alves, nesta sexta-feira (18), na Opera\u00e7\u00e3o Inc\u00faria. A a\u00e7\u00e3o foi deflagrada ap\u00f3s den\u00fancia do Grupo Estrat\u00e9gico dos Atos Antidemocr\u00e1ticos (GCAA) da Procuradoria-Geral da Rep\u00fablica (PGR) contra sete oficiais da c\u00fapula da PMDF por omiss\u00e3o nos atos golpistas de 8 de janeiro, que resultaram na invas\u00e3o e depreda\u00e7\u00e3o das sedes dos Tr\u00eas Poderes, em Bras\u00edlia.<\/p>\n<p>O an\u00fancio foi feito pelo governador Ibaneis Rocha, no in\u00edcio desta tarde, durante uma agenda p\u00fablica. O coronel Ad\u00e3o Teixeira de Macedo j\u00e1 era o subcomandante-geral da corpora\u00e7\u00e3o. \u201cAgora, assume o subcomandante Ad\u00e3o [Teixeira de Macedo], que tamb\u00e9m foi nomeado anteriormente. A gente espera que as coisas transcorram na maior tranquilidade poss\u00edvel, junto \u00e0 Pol\u00edcia Militar do Distrito Federal, que \u00e9 uma pol\u00edcia bastante qualificada\u201d, declarou Ibaneis Rocha.<\/p>\n<p>Sobre as investiga\u00e7\u00f5es, o governador do DF disse que \u00e9 preciso aguardar o resultado dos trabalhos. \u201cTodos t\u00eam direito \u00e0 ampla defesa, ao contradit\u00f3rio, vamos esperar a\u00ed o que vai acontecer.&#8221;<\/p>\n<p>O governador ainda avaliou a atua\u00e7\u00e3o do ministro do Supremo tribunal Federal (STF) Alexandre de Moraes, que autorizou as pris\u00f5es preventivas de agentes militares e da c\u00fapula da PMDF, ap\u00f3s solicita\u00e7\u00e3o da PGR.<\/p>\n<p>\u201cO ministro Alexandre Moraes vem conduzindo esse inqu\u00e9rito com muito cuidado, com muito carinho, com muita responsabilidade. E a gente tem mais a confiar no Poder Judici\u00e1rio brasileiro\u201d, disse Ibaneis Rocha.<\/p>\n<p><strong>Mensagens<\/strong><br \/>\nDe acordo com a nota divulgada pela PGR, a den\u00fancia com 196 p\u00e1ginas relaciona diversas provas de que os militares denunciados e presos nesta sexta-feira tinham informa\u00e7\u00f5es para monitorar a propor\u00e7\u00e3o e que houve, na realidade, a omiss\u00e3o dolosa por parte dos denunciados.<\/p>\n<p>\u201cEles pr\u00f3prios compartilhavam entre si mensagens de teor golpista pelo menos desde as elei\u00e7\u00f5es, com questionamentos quanto \u00e0 lisura do processo eleitoral e outros temas. S\u00e3o v\u00e1rias as mensagens anexadas \u00e0 den\u00fancia\u201d, descreve a nota da PGR.<\/p>\n<p>O coordenador do Grupo Estrat\u00e9gico dos Atos Antidemocr\u00e1ticos da PGR, o subprocurador Geral da Rep\u00fablica, Carlos Frederico Santos, embasou a den\u00fancia. \u201cA \u2018falha\u2019 operacional n\u00e3o decorreu de defici\u00eancias dos servi\u00e7os de intelig\u00eancia da PMDF. O que ocorreu, em verdade, foi omiss\u00e3o dolosa por parte dos denunciados que, com unidade de des\u00edgnios, aceitaram os resultados visados pela turba antidemocr\u00e1tica e aderiram ao intento criminoso dos insurgentes.\u201d<\/p>\n<p>Entre provas anexadas \u00e0 den\u00fancia, est\u00e3o imagens dos denunciados, no dia dos atos, que mostram a conduta de omiss\u00e3o frente aos invasores, al\u00e9m de mensagens de texto com teor golpista trocadas pelos oficiais da Pol\u00edcia Militar do Distrito Federal, segundo a PGR.<\/p>\n<p>O governador Ibaneis Rocha, se pronunciou sobre o conte\u00fado destas mensagens. \u201cA gente sempre espera que a Pol\u00edcia Militar trabalhe dentro da maior legalidade poss\u00edvel [&#8230;]. Sabemos que aquele momento era um momento de bastante conturba\u00e7\u00e3o, por conta do resultado eleitoral. O que a gente espera agora \u00e9 que as coisas se esclare\u00e7am definitivamente, e que a gente possa seguir a nossa vida em tranquilidade.\u201d<\/p>\n<p>O governador adiantou que o secret\u00e1rio de Seguran\u00e7a P\u00fablica do Distrito Federal, Sandro Avelar, formalizar\u00e1 a nomea\u00e7\u00e3o do coronel Ad\u00e3o Teixeira de Macedo como comandante-geral da Pol\u00edcia Militar do Distrito Federal no Di\u00e1rio Oficial do DF.<\/p>\n","protected":false},"excerpt":{"rendered":"<p>O coronel Ad\u00e3o Teixeira de Macedo ser\u00e1 o novo comandante-geral da Pol\u00edcia Militar do Distrito Federal (PMDF), ap\u00f3s a pris\u00e3o preventiva do coronel Klepter Rosa Gon\u00e7alves, nesta sexta-feira (18), na Opera\u00e7\u00e3o Inc\u00faria. A a\u00e7\u00e3o foi deflagrada ap\u00f3s den\u00fancia do Grupo Estrat\u00e9gico dos Atos Antidemocr\u00e1ticos (GCAA) da Procuradoria-Geral da Rep\u00fablica (PGR) contra sete oficiais da c\u00fapula [&hellip;]<\/p>\n","protected":false},"author":2,"featured_media":311363,"comment_status":"closed","ping_status":"closed","sticky":false,"template":"","format":"standard","meta":{"_acf_changed":false,"footnotes":""},"categories":[161],"tags":[],"class_list":["post-311361","post","type-post","status-publish","format-standard","has-post-thumbnail","hentry","category-quadradinho-em-foco"],"acf":[],"yoast_head":"<!-- This site is optimized with the Yoast SEO plugin v27.2 - https:\/\/yoast.com\/product\/yoast-seo-wordpress\/ -->\n<title>Ad\u00e3o Macedo assume PM ap\u00f3s pris\u00e3o de golpistas - Notibras<\/title>\n<meta name=\"robots\" content=\"index, follow, max-snippet:-1, max-image-preview:large, max-video-preview:-1\" \/>\n<link rel=\"canonical\" href=\"https:\/\/www.notibras.com\/site\/adao-macedo-assume-pm-apos-prisao-de-golpistas\/\" \/>\n<meta property=\"og:locale\" content=\"pt_BR\" \/>\n<meta property=\"og:type\" content=\"article\" \/>\n<meta property=\"og:title\" content=\"Ad\u00e3o Macedo assume PM ap\u00f3s pris\u00e3o de golpistas - Notibras\" \/>\n<meta property=\"og:description\" content=\"O coronel Ad\u00e3o Teixeira de Macedo ser\u00e1 o novo comandante-geral da Pol\u00edcia Militar do Distrito Federal (PMDF), ap\u00f3s a pris\u00e3o preventiva do coronel Klepter Rosa Gon\u00e7alves, nesta sexta-feira (18), na Opera\u00e7\u00e3o Inc\u00faria. A a\u00e7\u00e3o foi deflagrada ap\u00f3s den\u00fancia do Grupo Estrat\u00e9gico dos Atos Antidemocr\u00e1ticos (GCAA) da Procuradoria-Geral da Rep\u00fablica (PGR) contra sete oficiais da c\u00fapula [&hellip;]\" \/>\n<meta property=\"og:url\" content=\"https:\/\/www.notibras.com\/site\/adao-macedo-assume-pm-apos-prisao-de-golpistas\/\" \/>\n<meta property=\"og:site_name\" content=\"Notibras\" \/>\n<meta property=\"article:publisher\" content=\"https:\/\/www.facebook.com\/notibras\/\" \/>\n<meta property=\"article:published_time\" content=\"2023-08-19T03:00:31+00:00\" \/>\n<meta property=\"article:modified_time\" content=\"2023-08-19T12:10:06+00:00\" \/>\n<meta property=\"og:image\" content=\"https:\/\/www.notibras.com\/site\/wp-content\/uploads\/2023\/08\/alta_adao_1_jv.jpg\" \/>\n\t<meta property=\"og:image:width\" content=\"1170\" \/>\n\t<meta property=\"og:image:height\" content=\"700\" \/>\n\t<meta property=\"og:image:type\" content=\"image\/jpeg\" \/>\n<meta name=\"author\" content=\"Reda\u00e7\u00e3o\" \/>\n<meta name=\"twitter:card\" content=\"summary_large_image\" \/>\n<meta name=\"twitter:creator\" content=\"@Notibras\" \/>\n<meta name=\"twitter:site\" content=\"@Notibras\" \/>\n<meta name=\"twitter:label1\" content=\"Escrito por\" \/>\n\t<meta name=\"twitter:data1\" content=\"Reda\u00e7\u00e3o\" \/>\n\t<meta name=\"twitter:label2\" content=\"Est. tempo de leitura\" \/>\n\t<meta name=\"twitter:data2\" content=\"3 minutos\" \/>\n<script type=\"application\/ld+json\" class=\"yoast-schema-graph\">{\"@context\":\"https:\/\/schema.org\",\"@graph\":[{\"@type\":\"Article\",\"@id\":\"https:\/\/www.notibras.com\/site\/adao-macedo-assume-pm-apos-prisao-de-golpistas\/#article\",\"isPartOf\":{\"@id\":\"https:\/\/www.notibras.com\/site\/adao-macedo-assume-pm-apos-prisao-de-golpistas\/\"},\"author\":{\"name\":\"Reda\u00e7\u00e3o\",\"@id\":\"https:\/\/www.notibras.com\/site\/#\/schema\/person\/36ab0979449956132d3e5b517ea76ac8\"},\"headline\":\"Ad\u00e3o Macedo assume PM ap\u00f3s pris\u00e3o de golpistas\",\"datePublished\":\"2023-08-19T03:00:31+00:00\",\"dateModified\":\"2023-08-19T12:10:06+00:00\",\"mainEntityOfPage\":{\"@id\":\"https:\/\/www.notibras.com\/site\/adao-macedo-assume-pm-apos-prisao-de-golpistas\/\"},\"wordCount\":607,\"publisher\":{\"@id\":\"https:\/\/www.notibras.com\/site\/#organization\"},\"image\":{\"@id\":\"https:\/\/www.notibras.com\/site\/adao-macedo-assume-pm-apos-prisao-de-golpistas\/#primaryimage\"},\"thumbnailUrl\":\"https:\/\/www.notibras.com\/site\/wp-content\/uploads\/2023\/08\/alta_adao_1_jv.jpg\",\"articleSection\":[\"Quadradinho em Foco\"],\"inLanguage\":\"pt-BR\"},{\"@type\":\"WebPage\",\"@id\":\"https:\/\/www.notibras.com\/site\/adao-macedo-assume-pm-apos-prisao-de-golpistas\/\",\"url\":\"https:\/\/www.notibras.com\/site\/adao-macedo-assume-pm-apos-prisao-de-golpistas\/\",\"name\":\"Ad\u00e3o Macedo assume PM ap\u00f3s pris\u00e3o de golpistas - Notibras\",\"isPartOf\":{\"@id\":\"https:\/\/www.notibras.com\/site\/#website\"},\"primaryImageOfPage\":{\"@id\":\"https:\/\/www.notibras.com\/site\/adao-macedo-assume-pm-apos-prisao-de-golpistas\/#primaryimage\"},\"image\":{\"@id\":\"https:\/\/www.notibras.com\/site\/adao-macedo-assume-pm-apos-prisao-de-golpistas\/#primaryimage\"},\"thumbnailUrl\":\"https:\/\/www.notibras.com\/site\/wp-content\/uploads\/2023\/08\/alta_adao_1_jv.jpg\",\"datePublished\":\"2023-08-19T03:00:31+00:00\",\"dateModified\":\"2023-08-19T12:10:06+00:00\",\"breadcrumb\":{\"@id\":\"https:\/\/www.notibras.com\/site\/adao-macedo-assume-pm-apos-prisao-de-golpistas\/#breadcrumb\"},\"inLanguage\":\"pt-BR\",\"potentialAction\":[{\"@type\":\"ReadAction\",\"target\":[\"https:\/\/www.notibras.com\/site\/adao-macedo-assume-pm-apos-prisao-de-golpistas\/\"]}]},{\"@type\":\"ImageObject\",\"inLanguage\":\"pt-BR\",\"@id\":\"https:\/\/www.notibras.com\/site\/adao-macedo-assume-pm-apos-prisao-de-golpistas\/#primaryimage\",\"url\":\"https:\/\/www.notibras.com\/site\/wp-content\/uploads\/2023\/08\/alta_adao_1_jv.jpg\",\"contentUrl\":\"https:\/\/www.notibras.com\/site\/wp-content\/uploads\/2023\/08\/alta_adao_1_jv.jpg\",\"width\":1170,\"height\":700,\"caption\":\"Bras\u00edlia (DF) - Coronel Ad\u00e3o Macedo ser\u00e1 novo comandante-geral da PMDF. Foto: PMDF\"},{\"@type\":\"BreadcrumbList\",\"@id\":\"https:\/\/www.notibras.com\/site\/adao-macedo-assume-pm-apos-prisao-de-golpistas\/#breadcrumb\",\"itemListElement\":[{\"@type\":\"ListItem\",\"position\":1,\"name\":\"In\u00edcio\",\"item\":\"https:\/\/www.notibras.com\/site\/\"},{\"@type\":\"ListItem\",\"position\":2,\"name\":\"Ad\u00e3o Macedo assume PM ap\u00f3s pris\u00e3o de golpistas\"}]},{\"@type\":\"WebSite\",\"@id\":\"https:\/\/www.notibras.com\/site\/#website\",\"url\":\"https:\/\/www.notibras.com\/site\/\",\"name\":\"Notibras\",\"description\":\"Not\u00edcias de Bras\u00edlia, do Brasil e do Mundo\",\"publisher\":{\"@id\":\"https:\/\/www.notibras.com\/site\/#organization\"},\"potentialAction\":[{\"@type\":\"SearchAction\",\"target\":{\"@type\":\"EntryPoint\",\"urlTemplate\":\"https:\/\/www.notibras.com\/site\/?s={search_term_string}\"},\"query-input\":{\"@type\":\"PropertyValueSpecification\",\"valueRequired\":true,\"valueName\":\"search_term_string\"}}],\"inLanguage\":\"pt-BR\"},{\"@type\":\"Organization\",\"@id\":\"https:\/\/www.notibras.com\/site\/#organization\",\"name\":\"Grupo Notibras de Comunica\u00e7\u00e3o\",\"url\":\"https:\/\/www.notibras.com\/site\/\",\"logo\":{\"@type\":\"ImageObject\",\"inLanguage\":\"pt-BR\",\"@id\":\"https:\/\/www.notibras.com\/site\/#\/schema\/logo\/image\/\",\"url\":\"https:\/\/www.notibras.com\/site\/wp-content\/uploads\/2023\/01\/notibras23.png\",\"contentUrl\":\"https:\/\/www.notibras.com\/site\/wp-content\/uploads\/2023\/01\/notibras23.png\",\"width\":350,\"height\":87,\"caption\":\"Grupo Notibras de Comunica\u00e7\u00e3o\"},\"image\":{\"@id\":\"https:\/\/www.notibras.com\/site\/#\/schema\/logo\/image\/\"},\"sameAs\":[\"https:\/\/www.facebook.com\/notibras\/\",\"https:\/\/x.com\/Notibras\",\"https:\/\/www.instagram.com\/notibras\/\"]},{\"@type\":\"Person\",\"@id\":\"https:\/\/www.notibras.com\/site\/#\/schema\/person\/36ab0979449956132d3e5b517ea76ac8\",\"name\":\"Reda\u00e7\u00e3o\",\"image\":{\"@type\":\"ImageObject\",\"inLanguage\":\"pt-BR\",\"@id\":\"https:\/\/secure.gravatar.com\/avatar\/e0a867bdedb85fd243eadf09663511f96fc81e0720a4a42581f334ad4303aa6b?s=96&d=mm&r=g\",\"url\":\"https:\/\/secure.gravatar.com\/avatar\/e0a867bdedb85fd243eadf09663511f96fc81e0720a4a42581f334ad4303aa6b?s=96&d=mm&r=g\",\"contentUrl\":\"https:\/\/secure.gravatar.com\/avatar\/e0a867bdedb85fd243eadf09663511f96fc81e0720a4a42581f334ad4303aa6b?s=96&d=mm&r=g\",\"caption\":\"Reda\u00e7\u00e3o\"}}]}<\/script>\n<!-- \/ Yoast SEO plugin. -->","yoast_head_json":{"title":"Ad\u00e3o Macedo assume PM ap\u00f3s pris\u00e3o de golpistas - Notibras","robots":{"index":"index","follow":"follow","max-snippet":"max-snippet:-1","max-image-preview":"max-image-preview:large","max-video-preview":"max-video-preview:-1"},"canonical":"https:\/\/www.notibras.com\/site\/adao-macedo-assume-pm-apos-prisao-de-golpistas\/","og_locale":"pt_BR","og_type":"article","og_title":"Ad\u00e3o Macedo assume PM ap\u00f3s pris\u00e3o de golpistas - Notibras","og_description":"O coronel Ad\u00e3o Teixeira de Macedo ser\u00e1 o novo comandante-geral da Pol\u00edcia Militar do Distrito Federal (PMDF), ap\u00f3s a pris\u00e3o preventiva do coronel Klepter Rosa Gon\u00e7alves, nesta sexta-feira (18), na Opera\u00e7\u00e3o Inc\u00faria. A a\u00e7\u00e3o foi deflagrada ap\u00f3s den\u00fancia do Grupo Estrat\u00e9gico dos Atos Antidemocr\u00e1ticos (GCAA) da Procuradoria-Geral da Rep\u00fablica (PGR) contra sete oficiais da c\u00fapula [&hellip;]","og_url":"https:\/\/www.notibras.com\/site\/adao-macedo-assume-pm-apos-prisao-de-golpistas\/","og_site_name":"Notibras","article_publisher":"https:\/\/www.facebook.com\/notibras\/","article_published_time":"2023-08-19T03:00:31+00:00","article_modified_time":"2023-08-19T12:10:06+00:00","og_image":[{"width":1170,"height":700,"url":"https:\/\/www.notibras.com\/site\/wp-content\/uploads\/2023\/08\/alta_adao_1_jv.jpg","type":"image\/jpeg"}],"author":"Reda\u00e7\u00e3o","twitter_card":"summary_large_image","twitter_creator":"@Notibras","twitter_site":"@Notibras","twitter_misc":{"Escrito por":"Reda\u00e7\u00e3o","Est. tempo de leitura":"3 minutos"},"schema":{"@context":"https:\/\/schema.org","@graph":[{"@type":"Article","@id":"https:\/\/www.notibras.com\/site\/adao-macedo-assume-pm-apos-prisao-de-golpistas\/#article","isPartOf":{"@id":"https:\/\/www.notibras.com\/site\/adao-macedo-assume-pm-apos-prisao-de-golpistas\/"},"author":{"name":"Reda\u00e7\u00e3o","@id":"https:\/\/www.notibras.com\/site\/#\/schema\/person\/36ab0979449956132d3e5b517ea76ac8"},"headline":"Ad\u00e3o Macedo assume PM ap\u00f3s pris\u00e3o de golpistas","datePublished":"2023-08-19T03:00:31+00:00","dateModified":"2023-08-19T12:10:06+00:00","mainEntityOfPage":{"@id":"https:\/\/www.notibras.com\/site\/adao-macedo-assume-pm-apos-prisao-de-golpistas\/"},"wordCount":607,"publisher":{"@id":"https:\/\/www.notibras.com\/site\/#organization"},"image":{"@id":"https:\/\/www.notibras.com\/site\/adao-macedo-assume-pm-apos-prisao-de-golpistas\/#primaryimage"},"thumbnailUrl":"https:\/\/www.notibras.com\/site\/wp-content\/uploads\/2023\/08\/alta_adao_1_jv.jpg","articleSection":["Quadradinho em Foco"],"inLanguage":"pt-BR"},{"@type":"WebPage","@id":"https:\/\/www.notibras.com\/site\/adao-macedo-assume-pm-apos-prisao-de-golpistas\/","url":"https:\/\/www.notibras.com\/site\/adao-macedo-assume-pm-apos-prisao-de-golpistas\/","name":"Ad\u00e3o Macedo assume PM ap\u00f3s pris\u00e3o de golpistas - Notibras","isPartOf":{"@id":"https:\/\/www.notibras.com\/site\/#website"},"primaryImageOfPage":{"@id":"https:\/\/www.notibras.com\/site\/adao-macedo-assume-pm-apos-prisao-de-golpistas\/#primaryimage"},"image":{"@id":"https:\/\/www.notibras.com\/site\/adao-macedo-assume-pm-apos-prisao-de-golpistas\/#primaryimage"},"thumbnailUrl":"https:\/\/www.notibras.com\/site\/wp-content\/uploads\/2023\/08\/alta_adao_1_jv.jpg","datePublished":"2023-08-19T03:00:31+00:00","dateModified":"2023-08-19T12:10:06+00:00","breadcrumb":{"@id":"https:\/\/www.notibras.com\/site\/adao-macedo-assume-pm-apos-prisao-de-golpistas\/#breadcrumb"},"inLanguage":"pt-BR","potentialAction":[{"@type":"ReadAction","target":["https:\/\/www.notibras.com\/site\/adao-macedo-assume-pm-apos-prisao-de-golpistas\/"]}]},{"@type":"ImageObject","inLanguage":"pt-BR","@id":"https:\/\/www.notibras.com\/site\/adao-macedo-assume-pm-apos-prisao-de-golpistas\/#primaryimage","url":"https:\/\/www.notibras.com\/site\/wp-content\/uploads\/2023\/08\/alta_adao_1_jv.jpg","contentUrl":"https:\/\/www.notibras.com\/site\/wp-content\/uploads\/2023\/08\/alta_adao_1_jv.jpg","width":1170,"height":700,"caption":"Bras\u00edlia (DF) - Coronel Ad\u00e3o Macedo ser\u00e1 novo comandante-geral da PMDF. Foto: PMDF"},{"@type":"BreadcrumbList","@id":"https:\/\/www.notibras.com\/site\/adao-macedo-assume-pm-apos-prisao-de-golpistas\/#breadcrumb","itemListElement":[{"@type":"ListItem","position":1,"name":"In\u00edcio","item":"https:\/\/www.notibras.com\/site\/"},{"@type":"ListItem","position":2,"name":"Ad\u00e3o Macedo assume PM ap\u00f3s pris\u00e3o de golpistas"}]},{"@type":"WebSite","@id":"https:\/\/www.notibras.com\/site\/#website","url":"https:\/\/www.notibras.com\/site\/","name":"Notibras","description":"Not\u00edcias de Bras\u00edlia, do Brasil e do Mundo","publisher":{"@id":"https:\/\/www.notibras.com\/site\/#organization"},"potentialAction":[{"@type":"SearchAction","target":{"@type":"EntryPoint","urlTemplate":"https:\/\/www.notibras.com\/site\/?s={search_term_string}"},"query-input":{"@type":"PropertyValueSpecification","valueRequired":true,"valueName":"search_term_string"}}],"inLanguage":"pt-BR"},{"@type":"Organization","@id":"https:\/\/www.notibras.com\/site\/#organization","name":"Grupo Notibras de Comunica\u00e7\u00e3o","url":"https:\/\/www.notibras.com\/site\/","logo":{"@type":"ImageObject","inLanguage":"pt-BR","@id":"https:\/\/www.notibras.com\/site\/#\/schema\/logo\/image\/","url":"https:\/\/www.notibras.com\/site\/wp-content\/uploads\/2023\/01\/notibras23.png","contentUrl":"https:\/\/www.notibras.com\/site\/wp-content\/uploads\/2023\/01\/notibras23.png","width":350,"height":87,"caption":"Grupo Notibras de Comunica\u00e7\u00e3o"},"image":{"@id":"https:\/\/www.notibras.com\/site\/#\/schema\/logo\/image\/"},"sameAs":["https:\/\/www.facebook.com\/notibras\/","https:\/\/x.com\/Notibras","https:\/\/www.instagram.com\/notibras\/"]},{"@type":"Person","@id":"https:\/\/www.notibras.com\/site\/#\/schema\/person\/36ab0979449956132d3e5b517ea76ac8","name":"Reda\u00e7\u00e3o","image":{"@type":"ImageObject","inLanguage":"pt-BR","@id":"https:\/\/secure.gravatar.com\/avatar\/e0a867bdedb85fd243eadf09663511f96fc81e0720a4a42581f334ad4303aa6b?s=96&d=mm&r=g","url":"https:\/\/secure.gravatar.com\/avatar\/e0a867bdedb85fd243eadf09663511f96fc81e0720a4a42581f334ad4303aa6b?s=96&d=mm&r=g","contentUrl":"https:\/\/secure.gravatar.com\/avatar\/e0a867bdedb85fd243eadf09663511f96fc81e0720a4a42581f334ad4303aa6b?s=96&d=mm&r=g","caption":"Reda\u00e7\u00e3o"}}]}},"amp_enabled":true,"_links":{"self":[{"href":"https:\/\/www.notibras.com\/site\/wp-json\/wp\/v2\/posts\/311361","targetHints":{"allow":["GET"]}}],"collection":[{"href":"https:\/\/www.notibras.com\/site\/wp-json\/wp\/v2\/posts"}],"about":[{"href":"https:\/\/www.notibras.com\/site\/wp-json\/wp\/v2\/types\/post"}],"author":[{"embeddable":true,"href":"https:\/\/www.notibras.com\/site\/wp-json\/wp\/v2\/users\/2"}],"replies":[{"embeddable":true,"href":"https:\/\/www.notibras.com\/site\/wp-json\/wp\/v2\/comments?post=311361"}],"version-history":[{"count":1,"href":"https:\/\/www.notibras.com\/site\/wp-json\/wp\/v2\/posts\/311361\/revisions"}],"predecessor-version":[{"id":311364,"href":"https:\/\/www.notibras.com\/site\/wp-json\/wp\/v2\/posts\/311361\/revisions\/311364"}],"wp:featuredmedia":[{"embeddable":true,"href":"https:\/\/www.notibras.com\/site\/wp-json\/wp\/v2\/media\/311363"}],"wp:attachment":[{"href":"https:\/\/www.notibras.com\/site\/wp-json\/wp\/v2\/media?parent=311361"}],"wp:term":[{"taxonomy":"category","embeddable":true,"href":"https:\/\/www.notibras.com\/site\/wp-json\/wp\/v2\/categories?post=311361"},{"taxonomy":"post_tag","embeddable":true,"href":"https:\/\/www.notibras.com\/site\/wp-json\/wp\/v2\/tags?post=311361"}],"curies":[{"name":"wp","href":"https:\/\/api.w.org\/{rel}","templated":true}]}}