{"id":311368,"date":"2023-08-19T09:30:00","date_gmt":"2023-08-19T12:30:00","guid":{"rendered":"https:\/\/www.notibras.com\/site\/?p=311368"},"modified":"2023-08-19T09:30:00","modified_gmt":"2023-08-19T12:30:00","slug":"rosa-de-escrava-isaura-era-otima-como-ma","status":"publish","type":"post","link":"https:\/\/www.notibras.com\/site\/rosa-de-escrava-isaura-era-otima-como-ma\/","title":{"rendered":"Rosa, de Escrava Isaura, era \u00f3tima como m\u00e1"},"content":{"rendered":"<p>Nos primeiros anos de 1990, morei na rua Bar\u00e3o da Torre, esquina com a Vin\u00edcius de Moraes, em Ipanema. E foi nessa \u00e9poca que aconteceu uma situa\u00e7\u00e3o engra\u00e7ada. L\u00e1 est\u00e1vamos a minha mulher, m\u00e3e da minha filha mais velha, e eu na ag\u00eancia do Banco do Brasil, ali na rua Joana Ang\u00e9lica, bem em frente \u00e0 Pra\u00e7a Nossa Senhora da Paz.<\/p>\n<p>Eu estava entretido mexendo no caixa eletr\u00f4nico, quando a minha esposa foi conversar com uma mulher ao lado. Na hora n\u00e3o percebi quem era, mas, assim que acabei de sacar o dinheiro, percebi que era a atriz L\u00e9a Garcia, que, fiquei sabendo naquele momento, estava atuando em uma novela.<\/p>\n<p>Como n\u00e3o acompanho novelas desde o final dos anos 1970, n\u00e3o tinha conhecimento sobre isso. No entanto, sabia muito bem quem era a L\u00e9a. Afinal, ela teve um papel de destaque na novela Escrava Isaura, vers\u00e3o de 1976.<\/p>\n<p>Enquanto a minha esposa falava que era muito f\u00e3 do trabalho da famosa atriz, esta sorria aquele sorriso largo de quem est\u00e1 muito feliz pelo reconhecimento do p\u00fablico. Eu me aproximei das duas e falei:<\/p>\n<p>&#8211; Voc\u00ea \u00e9 a Rosa!<\/p>\n<p>&#8211; Sim! A Rosa era \u00f3tima!<\/p>\n<p>&#8211; \u00d3tima? Ela era m\u00e1 pra caramba!<\/p>\n<p>A L\u00e9a riu do meu coment\u00e1rio, que tinha tom de brincadeira. Obviamente que a Rosa era a melhor personagem daquela novela. E, como a L\u00e9a disse muito bem: &#8220;A Rosa era \u00f3tima!!!&#8221;<\/p>\n","protected":false},"excerpt":{"rendered":"<p>Nos primeiros anos de 1990, morei na rua Bar\u00e3o da Torre, esquina com a Vin\u00edcius de Moraes, em Ipanema. E foi nessa \u00e9poca que aconteceu uma situa\u00e7\u00e3o engra\u00e7ada. L\u00e1 est\u00e1vamos a minha mulher, m\u00e3e da minha filha mais velha, e eu na ag\u00eancia do Banco do Brasil, ali na rua Joana Ang\u00e9lica, bem em frente [&hellip;]<\/p>\n","protected":false},"author":2,"featured_media":311370,"comment_status":"closed","ping_status":"closed","sticky":false,"template":"","format":"standard","meta":{"_acf_changed":false,"footnotes":""},"categories":[161],"tags":[],"class_list":["post-311368","post","type-post","status-publish","format-standard","has-post-thumbnail","hentry","category-quadradinho-em-foco"],"acf":[],"yoast_head":"<!-- This site is optimized with the Yoast SEO plugin v27.2 - https:\/\/yoast.com\/product\/yoast-seo-wordpress\/ -->\n<title>Rosa, de Escrava Isaura, era \u00f3tima como m\u00e1 - Notibras<\/title>\n<meta name=\"robots\" content=\"index, follow, max-snippet:-1, max-image-preview:large, max-video-preview:-1\" \/>\n<link rel=\"canonical\" href=\"https:\/\/www.notibras.com\/site\/rosa-de-escrava-isaura-era-otima-como-ma\/\" \/>\n<meta property=\"og:locale\" content=\"pt_BR\" \/>\n<meta property=\"og:type\" content=\"article\" \/>\n<meta property=\"og:title\" content=\"Rosa, de Escrava Isaura, era \u00f3tima como m\u00e1 - Notibras\" \/>\n<meta property=\"og:description\" content=\"Nos primeiros anos de 1990, morei na rua Bar\u00e3o da Torre, esquina com a Vin\u00edcius de Moraes, em Ipanema. E foi nessa \u00e9poca que aconteceu uma situa\u00e7\u00e3o engra\u00e7ada. L\u00e1 est\u00e1vamos a minha mulher, m\u00e3e da minha filha mais velha, e eu na ag\u00eancia do Banco do Brasil, ali na rua Joana Ang\u00e9lica, bem em frente [&hellip;]\" \/>\n<meta property=\"og:url\" content=\"https:\/\/www.notibras.com\/site\/rosa-de-escrava-isaura-era-otima-como-ma\/\" \/>\n<meta property=\"og:site_name\" content=\"Notibras\" \/>\n<meta property=\"article:publisher\" content=\"https:\/\/www.facebook.com\/notibras\/\" \/>\n<meta property=\"article:published_time\" content=\"2023-08-19T12:30:00+00:00\" \/>\n<meta property=\"og:image\" content=\"https:\/\/www.notibras.com\/site\/wp-content\/uploads\/2023\/08\/lea.otima_.png\" \/>\n\t<meta property=\"og:image:width\" content=\"1024\" \/>\n\t<meta property=\"og:image:height\" content=\"798\" \/>\n\t<meta property=\"og:image:type\" content=\"image\/png\" \/>\n<meta name=\"author\" content=\"Reda\u00e7\u00e3o\" \/>\n<meta name=\"twitter:card\" content=\"summary_large_image\" \/>\n<meta name=\"twitter:creator\" content=\"@Notibras\" \/>\n<meta name=\"twitter:site\" content=\"@Notibras\" \/>\n<meta name=\"twitter:label1\" content=\"Escrito por\" \/>\n\t<meta name=\"twitter:data1\" content=\"Reda\u00e7\u00e3o\" \/>\n\t<meta name=\"twitter:label2\" content=\"Est. tempo de leitura\" \/>\n\t<meta name=\"twitter:data2\" content=\"2 minutos\" \/>\n<script type=\"application\/ld+json\" class=\"yoast-schema-graph\">{\"@context\":\"https:\/\/schema.org\",\"@graph\":[{\"@type\":\"Article\",\"@id\":\"https:\/\/www.notibras.com\/site\/rosa-de-escrava-isaura-era-otima-como-ma\/#article\",\"isPartOf\":{\"@id\":\"https:\/\/www.notibras.com\/site\/rosa-de-escrava-isaura-era-otima-como-ma\/\"},\"author\":{\"name\":\"Reda\u00e7\u00e3o\",\"@id\":\"https:\/\/www.notibras.com\/site\/#\/schema\/person\/36ab0979449956132d3e5b517ea76ac8\"},\"headline\":\"Rosa, de Escrava Isaura, era \u00f3tima como m\u00e1\",\"datePublished\":\"2023-08-19T12:30:00+00:00\",\"mainEntityOfPage\":{\"@id\":\"https:\/\/www.notibras.com\/site\/rosa-de-escrava-isaura-era-otima-como-ma\/\"},\"wordCount\":256,\"publisher\":{\"@id\":\"https:\/\/www.notibras.com\/site\/#organization\"},\"image\":{\"@id\":\"https:\/\/www.notibras.com\/site\/rosa-de-escrava-isaura-era-otima-como-ma\/#primaryimage\"},\"thumbnailUrl\":\"https:\/\/www.notibras.com\/site\/wp-content\/uploads\/2023\/08\/lea.otima_.png\",\"articleSection\":[\"Quadradinho em Foco\"],\"inLanguage\":\"pt-BR\"},{\"@type\":\"WebPage\",\"@id\":\"https:\/\/www.notibras.com\/site\/rosa-de-escrava-isaura-era-otima-como-ma\/\",\"url\":\"https:\/\/www.notibras.com\/site\/rosa-de-escrava-isaura-era-otima-como-ma\/\",\"name\":\"Rosa, de Escrava Isaura, era \u00f3tima como m\u00e1 - Notibras\",\"isPartOf\":{\"@id\":\"https:\/\/www.notibras.com\/site\/#website\"},\"primaryImageOfPage\":{\"@id\":\"https:\/\/www.notibras.com\/site\/rosa-de-escrava-isaura-era-otima-como-ma\/#primaryimage\"},\"image\":{\"@id\":\"https:\/\/www.notibras.com\/site\/rosa-de-escrava-isaura-era-otima-como-ma\/#primaryimage\"},\"thumbnailUrl\":\"https:\/\/www.notibras.com\/site\/wp-content\/uploads\/2023\/08\/lea.otima_.png\",\"datePublished\":\"2023-08-19T12:30:00+00:00\",\"breadcrumb\":{\"@id\":\"https:\/\/www.notibras.com\/site\/rosa-de-escrava-isaura-era-otima-como-ma\/#breadcrumb\"},\"inLanguage\":\"pt-BR\",\"potentialAction\":[{\"@type\":\"ReadAction\",\"target\":[\"https:\/\/www.notibras.com\/site\/rosa-de-escrava-isaura-era-otima-como-ma\/\"]}]},{\"@type\":\"ImageObject\",\"inLanguage\":\"pt-BR\",\"@id\":\"https:\/\/www.notibras.com\/site\/rosa-de-escrava-isaura-era-otima-como-ma\/#primaryimage\",\"url\":\"https:\/\/www.notibras.com\/site\/wp-content\/uploads\/2023\/08\/lea.otima_.png\",\"contentUrl\":\"https:\/\/www.notibras.com\/site\/wp-content\/uploads\/2023\/08\/lea.otima_.png\",\"width\":1024,\"height\":798},{\"@type\":\"BreadcrumbList\",\"@id\":\"https:\/\/www.notibras.com\/site\/rosa-de-escrava-isaura-era-otima-como-ma\/#breadcrumb\",\"itemListElement\":[{\"@type\":\"ListItem\",\"position\":1,\"name\":\"In\u00edcio\",\"item\":\"https:\/\/www.notibras.com\/site\/\"},{\"@type\":\"ListItem\",\"position\":2,\"name\":\"Rosa, de Escrava Isaura, era \u00f3tima como m\u00e1\"}]},{\"@type\":\"WebSite\",\"@id\":\"https:\/\/www.notibras.com\/site\/#website\",\"url\":\"https:\/\/www.notibras.com\/site\/\",\"name\":\"Notibras\",\"description\":\"Not\u00edcias de Bras\u00edlia, do Brasil e do Mundo\",\"publisher\":{\"@id\":\"https:\/\/www.notibras.com\/site\/#organization\"},\"potentialAction\":[{\"@type\":\"SearchAction\",\"target\":{\"@type\":\"EntryPoint\",\"urlTemplate\":\"https:\/\/www.notibras.com\/site\/?s={search_term_string}\"},\"query-input\":{\"@type\":\"PropertyValueSpecification\",\"valueRequired\":true,\"valueName\":\"search_term_string\"}}],\"inLanguage\":\"pt-BR\"},{\"@type\":\"Organization\",\"@id\":\"https:\/\/www.notibras.com\/site\/#organization\",\"name\":\"Grupo Notibras de Comunica\u00e7\u00e3o\",\"url\":\"https:\/\/www.notibras.com\/site\/\",\"logo\":{\"@type\":\"ImageObject\",\"inLanguage\":\"pt-BR\",\"@id\":\"https:\/\/www.notibras.com\/site\/#\/schema\/logo\/image\/\",\"url\":\"https:\/\/www.notibras.com\/site\/wp-content\/uploads\/2023\/01\/notibras23.png\",\"contentUrl\":\"https:\/\/www.notibras.com\/site\/wp-content\/uploads\/2023\/01\/notibras23.png\",\"width\":350,\"height\":87,\"caption\":\"Grupo Notibras de Comunica\u00e7\u00e3o\"},\"image\":{\"@id\":\"https:\/\/www.notibras.com\/site\/#\/schema\/logo\/image\/\"},\"sameAs\":[\"https:\/\/www.facebook.com\/notibras\/\",\"https:\/\/x.com\/Notibras\",\"https:\/\/www.instagram.com\/notibras\/\"]},{\"@type\":\"Person\",\"@id\":\"https:\/\/www.notibras.com\/site\/#\/schema\/person\/36ab0979449956132d3e5b517ea76ac8\",\"name\":\"Reda\u00e7\u00e3o\",\"image\":{\"@type\":\"ImageObject\",\"inLanguage\":\"pt-BR\",\"@id\":\"https:\/\/secure.gravatar.com\/avatar\/e0a867bdedb85fd243eadf09663511f96fc81e0720a4a42581f334ad4303aa6b?s=96&d=mm&r=g\",\"url\":\"https:\/\/secure.gravatar.com\/avatar\/e0a867bdedb85fd243eadf09663511f96fc81e0720a4a42581f334ad4303aa6b?s=96&d=mm&r=g\",\"contentUrl\":\"https:\/\/secure.gravatar.com\/avatar\/e0a867bdedb85fd243eadf09663511f96fc81e0720a4a42581f334ad4303aa6b?s=96&d=mm&r=g\",\"caption\":\"Reda\u00e7\u00e3o\"}}]}<\/script>\n<!-- \/ Yoast SEO plugin. -->","yoast_head_json":{"title":"Rosa, de Escrava Isaura, era \u00f3tima como m\u00e1 - Notibras","robots":{"index":"index","follow":"follow","max-snippet":"max-snippet:-1","max-image-preview":"max-image-preview:large","max-video-preview":"max-video-preview:-1"},"canonical":"https:\/\/www.notibras.com\/site\/rosa-de-escrava-isaura-era-otima-como-ma\/","og_locale":"pt_BR","og_type":"article","og_title":"Rosa, de Escrava Isaura, era \u00f3tima como m\u00e1 - Notibras","og_description":"Nos primeiros anos de 1990, morei na rua Bar\u00e3o da Torre, esquina com a Vin\u00edcius de Moraes, em Ipanema. E foi nessa \u00e9poca que aconteceu uma situa\u00e7\u00e3o engra\u00e7ada. L\u00e1 est\u00e1vamos a minha mulher, m\u00e3e da minha filha mais velha, e eu na ag\u00eancia do Banco do Brasil, ali na rua Joana Ang\u00e9lica, bem em frente [&hellip;]","og_url":"https:\/\/www.notibras.com\/site\/rosa-de-escrava-isaura-era-otima-como-ma\/","og_site_name":"Notibras","article_publisher":"https:\/\/www.facebook.com\/notibras\/","article_published_time":"2023-08-19T12:30:00+00:00","og_image":[{"width":1024,"height":798,"url":"https:\/\/www.notibras.com\/site\/wp-content\/uploads\/2023\/08\/lea.otima_.png","type":"image\/png"}],"author":"Reda\u00e7\u00e3o","twitter_card":"summary_large_image","twitter_creator":"@Notibras","twitter_site":"@Notibras","twitter_misc":{"Escrito por":"Reda\u00e7\u00e3o","Est. tempo de leitura":"2 minutos"},"schema":{"@context":"https:\/\/schema.org","@graph":[{"@type":"Article","@id":"https:\/\/www.notibras.com\/site\/rosa-de-escrava-isaura-era-otima-como-ma\/#article","isPartOf":{"@id":"https:\/\/www.notibras.com\/site\/rosa-de-escrava-isaura-era-otima-como-ma\/"},"author":{"name":"Reda\u00e7\u00e3o","@id":"https:\/\/www.notibras.com\/site\/#\/schema\/person\/36ab0979449956132d3e5b517ea76ac8"},"headline":"Rosa, de Escrava Isaura, era \u00f3tima como m\u00e1","datePublished":"2023-08-19T12:30:00+00:00","mainEntityOfPage":{"@id":"https:\/\/www.notibras.com\/site\/rosa-de-escrava-isaura-era-otima-como-ma\/"},"wordCount":256,"publisher":{"@id":"https:\/\/www.notibras.com\/site\/#organization"},"image":{"@id":"https:\/\/www.notibras.com\/site\/rosa-de-escrava-isaura-era-otima-como-ma\/#primaryimage"},"thumbnailUrl":"https:\/\/www.notibras.com\/site\/wp-content\/uploads\/2023\/08\/lea.otima_.png","articleSection":["Quadradinho em Foco"],"inLanguage":"pt-BR"},{"@type":"WebPage","@id":"https:\/\/www.notibras.com\/site\/rosa-de-escrava-isaura-era-otima-como-ma\/","url":"https:\/\/www.notibras.com\/site\/rosa-de-escrava-isaura-era-otima-como-ma\/","name":"Rosa, de Escrava Isaura, era \u00f3tima como m\u00e1 - Notibras","isPartOf":{"@id":"https:\/\/www.notibras.com\/site\/#website"},"primaryImageOfPage":{"@id":"https:\/\/www.notibras.com\/site\/rosa-de-escrava-isaura-era-otima-como-ma\/#primaryimage"},"image":{"@id":"https:\/\/www.notibras.com\/site\/rosa-de-escrava-isaura-era-otima-como-ma\/#primaryimage"},"thumbnailUrl":"https:\/\/www.notibras.com\/site\/wp-content\/uploads\/2023\/08\/lea.otima_.png","datePublished":"2023-08-19T12:30:00+00:00","breadcrumb":{"@id":"https:\/\/www.notibras.com\/site\/rosa-de-escrava-isaura-era-otima-como-ma\/#breadcrumb"},"inLanguage":"pt-BR","potentialAction":[{"@type":"ReadAction","target":["https:\/\/www.notibras.com\/site\/rosa-de-escrava-isaura-era-otima-como-ma\/"]}]},{"@type":"ImageObject","inLanguage":"pt-BR","@id":"https:\/\/www.notibras.com\/site\/rosa-de-escrava-isaura-era-otima-como-ma\/#primaryimage","url":"https:\/\/www.notibras.com\/site\/wp-content\/uploads\/2023\/08\/lea.otima_.png","contentUrl":"https:\/\/www.notibras.com\/site\/wp-content\/uploads\/2023\/08\/lea.otima_.png","width":1024,"height":798},{"@type":"BreadcrumbList","@id":"https:\/\/www.notibras.com\/site\/rosa-de-escrava-isaura-era-otima-como-ma\/#breadcrumb","itemListElement":[{"@type":"ListItem","position":1,"name":"In\u00edcio","item":"https:\/\/www.notibras.com\/site\/"},{"@type":"ListItem","position":2,"name":"Rosa, de Escrava Isaura, era \u00f3tima como m\u00e1"}]},{"@type":"WebSite","@id":"https:\/\/www.notibras.com\/site\/#website","url":"https:\/\/www.notibras.com\/site\/","name":"Notibras","description":"Not\u00edcias de Bras\u00edlia, do Brasil e do Mundo","publisher":{"@id":"https:\/\/www.notibras.com\/site\/#organization"},"potentialAction":[{"@type":"SearchAction","target":{"@type":"EntryPoint","urlTemplate":"https:\/\/www.notibras.com\/site\/?s={search_term_string}"},"query-input":{"@type":"PropertyValueSpecification","valueRequired":true,"valueName":"search_term_string"}}],"inLanguage":"pt-BR"},{"@type":"Organization","@id":"https:\/\/www.notibras.com\/site\/#organization","name":"Grupo Notibras de Comunica\u00e7\u00e3o","url":"https:\/\/www.notibras.com\/site\/","logo":{"@type":"ImageObject","inLanguage":"pt-BR","@id":"https:\/\/www.notibras.com\/site\/#\/schema\/logo\/image\/","url":"https:\/\/www.notibras.com\/site\/wp-content\/uploads\/2023\/01\/notibras23.png","contentUrl":"https:\/\/www.notibras.com\/site\/wp-content\/uploads\/2023\/01\/notibras23.png","width":350,"height":87,"caption":"Grupo Notibras de Comunica\u00e7\u00e3o"},"image":{"@id":"https:\/\/www.notibras.com\/site\/#\/schema\/logo\/image\/"},"sameAs":["https:\/\/www.facebook.com\/notibras\/","https:\/\/x.com\/Notibras","https:\/\/www.instagram.com\/notibras\/"]},{"@type":"Person","@id":"https:\/\/www.notibras.com\/site\/#\/schema\/person\/36ab0979449956132d3e5b517ea76ac8","name":"Reda\u00e7\u00e3o","image":{"@type":"ImageObject","inLanguage":"pt-BR","@id":"https:\/\/secure.gravatar.com\/avatar\/e0a867bdedb85fd243eadf09663511f96fc81e0720a4a42581f334ad4303aa6b?s=96&d=mm&r=g","url":"https:\/\/secure.gravatar.com\/avatar\/e0a867bdedb85fd243eadf09663511f96fc81e0720a4a42581f334ad4303aa6b?s=96&d=mm&r=g","contentUrl":"https:\/\/secure.gravatar.com\/avatar\/e0a867bdedb85fd243eadf09663511f96fc81e0720a4a42581f334ad4303aa6b?s=96&d=mm&r=g","caption":"Reda\u00e7\u00e3o"}}]}},"amp_enabled":true,"_links":{"self":[{"href":"https:\/\/www.notibras.com\/site\/wp-json\/wp\/v2\/posts\/311368","targetHints":{"allow":["GET"]}}],"collection":[{"href":"https:\/\/www.notibras.com\/site\/wp-json\/wp\/v2\/posts"}],"about":[{"href":"https:\/\/www.notibras.com\/site\/wp-json\/wp\/v2\/types\/post"}],"author":[{"embeddable":true,"href":"https:\/\/www.notibras.com\/site\/wp-json\/wp\/v2\/users\/2"}],"replies":[{"embeddable":true,"href":"https:\/\/www.notibras.com\/site\/wp-json\/wp\/v2\/comments?post=311368"}],"version-history":[{"count":1,"href":"https:\/\/www.notibras.com\/site\/wp-json\/wp\/v2\/posts\/311368\/revisions"}],"predecessor-version":[{"id":311371,"href":"https:\/\/www.notibras.com\/site\/wp-json\/wp\/v2\/posts\/311368\/revisions\/311371"}],"wp:featuredmedia":[{"embeddable":true,"href":"https:\/\/www.notibras.com\/site\/wp-json\/wp\/v2\/media\/311370"}],"wp:attachment":[{"href":"https:\/\/www.notibras.com\/site\/wp-json\/wp\/v2\/media?parent=311368"}],"wp:term":[{"taxonomy":"category","embeddable":true,"href":"https:\/\/www.notibras.com\/site\/wp-json\/wp\/v2\/categories?post=311368"},{"taxonomy":"post_tag","embeddable":true,"href":"https:\/\/www.notibras.com\/site\/wp-json\/wp\/v2\/tags?post=311368"}],"curies":[{"name":"wp","href":"https:\/\/api.w.org\/{rel}","templated":true}]}}