{"id":311394,"date":"2023-08-20T09:52:08","date_gmt":"2023-08-20T12:52:08","guid":{"rendered":"https:\/\/www.notibras.com\/site\/?p=311394"},"modified":"2023-08-20T10:24:56","modified_gmt":"2023-08-20T13:24:56","slug":"moleque-travesso-escapa-ate-de-velha-benzedeira","status":"publish","type":"post","link":"https:\/\/www.notibras.com\/site\/moleque-travesso-escapa-ate-de-velha-benzedeira\/","title":{"rendered":"Moleque travesso escapa at\u00e9 de velha benzedeira"},"content":{"rendered":"<p>L\u00e1 estava eu sonhando o sonho dos justos madrugada adentro, quando recebo uma liga\u00e7\u00e3o do Jos\u00e9 Seabra, editor do <strong>Notibras<\/strong>. Antes que eu possa dizer al\u00f4, ele me manda essa: &#8220;Dudu, cad\u00ea a cr\u00f4nica de logo mais?&#8221; Cambaleando, vou at\u00e9 a sala e come\u00e7o a digitar a hist\u00f3ria, at\u00e9 onde sei, da famosa benzedeira de Copacabana. Menos de 30 minutos ap\u00f3s, mando o texto pro meu chefe e, finalmente, posso voltar para o aconchego debaixo dos len\u00e7\u00f3is.<\/p>\n<p>Francisca, mulher de l\u00e1 seus quase 70, era muito considerada na comunidade, seja como benzedeira das mais tradicionais, seja por conta dos quitutes que deixava todo mundo com \u00e1gua na boca. Mal sa\u00eda de casa, todos a cumprimentavam ladeira abaixo, at\u00e9 chegar \u00e0 rua, de onde caminhava at\u00e9 o cal\u00e7ad\u00e3o de Copacabana. Virava \u00e0 esquerda e dava exatos sete passos. Ainda de p\u00e9, retirava as sand\u00e1lias de couro pu\u00eddo e, somente ent\u00e3o, pisava na areia. Sentia seus p\u00e9s afundando gostosamente, ao mesmo tempo em que soava aquele gostoso barulhinho: &#8220;Chiiii!&#8221;<\/p>\n<p>Nada detinha Francisca at\u00e9 que chegasse \u00e0s \u00e1guas, que lambiam seus p\u00e9s. Ela abaixava o tronco e, com os bra\u00e7os p\u00eandulos, catava um pouco da \u00e1gua salgada, passava nos pulsos e, depois, molhava o rosto. Precisava energizar! O olhar fixo para o horizonte, a boca muda, apesar do sorriso alvo por conta da nova dentadura, conversava em pensamento com Iemanj\u00e1, a rainha do mar.<\/p>\n<p>Quase uma hora ap\u00f3s, Francisca subia o morro e, finalmente, chegava \u00e0 sua casa. Tudo era paz, tamanha a paci\u00eancia da velha. Logo chegariam os moradores em busca de aux\u00edlio espiritual. E foi o que aconteceu, quando adentrou na varanda da casa da benzedeira a Iolanda, que puxava o filho pelo bra\u00e7o bem fininho.<\/p>\n<p>&#8211; Dona Francisca, a senhora precisa me ajudar com o Pedrinho!<\/p>\n<p>&#8211; E o que tem esse menino t\u00e3o lindo, minha filha?<\/p>\n<p>&#8211; Ele n\u00e3o obedece ningu\u00e9m! J\u00e1 botei de castigo, j\u00e1 dei taca, mas ele continua desobediente.<\/p>\n<p>Francisca observa cada palavra cuspida pela boca de Iolanda, enquanto o moleque tentava se esconder entre as pernas da m\u00e3e. A velha, com aquele olhar complacente, pegou na m\u00e3o do Pedrinho. Este, por sua vez, fez uma careta t\u00e3o feia pra benzedeira, inclusive dando l\u00edngua. Francisca, j\u00e1 com a fei\u00e7\u00e3o atormentada pela atitude do Pedrinho, diz:<\/p>\n<p>&#8211; Isso n\u00e3o se <em>correge<\/em> nem <em>c\u00e1<\/em> peste!<\/p>\n","protected":false},"excerpt":{"rendered":"<p>L\u00e1 estava eu sonhando o sonho dos justos madrugada adentro, quando recebo uma liga\u00e7\u00e3o do Jos\u00e9 Seabra, editor do Notibras. Antes que eu possa dizer al\u00f4, ele me manda essa: &#8220;Dudu, cad\u00ea a cr\u00f4nica de logo mais?&#8221; Cambaleando, vou at\u00e9 a sala e come\u00e7o a digitar a hist\u00f3ria, at\u00e9 onde sei, da famosa benzedeira de [&hellip;]<\/p>\n","protected":false},"author":2,"featured_media":311395,"comment_status":"closed","ping_status":"closed","sticky":false,"template":"","format":"standard","meta":{"_acf_changed":false,"footnotes":""},"categories":[161],"tags":[],"class_list":["post-311394","post","type-post","status-publish","format-standard","has-post-thumbnail","hentry","category-quadradinho-em-foco"],"acf":[],"yoast_head":"<!-- This site is optimized with the Yoast SEO plugin v27.2 - https:\/\/yoast.com\/product\/yoast-seo-wordpress\/ -->\n<title>Moleque travesso escapa at\u00e9 de velha benzedeira - Notibras<\/title>\n<meta name=\"robots\" content=\"index, follow, max-snippet:-1, max-image-preview:large, max-video-preview:-1\" \/>\n<link rel=\"canonical\" href=\"https:\/\/www.notibras.com\/site\/moleque-travesso-escapa-ate-de-velha-benzedeira\/\" \/>\n<meta property=\"og:locale\" content=\"pt_BR\" \/>\n<meta property=\"og:type\" content=\"article\" \/>\n<meta property=\"og:title\" content=\"Moleque travesso escapa at\u00e9 de velha benzedeira - Notibras\" \/>\n<meta property=\"og:description\" content=\"L\u00e1 estava eu sonhando o sonho dos justos madrugada adentro, quando recebo uma liga\u00e7\u00e3o do Jos\u00e9 Seabra, editor do Notibras. Antes que eu possa dizer al\u00f4, ele me manda essa: &#8220;Dudu, cad\u00ea a cr\u00f4nica de logo mais?&#8221; Cambaleando, vou at\u00e9 a sala e come\u00e7o a digitar a hist\u00f3ria, at\u00e9 onde sei, da famosa benzedeira de [&hellip;]\" \/>\n<meta property=\"og:url\" content=\"https:\/\/www.notibras.com\/site\/moleque-travesso-escapa-ate-de-velha-benzedeira\/\" \/>\n<meta property=\"og:site_name\" content=\"Notibras\" \/>\n<meta property=\"article:publisher\" content=\"https:\/\/www.facebook.com\/notibras\/\" \/>\n<meta property=\"article:published_time\" content=\"2023-08-20T12:52:08+00:00\" \/>\n<meta property=\"article:modified_time\" content=\"2023-08-20T13:24:56+00:00\" \/>\n<meta property=\"og:image\" content=\"https:\/\/www.notibras.com\/site\/wp-content\/uploads\/2023\/08\/benze.webp\" \/>\n\t<meta property=\"og:image:width\" content=\"1600\" \/>\n\t<meta property=\"og:image:height\" content=\"1032\" \/>\n\t<meta property=\"og:image:type\" content=\"image\/webp\" \/>\n<meta name=\"author\" content=\"Reda\u00e7\u00e3o\" \/>\n<meta name=\"twitter:card\" content=\"summary_large_image\" \/>\n<meta name=\"twitter:creator\" content=\"@Notibras\" \/>\n<meta name=\"twitter:site\" content=\"@Notibras\" \/>\n<meta name=\"twitter:label1\" content=\"Escrito por\" \/>\n\t<meta name=\"twitter:data1\" content=\"Reda\u00e7\u00e3o\" \/>\n\t<meta name=\"twitter:label2\" content=\"Est. tempo de leitura\" \/>\n\t<meta name=\"twitter:data2\" content=\"3 minutos\" \/>\n<script type=\"application\/ld+json\" class=\"yoast-schema-graph\">{\"@context\":\"https:\/\/schema.org\",\"@graph\":[{\"@type\":\"Article\",\"@id\":\"https:\/\/www.notibras.com\/site\/moleque-travesso-escapa-ate-de-velha-benzedeira\/#article\",\"isPartOf\":{\"@id\":\"https:\/\/www.notibras.com\/site\/moleque-travesso-escapa-ate-de-velha-benzedeira\/\"},\"author\":{\"name\":\"Reda\u00e7\u00e3o\",\"@id\":\"https:\/\/www.notibras.com\/site\/#\/schema\/person\/36ab0979449956132d3e5b517ea76ac8\"},\"headline\":\"Moleque travesso escapa at\u00e9 de velha benzedeira\",\"datePublished\":\"2023-08-20T12:52:08+00:00\",\"dateModified\":\"2023-08-20T13:24:56+00:00\",\"mainEntityOfPage\":{\"@id\":\"https:\/\/www.notibras.com\/site\/moleque-travesso-escapa-ate-de-velha-benzedeira\/\"},\"wordCount\":418,\"publisher\":{\"@id\":\"https:\/\/www.notibras.com\/site\/#organization\"},\"image\":{\"@id\":\"https:\/\/www.notibras.com\/site\/moleque-travesso-escapa-ate-de-velha-benzedeira\/#primaryimage\"},\"thumbnailUrl\":\"https:\/\/www.notibras.com\/site\/wp-content\/uploads\/2023\/08\/benze.webp\",\"articleSection\":[\"Quadradinho em Foco\"],\"inLanguage\":\"pt-BR\"},{\"@type\":\"WebPage\",\"@id\":\"https:\/\/www.notibras.com\/site\/moleque-travesso-escapa-ate-de-velha-benzedeira\/\",\"url\":\"https:\/\/www.notibras.com\/site\/moleque-travesso-escapa-ate-de-velha-benzedeira\/\",\"name\":\"Moleque travesso escapa at\u00e9 de velha benzedeira - Notibras\",\"isPartOf\":{\"@id\":\"https:\/\/www.notibras.com\/site\/#website\"},\"primaryImageOfPage\":{\"@id\":\"https:\/\/www.notibras.com\/site\/moleque-travesso-escapa-ate-de-velha-benzedeira\/#primaryimage\"},\"image\":{\"@id\":\"https:\/\/www.notibras.com\/site\/moleque-travesso-escapa-ate-de-velha-benzedeira\/#primaryimage\"},\"thumbnailUrl\":\"https:\/\/www.notibras.com\/site\/wp-content\/uploads\/2023\/08\/benze.webp\",\"datePublished\":\"2023-08-20T12:52:08+00:00\",\"dateModified\":\"2023-08-20T13:24:56+00:00\",\"breadcrumb\":{\"@id\":\"https:\/\/www.notibras.com\/site\/moleque-travesso-escapa-ate-de-velha-benzedeira\/#breadcrumb\"},\"inLanguage\":\"pt-BR\",\"potentialAction\":[{\"@type\":\"ReadAction\",\"target\":[\"https:\/\/www.notibras.com\/site\/moleque-travesso-escapa-ate-de-velha-benzedeira\/\"]}]},{\"@type\":\"ImageObject\",\"inLanguage\":\"pt-BR\",\"@id\":\"https:\/\/www.notibras.com\/site\/moleque-travesso-escapa-ate-de-velha-benzedeira\/#primaryimage\",\"url\":\"https:\/\/www.notibras.com\/site\/wp-content\/uploads\/2023\/08\/benze.webp\",\"contentUrl\":\"https:\/\/www.notibras.com\/site\/wp-content\/uploads\/2023\/08\/benze.webp\",\"width\":1600,\"height\":1032},{\"@type\":\"BreadcrumbList\",\"@id\":\"https:\/\/www.notibras.com\/site\/moleque-travesso-escapa-ate-de-velha-benzedeira\/#breadcrumb\",\"itemListElement\":[{\"@type\":\"ListItem\",\"position\":1,\"name\":\"In\u00edcio\",\"item\":\"https:\/\/www.notibras.com\/site\/\"},{\"@type\":\"ListItem\",\"position\":2,\"name\":\"Moleque travesso escapa at\u00e9 de velha benzedeira\"}]},{\"@type\":\"WebSite\",\"@id\":\"https:\/\/www.notibras.com\/site\/#website\",\"url\":\"https:\/\/www.notibras.com\/site\/\",\"name\":\"Notibras\",\"description\":\"Not\u00edcias de Bras\u00edlia, do Brasil e do Mundo\",\"publisher\":{\"@id\":\"https:\/\/www.notibras.com\/site\/#organization\"},\"potentialAction\":[{\"@type\":\"SearchAction\",\"target\":{\"@type\":\"EntryPoint\",\"urlTemplate\":\"https:\/\/www.notibras.com\/site\/?s={search_term_string}\"},\"query-input\":{\"@type\":\"PropertyValueSpecification\",\"valueRequired\":true,\"valueName\":\"search_term_string\"}}],\"inLanguage\":\"pt-BR\"},{\"@type\":\"Organization\",\"@id\":\"https:\/\/www.notibras.com\/site\/#organization\",\"name\":\"Grupo Notibras de Comunica\u00e7\u00e3o\",\"url\":\"https:\/\/www.notibras.com\/site\/\",\"logo\":{\"@type\":\"ImageObject\",\"inLanguage\":\"pt-BR\",\"@id\":\"https:\/\/www.notibras.com\/site\/#\/schema\/logo\/image\/\",\"url\":\"https:\/\/www.notibras.com\/site\/wp-content\/uploads\/2023\/01\/notibras23.png\",\"contentUrl\":\"https:\/\/www.notibras.com\/site\/wp-content\/uploads\/2023\/01\/notibras23.png\",\"width\":350,\"height\":87,\"caption\":\"Grupo Notibras de Comunica\u00e7\u00e3o\"},\"image\":{\"@id\":\"https:\/\/www.notibras.com\/site\/#\/schema\/logo\/image\/\"},\"sameAs\":[\"https:\/\/www.facebook.com\/notibras\/\",\"https:\/\/x.com\/Notibras\",\"https:\/\/www.instagram.com\/notibras\/\"]},{\"@type\":\"Person\",\"@id\":\"https:\/\/www.notibras.com\/site\/#\/schema\/person\/36ab0979449956132d3e5b517ea76ac8\",\"name\":\"Reda\u00e7\u00e3o\",\"image\":{\"@type\":\"ImageObject\",\"inLanguage\":\"pt-BR\",\"@id\":\"https:\/\/secure.gravatar.com\/avatar\/e0a867bdedb85fd243eadf09663511f96fc81e0720a4a42581f334ad4303aa6b?s=96&d=mm&r=g\",\"url\":\"https:\/\/secure.gravatar.com\/avatar\/e0a867bdedb85fd243eadf09663511f96fc81e0720a4a42581f334ad4303aa6b?s=96&d=mm&r=g\",\"contentUrl\":\"https:\/\/secure.gravatar.com\/avatar\/e0a867bdedb85fd243eadf09663511f96fc81e0720a4a42581f334ad4303aa6b?s=96&d=mm&r=g\",\"caption\":\"Reda\u00e7\u00e3o\"}}]}<\/script>\n<!-- \/ Yoast SEO plugin. -->","yoast_head_json":{"title":"Moleque travesso escapa at\u00e9 de velha benzedeira - Notibras","robots":{"index":"index","follow":"follow","max-snippet":"max-snippet:-1","max-image-preview":"max-image-preview:large","max-video-preview":"max-video-preview:-1"},"canonical":"https:\/\/www.notibras.com\/site\/moleque-travesso-escapa-ate-de-velha-benzedeira\/","og_locale":"pt_BR","og_type":"article","og_title":"Moleque travesso escapa at\u00e9 de velha benzedeira - Notibras","og_description":"L\u00e1 estava eu sonhando o sonho dos justos madrugada adentro, quando recebo uma liga\u00e7\u00e3o do Jos\u00e9 Seabra, editor do Notibras. Antes que eu possa dizer al\u00f4, ele me manda essa: &#8220;Dudu, cad\u00ea a cr\u00f4nica de logo mais?&#8221; Cambaleando, vou at\u00e9 a sala e come\u00e7o a digitar a hist\u00f3ria, at\u00e9 onde sei, da famosa benzedeira de [&hellip;]","og_url":"https:\/\/www.notibras.com\/site\/moleque-travesso-escapa-ate-de-velha-benzedeira\/","og_site_name":"Notibras","article_publisher":"https:\/\/www.facebook.com\/notibras\/","article_published_time":"2023-08-20T12:52:08+00:00","article_modified_time":"2023-08-20T13:24:56+00:00","og_image":[{"width":1600,"height":1032,"url":"https:\/\/www.notibras.com\/site\/wp-content\/uploads\/2023\/08\/benze.webp","type":"image\/webp"}],"author":"Reda\u00e7\u00e3o","twitter_card":"summary_large_image","twitter_creator":"@Notibras","twitter_site":"@Notibras","twitter_misc":{"Escrito por":"Reda\u00e7\u00e3o","Est. tempo de leitura":"3 minutos"},"schema":{"@context":"https:\/\/schema.org","@graph":[{"@type":"Article","@id":"https:\/\/www.notibras.com\/site\/moleque-travesso-escapa-ate-de-velha-benzedeira\/#article","isPartOf":{"@id":"https:\/\/www.notibras.com\/site\/moleque-travesso-escapa-ate-de-velha-benzedeira\/"},"author":{"name":"Reda\u00e7\u00e3o","@id":"https:\/\/www.notibras.com\/site\/#\/schema\/person\/36ab0979449956132d3e5b517ea76ac8"},"headline":"Moleque travesso escapa at\u00e9 de velha benzedeira","datePublished":"2023-08-20T12:52:08+00:00","dateModified":"2023-08-20T13:24:56+00:00","mainEntityOfPage":{"@id":"https:\/\/www.notibras.com\/site\/moleque-travesso-escapa-ate-de-velha-benzedeira\/"},"wordCount":418,"publisher":{"@id":"https:\/\/www.notibras.com\/site\/#organization"},"image":{"@id":"https:\/\/www.notibras.com\/site\/moleque-travesso-escapa-ate-de-velha-benzedeira\/#primaryimage"},"thumbnailUrl":"https:\/\/www.notibras.com\/site\/wp-content\/uploads\/2023\/08\/benze.webp","articleSection":["Quadradinho em Foco"],"inLanguage":"pt-BR"},{"@type":"WebPage","@id":"https:\/\/www.notibras.com\/site\/moleque-travesso-escapa-ate-de-velha-benzedeira\/","url":"https:\/\/www.notibras.com\/site\/moleque-travesso-escapa-ate-de-velha-benzedeira\/","name":"Moleque travesso escapa at\u00e9 de velha benzedeira - Notibras","isPartOf":{"@id":"https:\/\/www.notibras.com\/site\/#website"},"primaryImageOfPage":{"@id":"https:\/\/www.notibras.com\/site\/moleque-travesso-escapa-ate-de-velha-benzedeira\/#primaryimage"},"image":{"@id":"https:\/\/www.notibras.com\/site\/moleque-travesso-escapa-ate-de-velha-benzedeira\/#primaryimage"},"thumbnailUrl":"https:\/\/www.notibras.com\/site\/wp-content\/uploads\/2023\/08\/benze.webp","datePublished":"2023-08-20T12:52:08+00:00","dateModified":"2023-08-20T13:24:56+00:00","breadcrumb":{"@id":"https:\/\/www.notibras.com\/site\/moleque-travesso-escapa-ate-de-velha-benzedeira\/#breadcrumb"},"inLanguage":"pt-BR","potentialAction":[{"@type":"ReadAction","target":["https:\/\/www.notibras.com\/site\/moleque-travesso-escapa-ate-de-velha-benzedeira\/"]}]},{"@type":"ImageObject","inLanguage":"pt-BR","@id":"https:\/\/www.notibras.com\/site\/moleque-travesso-escapa-ate-de-velha-benzedeira\/#primaryimage","url":"https:\/\/www.notibras.com\/site\/wp-content\/uploads\/2023\/08\/benze.webp","contentUrl":"https:\/\/www.notibras.com\/site\/wp-content\/uploads\/2023\/08\/benze.webp","width":1600,"height":1032},{"@type":"BreadcrumbList","@id":"https:\/\/www.notibras.com\/site\/moleque-travesso-escapa-ate-de-velha-benzedeira\/#breadcrumb","itemListElement":[{"@type":"ListItem","position":1,"name":"In\u00edcio","item":"https:\/\/www.notibras.com\/site\/"},{"@type":"ListItem","position":2,"name":"Moleque travesso escapa at\u00e9 de velha benzedeira"}]},{"@type":"WebSite","@id":"https:\/\/www.notibras.com\/site\/#website","url":"https:\/\/www.notibras.com\/site\/","name":"Notibras","description":"Not\u00edcias de Bras\u00edlia, do Brasil e do Mundo","publisher":{"@id":"https:\/\/www.notibras.com\/site\/#organization"},"potentialAction":[{"@type":"SearchAction","target":{"@type":"EntryPoint","urlTemplate":"https:\/\/www.notibras.com\/site\/?s={search_term_string}"},"query-input":{"@type":"PropertyValueSpecification","valueRequired":true,"valueName":"search_term_string"}}],"inLanguage":"pt-BR"},{"@type":"Organization","@id":"https:\/\/www.notibras.com\/site\/#organization","name":"Grupo Notibras de Comunica\u00e7\u00e3o","url":"https:\/\/www.notibras.com\/site\/","logo":{"@type":"ImageObject","inLanguage":"pt-BR","@id":"https:\/\/www.notibras.com\/site\/#\/schema\/logo\/image\/","url":"https:\/\/www.notibras.com\/site\/wp-content\/uploads\/2023\/01\/notibras23.png","contentUrl":"https:\/\/www.notibras.com\/site\/wp-content\/uploads\/2023\/01\/notibras23.png","width":350,"height":87,"caption":"Grupo Notibras de Comunica\u00e7\u00e3o"},"image":{"@id":"https:\/\/www.notibras.com\/site\/#\/schema\/logo\/image\/"},"sameAs":["https:\/\/www.facebook.com\/notibras\/","https:\/\/x.com\/Notibras","https:\/\/www.instagram.com\/notibras\/"]},{"@type":"Person","@id":"https:\/\/www.notibras.com\/site\/#\/schema\/person\/36ab0979449956132d3e5b517ea76ac8","name":"Reda\u00e7\u00e3o","image":{"@type":"ImageObject","inLanguage":"pt-BR","@id":"https:\/\/secure.gravatar.com\/avatar\/e0a867bdedb85fd243eadf09663511f96fc81e0720a4a42581f334ad4303aa6b?s=96&d=mm&r=g","url":"https:\/\/secure.gravatar.com\/avatar\/e0a867bdedb85fd243eadf09663511f96fc81e0720a4a42581f334ad4303aa6b?s=96&d=mm&r=g","contentUrl":"https:\/\/secure.gravatar.com\/avatar\/e0a867bdedb85fd243eadf09663511f96fc81e0720a4a42581f334ad4303aa6b?s=96&d=mm&r=g","caption":"Reda\u00e7\u00e3o"}}]}},"amp_enabled":true,"_links":{"self":[{"href":"https:\/\/www.notibras.com\/site\/wp-json\/wp\/v2\/posts\/311394","targetHints":{"allow":["GET"]}}],"collection":[{"href":"https:\/\/www.notibras.com\/site\/wp-json\/wp\/v2\/posts"}],"about":[{"href":"https:\/\/www.notibras.com\/site\/wp-json\/wp\/v2\/types\/post"}],"author":[{"embeddable":true,"href":"https:\/\/www.notibras.com\/site\/wp-json\/wp\/v2\/users\/2"}],"replies":[{"embeddable":true,"href":"https:\/\/www.notibras.com\/site\/wp-json\/wp\/v2\/comments?post=311394"}],"version-history":[{"count":3,"href":"https:\/\/www.notibras.com\/site\/wp-json\/wp\/v2\/posts\/311394\/revisions"}],"predecessor-version":[{"id":311398,"href":"https:\/\/www.notibras.com\/site\/wp-json\/wp\/v2\/posts\/311394\/revisions\/311398"}],"wp:featuredmedia":[{"embeddable":true,"href":"https:\/\/www.notibras.com\/site\/wp-json\/wp\/v2\/media\/311395"}],"wp:attachment":[{"href":"https:\/\/www.notibras.com\/site\/wp-json\/wp\/v2\/media?parent=311394"}],"wp:term":[{"taxonomy":"category","embeddable":true,"href":"https:\/\/www.notibras.com\/site\/wp-json\/wp\/v2\/categories?post=311394"},{"taxonomy":"post_tag","embeddable":true,"href":"https:\/\/www.notibras.com\/site\/wp-json\/wp\/v2\/tags?post=311394"}],"curies":[{"name":"wp","href":"https:\/\/api.w.org\/{rel}","templated":true}]}}