{"id":311450,"date":"2023-08-22T06:40:14","date_gmt":"2023-08-22T09:40:14","guid":{"rendered":"https:\/\/www.notibras.com\/site\/?p=311450"},"modified":"2023-08-22T06:40:37","modified_gmt":"2023-08-22T09:40:37","slug":"terraco-shopping-abre-espaco-para-o-mcdia-feliz","status":"publish","type":"post","link":"https:\/\/www.notibras.com\/site\/terraco-shopping-abre-espaco-para-o-mcdia-feliz\/","title":{"rendered":"Terra\u00e7o Shopping abre espa\u00e7o para o McDia Feliz"},"content":{"rendered":"<p>No pr\u00f3ximo s\u00e1bado, 25, acontecer\u00e1 a 35\u00aa edi\u00e7\u00e3o do McDia Feliz, uma das principais campanhas do pa\u00eds em arrecada\u00e7\u00e3o de fundos para causas infantojuvenis. Toda a renda gerada com as vendas de sandu\u00edches Big Mac, exceto alguns impostos, ser\u00e1 revertida para a Abrace (Associa\u00e7\u00e3o Brasileira de Assist\u00eancia \u00e0s Fam\u00edlias de Crian\u00e7as Portadoras de C\u00e2ncer e Hemopatias), que atua em Bras\u00edlia para promover sa\u00fade e bem-estar para crian\u00e7as, adolescentes e seus familiares.<\/p>\n<p>Durante todo este dia, para atrair o p\u00fablico para a conscientiza\u00e7\u00e3o sobre a causa, haver\u00e1 um stand montado em frente ao McDonald&#8217;s na pra\u00e7a de alimenta\u00e7\u00e3o do Terra\u00e7o Shopping, com produtos institucionais da Abrace. Ser\u00e3o camisetas, canecas, copos, dentre outros, que estar\u00e3o \u00e0 venda. Atividades de entretenimento gratuitas para as crian\u00e7as, como pinturas de rosto, tamb\u00e9m estar\u00e3o acontecendo no local.<\/p>\n<p>A campanha \u00e9 realizada no pa\u00eds desde 1988, gerando recursos para as institui\u00e7\u00f5es apoiadas pelo Instituto Ronald McDonald que atuam para proporcionar mais sa\u00fade e bem-estar para crian\u00e7as e adolescentes com c\u00e2ncer e hemopatias.<\/p>\n<p><strong>Servi\u00e7o<\/strong><br \/>\nMcDia Feliz \u2013 McDonald\u2019s<br \/>\nDia 26 de agosto, 10h \u00e0s 22h<br \/>\nStand Abrace \u2013 Pra\u00e7a de Alimenta\u00e7\u00e3o<\/p>\n","protected":false},"excerpt":{"rendered":"<p>No pr\u00f3ximo s\u00e1bado, 25, acontecer\u00e1 a 35\u00aa edi\u00e7\u00e3o do McDia Feliz, uma das principais campanhas do pa\u00eds em arrecada\u00e7\u00e3o de fundos para causas infantojuvenis. Toda a renda gerada com as vendas de sandu\u00edches Big Mac, exceto alguns impostos, ser\u00e1 revertida para a Abrace (Associa\u00e7\u00e3o Brasileira de Assist\u00eancia \u00e0s Fam\u00edlias de Crian\u00e7as Portadoras de C\u00e2ncer e [&hellip;]<\/p>\n","protected":false},"author":2,"featured_media":311451,"comment_status":"closed","ping_status":"closed","sticky":false,"template":"","format":"standard","meta":{"_acf_changed":false,"footnotes":""},"categories":[161],"tags":[],"class_list":["post-311450","post","type-post","status-publish","format-standard","has-post-thumbnail","hentry","category-quadradinho-em-foco"],"acf":[],"yoast_head":"<!-- This site is optimized with the Yoast SEO plugin v27.2 - https:\/\/yoast.com\/product\/yoast-seo-wordpress\/ -->\n<title>Terra\u00e7o Shopping abre espa\u00e7o para o McDia Feliz - Notibras<\/title>\n<meta name=\"robots\" content=\"index, follow, max-snippet:-1, max-image-preview:large, max-video-preview:-1\" \/>\n<link rel=\"canonical\" href=\"https:\/\/www.notibras.com\/site\/terraco-shopping-abre-espaco-para-o-mcdia-feliz\/\" \/>\n<meta property=\"og:locale\" content=\"pt_BR\" \/>\n<meta property=\"og:type\" content=\"article\" \/>\n<meta property=\"og:title\" content=\"Terra\u00e7o Shopping abre espa\u00e7o para o McDia Feliz - Notibras\" \/>\n<meta property=\"og:description\" content=\"No pr\u00f3ximo s\u00e1bado, 25, acontecer\u00e1 a 35\u00aa edi\u00e7\u00e3o do McDia Feliz, uma das principais campanhas do pa\u00eds em arrecada\u00e7\u00e3o de fundos para causas infantojuvenis. Toda a renda gerada com as vendas de sandu\u00edches Big Mac, exceto alguns impostos, ser\u00e1 revertida para a Abrace (Associa\u00e7\u00e3o Brasileira de Assist\u00eancia \u00e0s Fam\u00edlias de Crian\u00e7as Portadoras de C\u00e2ncer e [&hellip;]\" \/>\n<meta property=\"og:url\" content=\"https:\/\/www.notibras.com\/site\/terraco-shopping-abre-espaco-para-o-mcdia-feliz\/\" \/>\n<meta property=\"og:site_name\" content=\"Notibras\" \/>\n<meta property=\"article:publisher\" content=\"https:\/\/www.facebook.com\/notibras\/\" \/>\n<meta property=\"article:published_time\" content=\"2023-08-22T09:40:14+00:00\" \/>\n<meta property=\"article:modified_time\" content=\"2023-08-22T09:40:37+00:00\" \/>\n<meta property=\"og:image\" content=\"https:\/\/www.notibras.com\/site\/wp-content\/uploads\/2023\/08\/macterraco.png\" \/>\n\t<meta property=\"og:image:width\" content=\"1170\" \/>\n\t<meta property=\"og:image:height\" content=\"680\" \/>\n\t<meta property=\"og:image:type\" content=\"image\/png\" \/>\n<meta name=\"author\" content=\"Reda\u00e7\u00e3o\" \/>\n<meta name=\"twitter:card\" content=\"summary_large_image\" \/>\n<meta name=\"twitter:creator\" content=\"@Notibras\" \/>\n<meta name=\"twitter:site\" content=\"@Notibras\" \/>\n<meta name=\"twitter:label1\" content=\"Escrito por\" \/>\n\t<meta name=\"twitter:data1\" content=\"Reda\u00e7\u00e3o\" \/>\n\t<meta name=\"twitter:label2\" content=\"Est. tempo de leitura\" \/>\n\t<meta name=\"twitter:data2\" content=\"1 minuto\" \/>\n<script type=\"application\/ld+json\" class=\"yoast-schema-graph\">{\"@context\":\"https:\/\/schema.org\",\"@graph\":[{\"@type\":\"Article\",\"@id\":\"https:\/\/www.notibras.com\/site\/terraco-shopping-abre-espaco-para-o-mcdia-feliz\/#article\",\"isPartOf\":{\"@id\":\"https:\/\/www.notibras.com\/site\/terraco-shopping-abre-espaco-para-o-mcdia-feliz\/\"},\"author\":{\"name\":\"Reda\u00e7\u00e3o\",\"@id\":\"https:\/\/www.notibras.com\/site\/#\/schema\/person\/36ab0979449956132d3e5b517ea76ac8\"},\"headline\":\"Terra\u00e7o Shopping abre espa\u00e7o para o McDia Feliz\",\"datePublished\":\"2023-08-22T09:40:14+00:00\",\"dateModified\":\"2023-08-22T09:40:37+00:00\",\"mainEntityOfPage\":{\"@id\":\"https:\/\/www.notibras.com\/site\/terraco-shopping-abre-espaco-para-o-mcdia-feliz\/\"},\"wordCount\":218,\"publisher\":{\"@id\":\"https:\/\/www.notibras.com\/site\/#organization\"},\"image\":{\"@id\":\"https:\/\/www.notibras.com\/site\/terraco-shopping-abre-espaco-para-o-mcdia-feliz\/#primaryimage\"},\"thumbnailUrl\":\"https:\/\/www.notibras.com\/site\/wp-content\/uploads\/2023\/08\/macterraco.png\",\"articleSection\":[\"Quadradinho em Foco\"],\"inLanguage\":\"pt-BR\"},{\"@type\":\"WebPage\",\"@id\":\"https:\/\/www.notibras.com\/site\/terraco-shopping-abre-espaco-para-o-mcdia-feliz\/\",\"url\":\"https:\/\/www.notibras.com\/site\/terraco-shopping-abre-espaco-para-o-mcdia-feliz\/\",\"name\":\"Terra\u00e7o Shopping abre espa\u00e7o para o McDia Feliz - Notibras\",\"isPartOf\":{\"@id\":\"https:\/\/www.notibras.com\/site\/#website\"},\"primaryImageOfPage\":{\"@id\":\"https:\/\/www.notibras.com\/site\/terraco-shopping-abre-espaco-para-o-mcdia-feliz\/#primaryimage\"},\"image\":{\"@id\":\"https:\/\/www.notibras.com\/site\/terraco-shopping-abre-espaco-para-o-mcdia-feliz\/#primaryimage\"},\"thumbnailUrl\":\"https:\/\/www.notibras.com\/site\/wp-content\/uploads\/2023\/08\/macterraco.png\",\"datePublished\":\"2023-08-22T09:40:14+00:00\",\"dateModified\":\"2023-08-22T09:40:37+00:00\",\"breadcrumb\":{\"@id\":\"https:\/\/www.notibras.com\/site\/terraco-shopping-abre-espaco-para-o-mcdia-feliz\/#breadcrumb\"},\"inLanguage\":\"pt-BR\",\"potentialAction\":[{\"@type\":\"ReadAction\",\"target\":[\"https:\/\/www.notibras.com\/site\/terraco-shopping-abre-espaco-para-o-mcdia-feliz\/\"]}]},{\"@type\":\"ImageObject\",\"inLanguage\":\"pt-BR\",\"@id\":\"https:\/\/www.notibras.com\/site\/terraco-shopping-abre-espaco-para-o-mcdia-feliz\/#primaryimage\",\"url\":\"https:\/\/www.notibras.com\/site\/wp-content\/uploads\/2023\/08\/macterraco.png\",\"contentUrl\":\"https:\/\/www.notibras.com\/site\/wp-content\/uploads\/2023\/08\/macterraco.png\",\"width\":1170,\"height\":680},{\"@type\":\"BreadcrumbList\",\"@id\":\"https:\/\/www.notibras.com\/site\/terraco-shopping-abre-espaco-para-o-mcdia-feliz\/#breadcrumb\",\"itemListElement\":[{\"@type\":\"ListItem\",\"position\":1,\"name\":\"In\u00edcio\",\"item\":\"https:\/\/www.notibras.com\/site\/\"},{\"@type\":\"ListItem\",\"position\":2,\"name\":\"Terra\u00e7o Shopping abre espa\u00e7o para o McDia Feliz\"}]},{\"@type\":\"WebSite\",\"@id\":\"https:\/\/www.notibras.com\/site\/#website\",\"url\":\"https:\/\/www.notibras.com\/site\/\",\"name\":\"Notibras\",\"description\":\"Not\u00edcias de Bras\u00edlia, do Brasil e do Mundo\",\"publisher\":{\"@id\":\"https:\/\/www.notibras.com\/site\/#organization\"},\"potentialAction\":[{\"@type\":\"SearchAction\",\"target\":{\"@type\":\"EntryPoint\",\"urlTemplate\":\"https:\/\/www.notibras.com\/site\/?s={search_term_string}\"},\"query-input\":{\"@type\":\"PropertyValueSpecification\",\"valueRequired\":true,\"valueName\":\"search_term_string\"}}],\"inLanguage\":\"pt-BR\"},{\"@type\":\"Organization\",\"@id\":\"https:\/\/www.notibras.com\/site\/#organization\",\"name\":\"Grupo Notibras de Comunica\u00e7\u00e3o\",\"url\":\"https:\/\/www.notibras.com\/site\/\",\"logo\":{\"@type\":\"ImageObject\",\"inLanguage\":\"pt-BR\",\"@id\":\"https:\/\/www.notibras.com\/site\/#\/schema\/logo\/image\/\",\"url\":\"https:\/\/www.notibras.com\/site\/wp-content\/uploads\/2023\/01\/notibras23.png\",\"contentUrl\":\"https:\/\/www.notibras.com\/site\/wp-content\/uploads\/2023\/01\/notibras23.png\",\"width\":350,\"height\":87,\"caption\":\"Grupo Notibras de Comunica\u00e7\u00e3o\"},\"image\":{\"@id\":\"https:\/\/www.notibras.com\/site\/#\/schema\/logo\/image\/\"},\"sameAs\":[\"https:\/\/www.facebook.com\/notibras\/\",\"https:\/\/x.com\/Notibras\",\"https:\/\/www.instagram.com\/notibras\/\"]},{\"@type\":\"Person\",\"@id\":\"https:\/\/www.notibras.com\/site\/#\/schema\/person\/36ab0979449956132d3e5b517ea76ac8\",\"name\":\"Reda\u00e7\u00e3o\",\"image\":{\"@type\":\"ImageObject\",\"inLanguage\":\"pt-BR\",\"@id\":\"https:\/\/secure.gravatar.com\/avatar\/e0a867bdedb85fd243eadf09663511f96fc81e0720a4a42581f334ad4303aa6b?s=96&d=mm&r=g\",\"url\":\"https:\/\/secure.gravatar.com\/avatar\/e0a867bdedb85fd243eadf09663511f96fc81e0720a4a42581f334ad4303aa6b?s=96&d=mm&r=g\",\"contentUrl\":\"https:\/\/secure.gravatar.com\/avatar\/e0a867bdedb85fd243eadf09663511f96fc81e0720a4a42581f334ad4303aa6b?s=96&d=mm&r=g\",\"caption\":\"Reda\u00e7\u00e3o\"}}]}<\/script>\n<!-- \/ Yoast SEO plugin. -->","yoast_head_json":{"title":"Terra\u00e7o Shopping abre espa\u00e7o para o McDia Feliz - Notibras","robots":{"index":"index","follow":"follow","max-snippet":"max-snippet:-1","max-image-preview":"max-image-preview:large","max-video-preview":"max-video-preview:-1"},"canonical":"https:\/\/www.notibras.com\/site\/terraco-shopping-abre-espaco-para-o-mcdia-feliz\/","og_locale":"pt_BR","og_type":"article","og_title":"Terra\u00e7o Shopping abre espa\u00e7o para o McDia Feliz - Notibras","og_description":"No pr\u00f3ximo s\u00e1bado, 25, acontecer\u00e1 a 35\u00aa edi\u00e7\u00e3o do McDia Feliz, uma das principais campanhas do pa\u00eds em arrecada\u00e7\u00e3o de fundos para causas infantojuvenis. Toda a renda gerada com as vendas de sandu\u00edches Big Mac, exceto alguns impostos, ser\u00e1 revertida para a Abrace (Associa\u00e7\u00e3o Brasileira de Assist\u00eancia \u00e0s Fam\u00edlias de Crian\u00e7as Portadoras de C\u00e2ncer e [&hellip;]","og_url":"https:\/\/www.notibras.com\/site\/terraco-shopping-abre-espaco-para-o-mcdia-feliz\/","og_site_name":"Notibras","article_publisher":"https:\/\/www.facebook.com\/notibras\/","article_published_time":"2023-08-22T09:40:14+00:00","article_modified_time":"2023-08-22T09:40:37+00:00","og_image":[{"width":1170,"height":680,"url":"https:\/\/www.notibras.com\/site\/wp-content\/uploads\/2023\/08\/macterraco.png","type":"image\/png"}],"author":"Reda\u00e7\u00e3o","twitter_card":"summary_large_image","twitter_creator":"@Notibras","twitter_site":"@Notibras","twitter_misc":{"Escrito por":"Reda\u00e7\u00e3o","Est. tempo de leitura":"1 minuto"},"schema":{"@context":"https:\/\/schema.org","@graph":[{"@type":"Article","@id":"https:\/\/www.notibras.com\/site\/terraco-shopping-abre-espaco-para-o-mcdia-feliz\/#article","isPartOf":{"@id":"https:\/\/www.notibras.com\/site\/terraco-shopping-abre-espaco-para-o-mcdia-feliz\/"},"author":{"name":"Reda\u00e7\u00e3o","@id":"https:\/\/www.notibras.com\/site\/#\/schema\/person\/36ab0979449956132d3e5b517ea76ac8"},"headline":"Terra\u00e7o Shopping abre espa\u00e7o para o McDia Feliz","datePublished":"2023-08-22T09:40:14+00:00","dateModified":"2023-08-22T09:40:37+00:00","mainEntityOfPage":{"@id":"https:\/\/www.notibras.com\/site\/terraco-shopping-abre-espaco-para-o-mcdia-feliz\/"},"wordCount":218,"publisher":{"@id":"https:\/\/www.notibras.com\/site\/#organization"},"image":{"@id":"https:\/\/www.notibras.com\/site\/terraco-shopping-abre-espaco-para-o-mcdia-feliz\/#primaryimage"},"thumbnailUrl":"https:\/\/www.notibras.com\/site\/wp-content\/uploads\/2023\/08\/macterraco.png","articleSection":["Quadradinho em Foco"],"inLanguage":"pt-BR"},{"@type":"WebPage","@id":"https:\/\/www.notibras.com\/site\/terraco-shopping-abre-espaco-para-o-mcdia-feliz\/","url":"https:\/\/www.notibras.com\/site\/terraco-shopping-abre-espaco-para-o-mcdia-feliz\/","name":"Terra\u00e7o Shopping abre espa\u00e7o para o McDia Feliz - Notibras","isPartOf":{"@id":"https:\/\/www.notibras.com\/site\/#website"},"primaryImageOfPage":{"@id":"https:\/\/www.notibras.com\/site\/terraco-shopping-abre-espaco-para-o-mcdia-feliz\/#primaryimage"},"image":{"@id":"https:\/\/www.notibras.com\/site\/terraco-shopping-abre-espaco-para-o-mcdia-feliz\/#primaryimage"},"thumbnailUrl":"https:\/\/www.notibras.com\/site\/wp-content\/uploads\/2023\/08\/macterraco.png","datePublished":"2023-08-22T09:40:14+00:00","dateModified":"2023-08-22T09:40:37+00:00","breadcrumb":{"@id":"https:\/\/www.notibras.com\/site\/terraco-shopping-abre-espaco-para-o-mcdia-feliz\/#breadcrumb"},"inLanguage":"pt-BR","potentialAction":[{"@type":"ReadAction","target":["https:\/\/www.notibras.com\/site\/terraco-shopping-abre-espaco-para-o-mcdia-feliz\/"]}]},{"@type":"ImageObject","inLanguage":"pt-BR","@id":"https:\/\/www.notibras.com\/site\/terraco-shopping-abre-espaco-para-o-mcdia-feliz\/#primaryimage","url":"https:\/\/www.notibras.com\/site\/wp-content\/uploads\/2023\/08\/macterraco.png","contentUrl":"https:\/\/www.notibras.com\/site\/wp-content\/uploads\/2023\/08\/macterraco.png","width":1170,"height":680},{"@type":"BreadcrumbList","@id":"https:\/\/www.notibras.com\/site\/terraco-shopping-abre-espaco-para-o-mcdia-feliz\/#breadcrumb","itemListElement":[{"@type":"ListItem","position":1,"name":"In\u00edcio","item":"https:\/\/www.notibras.com\/site\/"},{"@type":"ListItem","position":2,"name":"Terra\u00e7o Shopping abre espa\u00e7o para o McDia Feliz"}]},{"@type":"WebSite","@id":"https:\/\/www.notibras.com\/site\/#website","url":"https:\/\/www.notibras.com\/site\/","name":"Notibras","description":"Not\u00edcias de Bras\u00edlia, do Brasil e do Mundo","publisher":{"@id":"https:\/\/www.notibras.com\/site\/#organization"},"potentialAction":[{"@type":"SearchAction","target":{"@type":"EntryPoint","urlTemplate":"https:\/\/www.notibras.com\/site\/?s={search_term_string}"},"query-input":{"@type":"PropertyValueSpecification","valueRequired":true,"valueName":"search_term_string"}}],"inLanguage":"pt-BR"},{"@type":"Organization","@id":"https:\/\/www.notibras.com\/site\/#organization","name":"Grupo Notibras de Comunica\u00e7\u00e3o","url":"https:\/\/www.notibras.com\/site\/","logo":{"@type":"ImageObject","inLanguage":"pt-BR","@id":"https:\/\/www.notibras.com\/site\/#\/schema\/logo\/image\/","url":"https:\/\/www.notibras.com\/site\/wp-content\/uploads\/2023\/01\/notibras23.png","contentUrl":"https:\/\/www.notibras.com\/site\/wp-content\/uploads\/2023\/01\/notibras23.png","width":350,"height":87,"caption":"Grupo Notibras de Comunica\u00e7\u00e3o"},"image":{"@id":"https:\/\/www.notibras.com\/site\/#\/schema\/logo\/image\/"},"sameAs":["https:\/\/www.facebook.com\/notibras\/","https:\/\/x.com\/Notibras","https:\/\/www.instagram.com\/notibras\/"]},{"@type":"Person","@id":"https:\/\/www.notibras.com\/site\/#\/schema\/person\/36ab0979449956132d3e5b517ea76ac8","name":"Reda\u00e7\u00e3o","image":{"@type":"ImageObject","inLanguage":"pt-BR","@id":"https:\/\/secure.gravatar.com\/avatar\/e0a867bdedb85fd243eadf09663511f96fc81e0720a4a42581f334ad4303aa6b?s=96&d=mm&r=g","url":"https:\/\/secure.gravatar.com\/avatar\/e0a867bdedb85fd243eadf09663511f96fc81e0720a4a42581f334ad4303aa6b?s=96&d=mm&r=g","contentUrl":"https:\/\/secure.gravatar.com\/avatar\/e0a867bdedb85fd243eadf09663511f96fc81e0720a4a42581f334ad4303aa6b?s=96&d=mm&r=g","caption":"Reda\u00e7\u00e3o"}}]}},"amp_enabled":true,"_links":{"self":[{"href":"https:\/\/www.notibras.com\/site\/wp-json\/wp\/v2\/posts\/311450","targetHints":{"allow":["GET"]}}],"collection":[{"href":"https:\/\/www.notibras.com\/site\/wp-json\/wp\/v2\/posts"}],"about":[{"href":"https:\/\/www.notibras.com\/site\/wp-json\/wp\/v2\/types\/post"}],"author":[{"embeddable":true,"href":"https:\/\/www.notibras.com\/site\/wp-json\/wp\/v2\/users\/2"}],"replies":[{"embeddable":true,"href":"https:\/\/www.notibras.com\/site\/wp-json\/wp\/v2\/comments?post=311450"}],"version-history":[{"count":1,"href":"https:\/\/www.notibras.com\/site\/wp-json\/wp\/v2\/posts\/311450\/revisions"}],"predecessor-version":[{"id":311452,"href":"https:\/\/www.notibras.com\/site\/wp-json\/wp\/v2\/posts\/311450\/revisions\/311452"}],"wp:featuredmedia":[{"embeddable":true,"href":"https:\/\/www.notibras.com\/site\/wp-json\/wp\/v2\/media\/311451"}],"wp:attachment":[{"href":"https:\/\/www.notibras.com\/site\/wp-json\/wp\/v2\/media?parent=311450"}],"wp:term":[{"taxonomy":"category","embeddable":true,"href":"https:\/\/www.notibras.com\/site\/wp-json\/wp\/v2\/categories?post=311450"},{"taxonomy":"post_tag","embeddable":true,"href":"https:\/\/www.notibras.com\/site\/wp-json\/wp\/v2\/tags?post=311450"}],"curies":[{"name":"wp","href":"https:\/\/api.w.org\/{rel}","templated":true}]}}