{"id":311493,"date":"2023-08-22T00:00:16","date_gmt":"2023-08-22T03:00:16","guid":{"rendered":"https:\/\/www.notibras.com\/site\/?p=311493"},"modified":"2023-08-22T09:06:51","modified_gmt":"2023-08-22T12:06:51","slug":"vitima-de-violencia-sexual-tera-prioridade-em-vacinacao","status":"publish","type":"post","link":"https:\/\/www.notibras.com\/site\/vitima-de-violencia-sexual-tera-prioridade-em-vacinacao\/","title":{"rendered":"V\u00edtima de viol\u00eancia sexual ter\u00e1 prioridade em vacina\u00e7\u00e3o"},"content":{"rendered":"<p>V\u00edtimas de viol\u00eancia sexual passaram a ser grupo priorit\u00e1rio para vacina\u00e7\u00e3o contra o papilomav\u00edrus humano (HPV), de acordo com medida tomada pelo Minist\u00e9rio da Sa\u00fade no in\u00edcio do m\u00eas. O objetivo \u00e9 garantir prote\u00e7\u00e3o a pessoas de 9 a 45 anos de idade que ainda n\u00e3o s\u00e3o vacinados ou que n\u00e3o completaram o esquema de imuniza\u00e7\u00e3o contra o v\u00edrus.<\/p>\n<p>O HPV \u00e9 a infec\u00e7\u00e3o sexualmente transmiss\u00edvel mais comum no mundo e est\u00e1 associado a 80% dos casos de c\u00e2ncer do colo do \u00fatero e a mais da metade dos casos de c\u00e2ncer na vulva, p\u00eanis, \u00e2nus e orofaringe. Al\u00e9m disso, 90% das verrugas genitais s\u00e3o provocadas pelo HPV. A vacina HVP quadrivalente, disponibilizada pelo Sistema \u00danico de Sa\u00fade (SUS), previne contra as principais complica\u00e7\u00f5es.<\/p>\n<p>Antes, a vacina era aplicada apenas em crian\u00e7as e adolescentes, entre 9 e 14 anos, e em pessoas de nove a 45 anos em condi\u00e7\u00f5es cl\u00ednicas especiais, como as que vivem com HIV\/Aids, transplantados de \u00f3rg\u00e3os s\u00f3lidos ou medula \u00f3ssea e pacientes oncol\u00f3gicos, imunossuprimidos por doen\u00e7as ou em tratamento com drogas imunossupressoras. A decis\u00e3o de ampliar o p\u00fablico-alvo \u00e9 uma recomenda\u00e7\u00e3o da Organiza\u00e7\u00e3o Mundial da Sa\u00fade (OMS) e da Associa\u00e7\u00e3o Pan-Americana de Infectologia (API). A baixa cobertura vacinal, mesmo no p\u00fablico-alvo priorit\u00e1rio, que \u00e9 de crian\u00e7as e adolescentes, vem declinando no pa\u00eds.<\/p>\n<p>Segundo dados divulgados pelo Minist\u00e9rio da Sa\u00fade em fevereiro, 87,08% das meninas entre 9 e 14 anos de idade receberam a primeira dose da vacina em 2019, e em 2022, a cobertura caiu para 75,81% . Entre os meninos, a cobertura vacinal caiu de 61,55%, em 2019, para 52,16%, em 2022.<\/p>\n<p>J\u00e1 em rela\u00e7\u00e3o \u00e0 viol\u00eancia sexual, boletim epidemiol\u00f3gico divulgado pelo Minist\u00e9rio da Sa\u00fade, em maio deste ano, mostrou que, entre 2015 e 2021, foram notificados 202.948 casos contra crian\u00e7as e adolescentes, sendo 35.196 notifica\u00e7\u00f5es apenas em 2021, o que representa o maior n\u00famero do per\u00edodo analisado. No estado de S\u00e3o Paulo, 30% das v\u00edtimas de viol\u00eancia sexual atendidas nos servi\u00e7os especializados desenvolveram les\u00f5es por HPV.<\/p>\n<p>De acordo com uma nota t\u00e9cnica do minist\u00e9rio, a oferta da vacina contra o HPV ser\u00e1 inclu\u00edda de forma imediata ao protocolo de atendimento existente e realizada nos pontos de aten\u00e7\u00e3o \u00e0 sa\u00fade do SUS que prestam assist\u00eancia \u00e0s v\u00edtimas de viol\u00eancia sexual. No contexto de sa\u00fade ind\u00edgena, caso o servi\u00e7o do primeiro atendimento n\u00e3o possua sala de vacina, as equipes dos Distritos Sanit\u00e1rios Especiais Ind\u00edgenas (DSEI) dever\u00e3o se organizar para ofertar o imunizante. Ainda segundo a pasta, a Lei n\u00ba 12.845\/2013 assegura o atendimento obrigat\u00f3rio, integral, imediato e multidisciplinar a pessoas em situa\u00e7\u00e3o de viol\u00eancia sexual em todos os hospitais integrantes da rede SUS, visando ao controle e ao tratamento dos agravos f\u00edsicos e ps\u00edquicos decorrentes.<\/p>\n<p><strong>Esquema vacinal<\/strong><br \/>\nO esquema vacinal contra o HPV varia de acordo com a faixa et\u00e1ria e condi\u00e7\u00e3o de sa\u00fade do imunizado. Pessoas de 9 a 14 anos de idade, do sexo biol\u00f3gico feminino e masculino, sem problemas de imunossupress\u00e3o (imunocompetentes), e que foram v\u00edtimas de viol\u00eancia sexual, devem tomar duas doses, no intervalo de seis meses, conforme calend\u00e1rio nacional de vacina\u00e7\u00e3o de rotina.<\/p>\n<p>Para pessoas de 15 a 45 anos de idade, de ambos os sexos biol\u00f3gicos, imunocompetentes e v\u00edtimas de viol\u00eancia sexual, o esquema de vacina\u00e7\u00e3o \u00e9 de tr\u00eas doses, sendo duas doses com intervalo de dois meses entre a primeira e segunda dose, e a terceira dose seis meses ap\u00f3s a primeira dose.<\/p>\n<p>O mesmo esquema anterior vale para pessoas de 9 a 45 anos de idade, do sexo biol\u00f3gico feminino e masculino, que tenham doen\u00e7as imunossupressoras (HIV\/Aids, transplantados de \u00f3rg\u00e3os s\u00f3lidos ou medula \u00f3ssea e pacientes oncol\u00f3gicos, em tratamento com drogas imunossupressoras), e foram v\u00edtimas de viol\u00eancia sexual. Nesse caso, tamb\u00e9m s\u00e3o tr\u00eas doses, sendo duas doses com intervalo de dois meses entre a primeira e segunda dose e terceira dose seis meses da primeira dose.<\/p>\n","protected":false},"excerpt":{"rendered":"<p>V\u00edtimas de viol\u00eancia sexual passaram a ser grupo priorit\u00e1rio para vacina\u00e7\u00e3o contra o papilomav\u00edrus humano (HPV), de acordo com medida tomada pelo Minist\u00e9rio da Sa\u00fade no in\u00edcio do m\u00eas. O objetivo \u00e9 garantir prote\u00e7\u00e3o a pessoas de 9 a 45 anos de idade que ainda n\u00e3o s\u00e3o vacinados ou que n\u00e3o completaram o esquema de [&hellip;]<\/p>\n","protected":false},"author":2,"featured_media":311494,"comment_status":"closed","ping_status":"closed","sticky":false,"template":"","format":"standard","meta":{"_acf_changed":false,"footnotes":""},"categories":[161],"tags":[],"class_list":["post-311493","post","type-post","status-publish","format-standard","has-post-thumbnail","hentry","category-quadradinho-em-foco"],"acf":[],"yoast_head":"<!-- This site is optimized with the Yoast SEO plugin v27.2 - https:\/\/yoast.com\/product\/yoast-seo-wordpress\/ -->\n<title>V\u00edtima de viol\u00eancia sexual ter\u00e1 prioridade em vacina\u00e7\u00e3o - Notibras<\/title>\n<meta name=\"robots\" content=\"index, follow, max-snippet:-1, max-image-preview:large, max-video-preview:-1\" \/>\n<link rel=\"canonical\" href=\"https:\/\/www.notibras.com\/site\/vitima-de-violencia-sexual-tera-prioridade-em-vacinacao\/\" \/>\n<meta property=\"og:locale\" content=\"pt_BR\" \/>\n<meta property=\"og:type\" content=\"article\" \/>\n<meta property=\"og:title\" content=\"V\u00edtima de viol\u00eancia sexual ter\u00e1 prioridade em vacina\u00e7\u00e3o - Notibras\" \/>\n<meta property=\"og:description\" content=\"V\u00edtimas de viol\u00eancia sexual passaram a ser grupo priorit\u00e1rio para vacina\u00e7\u00e3o contra o papilomav\u00edrus humano (HPV), de acordo com medida tomada pelo Minist\u00e9rio da Sa\u00fade no in\u00edcio do m\u00eas. O objetivo \u00e9 garantir prote\u00e7\u00e3o a pessoas de 9 a 45 anos de idade que ainda n\u00e3o s\u00e3o vacinados ou que n\u00e3o completaram o esquema de [&hellip;]\" \/>\n<meta property=\"og:url\" content=\"https:\/\/www.notibras.com\/site\/vitima-de-violencia-sexual-tera-prioridade-em-vacinacao\/\" \/>\n<meta property=\"og:site_name\" content=\"Notibras\" \/>\n<meta property=\"article:publisher\" content=\"https:\/\/www.facebook.com\/notibras\/\" \/>\n<meta property=\"article:published_time\" content=\"2023-08-22T03:00:16+00:00\" \/>\n<meta property=\"article:modified_time\" content=\"2023-08-22T12:06:51+00:00\" \/>\n<meta property=\"og:image\" content=\"https:\/\/www.notibras.com\/site\/wp-content\/uploads\/2023\/08\/906767-hpv_vascina_-2767-1.jpg\" \/>\n\t<meta property=\"og:image:width\" content=\"1170\" \/>\n\t<meta property=\"og:image:height\" content=\"700\" \/>\n\t<meta property=\"og:image:type\" content=\"image\/jpeg\" \/>\n<meta name=\"author\" content=\"Reda\u00e7\u00e3o\" \/>\n<meta name=\"twitter:card\" content=\"summary_large_image\" \/>\n<meta name=\"twitter:creator\" content=\"@Notibras\" \/>\n<meta name=\"twitter:site\" content=\"@Notibras\" \/>\n<meta name=\"twitter:label1\" content=\"Escrito por\" \/>\n\t<meta name=\"twitter:data1\" content=\"Reda\u00e7\u00e3o\" \/>\n\t<meta name=\"twitter:label2\" content=\"Est. tempo de leitura\" \/>\n\t<meta name=\"twitter:data2\" content=\"4 minutos\" \/>\n<script type=\"application\/ld+json\" class=\"yoast-schema-graph\">{\"@context\":\"https:\/\/schema.org\",\"@graph\":[{\"@type\":\"Article\",\"@id\":\"https:\/\/www.notibras.com\/site\/vitima-de-violencia-sexual-tera-prioridade-em-vacinacao\/#article\",\"isPartOf\":{\"@id\":\"https:\/\/www.notibras.com\/site\/vitima-de-violencia-sexual-tera-prioridade-em-vacinacao\/\"},\"author\":{\"name\":\"Reda\u00e7\u00e3o\",\"@id\":\"https:\/\/www.notibras.com\/site\/#\/schema\/person\/36ab0979449956132d3e5b517ea76ac8\"},\"headline\":\"V\u00edtima de viol\u00eancia sexual ter\u00e1 prioridade em vacina\u00e7\u00e3o\",\"datePublished\":\"2023-08-22T03:00:16+00:00\",\"dateModified\":\"2023-08-22T12:06:51+00:00\",\"mainEntityOfPage\":{\"@id\":\"https:\/\/www.notibras.com\/site\/vitima-de-violencia-sexual-tera-prioridade-em-vacinacao\/\"},\"wordCount\":715,\"publisher\":{\"@id\":\"https:\/\/www.notibras.com\/site\/#organization\"},\"image\":{\"@id\":\"https:\/\/www.notibras.com\/site\/vitima-de-violencia-sexual-tera-prioridade-em-vacinacao\/#primaryimage\"},\"thumbnailUrl\":\"https:\/\/www.notibras.com\/site\/wp-content\/uploads\/2023\/08\/906767-hpv_vascina_-2767-1.jpg\",\"articleSection\":[\"Quadradinho em Foco\"],\"inLanguage\":\"pt-BR\"},{\"@type\":\"WebPage\",\"@id\":\"https:\/\/www.notibras.com\/site\/vitima-de-violencia-sexual-tera-prioridade-em-vacinacao\/\",\"url\":\"https:\/\/www.notibras.com\/site\/vitima-de-violencia-sexual-tera-prioridade-em-vacinacao\/\",\"name\":\"V\u00edtima de viol\u00eancia sexual ter\u00e1 prioridade em vacina\u00e7\u00e3o - Notibras\",\"isPartOf\":{\"@id\":\"https:\/\/www.notibras.com\/site\/#website\"},\"primaryImageOfPage\":{\"@id\":\"https:\/\/www.notibras.com\/site\/vitima-de-violencia-sexual-tera-prioridade-em-vacinacao\/#primaryimage\"},\"image\":{\"@id\":\"https:\/\/www.notibras.com\/site\/vitima-de-violencia-sexual-tera-prioridade-em-vacinacao\/#primaryimage\"},\"thumbnailUrl\":\"https:\/\/www.notibras.com\/site\/wp-content\/uploads\/2023\/08\/906767-hpv_vascina_-2767-1.jpg\",\"datePublished\":\"2023-08-22T03:00:16+00:00\",\"dateModified\":\"2023-08-22T12:06:51+00:00\",\"breadcrumb\":{\"@id\":\"https:\/\/www.notibras.com\/site\/vitima-de-violencia-sexual-tera-prioridade-em-vacinacao\/#breadcrumb\"},\"inLanguage\":\"pt-BR\",\"potentialAction\":[{\"@type\":\"ReadAction\",\"target\":[\"https:\/\/www.notibras.com\/site\/vitima-de-violencia-sexual-tera-prioridade-em-vacinacao\/\"]}]},{\"@type\":\"ImageObject\",\"inLanguage\":\"pt-BR\",\"@id\":\"https:\/\/www.notibras.com\/site\/vitima-de-violencia-sexual-tera-prioridade-em-vacinacao\/#primaryimage\",\"url\":\"https:\/\/www.notibras.com\/site\/wp-content\/uploads\/2023\/08\/906767-hpv_vascina_-2767-1.jpg\",\"contentUrl\":\"https:\/\/www.notibras.com\/site\/wp-content\/uploads\/2023\/08\/906767-hpv_vascina_-2767-1.jpg\",\"width\":1170,\"height\":700,\"caption\":\"Bras\u00edlia - Alunas do Centro de Ensino Fundamental 25, em Ceil\u00e2ndia, s\u00e3o vacinadas contra o papiloma v\u00edrus humano - HPV (Marcelo Camargo\/Ag\u00eancia Brasil)\"},{\"@type\":\"BreadcrumbList\",\"@id\":\"https:\/\/www.notibras.com\/site\/vitima-de-violencia-sexual-tera-prioridade-em-vacinacao\/#breadcrumb\",\"itemListElement\":[{\"@type\":\"ListItem\",\"position\":1,\"name\":\"In\u00edcio\",\"item\":\"https:\/\/www.notibras.com\/site\/\"},{\"@type\":\"ListItem\",\"position\":2,\"name\":\"V\u00edtima de viol\u00eancia sexual ter\u00e1 prioridade em vacina\u00e7\u00e3o\"}]},{\"@type\":\"WebSite\",\"@id\":\"https:\/\/www.notibras.com\/site\/#website\",\"url\":\"https:\/\/www.notibras.com\/site\/\",\"name\":\"Notibras\",\"description\":\"Not\u00edcias de Bras\u00edlia, do Brasil e do Mundo\",\"publisher\":{\"@id\":\"https:\/\/www.notibras.com\/site\/#organization\"},\"potentialAction\":[{\"@type\":\"SearchAction\",\"target\":{\"@type\":\"EntryPoint\",\"urlTemplate\":\"https:\/\/www.notibras.com\/site\/?s={search_term_string}\"},\"query-input\":{\"@type\":\"PropertyValueSpecification\",\"valueRequired\":true,\"valueName\":\"search_term_string\"}}],\"inLanguage\":\"pt-BR\"},{\"@type\":\"Organization\",\"@id\":\"https:\/\/www.notibras.com\/site\/#organization\",\"name\":\"Grupo Notibras de Comunica\u00e7\u00e3o\",\"url\":\"https:\/\/www.notibras.com\/site\/\",\"logo\":{\"@type\":\"ImageObject\",\"inLanguage\":\"pt-BR\",\"@id\":\"https:\/\/www.notibras.com\/site\/#\/schema\/logo\/image\/\",\"url\":\"https:\/\/www.notibras.com\/site\/wp-content\/uploads\/2023\/01\/notibras23.png\",\"contentUrl\":\"https:\/\/www.notibras.com\/site\/wp-content\/uploads\/2023\/01\/notibras23.png\",\"width\":350,\"height\":87,\"caption\":\"Grupo Notibras de Comunica\u00e7\u00e3o\"},\"image\":{\"@id\":\"https:\/\/www.notibras.com\/site\/#\/schema\/logo\/image\/\"},\"sameAs\":[\"https:\/\/www.facebook.com\/notibras\/\",\"https:\/\/x.com\/Notibras\",\"https:\/\/www.instagram.com\/notibras\/\"]},{\"@type\":\"Person\",\"@id\":\"https:\/\/www.notibras.com\/site\/#\/schema\/person\/36ab0979449956132d3e5b517ea76ac8\",\"name\":\"Reda\u00e7\u00e3o\",\"image\":{\"@type\":\"ImageObject\",\"inLanguage\":\"pt-BR\",\"@id\":\"https:\/\/secure.gravatar.com\/avatar\/e0a867bdedb85fd243eadf09663511f96fc81e0720a4a42581f334ad4303aa6b?s=96&d=mm&r=g\",\"url\":\"https:\/\/secure.gravatar.com\/avatar\/e0a867bdedb85fd243eadf09663511f96fc81e0720a4a42581f334ad4303aa6b?s=96&d=mm&r=g\",\"contentUrl\":\"https:\/\/secure.gravatar.com\/avatar\/e0a867bdedb85fd243eadf09663511f96fc81e0720a4a42581f334ad4303aa6b?s=96&d=mm&r=g\",\"caption\":\"Reda\u00e7\u00e3o\"}}]}<\/script>\n<!-- \/ Yoast SEO plugin. -->","yoast_head_json":{"title":"V\u00edtima de viol\u00eancia sexual ter\u00e1 prioridade em vacina\u00e7\u00e3o - Notibras","robots":{"index":"index","follow":"follow","max-snippet":"max-snippet:-1","max-image-preview":"max-image-preview:large","max-video-preview":"max-video-preview:-1"},"canonical":"https:\/\/www.notibras.com\/site\/vitima-de-violencia-sexual-tera-prioridade-em-vacinacao\/","og_locale":"pt_BR","og_type":"article","og_title":"V\u00edtima de viol\u00eancia sexual ter\u00e1 prioridade em vacina\u00e7\u00e3o - Notibras","og_description":"V\u00edtimas de viol\u00eancia sexual passaram a ser grupo priorit\u00e1rio para vacina\u00e7\u00e3o contra o papilomav\u00edrus humano (HPV), de acordo com medida tomada pelo Minist\u00e9rio da Sa\u00fade no in\u00edcio do m\u00eas. O objetivo \u00e9 garantir prote\u00e7\u00e3o a pessoas de 9 a 45 anos de idade que ainda n\u00e3o s\u00e3o vacinados ou que n\u00e3o completaram o esquema de [&hellip;]","og_url":"https:\/\/www.notibras.com\/site\/vitima-de-violencia-sexual-tera-prioridade-em-vacinacao\/","og_site_name":"Notibras","article_publisher":"https:\/\/www.facebook.com\/notibras\/","article_published_time":"2023-08-22T03:00:16+00:00","article_modified_time":"2023-08-22T12:06:51+00:00","og_image":[{"width":1170,"height":700,"url":"https:\/\/www.notibras.com\/site\/wp-content\/uploads\/2023\/08\/906767-hpv_vascina_-2767-1.jpg","type":"image\/jpeg"}],"author":"Reda\u00e7\u00e3o","twitter_card":"summary_large_image","twitter_creator":"@Notibras","twitter_site":"@Notibras","twitter_misc":{"Escrito por":"Reda\u00e7\u00e3o","Est. tempo de leitura":"4 minutos"},"schema":{"@context":"https:\/\/schema.org","@graph":[{"@type":"Article","@id":"https:\/\/www.notibras.com\/site\/vitima-de-violencia-sexual-tera-prioridade-em-vacinacao\/#article","isPartOf":{"@id":"https:\/\/www.notibras.com\/site\/vitima-de-violencia-sexual-tera-prioridade-em-vacinacao\/"},"author":{"name":"Reda\u00e7\u00e3o","@id":"https:\/\/www.notibras.com\/site\/#\/schema\/person\/36ab0979449956132d3e5b517ea76ac8"},"headline":"V\u00edtima de viol\u00eancia sexual ter\u00e1 prioridade em vacina\u00e7\u00e3o","datePublished":"2023-08-22T03:00:16+00:00","dateModified":"2023-08-22T12:06:51+00:00","mainEntityOfPage":{"@id":"https:\/\/www.notibras.com\/site\/vitima-de-violencia-sexual-tera-prioridade-em-vacinacao\/"},"wordCount":715,"publisher":{"@id":"https:\/\/www.notibras.com\/site\/#organization"},"image":{"@id":"https:\/\/www.notibras.com\/site\/vitima-de-violencia-sexual-tera-prioridade-em-vacinacao\/#primaryimage"},"thumbnailUrl":"https:\/\/www.notibras.com\/site\/wp-content\/uploads\/2023\/08\/906767-hpv_vascina_-2767-1.jpg","articleSection":["Quadradinho em Foco"],"inLanguage":"pt-BR"},{"@type":"WebPage","@id":"https:\/\/www.notibras.com\/site\/vitima-de-violencia-sexual-tera-prioridade-em-vacinacao\/","url":"https:\/\/www.notibras.com\/site\/vitima-de-violencia-sexual-tera-prioridade-em-vacinacao\/","name":"V\u00edtima de viol\u00eancia sexual ter\u00e1 prioridade em vacina\u00e7\u00e3o - Notibras","isPartOf":{"@id":"https:\/\/www.notibras.com\/site\/#website"},"primaryImageOfPage":{"@id":"https:\/\/www.notibras.com\/site\/vitima-de-violencia-sexual-tera-prioridade-em-vacinacao\/#primaryimage"},"image":{"@id":"https:\/\/www.notibras.com\/site\/vitima-de-violencia-sexual-tera-prioridade-em-vacinacao\/#primaryimage"},"thumbnailUrl":"https:\/\/www.notibras.com\/site\/wp-content\/uploads\/2023\/08\/906767-hpv_vascina_-2767-1.jpg","datePublished":"2023-08-22T03:00:16+00:00","dateModified":"2023-08-22T12:06:51+00:00","breadcrumb":{"@id":"https:\/\/www.notibras.com\/site\/vitima-de-violencia-sexual-tera-prioridade-em-vacinacao\/#breadcrumb"},"inLanguage":"pt-BR","potentialAction":[{"@type":"ReadAction","target":["https:\/\/www.notibras.com\/site\/vitima-de-violencia-sexual-tera-prioridade-em-vacinacao\/"]}]},{"@type":"ImageObject","inLanguage":"pt-BR","@id":"https:\/\/www.notibras.com\/site\/vitima-de-violencia-sexual-tera-prioridade-em-vacinacao\/#primaryimage","url":"https:\/\/www.notibras.com\/site\/wp-content\/uploads\/2023\/08\/906767-hpv_vascina_-2767-1.jpg","contentUrl":"https:\/\/www.notibras.com\/site\/wp-content\/uploads\/2023\/08\/906767-hpv_vascina_-2767-1.jpg","width":1170,"height":700,"caption":"Bras\u00edlia - Alunas do Centro de Ensino Fundamental 25, em Ceil\u00e2ndia, s\u00e3o vacinadas contra o papiloma v\u00edrus humano - HPV (Marcelo Camargo\/Ag\u00eancia Brasil)"},{"@type":"BreadcrumbList","@id":"https:\/\/www.notibras.com\/site\/vitima-de-violencia-sexual-tera-prioridade-em-vacinacao\/#breadcrumb","itemListElement":[{"@type":"ListItem","position":1,"name":"In\u00edcio","item":"https:\/\/www.notibras.com\/site\/"},{"@type":"ListItem","position":2,"name":"V\u00edtima de viol\u00eancia sexual ter\u00e1 prioridade em vacina\u00e7\u00e3o"}]},{"@type":"WebSite","@id":"https:\/\/www.notibras.com\/site\/#website","url":"https:\/\/www.notibras.com\/site\/","name":"Notibras","description":"Not\u00edcias de Bras\u00edlia, do Brasil e do Mundo","publisher":{"@id":"https:\/\/www.notibras.com\/site\/#organization"},"potentialAction":[{"@type":"SearchAction","target":{"@type":"EntryPoint","urlTemplate":"https:\/\/www.notibras.com\/site\/?s={search_term_string}"},"query-input":{"@type":"PropertyValueSpecification","valueRequired":true,"valueName":"search_term_string"}}],"inLanguage":"pt-BR"},{"@type":"Organization","@id":"https:\/\/www.notibras.com\/site\/#organization","name":"Grupo Notibras de Comunica\u00e7\u00e3o","url":"https:\/\/www.notibras.com\/site\/","logo":{"@type":"ImageObject","inLanguage":"pt-BR","@id":"https:\/\/www.notibras.com\/site\/#\/schema\/logo\/image\/","url":"https:\/\/www.notibras.com\/site\/wp-content\/uploads\/2023\/01\/notibras23.png","contentUrl":"https:\/\/www.notibras.com\/site\/wp-content\/uploads\/2023\/01\/notibras23.png","width":350,"height":87,"caption":"Grupo Notibras de Comunica\u00e7\u00e3o"},"image":{"@id":"https:\/\/www.notibras.com\/site\/#\/schema\/logo\/image\/"},"sameAs":["https:\/\/www.facebook.com\/notibras\/","https:\/\/x.com\/Notibras","https:\/\/www.instagram.com\/notibras\/"]},{"@type":"Person","@id":"https:\/\/www.notibras.com\/site\/#\/schema\/person\/36ab0979449956132d3e5b517ea76ac8","name":"Reda\u00e7\u00e3o","image":{"@type":"ImageObject","inLanguage":"pt-BR","@id":"https:\/\/secure.gravatar.com\/avatar\/e0a867bdedb85fd243eadf09663511f96fc81e0720a4a42581f334ad4303aa6b?s=96&d=mm&r=g","url":"https:\/\/secure.gravatar.com\/avatar\/e0a867bdedb85fd243eadf09663511f96fc81e0720a4a42581f334ad4303aa6b?s=96&d=mm&r=g","contentUrl":"https:\/\/secure.gravatar.com\/avatar\/e0a867bdedb85fd243eadf09663511f96fc81e0720a4a42581f334ad4303aa6b?s=96&d=mm&r=g","caption":"Reda\u00e7\u00e3o"}}]}},"amp_enabled":true,"_links":{"self":[{"href":"https:\/\/www.notibras.com\/site\/wp-json\/wp\/v2\/posts\/311493","targetHints":{"allow":["GET"]}}],"collection":[{"href":"https:\/\/www.notibras.com\/site\/wp-json\/wp\/v2\/posts"}],"about":[{"href":"https:\/\/www.notibras.com\/site\/wp-json\/wp\/v2\/types\/post"}],"author":[{"embeddable":true,"href":"https:\/\/www.notibras.com\/site\/wp-json\/wp\/v2\/users\/2"}],"replies":[{"embeddable":true,"href":"https:\/\/www.notibras.com\/site\/wp-json\/wp\/v2\/comments?post=311493"}],"version-history":[{"count":1,"href":"https:\/\/www.notibras.com\/site\/wp-json\/wp\/v2\/posts\/311493\/revisions"}],"predecessor-version":[{"id":311495,"href":"https:\/\/www.notibras.com\/site\/wp-json\/wp\/v2\/posts\/311493\/revisions\/311495"}],"wp:featuredmedia":[{"embeddable":true,"href":"https:\/\/www.notibras.com\/site\/wp-json\/wp\/v2\/media\/311494"}],"wp:attachment":[{"href":"https:\/\/www.notibras.com\/site\/wp-json\/wp\/v2\/media?parent=311493"}],"wp:term":[{"taxonomy":"category","embeddable":true,"href":"https:\/\/www.notibras.com\/site\/wp-json\/wp\/v2\/categories?post=311493"},{"taxonomy":"post_tag","embeddable":true,"href":"https:\/\/www.notibras.com\/site\/wp-json\/wp\/v2\/tags?post=311493"}],"curies":[{"name":"wp","href":"https:\/\/api.w.org\/{rel}","templated":true}]}}