{"id":311496,"date":"2023-08-22T00:00:01","date_gmt":"2023-08-22T03:00:01","guid":{"rendered":"https:\/\/www.notibras.com\/site\/?p=311496"},"modified":"2023-08-22T09:10:58","modified_gmt":"2023-08-22T12:10:58","slug":"aplicacao-do-novo-ensino-medio-pode-ficar-para-2025","status":"publish","type":"post","link":"https:\/\/www.notibras.com\/site\/aplicacao-do-novo-ensino-medio-pode-ficar-para-2025\/","title":{"rendered":"Aplica\u00e7\u00e3o do novo ensino m\u00e9dio pode ficar para 2025"},"content":{"rendered":"<p>Os secret\u00e1rios estaduais de Educa\u00e7\u00e3o e os conselhos Nacional, estaduais e Distrital de Educa\u00e7\u00e3o pedem que as mudan\u00e7as no ensino m\u00e9dio, que est\u00e3o em fase de elabora\u00e7\u00e3o pelo Minist\u00e9rio da Educa\u00e7\u00e3o (MEC), ocorram apenas a partir de 2025. Em posicionamento conjunto, eles argumentam que o novo ensino m\u00e9dio j\u00e1 foi implementado em todos os estados e que as mudan\u00e7as exigir\u00e3o um per\u00edodo de transi\u00e7\u00e3o fact\u00edvel.<\/p>\n<p>\u201cQualquer mudan\u00e7a a ser implementada exige um per\u00edodo de transi\u00e7\u00e3o fact\u00edvel, motivo pelo qual as decis\u00f5es a serem encaminhadas a partir da consulta p\u00fablica devem ser implementadas apenas a partir do ano letivo de 2025\u201d, defendem os secret\u00e1rios e conselheiros. Eles dizem que eventuais mudan\u00e7as implicariam em novos ajustes e regulamenta\u00e7\u00f5es, incluindo a reescrita do referencial curricular, o que seria invi\u00e1vel de ser feito a tempo para o ano letivo de 2024.<\/p>\n<p>O posicionamento conjunto do Conselho Nacional de Secret\u00e1rios de Educa\u00e7\u00e3o (Consed), Conselho Nacional de Educa\u00e7\u00e3o (CNE) e F\u00f3rum Nacional dos Conselhos Estaduais e Distrital de Educa\u00e7\u00e3o (Foncede) foi encaminhado nesta segunda-feira (21) ao MEC.<\/p>\n<p>Os secret\u00e1rios e conselheiros destacam tamb\u00e9m no posicionamento quatro aspectos que consideram essenciais na oferta do ensino m\u00e9dio. Al\u00e9m das regras de transi\u00e7\u00e3o em um per\u00edodo considerado fact\u00edvel, eles pedem a manuten\u00e7\u00e3o do ensino a dist\u00e2ncia (EaD) tanto na forma\u00e7\u00e3o geral b\u00e1sica, que \u00e9 a parte do conte\u00fado estipulado pela Base Nacional Comum Curricular (BNCC) e que \u00e9 comum a todas as escolas do pa\u00eds, quanto nos itiner\u00e1rios formativos, que \u00e9 a parte escolhida pelos estudantes para aprofundamento mediante a disponibilidade de cada rede.<\/p>\n<p>Segundo eles, o ensino mediado por tecnologia \u201c\u00e9 pr\u00e9-requisito para viabilizar a implementa\u00e7\u00e3o da reforma no turno noturno e necess\u00e1rio ao equacionamento das especificidades territoriais de cada regi\u00e3o (vazios demogr\u00e1ficos, educa\u00e7\u00e3o ind\u00edgena, educa\u00e7\u00e3o do campo, educa\u00e7\u00e3o quilombola, dentro outros)\u201d. O texto aponta ainda quest\u00f5es de infraestrutura, log\u00edstica de transporte escolar e falta de professores como argumentos para se manter a oferta em EaD.<\/p>\n<p>Al\u00e9m disso, os secret\u00e1rios e conselheiros defendem que 2,1 mil horas das 3 mil horas do ensino m\u00e9dio sejam dedicadas \u00e0 forma\u00e7\u00e3o geral b\u00e1sica e que os itiner\u00e1rios formativos sejam reduzidos de dez para dois, sendo um composto por linguagens, matem\u00e1tica e ci\u00eancias humanas e sociais e outro por linguagens, matem\u00e1tica e ci\u00eancias da natureza. Os estudantes podem optar ainda pela trilha formativa em educa\u00e7\u00e3o profissional e t\u00e9cnica.<\/p>\n<p><strong>Revis\u00e3o<\/strong><br \/>\nO Novo Ensino M\u00e9dio foi aprovado em 2017 pela Lei 13.415\/2017, e foi implementado no ano passado, nas escolas de todo o pa\u00eds. O modelo \u00e9 alvo de cr\u00edticas e, ao assumir o governo, o presidente Luiz In\u00e1cio Lula da Silva comprometeu-se a rev\u00ea-lo.<\/p>\n<p>No primeiro semestre deste ano foi aberta a Consulta P\u00fablica para Avalia\u00e7\u00e3o e Reestrutura\u00e7\u00e3o da Pol\u00edtica Nacional de Ensino M\u00e9dio. No dia 7 de agosto, o MEC divulgou o sum\u00e1rio com os principais resultados da consulta. Ao todo, foram recebidas mais de 11 mil contribui\u00e7\u00f5es de 9 de mar\u00e7o a 6 de julho.<\/p>\n<p>Entre as propostas de mudan\u00e7a apresentadas pelo MEC com base na consulta est\u00e3o a amplia\u00e7\u00e3o da carga hor\u00e1ria da parte comum, a recomposi\u00e7\u00e3o de componentes curriculares e o fim da educa\u00e7\u00e3o a dist\u00e2ncia (EaD) para a Forma\u00e7\u00e3o Geral B\u00e1sica, com exce\u00e7\u00e3o da educa\u00e7\u00e3o profissional t\u00e9cnica, que ter\u00e1 oferta de at\u00e9 20% nesse formato. A EaD tamb\u00e9m poder\u00e1 ser aplicada em situa\u00e7\u00f5es espec\u00edficas, como no caso da pandemia.<\/p>\n<p>Ap\u00f3s a divulga\u00e7\u00e3o do sum\u00e1rio, o MEC abriu um prazo para que as entidades educacionais e \u00f3rg\u00e3os normativos se manifestassem em rela\u00e7\u00e3o ao documento. Nesta segunda-feira (21), termina o prazo.<\/p>\n<p>Outras entidades tamb\u00e9m se manifestaram. Para a Uni\u00e3o Brasileira dos Estudantes Secundaristas (Ubes), a lei do Novo Ensino M\u00e9dio deve ser imediatamente revogada. Os estudantes apontam que da forma como vem sendo aplicada, a lei apenas aumenta as desigualdades entre os estudantes que dependem das condi\u00e7\u00f5es de oferta e de qualidade de cada rede de ensino.<\/p>\n<p>A Campanha Nacional pelo Direito \u00e0 Educa\u00e7\u00e3o divulgou nota t\u00e9cnica na qual defende a \u201cgarantia de 2,4 mil horas destinadas \u00e0 Forma\u00e7\u00e3o Geral B\u00e1sica como um passo crucial para a garantia de uma forma\u00e7\u00e3o s\u00f3lida de nossos estudantes\u201d; a entidade defende tamb\u00e9m a educa\u00e7\u00e3o 100% presencial, sem exce\u00e7\u00e3o, e a import\u00e2ncia de aumentar os recursos p\u00fablicos para a educa\u00e7\u00e3o p\u00fablica e implementar um conjunto de crit\u00e9rios que assegurem a excel\u00eancia das condi\u00e7\u00f5es oferecidas, de acordo com o Custo Aluno Qualidade (CAQ), garantindo o padr\u00e3o de qualidade previsto constitucionalmente.<\/p>\n<p>At\u00e9 chegar \u00e0s salas de aula, as propostas ainda t\u00eam um caminho a percorrer. Agora, o MEC consolidar\u00e1 uma vers\u00e3o final do relat\u00f3rio, que ser\u00e1 enviada para a aprecia\u00e7\u00e3o do Congresso Nacional. As propostas do MEC para o ensino m\u00e9dio tamb\u00e9m ser\u00e3o apresentadas para as comiss\u00f5es de Educa\u00e7\u00e3o da C\u00e2mara dos Deputados e do Senado Federal, para que possam contribuir com o relat\u00f3rio final, com base nas informa\u00e7\u00f5es coletadas em audi\u00eancias p\u00fablicas realizadas pelas casas legislativas.<\/p>\n","protected":false},"excerpt":{"rendered":"<p>Os secret\u00e1rios estaduais de Educa\u00e7\u00e3o e os conselhos Nacional, estaduais e Distrital de Educa\u00e7\u00e3o pedem que as mudan\u00e7as no ensino m\u00e9dio, que est\u00e3o em fase de elabora\u00e7\u00e3o pelo Minist\u00e9rio da Educa\u00e7\u00e3o (MEC), ocorram apenas a partir de 2025. Em posicionamento conjunto, eles argumentam que o novo ensino m\u00e9dio j\u00e1 foi implementado em todos os estados [&hellip;]<\/p>\n","protected":false},"author":2,"featured_media":311497,"comment_status":"closed","ping_status":"closed","sticky":false,"template":"","format":"standard","meta":{"_acf_changed":false,"footnotes":""},"categories":[161],"tags":[],"class_list":["post-311496","post","type-post","status-publish","format-standard","has-post-thumbnail","hentry","category-quadradinho-em-foco"],"acf":[],"yoast_head":"<!-- This site is optimized with the Yoast SEO plugin v27.2 - https:\/\/yoast.com\/product\/yoast-seo-wordpress\/ -->\n<title>Aplica\u00e7\u00e3o do novo ensino m\u00e9dio pode ficar para 2025 - Notibras<\/title>\n<meta name=\"robots\" content=\"index, follow, max-snippet:-1, max-image-preview:large, max-video-preview:-1\" \/>\n<link rel=\"canonical\" href=\"https:\/\/www.notibras.com\/site\/aplicacao-do-novo-ensino-medio-pode-ficar-para-2025\/\" \/>\n<meta property=\"og:locale\" content=\"pt_BR\" \/>\n<meta property=\"og:type\" content=\"article\" \/>\n<meta property=\"og:title\" content=\"Aplica\u00e7\u00e3o do novo ensino m\u00e9dio pode ficar para 2025 - Notibras\" \/>\n<meta property=\"og:description\" content=\"Os secret\u00e1rios estaduais de Educa\u00e7\u00e3o e os conselhos Nacional, estaduais e Distrital de Educa\u00e7\u00e3o pedem que as mudan\u00e7as no ensino m\u00e9dio, que est\u00e3o em fase de elabora\u00e7\u00e3o pelo Minist\u00e9rio da Educa\u00e7\u00e3o (MEC), ocorram apenas a partir de 2025. Em posicionamento conjunto, eles argumentam que o novo ensino m\u00e9dio j\u00e1 foi implementado em todos os estados [&hellip;]\" \/>\n<meta property=\"og:url\" content=\"https:\/\/www.notibras.com\/site\/aplicacao-do-novo-ensino-medio-pode-ficar-para-2025\/\" \/>\n<meta property=\"og:site_name\" content=\"Notibras\" \/>\n<meta property=\"article:publisher\" content=\"https:\/\/www.facebook.com\/notibras\/\" \/>\n<meta property=\"article:published_time\" content=\"2023-08-22T03:00:01+00:00\" \/>\n<meta property=\"article:modified_time\" content=\"2023-08-22T12:10:58+00:00\" \/>\n<meta property=\"og:image\" content=\"https:\/\/www.notibras.com\/site\/wp-content\/uploads\/2023\/08\/img_1435.jpg\" \/>\n\t<meta property=\"og:image:width\" content=\"1170\" \/>\n\t<meta property=\"og:image:height\" content=\"700\" \/>\n\t<meta property=\"og:image:type\" content=\"image\/jpeg\" \/>\n<meta name=\"author\" content=\"Reda\u00e7\u00e3o\" \/>\n<meta name=\"twitter:card\" content=\"summary_large_image\" \/>\n<meta name=\"twitter:creator\" content=\"@Notibras\" \/>\n<meta name=\"twitter:site\" content=\"@Notibras\" \/>\n<meta name=\"twitter:label1\" content=\"Escrito por\" \/>\n\t<meta name=\"twitter:data1\" content=\"Reda\u00e7\u00e3o\" \/>\n\t<meta name=\"twitter:label2\" content=\"Est. tempo de leitura\" \/>\n\t<meta name=\"twitter:data2\" content=\"5 minutos\" \/>\n<script type=\"application\/ld+json\" class=\"yoast-schema-graph\">{\"@context\":\"https:\/\/schema.org\",\"@graph\":[{\"@type\":\"Article\",\"@id\":\"https:\/\/www.notibras.com\/site\/aplicacao-do-novo-ensino-medio-pode-ficar-para-2025\/#article\",\"isPartOf\":{\"@id\":\"https:\/\/www.notibras.com\/site\/aplicacao-do-novo-ensino-medio-pode-ficar-para-2025\/\"},\"author\":{\"name\":\"Reda\u00e7\u00e3o\",\"@id\":\"https:\/\/www.notibras.com\/site\/#\/schema\/person\/36ab0979449956132d3e5b517ea76ac8\"},\"headline\":\"Aplica\u00e7\u00e3o do novo ensino m\u00e9dio pode ficar para 2025\",\"datePublished\":\"2023-08-22T03:00:01+00:00\",\"dateModified\":\"2023-08-22T12:10:58+00:00\",\"mainEntityOfPage\":{\"@id\":\"https:\/\/www.notibras.com\/site\/aplicacao-do-novo-ensino-medio-pode-ficar-para-2025\/\"},\"wordCount\":923,\"publisher\":{\"@id\":\"https:\/\/www.notibras.com\/site\/#organization\"},\"image\":{\"@id\":\"https:\/\/www.notibras.com\/site\/aplicacao-do-novo-ensino-medio-pode-ficar-para-2025\/#primaryimage\"},\"thumbnailUrl\":\"https:\/\/www.notibras.com\/site\/wp-content\/uploads\/2023\/08\/img_1435.jpg\",\"articleSection\":[\"Quadradinho em Foco\"],\"inLanguage\":\"pt-BR\"},{\"@type\":\"WebPage\",\"@id\":\"https:\/\/www.notibras.com\/site\/aplicacao-do-novo-ensino-medio-pode-ficar-para-2025\/\",\"url\":\"https:\/\/www.notibras.com\/site\/aplicacao-do-novo-ensino-medio-pode-ficar-para-2025\/\",\"name\":\"Aplica\u00e7\u00e3o do novo ensino m\u00e9dio pode ficar para 2025 - Notibras\",\"isPartOf\":{\"@id\":\"https:\/\/www.notibras.com\/site\/#website\"},\"primaryImageOfPage\":{\"@id\":\"https:\/\/www.notibras.com\/site\/aplicacao-do-novo-ensino-medio-pode-ficar-para-2025\/#primaryimage\"},\"image\":{\"@id\":\"https:\/\/www.notibras.com\/site\/aplicacao-do-novo-ensino-medio-pode-ficar-para-2025\/#primaryimage\"},\"thumbnailUrl\":\"https:\/\/www.notibras.com\/site\/wp-content\/uploads\/2023\/08\/img_1435.jpg\",\"datePublished\":\"2023-08-22T03:00:01+00:00\",\"dateModified\":\"2023-08-22T12:10:58+00:00\",\"breadcrumb\":{\"@id\":\"https:\/\/www.notibras.com\/site\/aplicacao-do-novo-ensino-medio-pode-ficar-para-2025\/#breadcrumb\"},\"inLanguage\":\"pt-BR\",\"potentialAction\":[{\"@type\":\"ReadAction\",\"target\":[\"https:\/\/www.notibras.com\/site\/aplicacao-do-novo-ensino-medio-pode-ficar-para-2025\/\"]}]},{\"@type\":\"ImageObject\",\"inLanguage\":\"pt-BR\",\"@id\":\"https:\/\/www.notibras.com\/site\/aplicacao-do-novo-ensino-medio-pode-ficar-para-2025\/#primaryimage\",\"url\":\"https:\/\/www.notibras.com\/site\/wp-content\/uploads\/2023\/08\/img_1435.jpg\",\"contentUrl\":\"https:\/\/www.notibras.com\/site\/wp-content\/uploads\/2023\/08\/img_1435.jpg\",\"width\":1170,\"height\":700,\"caption\":\"EMEF Espa\u00e7o de Bitita\"},{\"@type\":\"BreadcrumbList\",\"@id\":\"https:\/\/www.notibras.com\/site\/aplicacao-do-novo-ensino-medio-pode-ficar-para-2025\/#breadcrumb\",\"itemListElement\":[{\"@type\":\"ListItem\",\"position\":1,\"name\":\"In\u00edcio\",\"item\":\"https:\/\/www.notibras.com\/site\/\"},{\"@type\":\"ListItem\",\"position\":2,\"name\":\"Aplica\u00e7\u00e3o do novo ensino m\u00e9dio pode ficar para 2025\"}]},{\"@type\":\"WebSite\",\"@id\":\"https:\/\/www.notibras.com\/site\/#website\",\"url\":\"https:\/\/www.notibras.com\/site\/\",\"name\":\"Notibras\",\"description\":\"Not\u00edcias de Bras\u00edlia, do Brasil e do Mundo\",\"publisher\":{\"@id\":\"https:\/\/www.notibras.com\/site\/#organization\"},\"potentialAction\":[{\"@type\":\"SearchAction\",\"target\":{\"@type\":\"EntryPoint\",\"urlTemplate\":\"https:\/\/www.notibras.com\/site\/?s={search_term_string}\"},\"query-input\":{\"@type\":\"PropertyValueSpecification\",\"valueRequired\":true,\"valueName\":\"search_term_string\"}}],\"inLanguage\":\"pt-BR\"},{\"@type\":\"Organization\",\"@id\":\"https:\/\/www.notibras.com\/site\/#organization\",\"name\":\"Grupo Notibras de Comunica\u00e7\u00e3o\",\"url\":\"https:\/\/www.notibras.com\/site\/\",\"logo\":{\"@type\":\"ImageObject\",\"inLanguage\":\"pt-BR\",\"@id\":\"https:\/\/www.notibras.com\/site\/#\/schema\/logo\/image\/\",\"url\":\"https:\/\/www.notibras.com\/site\/wp-content\/uploads\/2023\/01\/notibras23.png\",\"contentUrl\":\"https:\/\/www.notibras.com\/site\/wp-content\/uploads\/2023\/01\/notibras23.png\",\"width\":350,\"height\":87,\"caption\":\"Grupo Notibras de Comunica\u00e7\u00e3o\"},\"image\":{\"@id\":\"https:\/\/www.notibras.com\/site\/#\/schema\/logo\/image\/\"},\"sameAs\":[\"https:\/\/www.facebook.com\/notibras\/\",\"https:\/\/x.com\/Notibras\",\"https:\/\/www.instagram.com\/notibras\/\"]},{\"@type\":\"Person\",\"@id\":\"https:\/\/www.notibras.com\/site\/#\/schema\/person\/36ab0979449956132d3e5b517ea76ac8\",\"name\":\"Reda\u00e7\u00e3o\",\"image\":{\"@type\":\"ImageObject\",\"inLanguage\":\"pt-BR\",\"@id\":\"https:\/\/secure.gravatar.com\/avatar\/e0a867bdedb85fd243eadf09663511f96fc81e0720a4a42581f334ad4303aa6b?s=96&d=mm&r=g\",\"url\":\"https:\/\/secure.gravatar.com\/avatar\/e0a867bdedb85fd243eadf09663511f96fc81e0720a4a42581f334ad4303aa6b?s=96&d=mm&r=g\",\"contentUrl\":\"https:\/\/secure.gravatar.com\/avatar\/e0a867bdedb85fd243eadf09663511f96fc81e0720a4a42581f334ad4303aa6b?s=96&d=mm&r=g\",\"caption\":\"Reda\u00e7\u00e3o\"}}]}<\/script>\n<!-- \/ Yoast SEO plugin. -->","yoast_head_json":{"title":"Aplica\u00e7\u00e3o do novo ensino m\u00e9dio pode ficar para 2025 - Notibras","robots":{"index":"index","follow":"follow","max-snippet":"max-snippet:-1","max-image-preview":"max-image-preview:large","max-video-preview":"max-video-preview:-1"},"canonical":"https:\/\/www.notibras.com\/site\/aplicacao-do-novo-ensino-medio-pode-ficar-para-2025\/","og_locale":"pt_BR","og_type":"article","og_title":"Aplica\u00e7\u00e3o do novo ensino m\u00e9dio pode ficar para 2025 - Notibras","og_description":"Os secret\u00e1rios estaduais de Educa\u00e7\u00e3o e os conselhos Nacional, estaduais e Distrital de Educa\u00e7\u00e3o pedem que as mudan\u00e7as no ensino m\u00e9dio, que est\u00e3o em fase de elabora\u00e7\u00e3o pelo Minist\u00e9rio da Educa\u00e7\u00e3o (MEC), ocorram apenas a partir de 2025. Em posicionamento conjunto, eles argumentam que o novo ensino m\u00e9dio j\u00e1 foi implementado em todos os estados [&hellip;]","og_url":"https:\/\/www.notibras.com\/site\/aplicacao-do-novo-ensino-medio-pode-ficar-para-2025\/","og_site_name":"Notibras","article_publisher":"https:\/\/www.facebook.com\/notibras\/","article_published_time":"2023-08-22T03:00:01+00:00","article_modified_time":"2023-08-22T12:10:58+00:00","og_image":[{"width":1170,"height":700,"url":"https:\/\/www.notibras.com\/site\/wp-content\/uploads\/2023\/08\/img_1435.jpg","type":"image\/jpeg"}],"author":"Reda\u00e7\u00e3o","twitter_card":"summary_large_image","twitter_creator":"@Notibras","twitter_site":"@Notibras","twitter_misc":{"Escrito por":"Reda\u00e7\u00e3o","Est. tempo de leitura":"5 minutos"},"schema":{"@context":"https:\/\/schema.org","@graph":[{"@type":"Article","@id":"https:\/\/www.notibras.com\/site\/aplicacao-do-novo-ensino-medio-pode-ficar-para-2025\/#article","isPartOf":{"@id":"https:\/\/www.notibras.com\/site\/aplicacao-do-novo-ensino-medio-pode-ficar-para-2025\/"},"author":{"name":"Reda\u00e7\u00e3o","@id":"https:\/\/www.notibras.com\/site\/#\/schema\/person\/36ab0979449956132d3e5b517ea76ac8"},"headline":"Aplica\u00e7\u00e3o do novo ensino m\u00e9dio pode ficar para 2025","datePublished":"2023-08-22T03:00:01+00:00","dateModified":"2023-08-22T12:10:58+00:00","mainEntityOfPage":{"@id":"https:\/\/www.notibras.com\/site\/aplicacao-do-novo-ensino-medio-pode-ficar-para-2025\/"},"wordCount":923,"publisher":{"@id":"https:\/\/www.notibras.com\/site\/#organization"},"image":{"@id":"https:\/\/www.notibras.com\/site\/aplicacao-do-novo-ensino-medio-pode-ficar-para-2025\/#primaryimage"},"thumbnailUrl":"https:\/\/www.notibras.com\/site\/wp-content\/uploads\/2023\/08\/img_1435.jpg","articleSection":["Quadradinho em Foco"],"inLanguage":"pt-BR"},{"@type":"WebPage","@id":"https:\/\/www.notibras.com\/site\/aplicacao-do-novo-ensino-medio-pode-ficar-para-2025\/","url":"https:\/\/www.notibras.com\/site\/aplicacao-do-novo-ensino-medio-pode-ficar-para-2025\/","name":"Aplica\u00e7\u00e3o do novo ensino m\u00e9dio pode ficar para 2025 - Notibras","isPartOf":{"@id":"https:\/\/www.notibras.com\/site\/#website"},"primaryImageOfPage":{"@id":"https:\/\/www.notibras.com\/site\/aplicacao-do-novo-ensino-medio-pode-ficar-para-2025\/#primaryimage"},"image":{"@id":"https:\/\/www.notibras.com\/site\/aplicacao-do-novo-ensino-medio-pode-ficar-para-2025\/#primaryimage"},"thumbnailUrl":"https:\/\/www.notibras.com\/site\/wp-content\/uploads\/2023\/08\/img_1435.jpg","datePublished":"2023-08-22T03:00:01+00:00","dateModified":"2023-08-22T12:10:58+00:00","breadcrumb":{"@id":"https:\/\/www.notibras.com\/site\/aplicacao-do-novo-ensino-medio-pode-ficar-para-2025\/#breadcrumb"},"inLanguage":"pt-BR","potentialAction":[{"@type":"ReadAction","target":["https:\/\/www.notibras.com\/site\/aplicacao-do-novo-ensino-medio-pode-ficar-para-2025\/"]}]},{"@type":"ImageObject","inLanguage":"pt-BR","@id":"https:\/\/www.notibras.com\/site\/aplicacao-do-novo-ensino-medio-pode-ficar-para-2025\/#primaryimage","url":"https:\/\/www.notibras.com\/site\/wp-content\/uploads\/2023\/08\/img_1435.jpg","contentUrl":"https:\/\/www.notibras.com\/site\/wp-content\/uploads\/2023\/08\/img_1435.jpg","width":1170,"height":700,"caption":"EMEF Espa\u00e7o de Bitita"},{"@type":"BreadcrumbList","@id":"https:\/\/www.notibras.com\/site\/aplicacao-do-novo-ensino-medio-pode-ficar-para-2025\/#breadcrumb","itemListElement":[{"@type":"ListItem","position":1,"name":"In\u00edcio","item":"https:\/\/www.notibras.com\/site\/"},{"@type":"ListItem","position":2,"name":"Aplica\u00e7\u00e3o do novo ensino m\u00e9dio pode ficar para 2025"}]},{"@type":"WebSite","@id":"https:\/\/www.notibras.com\/site\/#website","url":"https:\/\/www.notibras.com\/site\/","name":"Notibras","description":"Not\u00edcias de Bras\u00edlia, do Brasil e do Mundo","publisher":{"@id":"https:\/\/www.notibras.com\/site\/#organization"},"potentialAction":[{"@type":"SearchAction","target":{"@type":"EntryPoint","urlTemplate":"https:\/\/www.notibras.com\/site\/?s={search_term_string}"},"query-input":{"@type":"PropertyValueSpecification","valueRequired":true,"valueName":"search_term_string"}}],"inLanguage":"pt-BR"},{"@type":"Organization","@id":"https:\/\/www.notibras.com\/site\/#organization","name":"Grupo Notibras de Comunica\u00e7\u00e3o","url":"https:\/\/www.notibras.com\/site\/","logo":{"@type":"ImageObject","inLanguage":"pt-BR","@id":"https:\/\/www.notibras.com\/site\/#\/schema\/logo\/image\/","url":"https:\/\/www.notibras.com\/site\/wp-content\/uploads\/2023\/01\/notibras23.png","contentUrl":"https:\/\/www.notibras.com\/site\/wp-content\/uploads\/2023\/01\/notibras23.png","width":350,"height":87,"caption":"Grupo Notibras de Comunica\u00e7\u00e3o"},"image":{"@id":"https:\/\/www.notibras.com\/site\/#\/schema\/logo\/image\/"},"sameAs":["https:\/\/www.facebook.com\/notibras\/","https:\/\/x.com\/Notibras","https:\/\/www.instagram.com\/notibras\/"]},{"@type":"Person","@id":"https:\/\/www.notibras.com\/site\/#\/schema\/person\/36ab0979449956132d3e5b517ea76ac8","name":"Reda\u00e7\u00e3o","image":{"@type":"ImageObject","inLanguage":"pt-BR","@id":"https:\/\/secure.gravatar.com\/avatar\/e0a867bdedb85fd243eadf09663511f96fc81e0720a4a42581f334ad4303aa6b?s=96&d=mm&r=g","url":"https:\/\/secure.gravatar.com\/avatar\/e0a867bdedb85fd243eadf09663511f96fc81e0720a4a42581f334ad4303aa6b?s=96&d=mm&r=g","contentUrl":"https:\/\/secure.gravatar.com\/avatar\/e0a867bdedb85fd243eadf09663511f96fc81e0720a4a42581f334ad4303aa6b?s=96&d=mm&r=g","caption":"Reda\u00e7\u00e3o"}}]}},"amp_enabled":true,"_links":{"self":[{"href":"https:\/\/www.notibras.com\/site\/wp-json\/wp\/v2\/posts\/311496","targetHints":{"allow":["GET"]}}],"collection":[{"href":"https:\/\/www.notibras.com\/site\/wp-json\/wp\/v2\/posts"}],"about":[{"href":"https:\/\/www.notibras.com\/site\/wp-json\/wp\/v2\/types\/post"}],"author":[{"embeddable":true,"href":"https:\/\/www.notibras.com\/site\/wp-json\/wp\/v2\/users\/2"}],"replies":[{"embeddable":true,"href":"https:\/\/www.notibras.com\/site\/wp-json\/wp\/v2\/comments?post=311496"}],"version-history":[{"count":1,"href":"https:\/\/www.notibras.com\/site\/wp-json\/wp\/v2\/posts\/311496\/revisions"}],"predecessor-version":[{"id":311498,"href":"https:\/\/www.notibras.com\/site\/wp-json\/wp\/v2\/posts\/311496\/revisions\/311498"}],"wp:featuredmedia":[{"embeddable":true,"href":"https:\/\/www.notibras.com\/site\/wp-json\/wp\/v2\/media\/311497"}],"wp:attachment":[{"href":"https:\/\/www.notibras.com\/site\/wp-json\/wp\/v2\/media?parent=311496"}],"wp:term":[{"taxonomy":"category","embeddable":true,"href":"https:\/\/www.notibras.com\/site\/wp-json\/wp\/v2\/categories?post=311496"},{"taxonomy":"post_tag","embeddable":true,"href":"https:\/\/www.notibras.com\/site\/wp-json\/wp\/v2\/tags?post=311496"}],"curies":[{"name":"wp","href":"https:\/\/api.w.org\/{rel}","templated":true}]}}