{"id":311499,"date":"2023-08-22T00:13:41","date_gmt":"2023-08-22T03:13:41","guid":{"rendered":"https:\/\/www.notibras.com\/site\/?p=311499"},"modified":"2023-08-22T09:16:26","modified_gmt":"2023-08-22T12:16:26","slug":"sem-teto-nao-pode-ser-tirado-da-rua-debaixo-de-vara","status":"publish","type":"post","link":"https:\/\/www.notibras.com\/site\/sem-teto-nao-pode-ser-tirado-da-rua-debaixo-de-vara\/","title":{"rendered":"Sem-teto n\u00e3o pode ser tirado da rua debaixo de vara"},"content":{"rendered":"<p>O Supremo Tribunal Federal (STF) formou maioria para confirmar a decis\u00e3o do ministro Alexandre de Moraes que proibiu em liminar, em 25 de julho, que os estados, o Distrito Federal e os munic\u00edpios fa\u00e7am a remo\u00e7\u00e3o e o transporte compuls\u00f3rio de pessoas em situa\u00e7\u00e3o de rua \u00e0s zeladorias urbanas e aos abrigos.<\/p>\n<p>A decis\u00e3o tamb\u00e9m veda o recolhimento for\u00e7ado de bens e pertences desse p\u00fablico, bem como o emprego de t\u00e9cnicas de arquitetura hostil, com o objetivo de impedir a perman\u00eancia dessas pessoas, por exemplo, com a instala\u00e7\u00e3o de barras em bancos de pra\u00e7as, pedras pontiagudas e espetos em espa\u00e7os p\u00fablicos livres, como em viadutos, pontes e marquises de pr\u00e9dios.<\/p>\n<p>No julgamento virtual, at\u00e9 o in\u00edcio da tarde desta segunda-feira (21), acompanharam o voto do relator a presidente do STF, Rosa Weber, e os ministros Cristiano Zanin, Dias Toffoli, Nunes Marques e C\u00e1rmen L\u00facia.<\/p>\n<p>A a\u00e7\u00e3o foi apresentada pelos partidos pol\u00edticos Rede Sustentabilidade e PSOL e pelo Movimento dos Trabalhadores Sem Teto (MTST), que argumentam que a popula\u00e7\u00e3o em situa\u00e7\u00e3o de rua, no Brasil, est\u00e1 submetida a condi\u00e7\u00f5es desumanas de vida devido a omiss\u00f5es estruturais dos tr\u00eas n\u00edveis federativos dos poderes Executivo e Legislativo.<\/p>\n<p><strong>Repercuss\u00e3o<\/strong><br \/>\nO padre J\u00falio Lancellotti, que h\u00e1 quase quatro d\u00e9cadas defende os direitos de pessoas em situa\u00e7\u00e3o de rua na cidade de S\u00e3o Paulo e acolhe socialmente outros grupos marginalizados, disse \u00e0 reportagem da Ag\u00eancia Brasil que apoia a decis\u00e3o dos ministros da corte suprema. \u201c\u00c9 muito importante que a decis\u00e3o do ministro Alexandre de Moraes tenha obtido, agora, a maioria dos votos no Supremo Tribunal Federal e passe a ser uma medida incontest\u00e1vel da mais alta corte de justi\u00e7a do pa\u00eds\u201d.<\/p>\n<p>O religioso tamb\u00e9m d\u00e1 nome \u00e0 lei federal que veda o uso de t\u00e9cnicas construtivas hostis em espa\u00e7os livres de uso p\u00fablico.<\/p>\n<p>A fundadora e diretora executiva da organiza\u00e7\u00e3o sem fins lucrativos BSB Invis\u00edvel, Maria Baqui, em entrevista \u00e0 Ag\u00eancia Brasil, comentou as situa\u00e7\u00f5es que o grupo encontra nas ruas do Distrito Federal.<\/p>\n<p>\u201cO que falta \u00e0 popula\u00e7\u00e3o em situa\u00e7\u00e3o de rua s\u00e3o as quest\u00f5es de amparo, da assist\u00eancia e do acolhimento. A partir do momento em que o Estado, seja ele federal, os munic\u00edpios e o pr\u00f3prio DF, faz a\u00e7\u00f5es como a de retirada dos barracos e tudo mais, isso faz que as pessoas tenham cada vez menor o sentimento de pertencimento na sociedade. Isso \u00e9 uma viola\u00e7\u00e3o dos direitos\u201d, disse.<\/p>\n<p><strong>Decis\u00e3o<\/strong><br \/>\nNa decis\u00e3o, o ministro Alexandre de Moraes ressaltou que an\u00e1lise efetuada pelo Instituto de Pesquisa Econ\u00f4mica Aplicada (Ipea) constatou que, entre 2012 e 2020, ocorreu um aumento de 211% na popula\u00e7\u00e3o em situa\u00e7\u00e3o de rua em todo o pa\u00eds, percentagem desproporcional ao aumento de 11% da popula\u00e7\u00e3o brasileira no mesmo per\u00edodo.<\/p>\n<p>A decis\u00e3o de julho ainda estabeleceu que, no prazo de 120 dias, o governo federal elabore um plano de a\u00e7\u00e3o e monitoramento para a efetiva implementa\u00e7\u00e3o da Pol\u00edtica Nacional para Popula\u00e7\u00e3o de Rua, com medidas que respeitem as especificidades dos diferentes grupos familiares e evitem sua separa\u00e7\u00e3o.<\/p>\n<p>De acordo com STF, o plano dever\u00e1 conter um diagn\u00f3stico atual da popula\u00e7\u00e3o em situa\u00e7\u00e3o de rua, com identifica\u00e7\u00e3o de perfil, proced\u00eancia e principais necessidades. Dever\u00e1 prever, tamb\u00e9m, meios de fiscaliza\u00e7\u00e3o de processos de despejo e de reintegra\u00e7\u00e3o de posse no pa\u00eds, e a elabora\u00e7\u00e3o de medidas para garantir padr\u00f5es m\u00ednimos de qualidade de higiene e seguran\u00e7a nos centros de acolhimento.<\/p>\n<p>O Minist\u00e9rio do Desenvolvimento e Assist\u00eancia Social, Fam\u00edlia e Combate \u00e0 Fome disse, em nota enviada \u00e0 Ag\u00eancia Brasil, que associado ao Minist\u00e9rio dos Direitos Humanos e da Cidadania (MDHC) est\u00e1 definindo a\u00e7\u00f5es conjuntas pelos direitos da popula\u00e7\u00e3o em situa\u00e7\u00e3o de rua. \u201cA proposta conjunta est\u00e1 sendo elaborada pelos minist\u00e9rios e ser\u00e1 apresentada ao presidente Luiz In\u00e1cio Lula da Silva, seguindo pol\u00edticas do governo federal, que est\u00e1 empenhado em dar andamento \u00e0s a\u00e7\u00f5es voltadas a essa popula\u00e7\u00e3o, em cumprimento \u00e0 decis\u00e3o do ministro Alexandre de Moraes sobre o tema\u201d.<\/p>\n","protected":false},"excerpt":{"rendered":"<p>O Supremo Tribunal Federal (STF) formou maioria para confirmar a decis\u00e3o do ministro Alexandre de Moraes que proibiu em liminar, em 25 de julho, que os estados, o Distrito Federal e os munic\u00edpios fa\u00e7am a remo\u00e7\u00e3o e o transporte compuls\u00f3rio de pessoas em situa\u00e7\u00e3o de rua \u00e0s zeladorias urbanas e aos abrigos. A decis\u00e3o tamb\u00e9m [&hellip;]<\/p>\n","protected":false},"author":2,"featured_media":311500,"comment_status":"closed","ping_status":"closed","sticky":false,"template":"","format":"standard","meta":{"_acf_changed":false,"footnotes":""},"categories":[161],"tags":[],"class_list":["post-311499","post","type-post","status-publish","format-standard","has-post-thumbnail","hentry","category-quadradinho-em-foco"],"acf":[],"yoast_head":"<!-- This site is optimized with the Yoast SEO plugin v27.2 - https:\/\/yoast.com\/product\/yoast-seo-wordpress\/ -->\n<title>Sem-teto n\u00e3o pode ser tirado da rua debaixo de vara - Notibras<\/title>\n<meta name=\"robots\" content=\"index, follow, max-snippet:-1, max-image-preview:large, max-video-preview:-1\" \/>\n<link rel=\"canonical\" href=\"https:\/\/www.notibras.com\/site\/sem-teto-nao-pode-ser-tirado-da-rua-debaixo-de-vara\/\" \/>\n<meta property=\"og:locale\" content=\"pt_BR\" \/>\n<meta property=\"og:type\" content=\"article\" \/>\n<meta property=\"og:title\" content=\"Sem-teto n\u00e3o pode ser tirado da rua debaixo de vara - Notibras\" \/>\n<meta property=\"og:description\" content=\"O Supremo Tribunal Federal (STF) formou maioria para confirmar a decis\u00e3o do ministro Alexandre de Moraes que proibiu em liminar, em 25 de julho, que os estados, o Distrito Federal e os munic\u00edpios fa\u00e7am a remo\u00e7\u00e3o e o transporte compuls\u00f3rio de pessoas em situa\u00e7\u00e3o de rua \u00e0s zeladorias urbanas e aos abrigos. A decis\u00e3o tamb\u00e9m [&hellip;]\" \/>\n<meta property=\"og:url\" content=\"https:\/\/www.notibras.com\/site\/sem-teto-nao-pode-ser-tirado-da-rua-debaixo-de-vara\/\" \/>\n<meta property=\"og:site_name\" content=\"Notibras\" \/>\n<meta property=\"article:publisher\" content=\"https:\/\/www.facebook.com\/notibras\/\" \/>\n<meta property=\"article:published_time\" content=\"2023-08-22T03:13:41+00:00\" \/>\n<meta property=\"article:modified_time\" content=\"2023-08-22T12:16:26+00:00\" \/>\n<meta property=\"og:image\" content=\"https:\/\/www.notibras.com\/site\/wp-content\/uploads\/2023\/08\/trbr5275_0.jpg\" \/>\n\t<meta property=\"og:image:width\" content=\"1170\" \/>\n\t<meta property=\"og:image:height\" content=\"700\" \/>\n\t<meta property=\"og:image:type\" content=\"image\/jpeg\" \/>\n<meta name=\"author\" content=\"Reda\u00e7\u00e3o\" \/>\n<meta name=\"twitter:card\" content=\"summary_large_image\" \/>\n<meta name=\"twitter:creator\" content=\"@Notibras\" \/>\n<meta name=\"twitter:site\" content=\"@Notibras\" \/>\n<meta name=\"twitter:label1\" content=\"Escrito por\" \/>\n\t<meta name=\"twitter:data1\" content=\"Reda\u00e7\u00e3o\" \/>\n\t<meta name=\"twitter:label2\" content=\"Est. tempo de leitura\" \/>\n\t<meta name=\"twitter:data2\" content=\"4 minutos\" \/>\n<script type=\"application\/ld+json\" class=\"yoast-schema-graph\">{\"@context\":\"https:\/\/schema.org\",\"@graph\":[{\"@type\":\"Article\",\"@id\":\"https:\/\/www.notibras.com\/site\/sem-teto-nao-pode-ser-tirado-da-rua-debaixo-de-vara\/#article\",\"isPartOf\":{\"@id\":\"https:\/\/www.notibras.com\/site\/sem-teto-nao-pode-ser-tirado-da-rua-debaixo-de-vara\/\"},\"author\":{\"name\":\"Reda\u00e7\u00e3o\",\"@id\":\"https:\/\/www.notibras.com\/site\/#\/schema\/person\/36ab0979449956132d3e5b517ea76ac8\"},\"headline\":\"Sem-teto n\u00e3o pode ser tirado da rua debaixo de vara\",\"datePublished\":\"2023-08-22T03:13:41+00:00\",\"dateModified\":\"2023-08-22T12:16:26+00:00\",\"mainEntityOfPage\":{\"@id\":\"https:\/\/www.notibras.com\/site\/sem-teto-nao-pode-ser-tirado-da-rua-debaixo-de-vara\/\"},\"wordCount\":740,\"publisher\":{\"@id\":\"https:\/\/www.notibras.com\/site\/#organization\"},\"image\":{\"@id\":\"https:\/\/www.notibras.com\/site\/sem-teto-nao-pode-ser-tirado-da-rua-debaixo-de-vara\/#primaryimage\"},\"thumbnailUrl\":\"https:\/\/www.notibras.com\/site\/wp-content\/uploads\/2023\/08\/trbr5275_0.jpg\",\"articleSection\":[\"Quadradinho em Foco\"],\"inLanguage\":\"pt-BR\"},{\"@type\":\"WebPage\",\"@id\":\"https:\/\/www.notibras.com\/site\/sem-teto-nao-pode-ser-tirado-da-rua-debaixo-de-vara\/\",\"url\":\"https:\/\/www.notibras.com\/site\/sem-teto-nao-pode-ser-tirado-da-rua-debaixo-de-vara\/\",\"name\":\"Sem-teto n\u00e3o pode ser tirado da rua debaixo de vara - Notibras\",\"isPartOf\":{\"@id\":\"https:\/\/www.notibras.com\/site\/#website\"},\"primaryImageOfPage\":{\"@id\":\"https:\/\/www.notibras.com\/site\/sem-teto-nao-pode-ser-tirado-da-rua-debaixo-de-vara\/#primaryimage\"},\"image\":{\"@id\":\"https:\/\/www.notibras.com\/site\/sem-teto-nao-pode-ser-tirado-da-rua-debaixo-de-vara\/#primaryimage\"},\"thumbnailUrl\":\"https:\/\/www.notibras.com\/site\/wp-content\/uploads\/2023\/08\/trbr5275_0.jpg\",\"datePublished\":\"2023-08-22T03:13:41+00:00\",\"dateModified\":\"2023-08-22T12:16:26+00:00\",\"breadcrumb\":{\"@id\":\"https:\/\/www.notibras.com\/site\/sem-teto-nao-pode-ser-tirado-da-rua-debaixo-de-vara\/#breadcrumb\"},\"inLanguage\":\"pt-BR\",\"potentialAction\":[{\"@type\":\"ReadAction\",\"target\":[\"https:\/\/www.notibras.com\/site\/sem-teto-nao-pode-ser-tirado-da-rua-debaixo-de-vara\/\"]}]},{\"@type\":\"ImageObject\",\"inLanguage\":\"pt-BR\",\"@id\":\"https:\/\/www.notibras.com\/site\/sem-teto-nao-pode-ser-tirado-da-rua-debaixo-de-vara\/#primaryimage\",\"url\":\"https:\/\/www.notibras.com\/site\/wp-content\/uploads\/2023\/08\/trbr5275_0.jpg\",\"contentUrl\":\"https:\/\/www.notibras.com\/site\/wp-content\/uploads\/2023\/08\/trbr5275_0.jpg\",\"width\":1170,\"height\":700},{\"@type\":\"BreadcrumbList\",\"@id\":\"https:\/\/www.notibras.com\/site\/sem-teto-nao-pode-ser-tirado-da-rua-debaixo-de-vara\/#breadcrumb\",\"itemListElement\":[{\"@type\":\"ListItem\",\"position\":1,\"name\":\"In\u00edcio\",\"item\":\"https:\/\/www.notibras.com\/site\/\"},{\"@type\":\"ListItem\",\"position\":2,\"name\":\"Sem-teto n\u00e3o pode ser tirado da rua debaixo de vara\"}]},{\"@type\":\"WebSite\",\"@id\":\"https:\/\/www.notibras.com\/site\/#website\",\"url\":\"https:\/\/www.notibras.com\/site\/\",\"name\":\"Notibras\",\"description\":\"Not\u00edcias de Bras\u00edlia, do Brasil e do Mundo\",\"publisher\":{\"@id\":\"https:\/\/www.notibras.com\/site\/#organization\"},\"potentialAction\":[{\"@type\":\"SearchAction\",\"target\":{\"@type\":\"EntryPoint\",\"urlTemplate\":\"https:\/\/www.notibras.com\/site\/?s={search_term_string}\"},\"query-input\":{\"@type\":\"PropertyValueSpecification\",\"valueRequired\":true,\"valueName\":\"search_term_string\"}}],\"inLanguage\":\"pt-BR\"},{\"@type\":\"Organization\",\"@id\":\"https:\/\/www.notibras.com\/site\/#organization\",\"name\":\"Grupo Notibras de Comunica\u00e7\u00e3o\",\"url\":\"https:\/\/www.notibras.com\/site\/\",\"logo\":{\"@type\":\"ImageObject\",\"inLanguage\":\"pt-BR\",\"@id\":\"https:\/\/www.notibras.com\/site\/#\/schema\/logo\/image\/\",\"url\":\"https:\/\/www.notibras.com\/site\/wp-content\/uploads\/2023\/01\/notibras23.png\",\"contentUrl\":\"https:\/\/www.notibras.com\/site\/wp-content\/uploads\/2023\/01\/notibras23.png\",\"width\":350,\"height\":87,\"caption\":\"Grupo Notibras de Comunica\u00e7\u00e3o\"},\"image\":{\"@id\":\"https:\/\/www.notibras.com\/site\/#\/schema\/logo\/image\/\"},\"sameAs\":[\"https:\/\/www.facebook.com\/notibras\/\",\"https:\/\/x.com\/Notibras\",\"https:\/\/www.instagram.com\/notibras\/\"]},{\"@type\":\"Person\",\"@id\":\"https:\/\/www.notibras.com\/site\/#\/schema\/person\/36ab0979449956132d3e5b517ea76ac8\",\"name\":\"Reda\u00e7\u00e3o\",\"image\":{\"@type\":\"ImageObject\",\"inLanguage\":\"pt-BR\",\"@id\":\"https:\/\/secure.gravatar.com\/avatar\/e0a867bdedb85fd243eadf09663511f96fc81e0720a4a42581f334ad4303aa6b?s=96&d=mm&r=g\",\"url\":\"https:\/\/secure.gravatar.com\/avatar\/e0a867bdedb85fd243eadf09663511f96fc81e0720a4a42581f334ad4303aa6b?s=96&d=mm&r=g\",\"contentUrl\":\"https:\/\/secure.gravatar.com\/avatar\/e0a867bdedb85fd243eadf09663511f96fc81e0720a4a42581f334ad4303aa6b?s=96&d=mm&r=g\",\"caption\":\"Reda\u00e7\u00e3o\"}}]}<\/script>\n<!-- \/ Yoast SEO plugin. -->","yoast_head_json":{"title":"Sem-teto n\u00e3o pode ser tirado da rua debaixo de vara - Notibras","robots":{"index":"index","follow":"follow","max-snippet":"max-snippet:-1","max-image-preview":"max-image-preview:large","max-video-preview":"max-video-preview:-1"},"canonical":"https:\/\/www.notibras.com\/site\/sem-teto-nao-pode-ser-tirado-da-rua-debaixo-de-vara\/","og_locale":"pt_BR","og_type":"article","og_title":"Sem-teto n\u00e3o pode ser tirado da rua debaixo de vara - Notibras","og_description":"O Supremo Tribunal Federal (STF) formou maioria para confirmar a decis\u00e3o do ministro Alexandre de Moraes que proibiu em liminar, em 25 de julho, que os estados, o Distrito Federal e os munic\u00edpios fa\u00e7am a remo\u00e7\u00e3o e o transporte compuls\u00f3rio de pessoas em situa\u00e7\u00e3o de rua \u00e0s zeladorias urbanas e aos abrigos. A decis\u00e3o tamb\u00e9m [&hellip;]","og_url":"https:\/\/www.notibras.com\/site\/sem-teto-nao-pode-ser-tirado-da-rua-debaixo-de-vara\/","og_site_name":"Notibras","article_publisher":"https:\/\/www.facebook.com\/notibras\/","article_published_time":"2023-08-22T03:13:41+00:00","article_modified_time":"2023-08-22T12:16:26+00:00","og_image":[{"width":1170,"height":700,"url":"https:\/\/www.notibras.com\/site\/wp-content\/uploads\/2023\/08\/trbr5275_0.jpg","type":"image\/jpeg"}],"author":"Reda\u00e7\u00e3o","twitter_card":"summary_large_image","twitter_creator":"@Notibras","twitter_site":"@Notibras","twitter_misc":{"Escrito por":"Reda\u00e7\u00e3o","Est. tempo de leitura":"4 minutos"},"schema":{"@context":"https:\/\/schema.org","@graph":[{"@type":"Article","@id":"https:\/\/www.notibras.com\/site\/sem-teto-nao-pode-ser-tirado-da-rua-debaixo-de-vara\/#article","isPartOf":{"@id":"https:\/\/www.notibras.com\/site\/sem-teto-nao-pode-ser-tirado-da-rua-debaixo-de-vara\/"},"author":{"name":"Reda\u00e7\u00e3o","@id":"https:\/\/www.notibras.com\/site\/#\/schema\/person\/36ab0979449956132d3e5b517ea76ac8"},"headline":"Sem-teto n\u00e3o pode ser tirado da rua debaixo de vara","datePublished":"2023-08-22T03:13:41+00:00","dateModified":"2023-08-22T12:16:26+00:00","mainEntityOfPage":{"@id":"https:\/\/www.notibras.com\/site\/sem-teto-nao-pode-ser-tirado-da-rua-debaixo-de-vara\/"},"wordCount":740,"publisher":{"@id":"https:\/\/www.notibras.com\/site\/#organization"},"image":{"@id":"https:\/\/www.notibras.com\/site\/sem-teto-nao-pode-ser-tirado-da-rua-debaixo-de-vara\/#primaryimage"},"thumbnailUrl":"https:\/\/www.notibras.com\/site\/wp-content\/uploads\/2023\/08\/trbr5275_0.jpg","articleSection":["Quadradinho em Foco"],"inLanguage":"pt-BR"},{"@type":"WebPage","@id":"https:\/\/www.notibras.com\/site\/sem-teto-nao-pode-ser-tirado-da-rua-debaixo-de-vara\/","url":"https:\/\/www.notibras.com\/site\/sem-teto-nao-pode-ser-tirado-da-rua-debaixo-de-vara\/","name":"Sem-teto n\u00e3o pode ser tirado da rua debaixo de vara - Notibras","isPartOf":{"@id":"https:\/\/www.notibras.com\/site\/#website"},"primaryImageOfPage":{"@id":"https:\/\/www.notibras.com\/site\/sem-teto-nao-pode-ser-tirado-da-rua-debaixo-de-vara\/#primaryimage"},"image":{"@id":"https:\/\/www.notibras.com\/site\/sem-teto-nao-pode-ser-tirado-da-rua-debaixo-de-vara\/#primaryimage"},"thumbnailUrl":"https:\/\/www.notibras.com\/site\/wp-content\/uploads\/2023\/08\/trbr5275_0.jpg","datePublished":"2023-08-22T03:13:41+00:00","dateModified":"2023-08-22T12:16:26+00:00","breadcrumb":{"@id":"https:\/\/www.notibras.com\/site\/sem-teto-nao-pode-ser-tirado-da-rua-debaixo-de-vara\/#breadcrumb"},"inLanguage":"pt-BR","potentialAction":[{"@type":"ReadAction","target":["https:\/\/www.notibras.com\/site\/sem-teto-nao-pode-ser-tirado-da-rua-debaixo-de-vara\/"]}]},{"@type":"ImageObject","inLanguage":"pt-BR","@id":"https:\/\/www.notibras.com\/site\/sem-teto-nao-pode-ser-tirado-da-rua-debaixo-de-vara\/#primaryimage","url":"https:\/\/www.notibras.com\/site\/wp-content\/uploads\/2023\/08\/trbr5275_0.jpg","contentUrl":"https:\/\/www.notibras.com\/site\/wp-content\/uploads\/2023\/08\/trbr5275_0.jpg","width":1170,"height":700},{"@type":"BreadcrumbList","@id":"https:\/\/www.notibras.com\/site\/sem-teto-nao-pode-ser-tirado-da-rua-debaixo-de-vara\/#breadcrumb","itemListElement":[{"@type":"ListItem","position":1,"name":"In\u00edcio","item":"https:\/\/www.notibras.com\/site\/"},{"@type":"ListItem","position":2,"name":"Sem-teto n\u00e3o pode ser tirado da rua debaixo de vara"}]},{"@type":"WebSite","@id":"https:\/\/www.notibras.com\/site\/#website","url":"https:\/\/www.notibras.com\/site\/","name":"Notibras","description":"Not\u00edcias de Bras\u00edlia, do Brasil e do Mundo","publisher":{"@id":"https:\/\/www.notibras.com\/site\/#organization"},"potentialAction":[{"@type":"SearchAction","target":{"@type":"EntryPoint","urlTemplate":"https:\/\/www.notibras.com\/site\/?s={search_term_string}"},"query-input":{"@type":"PropertyValueSpecification","valueRequired":true,"valueName":"search_term_string"}}],"inLanguage":"pt-BR"},{"@type":"Organization","@id":"https:\/\/www.notibras.com\/site\/#organization","name":"Grupo Notibras de Comunica\u00e7\u00e3o","url":"https:\/\/www.notibras.com\/site\/","logo":{"@type":"ImageObject","inLanguage":"pt-BR","@id":"https:\/\/www.notibras.com\/site\/#\/schema\/logo\/image\/","url":"https:\/\/www.notibras.com\/site\/wp-content\/uploads\/2023\/01\/notibras23.png","contentUrl":"https:\/\/www.notibras.com\/site\/wp-content\/uploads\/2023\/01\/notibras23.png","width":350,"height":87,"caption":"Grupo Notibras de Comunica\u00e7\u00e3o"},"image":{"@id":"https:\/\/www.notibras.com\/site\/#\/schema\/logo\/image\/"},"sameAs":["https:\/\/www.facebook.com\/notibras\/","https:\/\/x.com\/Notibras","https:\/\/www.instagram.com\/notibras\/"]},{"@type":"Person","@id":"https:\/\/www.notibras.com\/site\/#\/schema\/person\/36ab0979449956132d3e5b517ea76ac8","name":"Reda\u00e7\u00e3o","image":{"@type":"ImageObject","inLanguage":"pt-BR","@id":"https:\/\/secure.gravatar.com\/avatar\/e0a867bdedb85fd243eadf09663511f96fc81e0720a4a42581f334ad4303aa6b?s=96&d=mm&r=g","url":"https:\/\/secure.gravatar.com\/avatar\/e0a867bdedb85fd243eadf09663511f96fc81e0720a4a42581f334ad4303aa6b?s=96&d=mm&r=g","contentUrl":"https:\/\/secure.gravatar.com\/avatar\/e0a867bdedb85fd243eadf09663511f96fc81e0720a4a42581f334ad4303aa6b?s=96&d=mm&r=g","caption":"Reda\u00e7\u00e3o"}}]}},"amp_enabled":true,"_links":{"self":[{"href":"https:\/\/www.notibras.com\/site\/wp-json\/wp\/v2\/posts\/311499","targetHints":{"allow":["GET"]}}],"collection":[{"href":"https:\/\/www.notibras.com\/site\/wp-json\/wp\/v2\/posts"}],"about":[{"href":"https:\/\/www.notibras.com\/site\/wp-json\/wp\/v2\/types\/post"}],"author":[{"embeddable":true,"href":"https:\/\/www.notibras.com\/site\/wp-json\/wp\/v2\/users\/2"}],"replies":[{"embeddable":true,"href":"https:\/\/www.notibras.com\/site\/wp-json\/wp\/v2\/comments?post=311499"}],"version-history":[{"count":1,"href":"https:\/\/www.notibras.com\/site\/wp-json\/wp\/v2\/posts\/311499\/revisions"}],"predecessor-version":[{"id":311501,"href":"https:\/\/www.notibras.com\/site\/wp-json\/wp\/v2\/posts\/311499\/revisions\/311501"}],"wp:featuredmedia":[{"embeddable":true,"href":"https:\/\/www.notibras.com\/site\/wp-json\/wp\/v2\/media\/311500"}],"wp:attachment":[{"href":"https:\/\/www.notibras.com\/site\/wp-json\/wp\/v2\/media?parent=311499"}],"wp:term":[{"taxonomy":"category","embeddable":true,"href":"https:\/\/www.notibras.com\/site\/wp-json\/wp\/v2\/categories?post=311499"},{"taxonomy":"post_tag","embeddable":true,"href":"https:\/\/www.notibras.com\/site\/wp-json\/wp\/v2\/tags?post=311499"}],"curies":[{"name":"wp","href":"https:\/\/api.w.org\/{rel}","templated":true}]}}