{"id":311502,"date":"2023-08-22T09:27:42","date_gmt":"2023-08-22T12:27:42","guid":{"rendered":"https:\/\/www.notibras.com\/site\/?p=311502"},"modified":"2023-08-29T09:15:25","modified_gmt":"2023-08-29T12:15:25","slug":"por-que-cargas-dagua-um-carioca-do-df-prefere-poa","status":"publish","type":"post","link":"https:\/\/www.notibras.com\/site\/por-que-cargas-dagua-um-carioca-do-df-prefere-poa\/","title":{"rendered":"Por que cargas d&#8217;\u00e1gua um carioca do DF prefere Poa?"},"content":{"rendered":"<p>Durante o encontro semanal com meus colegas de <strong>Notibras<\/strong> numa concorrida padaria na Asa Norte, o Jos\u00e9 Seabra me questionou como \u00e9 que eu, carioca da gema, gosto tanto de Porto Alegre. Isso foi o mote para que a minha mente come\u00e7asse a imaginar uma cr\u00f4nica sobre o assunto.<\/p>\n<p>Sep\u00falveda despontou do \u00fatero da sua m\u00e3e ali na rua Bueno de Paiva, no pitoresco bairro do M\u00e9ier, na esplendorosa cidade do Rio de Janeiro. Deu seus primeiros passos por ali mesmo, o que lhe garantiu o sotaque mais caracter\u00edstico da Cidade Maravilhosa, muito diferente daquele dos que habitam a Zona Sul.<\/p>\n<p>Estufava o peito para falar de onde era: &#8220;M\u00e9ier!!!&#8221; E assim prosseguia na sua saga de suburbano, com h\u00e1bitos t\u00edpicos como fazer aquela fezinha no bicho, batucar um samba com as pontas dos dedos no trem durante o trajeto pro trabalho, parar diante da banca de jornal para se inteirar das \u00faltimas not\u00edcias, at\u00e9 mesmo daquelas que n\u00e3o fariam a menor diferen\u00e7a na sua vida como, por exemplo, que o protagonista da novela das oito havia flagrado a amada com outro na cama.<\/p>\n<p>Ao chegar ao trabalho naquela segunda-feira, recebeu um comunicado da Aurora, sua colega de se\u00e7\u00e3o. O chefe queria falar urgentemente com ele. Sep\u00falveda, curioso como ele s\u00f3, quis logo saber do que se tratava. Aurora, no entanto, disse que n\u00e3o fazia a menor ideia, j\u00e1 que o Am\u00edlcar, o chefe, n\u00e3o era de falar muito al\u00e9m do necess\u00e1rio.<\/p>\n<p>O suburbano balan\u00e7ou a cabe\u00e7a de um lado pro outro, at\u00e9 que, quase decidido, foi conferir o motivo pelo qual havia sido intimado. Parou diante da porta do Am\u00edlcar. Observou o verniz gasto e, indeciso, tomou coragem e deu dois leves toques na madeira. Entrou.<\/p>\n<p>A primeira coisa que notou foi o quadro bem \u00e0 sua frente. Am\u00edlcar, um apaixonado por arte, n\u00e3o poupava esfor\u00e7os para adquirir obras de famosos pintores. Pois \u00e9, Sep\u00falveda estava diante de um Van Gogh! Quase original, \u00e9 verdade!<\/p>\n<p>A conversa demorou por volta de uma hora. Sep\u00falveda seria promovido a gerente de uma filial em Porto Alegre, que ele n\u00e3o fazia ideia de onde ficava. O homem, que era um ex\u00edmio fazedor de contas, sempre tivera notas sofr\u00edveis em geografia. Seja como for, aceitou de pronto a miss\u00e3o, mesmo porque o sal\u00e1rio iria mais que dobrar.<\/p>\n<p>N\u00e3o demorou muito, Sep\u00falveda e a esposa, Adelina, desembarcaram na rodovi\u00e1ria da capital ga\u00facha. A princ\u00edpio, ficaram surpresos, pois sentiram tanto calor, que foram obrigados a retirar os grossos casacos. Desconheciam que os ver\u00f5es de Porto Alegre eram como os do Rio de Janeiro.<\/p>\n<p>Sep\u00falveda e Adelina foram morar no bairro Menino Deus, bem pr\u00f3ximo da filial. Ele caminhava algumas centenas de metros at\u00e9 o trabalho todas as manh\u00e3s. Por sua vez, ela tentava se adaptar \u00e0 nova rotina. Por volta do meio-dia, os dois almo\u00e7avam, enquanto Sep\u00falveda contava sobre as g\u00edrias ga\u00fachas que aprendera com os subordinados. Os dois riam e, de brincadeira, repetiam algumas.<\/p>\n<p>&#8211; Acho que vou lagartear o resto do dia.<\/p>\n<p>&#8211; Pois estou pensando em adotar um cusco.<\/p>\n<p>&#8211; Capaz!<\/p>\n<p>De tanto ca\u00e7oarem dos ga\u00fachos, n\u00e3o tardou e j\u00e1 usavam tais palavras sem se darem conta. Todavia, Adelina, talvez por pudor, continuava chamando p\u00e3o de p\u00e3o. Afinal, n\u00e3o conseguia se acostumar com o nome usado pelos ga\u00fachos para tal iguaria; cacetinho.<\/p>\n<p>Apesar dos percal\u00e7os da mudan\u00e7a para uma nova cidade, tudo parecia bem para o casal. Sep\u00falveda, cada vez mais entrosado com os companheiros de labuta, conseguiu aumentar o faturamento da firma. Adelina, por sua vez, fizera amizades, que lhe garantiram reduzir a saudade da Cidade Maravilhosa.<\/p>\n<p>Tudo parecia bem, at\u00e9 que come\u00e7ou o rigoroso inverno porto-alegrense. Os dois sofreram horrores, mas Adelina come\u00e7ou a ficar deveras deprimida, at\u00e9 que, durante um almo\u00e7o, reclamou com o marido. Queria porque queria voltar pro Rio de Janeiro. Ele ainda tentou convenc\u00ea-la do contr\u00e1rio, mas nada tirava tal ideia da sua cachola.<\/p>\n<p>&#8211; Sep\u00falveda, quem gosta de frio \u00e9 pinguim e picol\u00e9!<\/p>\n<p>No dia seguinte, a mulher fez as malas e retornou para o calor do M\u00e9ier. Por algum tempo sentiu falta do amado. No entanto, a qualquer reca\u00edda, bastava recordar do g\u00e9lido inverno de Porto Alegre para que o rosto de Sep\u00falveda fosse desaparecendo do seu cora\u00e7\u00e3o. Depois de alguns meses, desapareceu por completo.<\/p>\n<p>Numa sexta-feira, l\u00e1 estava o Sep\u00falveda finalizando mais uma grande negocia\u00e7\u00e3o na filial, quando um colega de trabalho, o Asdr\u00fabal, lhe convidou para um churrasco em sua casa no domingo. Ele aceitou de pronto. Asdr\u00fabal fez quest\u00e3o que o chefe levasse a esposa. Sep\u00falveda, apesar de continuar com aquele sotaque carregado t\u00e3o caracter\u00edstico do M\u00e9ier, j\u00e1 estava t\u00e3o adaptado \u00e0 cidade, que nem percebeu quando respondeu.<\/p>\n<p>-Vou s\u00f3.<\/p>\n<p>&#8211; Por qu\u00ea?<\/p>\n<p>&#8211; Quebramos os pratos!<\/p>\n","protected":false},"excerpt":{"rendered":"<p>Durante o encontro semanal com meus colegas de Notibras numa concorrida padaria na Asa Norte, o Jos\u00e9 Seabra me questionou como \u00e9 que eu, carioca da gema, gosto tanto de Porto Alegre. Isso foi o mote para que a minha mente come\u00e7asse a imaginar uma cr\u00f4nica sobre o assunto. Sep\u00falveda despontou do \u00fatero da sua [&hellip;]<\/p>\n","protected":false},"author":2,"featured_media":311503,"comment_status":"closed","ping_status":"closed","sticky":false,"template":"","format":"standard","meta":{"_acf_changed":false,"footnotes":""},"categories":[161],"tags":[],"class_list":["post-311502","post","type-post","status-publish","format-standard","has-post-thumbnail","hentry","category-quadradinho-em-foco"],"acf":[],"yoast_head":"<!-- This site is optimized with the Yoast SEO plugin v27.2 - https:\/\/yoast.com\/product\/yoast-seo-wordpress\/ -->\n<title>Por que cargas d&#039;\u00e1gua um carioca do DF prefere Poa? - Notibras<\/title>\n<meta name=\"robots\" content=\"index, follow, max-snippet:-1, max-image-preview:large, max-video-preview:-1\" \/>\n<link rel=\"canonical\" href=\"https:\/\/www.notibras.com\/site\/por-que-cargas-dagua-um-carioca-do-df-prefere-poa\/\" \/>\n<meta property=\"og:locale\" content=\"pt_BR\" \/>\n<meta property=\"og:type\" content=\"article\" \/>\n<meta property=\"og:title\" content=\"Por que cargas d&#039;\u00e1gua um carioca do DF prefere Poa? - Notibras\" \/>\n<meta property=\"og:description\" content=\"Durante o encontro semanal com meus colegas de Notibras numa concorrida padaria na Asa Norte, o Jos\u00e9 Seabra me questionou como \u00e9 que eu, carioca da gema, gosto tanto de Porto Alegre. Isso foi o mote para que a minha mente come\u00e7asse a imaginar uma cr\u00f4nica sobre o assunto. Sep\u00falveda despontou do \u00fatero da sua [&hellip;]\" \/>\n<meta property=\"og:url\" content=\"https:\/\/www.notibras.com\/site\/por-que-cargas-dagua-um-carioca-do-df-prefere-poa\/\" \/>\n<meta property=\"og:site_name\" content=\"Notibras\" \/>\n<meta property=\"article:publisher\" content=\"https:\/\/www.facebook.com\/notibras\/\" \/>\n<meta property=\"article:published_time\" content=\"2023-08-22T12:27:42+00:00\" \/>\n<meta property=\"article:modified_time\" content=\"2023-08-29T12:15:25+00:00\" \/>\n<meta property=\"og:image\" content=\"https:\/\/www.notibras.com\/site\/wp-content\/uploads\/2023\/08\/prato-porcelana-quebrado_1.jpg\" \/>\n\t<meta property=\"og:image:width\" content=\"750\" \/>\n\t<meta property=\"og:image:height\" content=\"500\" \/>\n\t<meta property=\"og:image:type\" content=\"image\/jpeg\" \/>\n<meta name=\"author\" content=\"Reda\u00e7\u00e3o\" \/>\n<meta name=\"twitter:card\" content=\"summary_large_image\" \/>\n<meta name=\"twitter:creator\" content=\"@Notibras\" \/>\n<meta name=\"twitter:site\" content=\"@Notibras\" \/>\n<meta name=\"twitter:label1\" content=\"Escrito por\" \/>\n\t<meta name=\"twitter:data1\" content=\"Reda\u00e7\u00e3o\" \/>\n\t<meta name=\"twitter:label2\" content=\"Est. tempo de leitura\" \/>\n\t<meta name=\"twitter:data2\" content=\"5 minutos\" \/>\n<script type=\"application\/ld+json\" class=\"yoast-schema-graph\">{\"@context\":\"https:\/\/schema.org\",\"@graph\":[{\"@type\":\"Article\",\"@id\":\"https:\/\/www.notibras.com\/site\/por-que-cargas-dagua-um-carioca-do-df-prefere-poa\/#article\",\"isPartOf\":{\"@id\":\"https:\/\/www.notibras.com\/site\/por-que-cargas-dagua-um-carioca-do-df-prefere-poa\/\"},\"author\":{\"name\":\"Reda\u00e7\u00e3o\",\"@id\":\"https:\/\/www.notibras.com\/site\/#\/schema\/person\/36ab0979449956132d3e5b517ea76ac8\"},\"headline\":\"Por que cargas d&#8217;\u00e1gua um carioca do DF prefere Poa?\",\"datePublished\":\"2023-08-22T12:27:42+00:00\",\"dateModified\":\"2023-08-29T12:15:25+00:00\",\"mainEntityOfPage\":{\"@id\":\"https:\/\/www.notibras.com\/site\/por-que-cargas-dagua-um-carioca-do-df-prefere-poa\/\"},\"wordCount\":866,\"publisher\":{\"@id\":\"https:\/\/www.notibras.com\/site\/#organization\"},\"image\":{\"@id\":\"https:\/\/www.notibras.com\/site\/por-que-cargas-dagua-um-carioca-do-df-prefere-poa\/#primaryimage\"},\"thumbnailUrl\":\"https:\/\/www.notibras.com\/site\/wp-content\/uploads\/2023\/08\/prato-porcelana-quebrado_1.jpg\",\"articleSection\":[\"Quadradinho em Foco\"],\"inLanguage\":\"pt-BR\"},{\"@type\":\"WebPage\",\"@id\":\"https:\/\/www.notibras.com\/site\/por-que-cargas-dagua-um-carioca-do-df-prefere-poa\/\",\"url\":\"https:\/\/www.notibras.com\/site\/por-que-cargas-dagua-um-carioca-do-df-prefere-poa\/\",\"name\":\"Por que cargas d'\u00e1gua um carioca do DF prefere Poa? - Notibras\",\"isPartOf\":{\"@id\":\"https:\/\/www.notibras.com\/site\/#website\"},\"primaryImageOfPage\":{\"@id\":\"https:\/\/www.notibras.com\/site\/por-que-cargas-dagua-um-carioca-do-df-prefere-poa\/#primaryimage\"},\"image\":{\"@id\":\"https:\/\/www.notibras.com\/site\/por-que-cargas-dagua-um-carioca-do-df-prefere-poa\/#primaryimage\"},\"thumbnailUrl\":\"https:\/\/www.notibras.com\/site\/wp-content\/uploads\/2023\/08\/prato-porcelana-quebrado_1.jpg\",\"datePublished\":\"2023-08-22T12:27:42+00:00\",\"dateModified\":\"2023-08-29T12:15:25+00:00\",\"breadcrumb\":{\"@id\":\"https:\/\/www.notibras.com\/site\/por-que-cargas-dagua-um-carioca-do-df-prefere-poa\/#breadcrumb\"},\"inLanguage\":\"pt-BR\",\"potentialAction\":[{\"@type\":\"ReadAction\",\"target\":[\"https:\/\/www.notibras.com\/site\/por-que-cargas-dagua-um-carioca-do-df-prefere-poa\/\"]}]},{\"@type\":\"ImageObject\",\"inLanguage\":\"pt-BR\",\"@id\":\"https:\/\/www.notibras.com\/site\/por-que-cargas-dagua-um-carioca-do-df-prefere-poa\/#primaryimage\",\"url\":\"https:\/\/www.notibras.com\/site\/wp-content\/uploads\/2023\/08\/prato-porcelana-quebrado_1.jpg\",\"contentUrl\":\"https:\/\/www.notibras.com\/site\/wp-content\/uploads\/2023\/08\/prato-porcelana-quebrado_1.jpg\",\"width\":750,\"height\":500},{\"@type\":\"BreadcrumbList\",\"@id\":\"https:\/\/www.notibras.com\/site\/por-que-cargas-dagua-um-carioca-do-df-prefere-poa\/#breadcrumb\",\"itemListElement\":[{\"@type\":\"ListItem\",\"position\":1,\"name\":\"In\u00edcio\",\"item\":\"https:\/\/www.notibras.com\/site\/\"},{\"@type\":\"ListItem\",\"position\":2,\"name\":\"Por que cargas d&#8217;\u00e1gua um carioca do DF prefere Poa?\"}]},{\"@type\":\"WebSite\",\"@id\":\"https:\/\/www.notibras.com\/site\/#website\",\"url\":\"https:\/\/www.notibras.com\/site\/\",\"name\":\"Notibras\",\"description\":\"Not\u00edcias de Bras\u00edlia, do Brasil e do Mundo\",\"publisher\":{\"@id\":\"https:\/\/www.notibras.com\/site\/#organization\"},\"potentialAction\":[{\"@type\":\"SearchAction\",\"target\":{\"@type\":\"EntryPoint\",\"urlTemplate\":\"https:\/\/www.notibras.com\/site\/?s={search_term_string}\"},\"query-input\":{\"@type\":\"PropertyValueSpecification\",\"valueRequired\":true,\"valueName\":\"search_term_string\"}}],\"inLanguage\":\"pt-BR\"},{\"@type\":\"Organization\",\"@id\":\"https:\/\/www.notibras.com\/site\/#organization\",\"name\":\"Grupo Notibras de Comunica\u00e7\u00e3o\",\"url\":\"https:\/\/www.notibras.com\/site\/\",\"logo\":{\"@type\":\"ImageObject\",\"inLanguage\":\"pt-BR\",\"@id\":\"https:\/\/www.notibras.com\/site\/#\/schema\/logo\/image\/\",\"url\":\"https:\/\/www.notibras.com\/site\/wp-content\/uploads\/2023\/01\/notibras23.png\",\"contentUrl\":\"https:\/\/www.notibras.com\/site\/wp-content\/uploads\/2023\/01\/notibras23.png\",\"width\":350,\"height\":87,\"caption\":\"Grupo Notibras de Comunica\u00e7\u00e3o\"},\"image\":{\"@id\":\"https:\/\/www.notibras.com\/site\/#\/schema\/logo\/image\/\"},\"sameAs\":[\"https:\/\/www.facebook.com\/notibras\/\",\"https:\/\/x.com\/Notibras\",\"https:\/\/www.instagram.com\/notibras\/\"]},{\"@type\":\"Person\",\"@id\":\"https:\/\/www.notibras.com\/site\/#\/schema\/person\/36ab0979449956132d3e5b517ea76ac8\",\"name\":\"Reda\u00e7\u00e3o\",\"image\":{\"@type\":\"ImageObject\",\"inLanguage\":\"pt-BR\",\"@id\":\"https:\/\/secure.gravatar.com\/avatar\/e0a867bdedb85fd243eadf09663511f96fc81e0720a4a42581f334ad4303aa6b?s=96&d=mm&r=g\",\"url\":\"https:\/\/secure.gravatar.com\/avatar\/e0a867bdedb85fd243eadf09663511f96fc81e0720a4a42581f334ad4303aa6b?s=96&d=mm&r=g\",\"contentUrl\":\"https:\/\/secure.gravatar.com\/avatar\/e0a867bdedb85fd243eadf09663511f96fc81e0720a4a42581f334ad4303aa6b?s=96&d=mm&r=g\",\"caption\":\"Reda\u00e7\u00e3o\"}}]}<\/script>\n<!-- \/ Yoast SEO plugin. -->","yoast_head_json":{"title":"Por que cargas d'\u00e1gua um carioca do DF prefere Poa? - Notibras","robots":{"index":"index","follow":"follow","max-snippet":"max-snippet:-1","max-image-preview":"max-image-preview:large","max-video-preview":"max-video-preview:-1"},"canonical":"https:\/\/www.notibras.com\/site\/por-que-cargas-dagua-um-carioca-do-df-prefere-poa\/","og_locale":"pt_BR","og_type":"article","og_title":"Por que cargas d'\u00e1gua um carioca do DF prefere Poa? - Notibras","og_description":"Durante o encontro semanal com meus colegas de Notibras numa concorrida padaria na Asa Norte, o Jos\u00e9 Seabra me questionou como \u00e9 que eu, carioca da gema, gosto tanto de Porto Alegre. Isso foi o mote para que a minha mente come\u00e7asse a imaginar uma cr\u00f4nica sobre o assunto. Sep\u00falveda despontou do \u00fatero da sua [&hellip;]","og_url":"https:\/\/www.notibras.com\/site\/por-que-cargas-dagua-um-carioca-do-df-prefere-poa\/","og_site_name":"Notibras","article_publisher":"https:\/\/www.facebook.com\/notibras\/","article_published_time":"2023-08-22T12:27:42+00:00","article_modified_time":"2023-08-29T12:15:25+00:00","og_image":[{"width":750,"height":500,"url":"https:\/\/www.notibras.com\/site\/wp-content\/uploads\/2023\/08\/prato-porcelana-quebrado_1.jpg","type":"image\/jpeg"}],"author":"Reda\u00e7\u00e3o","twitter_card":"summary_large_image","twitter_creator":"@Notibras","twitter_site":"@Notibras","twitter_misc":{"Escrito por":"Reda\u00e7\u00e3o","Est. tempo de leitura":"5 minutos"},"schema":{"@context":"https:\/\/schema.org","@graph":[{"@type":"Article","@id":"https:\/\/www.notibras.com\/site\/por-que-cargas-dagua-um-carioca-do-df-prefere-poa\/#article","isPartOf":{"@id":"https:\/\/www.notibras.com\/site\/por-que-cargas-dagua-um-carioca-do-df-prefere-poa\/"},"author":{"name":"Reda\u00e7\u00e3o","@id":"https:\/\/www.notibras.com\/site\/#\/schema\/person\/36ab0979449956132d3e5b517ea76ac8"},"headline":"Por que cargas d&#8217;\u00e1gua um carioca do DF prefere Poa?","datePublished":"2023-08-22T12:27:42+00:00","dateModified":"2023-08-29T12:15:25+00:00","mainEntityOfPage":{"@id":"https:\/\/www.notibras.com\/site\/por-que-cargas-dagua-um-carioca-do-df-prefere-poa\/"},"wordCount":866,"publisher":{"@id":"https:\/\/www.notibras.com\/site\/#organization"},"image":{"@id":"https:\/\/www.notibras.com\/site\/por-que-cargas-dagua-um-carioca-do-df-prefere-poa\/#primaryimage"},"thumbnailUrl":"https:\/\/www.notibras.com\/site\/wp-content\/uploads\/2023\/08\/prato-porcelana-quebrado_1.jpg","articleSection":["Quadradinho em Foco"],"inLanguage":"pt-BR"},{"@type":"WebPage","@id":"https:\/\/www.notibras.com\/site\/por-que-cargas-dagua-um-carioca-do-df-prefere-poa\/","url":"https:\/\/www.notibras.com\/site\/por-que-cargas-dagua-um-carioca-do-df-prefere-poa\/","name":"Por que cargas d'\u00e1gua um carioca do DF prefere Poa? - Notibras","isPartOf":{"@id":"https:\/\/www.notibras.com\/site\/#website"},"primaryImageOfPage":{"@id":"https:\/\/www.notibras.com\/site\/por-que-cargas-dagua-um-carioca-do-df-prefere-poa\/#primaryimage"},"image":{"@id":"https:\/\/www.notibras.com\/site\/por-que-cargas-dagua-um-carioca-do-df-prefere-poa\/#primaryimage"},"thumbnailUrl":"https:\/\/www.notibras.com\/site\/wp-content\/uploads\/2023\/08\/prato-porcelana-quebrado_1.jpg","datePublished":"2023-08-22T12:27:42+00:00","dateModified":"2023-08-29T12:15:25+00:00","breadcrumb":{"@id":"https:\/\/www.notibras.com\/site\/por-que-cargas-dagua-um-carioca-do-df-prefere-poa\/#breadcrumb"},"inLanguage":"pt-BR","potentialAction":[{"@type":"ReadAction","target":["https:\/\/www.notibras.com\/site\/por-que-cargas-dagua-um-carioca-do-df-prefere-poa\/"]}]},{"@type":"ImageObject","inLanguage":"pt-BR","@id":"https:\/\/www.notibras.com\/site\/por-que-cargas-dagua-um-carioca-do-df-prefere-poa\/#primaryimage","url":"https:\/\/www.notibras.com\/site\/wp-content\/uploads\/2023\/08\/prato-porcelana-quebrado_1.jpg","contentUrl":"https:\/\/www.notibras.com\/site\/wp-content\/uploads\/2023\/08\/prato-porcelana-quebrado_1.jpg","width":750,"height":500},{"@type":"BreadcrumbList","@id":"https:\/\/www.notibras.com\/site\/por-que-cargas-dagua-um-carioca-do-df-prefere-poa\/#breadcrumb","itemListElement":[{"@type":"ListItem","position":1,"name":"In\u00edcio","item":"https:\/\/www.notibras.com\/site\/"},{"@type":"ListItem","position":2,"name":"Por que cargas d&#8217;\u00e1gua um carioca do DF prefere Poa?"}]},{"@type":"WebSite","@id":"https:\/\/www.notibras.com\/site\/#website","url":"https:\/\/www.notibras.com\/site\/","name":"Notibras","description":"Not\u00edcias de Bras\u00edlia, do Brasil e do Mundo","publisher":{"@id":"https:\/\/www.notibras.com\/site\/#organization"},"potentialAction":[{"@type":"SearchAction","target":{"@type":"EntryPoint","urlTemplate":"https:\/\/www.notibras.com\/site\/?s={search_term_string}"},"query-input":{"@type":"PropertyValueSpecification","valueRequired":true,"valueName":"search_term_string"}}],"inLanguage":"pt-BR"},{"@type":"Organization","@id":"https:\/\/www.notibras.com\/site\/#organization","name":"Grupo Notibras de Comunica\u00e7\u00e3o","url":"https:\/\/www.notibras.com\/site\/","logo":{"@type":"ImageObject","inLanguage":"pt-BR","@id":"https:\/\/www.notibras.com\/site\/#\/schema\/logo\/image\/","url":"https:\/\/www.notibras.com\/site\/wp-content\/uploads\/2023\/01\/notibras23.png","contentUrl":"https:\/\/www.notibras.com\/site\/wp-content\/uploads\/2023\/01\/notibras23.png","width":350,"height":87,"caption":"Grupo Notibras de Comunica\u00e7\u00e3o"},"image":{"@id":"https:\/\/www.notibras.com\/site\/#\/schema\/logo\/image\/"},"sameAs":["https:\/\/www.facebook.com\/notibras\/","https:\/\/x.com\/Notibras","https:\/\/www.instagram.com\/notibras\/"]},{"@type":"Person","@id":"https:\/\/www.notibras.com\/site\/#\/schema\/person\/36ab0979449956132d3e5b517ea76ac8","name":"Reda\u00e7\u00e3o","image":{"@type":"ImageObject","inLanguage":"pt-BR","@id":"https:\/\/secure.gravatar.com\/avatar\/e0a867bdedb85fd243eadf09663511f96fc81e0720a4a42581f334ad4303aa6b?s=96&d=mm&r=g","url":"https:\/\/secure.gravatar.com\/avatar\/e0a867bdedb85fd243eadf09663511f96fc81e0720a4a42581f334ad4303aa6b?s=96&d=mm&r=g","contentUrl":"https:\/\/secure.gravatar.com\/avatar\/e0a867bdedb85fd243eadf09663511f96fc81e0720a4a42581f334ad4303aa6b?s=96&d=mm&r=g","caption":"Reda\u00e7\u00e3o"}}]}},"amp_enabled":true,"_links":{"self":[{"href":"https:\/\/www.notibras.com\/site\/wp-json\/wp\/v2\/posts\/311502","targetHints":{"allow":["GET"]}}],"collection":[{"href":"https:\/\/www.notibras.com\/site\/wp-json\/wp\/v2\/posts"}],"about":[{"href":"https:\/\/www.notibras.com\/site\/wp-json\/wp\/v2\/types\/post"}],"author":[{"embeddable":true,"href":"https:\/\/www.notibras.com\/site\/wp-json\/wp\/v2\/users\/2"}],"replies":[{"embeddable":true,"href":"https:\/\/www.notibras.com\/site\/wp-json\/wp\/v2\/comments?post=311502"}],"version-history":[{"count":3,"href":"https:\/\/www.notibras.com\/site\/wp-json\/wp\/v2\/posts\/311502\/revisions"}],"predecessor-version":[{"id":311827,"href":"https:\/\/www.notibras.com\/site\/wp-json\/wp\/v2\/posts\/311502\/revisions\/311827"}],"wp:featuredmedia":[{"embeddable":true,"href":"https:\/\/www.notibras.com\/site\/wp-json\/wp\/v2\/media\/311503"}],"wp:attachment":[{"href":"https:\/\/www.notibras.com\/site\/wp-json\/wp\/v2\/media?parent=311502"}],"wp:term":[{"taxonomy":"category","embeddable":true,"href":"https:\/\/www.notibras.com\/site\/wp-json\/wp\/v2\/categories?post=311502"},{"taxonomy":"post_tag","embeddable":true,"href":"https:\/\/www.notibras.com\/site\/wp-json\/wp\/v2\/tags?post=311502"}],"curies":[{"name":"wp","href":"https:\/\/api.w.org\/{rel}","templated":true}]}}