{"id":311550,"date":"2023-08-23T00:40:53","date_gmt":"2023-08-23T03:40:53","guid":{"rendered":"https:\/\/www.notibras.com\/site\/?p=311550"},"modified":"2023-08-23T03:45:16","modified_gmt":"2023-08-23T06:45:16","slug":"moraes-autoriza-acordo-com-grupo-de-golpistas-do-8-de-janeiro","status":"publish","type":"post","link":"https:\/\/www.notibras.com\/site\/moraes-autoriza-acordo-com-grupo-de-golpistas-do-8-de-janeiro\/","title":{"rendered":"Moraes autoriza acordo com grupo de golpistas"},"content":{"rendered":"<p>O ministro Alexandre de Moraes, do Supremo Tribunal Federal (STF), autorizou a Procuradoria-Geral da Rep\u00fablica (PGR) a propor acordos de n\u00e3o persecu\u00e7\u00e3o penal para cerca de mil investigados pelos atos golpistas de 8 de janeiro, quando as sede dos Tr\u00eas Poderes foram invadidas, em Bras\u00edlia.<\/p>\n<p>A medida foi solicitada pela procuradoria ao Supremo e conta com apoio da Ordem dos Advogados do Brasil (OAB).<\/p>\n<p>Com a medida, a PGR vai avaliar os casos em que o acordo pode ser concedido. Em seguida, o documento dever\u00e1 ser homologado pelo ministro para ter validade.<\/p>\n<p>Em fun\u00e7\u00e3o da possibilidade de pacto, Moraes determinou a suspens\u00e3o. pelo prazo de 120 dias, das a\u00e7\u00f5es penais abertas contra os eventuais beneficiados. As defesas dos r\u00e9us tamb\u00e9m poder\u00e3o procurar a PGR para formalizar a tentativa o acordo.<\/p>\n<p>&#8220;\u00c9 vi\u00e1vel a nova an\u00e1lise da possibilidade de oferecimento de acordo de n\u00e3o persecu\u00e7\u00e3o penal solicitada pelo titular da a\u00e7\u00e3o penal, mediante um novo contexto f\u00e1tico probat\u00f3rio de uma situa\u00e7\u00e3o absolutamente extraordin\u00e1ria, mesmo ap\u00f3s o oferecimento da den\u00fancia pela PGR e recebimento pelo STF&#8221;, escreveu Moraes.<\/p>\n<p>Pelo acordo de n\u00e3o persecu\u00e7\u00e3o penal (ANPP), acusados de crimes cometidos sem viol\u00eancia ou grave amea\u00e7a e com pena m\u00ednima de quatro anos podem confessar os crimes em troca de medidas diversas da pris\u00e3o, como repara\u00e7\u00e3o do dano provocado, entrega dos bens que s\u00e3o frutos do crime, pagamento de multa e presta\u00e7\u00e3o de servi\u00e7os \u00e0 comunidade.<\/p>\n<p>As a\u00e7\u00f5es penais que ser\u00e3o suspensas s\u00e3o derivadas do inqu\u00e9rito que investiga os autores intelectuais e as pessoas que instigaram os atos.<\/p>\n","protected":false},"excerpt":{"rendered":"<p>O ministro Alexandre de Moraes, do Supremo Tribunal Federal (STF), autorizou a Procuradoria-Geral da Rep\u00fablica (PGR) a propor acordos de n\u00e3o persecu\u00e7\u00e3o penal para cerca de mil investigados pelos atos golpistas de 8 de janeiro, quando as sede dos Tr\u00eas Poderes foram invadidas, em Bras\u00edlia. A medida foi solicitada pela procuradoria ao Supremo e conta [&hellip;]<\/p>\n","protected":false},"author":2,"featured_media":311551,"comment_status":"closed","ping_status":"closed","sticky":false,"template":"","format":"standard","meta":{"_acf_changed":false,"footnotes":""},"categories":[161],"tags":[],"class_list":["post-311550","post","type-post","status-publish","format-standard","has-post-thumbnail","hentry","category-quadradinho-em-foco"],"acf":[],"yoast_head":"<!-- This site is optimized with the Yoast SEO plugin v27.2 - https:\/\/yoast.com\/product\/yoast-seo-wordpress\/ -->\n<title>Moraes autoriza acordo com grupo de golpistas - Notibras<\/title>\n<meta name=\"robots\" content=\"index, follow, max-snippet:-1, max-image-preview:large, max-video-preview:-1\" \/>\n<link rel=\"canonical\" href=\"https:\/\/www.notibras.com\/site\/moraes-autoriza-acordo-com-grupo-de-golpistas-do-8-de-janeiro\/\" \/>\n<meta property=\"og:locale\" content=\"pt_BR\" \/>\n<meta property=\"og:type\" content=\"article\" \/>\n<meta property=\"og:title\" content=\"Moraes autoriza acordo com grupo de golpistas - Notibras\" \/>\n<meta property=\"og:description\" content=\"O ministro Alexandre de Moraes, do Supremo Tribunal Federal (STF), autorizou a Procuradoria-Geral da Rep\u00fablica (PGR) a propor acordos de n\u00e3o persecu\u00e7\u00e3o penal para cerca de mil investigados pelos atos golpistas de 8 de janeiro, quando as sede dos Tr\u00eas Poderes foram invadidas, em Bras\u00edlia. A medida foi solicitada pela procuradoria ao Supremo e conta [&hellip;]\" \/>\n<meta property=\"og:url\" content=\"https:\/\/www.notibras.com\/site\/moraes-autoriza-acordo-com-grupo-de-golpistas-do-8-de-janeiro\/\" \/>\n<meta property=\"og:site_name\" content=\"Notibras\" \/>\n<meta property=\"article:publisher\" content=\"https:\/\/www.facebook.com\/notibras\/\" \/>\n<meta property=\"article:published_time\" content=\"2023-08-23T03:40:53+00:00\" \/>\n<meta property=\"article:modified_time\" content=\"2023-08-23T06:45:16+00:00\" \/>\n<meta property=\"og:image\" content=\"https:\/\/www.notibras.com\/site\/wp-content\/uploads\/2023\/08\/manifestacao1_mcamgo_abr_080120231818-01-1.jpeg\" \/>\n\t<meta property=\"og:image:width\" content=\"1170\" \/>\n\t<meta property=\"og:image:height\" content=\"700\" \/>\n\t<meta property=\"og:image:type\" content=\"image\/jpeg\" \/>\n<meta name=\"author\" content=\"Reda\u00e7\u00e3o\" \/>\n<meta name=\"twitter:card\" content=\"summary_large_image\" \/>\n<meta name=\"twitter:creator\" content=\"@Notibras\" \/>\n<meta name=\"twitter:site\" content=\"@Notibras\" \/>\n<meta name=\"twitter:label1\" content=\"Escrito por\" \/>\n\t<meta name=\"twitter:data1\" content=\"Reda\u00e7\u00e3o\" \/>\n\t<meta name=\"twitter:label2\" content=\"Est. tempo de leitura\" \/>\n\t<meta name=\"twitter:data2\" content=\"2 minutos\" \/>\n<script type=\"application\/ld+json\" class=\"yoast-schema-graph\">{\"@context\":\"https:\/\/schema.org\",\"@graph\":[{\"@type\":\"Article\",\"@id\":\"https:\/\/www.notibras.com\/site\/moraes-autoriza-acordo-com-grupo-de-golpistas-do-8-de-janeiro\/#article\",\"isPartOf\":{\"@id\":\"https:\/\/www.notibras.com\/site\/moraes-autoriza-acordo-com-grupo-de-golpistas-do-8-de-janeiro\/\"},\"author\":{\"name\":\"Reda\u00e7\u00e3o\",\"@id\":\"https:\/\/www.notibras.com\/site\/#\/schema\/person\/36ab0979449956132d3e5b517ea76ac8\"},\"headline\":\"Moraes autoriza acordo com grupo de golpistas\",\"datePublished\":\"2023-08-23T03:40:53+00:00\",\"dateModified\":\"2023-08-23T06:45:16+00:00\",\"mainEntityOfPage\":{\"@id\":\"https:\/\/www.notibras.com\/site\/moraes-autoriza-acordo-com-grupo-de-golpistas-do-8-de-janeiro\/\"},\"wordCount\":293,\"publisher\":{\"@id\":\"https:\/\/www.notibras.com\/site\/#organization\"},\"image\":{\"@id\":\"https:\/\/www.notibras.com\/site\/moraes-autoriza-acordo-com-grupo-de-golpistas-do-8-de-janeiro\/#primaryimage\"},\"thumbnailUrl\":\"https:\/\/www.notibras.com\/site\/wp-content\/uploads\/2023\/08\/manifestacao1_mcamgo_abr_080120231818-01-1.jpeg\",\"articleSection\":[\"Quadradinho em Foco\"],\"inLanguage\":\"pt-BR\"},{\"@type\":\"WebPage\",\"@id\":\"https:\/\/www.notibras.com\/site\/moraes-autoriza-acordo-com-grupo-de-golpistas-do-8-de-janeiro\/\",\"url\":\"https:\/\/www.notibras.com\/site\/moraes-autoriza-acordo-com-grupo-de-golpistas-do-8-de-janeiro\/\",\"name\":\"Moraes autoriza acordo com grupo de golpistas - Notibras\",\"isPartOf\":{\"@id\":\"https:\/\/www.notibras.com\/site\/#website\"},\"primaryImageOfPage\":{\"@id\":\"https:\/\/www.notibras.com\/site\/moraes-autoriza-acordo-com-grupo-de-golpistas-do-8-de-janeiro\/#primaryimage\"},\"image\":{\"@id\":\"https:\/\/www.notibras.com\/site\/moraes-autoriza-acordo-com-grupo-de-golpistas-do-8-de-janeiro\/#primaryimage\"},\"thumbnailUrl\":\"https:\/\/www.notibras.com\/site\/wp-content\/uploads\/2023\/08\/manifestacao1_mcamgo_abr_080120231818-01-1.jpeg\",\"datePublished\":\"2023-08-23T03:40:53+00:00\",\"dateModified\":\"2023-08-23T06:45:16+00:00\",\"breadcrumb\":{\"@id\":\"https:\/\/www.notibras.com\/site\/moraes-autoriza-acordo-com-grupo-de-golpistas-do-8-de-janeiro\/#breadcrumb\"},\"inLanguage\":\"pt-BR\",\"potentialAction\":[{\"@type\":\"ReadAction\",\"target\":[\"https:\/\/www.notibras.com\/site\/moraes-autoriza-acordo-com-grupo-de-golpistas-do-8-de-janeiro\/\"]}]},{\"@type\":\"ImageObject\",\"inLanguage\":\"pt-BR\",\"@id\":\"https:\/\/www.notibras.com\/site\/moraes-autoriza-acordo-com-grupo-de-golpistas-do-8-de-janeiro\/#primaryimage\",\"url\":\"https:\/\/www.notibras.com\/site\/wp-content\/uploads\/2023\/08\/manifestacao1_mcamgo_abr_080120231818-01-1.jpeg\",\"contentUrl\":\"https:\/\/www.notibras.com\/site\/wp-content\/uploads\/2023\/08\/manifestacao1_mcamgo_abr_080120231818-01-1.jpeg\",\"width\":1170,\"height\":700,\"caption\":\"Bras\u00edlia (DF), 08.01.2023 - Manifestantes golpistas invadem o Congresso Nacional, STF e Pal\u00e1cio do Planalto. Foto: Marcelo Camargo\/Ag\u00eancia Brasil\"},{\"@type\":\"BreadcrumbList\",\"@id\":\"https:\/\/www.notibras.com\/site\/moraes-autoriza-acordo-com-grupo-de-golpistas-do-8-de-janeiro\/#breadcrumb\",\"itemListElement\":[{\"@type\":\"ListItem\",\"position\":1,\"name\":\"In\u00edcio\",\"item\":\"https:\/\/www.notibras.com\/site\/\"},{\"@type\":\"ListItem\",\"position\":2,\"name\":\"Moraes autoriza acordo com grupo de golpistas\"}]},{\"@type\":\"WebSite\",\"@id\":\"https:\/\/www.notibras.com\/site\/#website\",\"url\":\"https:\/\/www.notibras.com\/site\/\",\"name\":\"Notibras\",\"description\":\"Not\u00edcias de Bras\u00edlia, do Brasil e do Mundo\",\"publisher\":{\"@id\":\"https:\/\/www.notibras.com\/site\/#organization\"},\"potentialAction\":[{\"@type\":\"SearchAction\",\"target\":{\"@type\":\"EntryPoint\",\"urlTemplate\":\"https:\/\/www.notibras.com\/site\/?s={search_term_string}\"},\"query-input\":{\"@type\":\"PropertyValueSpecification\",\"valueRequired\":true,\"valueName\":\"search_term_string\"}}],\"inLanguage\":\"pt-BR\"},{\"@type\":\"Organization\",\"@id\":\"https:\/\/www.notibras.com\/site\/#organization\",\"name\":\"Grupo Notibras de Comunica\u00e7\u00e3o\",\"url\":\"https:\/\/www.notibras.com\/site\/\",\"logo\":{\"@type\":\"ImageObject\",\"inLanguage\":\"pt-BR\",\"@id\":\"https:\/\/www.notibras.com\/site\/#\/schema\/logo\/image\/\",\"url\":\"https:\/\/www.notibras.com\/site\/wp-content\/uploads\/2023\/01\/notibras23.png\",\"contentUrl\":\"https:\/\/www.notibras.com\/site\/wp-content\/uploads\/2023\/01\/notibras23.png\",\"width\":350,\"height\":87,\"caption\":\"Grupo Notibras de Comunica\u00e7\u00e3o\"},\"image\":{\"@id\":\"https:\/\/www.notibras.com\/site\/#\/schema\/logo\/image\/\"},\"sameAs\":[\"https:\/\/www.facebook.com\/notibras\/\",\"https:\/\/x.com\/Notibras\",\"https:\/\/www.instagram.com\/notibras\/\"]},{\"@type\":\"Person\",\"@id\":\"https:\/\/www.notibras.com\/site\/#\/schema\/person\/36ab0979449956132d3e5b517ea76ac8\",\"name\":\"Reda\u00e7\u00e3o\",\"image\":{\"@type\":\"ImageObject\",\"inLanguage\":\"pt-BR\",\"@id\":\"https:\/\/secure.gravatar.com\/avatar\/e0a867bdedb85fd243eadf09663511f96fc81e0720a4a42581f334ad4303aa6b?s=96&d=mm&r=g\",\"url\":\"https:\/\/secure.gravatar.com\/avatar\/e0a867bdedb85fd243eadf09663511f96fc81e0720a4a42581f334ad4303aa6b?s=96&d=mm&r=g\",\"contentUrl\":\"https:\/\/secure.gravatar.com\/avatar\/e0a867bdedb85fd243eadf09663511f96fc81e0720a4a42581f334ad4303aa6b?s=96&d=mm&r=g\",\"caption\":\"Reda\u00e7\u00e3o\"}}]}<\/script>\n<!-- \/ Yoast SEO plugin. -->","yoast_head_json":{"title":"Moraes autoriza acordo com grupo de golpistas - Notibras","robots":{"index":"index","follow":"follow","max-snippet":"max-snippet:-1","max-image-preview":"max-image-preview:large","max-video-preview":"max-video-preview:-1"},"canonical":"https:\/\/www.notibras.com\/site\/moraes-autoriza-acordo-com-grupo-de-golpistas-do-8-de-janeiro\/","og_locale":"pt_BR","og_type":"article","og_title":"Moraes autoriza acordo com grupo de golpistas - Notibras","og_description":"O ministro Alexandre de Moraes, do Supremo Tribunal Federal (STF), autorizou a Procuradoria-Geral da Rep\u00fablica (PGR) a propor acordos de n\u00e3o persecu\u00e7\u00e3o penal para cerca de mil investigados pelos atos golpistas de 8 de janeiro, quando as sede dos Tr\u00eas Poderes foram invadidas, em Bras\u00edlia. A medida foi solicitada pela procuradoria ao Supremo e conta [&hellip;]","og_url":"https:\/\/www.notibras.com\/site\/moraes-autoriza-acordo-com-grupo-de-golpistas-do-8-de-janeiro\/","og_site_name":"Notibras","article_publisher":"https:\/\/www.facebook.com\/notibras\/","article_published_time":"2023-08-23T03:40:53+00:00","article_modified_time":"2023-08-23T06:45:16+00:00","og_image":[{"width":1170,"height":700,"url":"https:\/\/www.notibras.com\/site\/wp-content\/uploads\/2023\/08\/manifestacao1_mcamgo_abr_080120231818-01-1.jpeg","type":"image\/jpeg"}],"author":"Reda\u00e7\u00e3o","twitter_card":"summary_large_image","twitter_creator":"@Notibras","twitter_site":"@Notibras","twitter_misc":{"Escrito por":"Reda\u00e7\u00e3o","Est. tempo de leitura":"2 minutos"},"schema":{"@context":"https:\/\/schema.org","@graph":[{"@type":"Article","@id":"https:\/\/www.notibras.com\/site\/moraes-autoriza-acordo-com-grupo-de-golpistas-do-8-de-janeiro\/#article","isPartOf":{"@id":"https:\/\/www.notibras.com\/site\/moraes-autoriza-acordo-com-grupo-de-golpistas-do-8-de-janeiro\/"},"author":{"name":"Reda\u00e7\u00e3o","@id":"https:\/\/www.notibras.com\/site\/#\/schema\/person\/36ab0979449956132d3e5b517ea76ac8"},"headline":"Moraes autoriza acordo com grupo de golpistas","datePublished":"2023-08-23T03:40:53+00:00","dateModified":"2023-08-23T06:45:16+00:00","mainEntityOfPage":{"@id":"https:\/\/www.notibras.com\/site\/moraes-autoriza-acordo-com-grupo-de-golpistas-do-8-de-janeiro\/"},"wordCount":293,"publisher":{"@id":"https:\/\/www.notibras.com\/site\/#organization"},"image":{"@id":"https:\/\/www.notibras.com\/site\/moraes-autoriza-acordo-com-grupo-de-golpistas-do-8-de-janeiro\/#primaryimage"},"thumbnailUrl":"https:\/\/www.notibras.com\/site\/wp-content\/uploads\/2023\/08\/manifestacao1_mcamgo_abr_080120231818-01-1.jpeg","articleSection":["Quadradinho em Foco"],"inLanguage":"pt-BR"},{"@type":"WebPage","@id":"https:\/\/www.notibras.com\/site\/moraes-autoriza-acordo-com-grupo-de-golpistas-do-8-de-janeiro\/","url":"https:\/\/www.notibras.com\/site\/moraes-autoriza-acordo-com-grupo-de-golpistas-do-8-de-janeiro\/","name":"Moraes autoriza acordo com grupo de golpistas - Notibras","isPartOf":{"@id":"https:\/\/www.notibras.com\/site\/#website"},"primaryImageOfPage":{"@id":"https:\/\/www.notibras.com\/site\/moraes-autoriza-acordo-com-grupo-de-golpistas-do-8-de-janeiro\/#primaryimage"},"image":{"@id":"https:\/\/www.notibras.com\/site\/moraes-autoriza-acordo-com-grupo-de-golpistas-do-8-de-janeiro\/#primaryimage"},"thumbnailUrl":"https:\/\/www.notibras.com\/site\/wp-content\/uploads\/2023\/08\/manifestacao1_mcamgo_abr_080120231818-01-1.jpeg","datePublished":"2023-08-23T03:40:53+00:00","dateModified":"2023-08-23T06:45:16+00:00","breadcrumb":{"@id":"https:\/\/www.notibras.com\/site\/moraes-autoriza-acordo-com-grupo-de-golpistas-do-8-de-janeiro\/#breadcrumb"},"inLanguage":"pt-BR","potentialAction":[{"@type":"ReadAction","target":["https:\/\/www.notibras.com\/site\/moraes-autoriza-acordo-com-grupo-de-golpistas-do-8-de-janeiro\/"]}]},{"@type":"ImageObject","inLanguage":"pt-BR","@id":"https:\/\/www.notibras.com\/site\/moraes-autoriza-acordo-com-grupo-de-golpistas-do-8-de-janeiro\/#primaryimage","url":"https:\/\/www.notibras.com\/site\/wp-content\/uploads\/2023\/08\/manifestacao1_mcamgo_abr_080120231818-01-1.jpeg","contentUrl":"https:\/\/www.notibras.com\/site\/wp-content\/uploads\/2023\/08\/manifestacao1_mcamgo_abr_080120231818-01-1.jpeg","width":1170,"height":700,"caption":"Bras\u00edlia (DF), 08.01.2023 - Manifestantes golpistas invadem o Congresso Nacional, STF e Pal\u00e1cio do Planalto. Foto: Marcelo Camargo\/Ag\u00eancia Brasil"},{"@type":"BreadcrumbList","@id":"https:\/\/www.notibras.com\/site\/moraes-autoriza-acordo-com-grupo-de-golpistas-do-8-de-janeiro\/#breadcrumb","itemListElement":[{"@type":"ListItem","position":1,"name":"In\u00edcio","item":"https:\/\/www.notibras.com\/site\/"},{"@type":"ListItem","position":2,"name":"Moraes autoriza acordo com grupo de golpistas"}]},{"@type":"WebSite","@id":"https:\/\/www.notibras.com\/site\/#website","url":"https:\/\/www.notibras.com\/site\/","name":"Notibras","description":"Not\u00edcias de Bras\u00edlia, do Brasil e do Mundo","publisher":{"@id":"https:\/\/www.notibras.com\/site\/#organization"},"potentialAction":[{"@type":"SearchAction","target":{"@type":"EntryPoint","urlTemplate":"https:\/\/www.notibras.com\/site\/?s={search_term_string}"},"query-input":{"@type":"PropertyValueSpecification","valueRequired":true,"valueName":"search_term_string"}}],"inLanguage":"pt-BR"},{"@type":"Organization","@id":"https:\/\/www.notibras.com\/site\/#organization","name":"Grupo Notibras de Comunica\u00e7\u00e3o","url":"https:\/\/www.notibras.com\/site\/","logo":{"@type":"ImageObject","inLanguage":"pt-BR","@id":"https:\/\/www.notibras.com\/site\/#\/schema\/logo\/image\/","url":"https:\/\/www.notibras.com\/site\/wp-content\/uploads\/2023\/01\/notibras23.png","contentUrl":"https:\/\/www.notibras.com\/site\/wp-content\/uploads\/2023\/01\/notibras23.png","width":350,"height":87,"caption":"Grupo Notibras de Comunica\u00e7\u00e3o"},"image":{"@id":"https:\/\/www.notibras.com\/site\/#\/schema\/logo\/image\/"},"sameAs":["https:\/\/www.facebook.com\/notibras\/","https:\/\/x.com\/Notibras","https:\/\/www.instagram.com\/notibras\/"]},{"@type":"Person","@id":"https:\/\/www.notibras.com\/site\/#\/schema\/person\/36ab0979449956132d3e5b517ea76ac8","name":"Reda\u00e7\u00e3o","image":{"@type":"ImageObject","inLanguage":"pt-BR","@id":"https:\/\/secure.gravatar.com\/avatar\/e0a867bdedb85fd243eadf09663511f96fc81e0720a4a42581f334ad4303aa6b?s=96&d=mm&r=g","url":"https:\/\/secure.gravatar.com\/avatar\/e0a867bdedb85fd243eadf09663511f96fc81e0720a4a42581f334ad4303aa6b?s=96&d=mm&r=g","contentUrl":"https:\/\/secure.gravatar.com\/avatar\/e0a867bdedb85fd243eadf09663511f96fc81e0720a4a42581f334ad4303aa6b?s=96&d=mm&r=g","caption":"Reda\u00e7\u00e3o"}}]}},"amp_enabled":true,"_links":{"self":[{"href":"https:\/\/www.notibras.com\/site\/wp-json\/wp\/v2\/posts\/311550","targetHints":{"allow":["GET"]}}],"collection":[{"href":"https:\/\/www.notibras.com\/site\/wp-json\/wp\/v2\/posts"}],"about":[{"href":"https:\/\/www.notibras.com\/site\/wp-json\/wp\/v2\/types\/post"}],"author":[{"embeddable":true,"href":"https:\/\/www.notibras.com\/site\/wp-json\/wp\/v2\/users\/2"}],"replies":[{"embeddable":true,"href":"https:\/\/www.notibras.com\/site\/wp-json\/wp\/v2\/comments?post=311550"}],"version-history":[{"count":2,"href":"https:\/\/www.notibras.com\/site\/wp-json\/wp\/v2\/posts\/311550\/revisions"}],"predecessor-version":[{"id":311553,"href":"https:\/\/www.notibras.com\/site\/wp-json\/wp\/v2\/posts\/311550\/revisions\/311553"}],"wp:featuredmedia":[{"embeddable":true,"href":"https:\/\/www.notibras.com\/site\/wp-json\/wp\/v2\/media\/311551"}],"wp:attachment":[{"href":"https:\/\/www.notibras.com\/site\/wp-json\/wp\/v2\/media?parent=311550"}],"wp:term":[{"taxonomy":"category","embeddable":true,"href":"https:\/\/www.notibras.com\/site\/wp-json\/wp\/v2\/categories?post=311550"},{"taxonomy":"post_tag","embeddable":true,"href":"https:\/\/www.notibras.com\/site\/wp-json\/wp\/v2\/tags?post=311550"}],"curies":[{"name":"wp","href":"https:\/\/api.w.org\/{rel}","templated":true}]}}