{"id":311557,"date":"2023-08-23T00:10:04","date_gmt":"2023-08-23T03:10:04","guid":{"rendered":"https:\/\/www.notibras.com\/site\/?p=311557"},"modified":"2023-08-23T04:02:00","modified_gmt":"2023-08-23T07:02:00","slug":"onda-de-calor-esta-torrando-cabeca-de-brasiliense","status":"publish","type":"post","link":"https:\/\/www.notibras.com\/site\/onda-de-calor-esta-torrando-cabeca-de-brasiliense\/","title":{"rendered":"Onda de calor est\u00e1 torrando cabe\u00e7a de brasiliense"},"content":{"rendered":"<p>O inverno no Brasil est\u00e1 sendo marcado por uma onda de calor nesta semana. O Instituto Nacional de Meteorologia (Inmet), do Minist\u00e9rio da Agricultura e Pecu\u00e1ria (Mapa), prev\u00ea o predom\u00ednio de altas temperaturas, tempo seco e baixa umidade, em praticamente toda a semana, na maior parte do pa\u00eds, principalmente, em \u00e1reas centrais e no interior da Regi\u00e3o Nordeste. Bras\u00edlia n\u00e3o foge \u00e0 regra.<\/p>\n<p>De acordo com o Inmet, at\u00e9 a pr\u00f3xima segunda-feira (28), praticamente em toda a Regi\u00e3o Centro-Oeste uma massa de ar quente e seco permanecer\u00e1 e deixar\u00e1 o tempo est\u00e1vel e sem chuvas. Al\u00e9m disso, continuar\u00e3o a ser registrados baixos valores de umidade relativa do ar, que poder\u00e3o ficar abaixo dos 20%, principalmente nos estados de Mato Grosso, Goi\u00e1s e no Distrito Federal.<\/p>\n<p>A previs\u00e3o para a Regi\u00e3o Nordeste \u00e9 tamb\u00e9m de tempo seco e sem chuvas, al\u00e9m de baixos valores de umidade relativa, principalmente em \u00e1reas da regi\u00e3o denominada de Matopiba, por abranger os estados do Maranh\u00e3o, Tocantins, Piau\u00ed e Bahia, al\u00e9m do interior do Nordeste.<\/p>\n<p>A Regi\u00e3o Sudeste tamb\u00e9m ter\u00e1 tempo seco e sem chuvas, principalmente, em \u00e1reas do oeste de S\u00e3o Paulo, Tri\u00e2ngulo Mineiro e norte de Minas Gerais. Ainda no norte de Minas Gerais, poder\u00e3o ser registrados baixos valores de umidade relativa do ar, inferiores a 30%, at\u00e9 a sexta-feira (25).<\/p>\n<p>No oeste da Regi\u00e3o Sul, principalmente no Paran\u00e1, h\u00e1 previs\u00e3o de tempo seco e sem chuvas em grande parte da semana. E na Regi\u00e3o Norte, nos estados do Par\u00e1, Amap\u00e1 e Tocantins h\u00e1 predom\u00ednio do mesmo tempo seco e sem chuvas.<\/p>\n<p>Em entrevista \u00e0 Ag\u00eancia Brasil, o meteorologista do Inmet Her\u00e1clio Alves disse que as altas temperaturas verificadas neste m\u00eas superaram as expectativas de um inverno j\u00e1 mais aquecido que os anteriores.<\/p>\n<p>\u201cJ\u00e1 tinha uma previs\u00e3o para esse inverno ser mais quente do que o normal. Mas [as temperaturas] acabaram batendo o que estava previsto j\u00e1 no in\u00edcio da esta\u00e7\u00e3o, de que seria um inverno realmente com temperaturas mais elevadas do que o normal\u201d.<\/p>\n<p>O meteorologista esclarece, no entanto, que \u00e9 preciso aguardar o fim do inverno para fazer uma compara\u00e7\u00e3o mais consistente com os mesmos per\u00edodos dos anos anteriores.<\/p>\n<p>Her\u00e1clio Alves tamb\u00e9m n\u00e3o relacionou as atuais altas temperaturas com o fen\u00f4meno natural El Ni\u00f1o, que provoca o aquecimento anormal das \u00e1guas do Oceano Pac\u00edfico na sua por\u00e7\u00e3o equatorial e, assim, resulta em altera\u00e7\u00f5es no clima em parte da Am\u00e9rica do Sul. \u201cN\u00e3o \u00e9 poss\u00edvel fazer essa rela\u00e7\u00e3o [com El Ni\u00f1o], porque j\u00e1 existe um sistema t\u00edpico que atua nesta \u00e9poca do ano. Por enquanto, s\u00f3 faremos a an\u00e1lise no final do fen\u00f4meno e vamos comparar com outros anos que tiveram tamb\u00e9m a ocorr\u00eancia do El Ni\u00f1o para atestar se houve mesmo alguma rela\u00e7\u00e3o com as temperaturas mais intensas\u201d, explicou.<\/p>\n<p><strong>Chuvas<\/strong><br \/>\nA previs\u00e3o do tempo do Inmet aponta tamb\u00e9m que os maiores acumulados de chuvas cair\u00e3o no noroeste do pa\u00eds, al\u00e9m de \u00e1reas do leste da Regi\u00e3o Sudeste.<\/p>\n<p>Ainda esta semana, podem ocorrer baixos acumulados de chuva no litoral sul da Bahia. E em \u00e1reas do Rio de Janeiro, Esp\u00edrito Santo e leste de Minas Gerais, no in\u00edcio desta semana, podem ocorrer volumes de chuva maiores que 30 mm\/dia, devido a um sistema de baixa press\u00e3o.<\/p>\n<p>Na Regi\u00e3o Norte, podem ocorrer chuvas com volume maior do que 30 mm\/dia no noroeste do Amazonas, devido ao calor e alta umidade. Nas demais \u00e1reas, como no Par\u00e1, Amap\u00e1 e Tocantins, haver\u00e1 predom\u00ednio de tempo seco e sem chuvas.<\/p>\n<p><strong>Frio no oceano<\/strong><br \/>\nNa Regi\u00e3o Sul, acumulados de chuva podem ultrapassar 10 mm\/dia no Rio Grande do Sul e leste de Santa Catarina, devido a uma frente fria sobre o oceano, no in\u00edcio da semana, que intensificar\u00e1 \u00e1reas de instabilidade, mas n\u00e3o deve avan\u00e7ar sobre o continente.<\/p>\n","protected":false},"excerpt":{"rendered":"<p>O inverno no Brasil est\u00e1 sendo marcado por uma onda de calor nesta semana. O Instituto Nacional de Meteorologia (Inmet), do Minist\u00e9rio da Agricultura e Pecu\u00e1ria (Mapa), prev\u00ea o predom\u00ednio de altas temperaturas, tempo seco e baixa umidade, em praticamente toda a semana, na maior parte do pa\u00eds, principalmente, em \u00e1reas centrais e no interior [&hellip;]<\/p>\n","protected":false},"author":2,"featured_media":311558,"comment_status":"closed","ping_status":"closed","sticky":false,"template":"","format":"standard","meta":{"_acf_changed":false,"footnotes":""},"categories":[161],"tags":[],"class_list":["post-311557","post","type-post","status-publish","format-standard","has-post-thumbnail","hentry","category-quadradinho-em-foco"],"acf":[],"yoast_head":"<!-- This site is optimized with the Yoast SEO plugin v27.2 - https:\/\/yoast.com\/product\/yoast-seo-wordpress\/ -->\n<title>Onda de calor est\u00e1 torrando cabe\u00e7a de brasiliense - Notibras<\/title>\n<meta name=\"robots\" content=\"index, follow, max-snippet:-1, max-image-preview:large, max-video-preview:-1\" \/>\n<link rel=\"canonical\" href=\"https:\/\/www.notibras.com\/site\/onda-de-calor-esta-torrando-cabeca-de-brasiliense\/\" \/>\n<meta property=\"og:locale\" content=\"pt_BR\" \/>\n<meta property=\"og:type\" content=\"article\" \/>\n<meta property=\"og:title\" content=\"Onda de calor est\u00e1 torrando cabe\u00e7a de brasiliense - Notibras\" \/>\n<meta property=\"og:description\" content=\"O inverno no Brasil est\u00e1 sendo marcado por uma onda de calor nesta semana. O Instituto Nacional de Meteorologia (Inmet), do Minist\u00e9rio da Agricultura e Pecu\u00e1ria (Mapa), prev\u00ea o predom\u00ednio de altas temperaturas, tempo seco e baixa umidade, em praticamente toda a semana, na maior parte do pa\u00eds, principalmente, em \u00e1reas centrais e no interior [&hellip;]\" \/>\n<meta property=\"og:url\" content=\"https:\/\/www.notibras.com\/site\/onda-de-calor-esta-torrando-cabeca-de-brasiliense\/\" \/>\n<meta property=\"og:site_name\" content=\"Notibras\" \/>\n<meta property=\"article:publisher\" content=\"https:\/\/www.facebook.com\/notibras\/\" \/>\n<meta property=\"article:published_time\" content=\"2023-08-23T03:10:04+00:00\" \/>\n<meta property=\"article:modified_time\" content=\"2023-08-23T07:02:00+00:00\" \/>\n<meta property=\"og:image\" content=\"https:\/\/www.notibras.com\/site\/wp-content\/uploads\/2023\/08\/mapabrasil.jpg\" \/>\n\t<meta property=\"og:image:width\" content=\"1170\" \/>\n\t<meta property=\"og:image:height\" content=\"700\" \/>\n\t<meta property=\"og:image:type\" content=\"image\/jpeg\" \/>\n<meta name=\"author\" content=\"Reda\u00e7\u00e3o\" \/>\n<meta name=\"twitter:card\" content=\"summary_large_image\" \/>\n<meta name=\"twitter:creator\" content=\"@Notibras\" \/>\n<meta name=\"twitter:site\" content=\"@Notibras\" \/>\n<meta name=\"twitter:label1\" content=\"Escrito por\" \/>\n\t<meta name=\"twitter:data1\" content=\"Reda\u00e7\u00e3o\" \/>\n\t<meta name=\"twitter:label2\" content=\"Est. tempo de leitura\" \/>\n\t<meta name=\"twitter:data2\" content=\"4 minutos\" \/>\n<script type=\"application\/ld+json\" class=\"yoast-schema-graph\">{\"@context\":\"https:\/\/schema.org\",\"@graph\":[{\"@type\":\"Article\",\"@id\":\"https:\/\/www.notibras.com\/site\/onda-de-calor-esta-torrando-cabeca-de-brasiliense\/#article\",\"isPartOf\":{\"@id\":\"https:\/\/www.notibras.com\/site\/onda-de-calor-esta-torrando-cabeca-de-brasiliense\/\"},\"author\":{\"name\":\"Reda\u00e7\u00e3o\",\"@id\":\"https:\/\/www.notibras.com\/site\/#\/schema\/person\/36ab0979449956132d3e5b517ea76ac8\"},\"headline\":\"Onda de calor est\u00e1 torrando cabe\u00e7a de brasiliense\",\"datePublished\":\"2023-08-23T03:10:04+00:00\",\"dateModified\":\"2023-08-23T07:02:00+00:00\",\"mainEntityOfPage\":{\"@id\":\"https:\/\/www.notibras.com\/site\/onda-de-calor-esta-torrando-cabeca-de-brasiliense\/\"},\"wordCount\":693,\"publisher\":{\"@id\":\"https:\/\/www.notibras.com\/site\/#organization\"},\"image\":{\"@id\":\"https:\/\/www.notibras.com\/site\/onda-de-calor-esta-torrando-cabeca-de-brasiliense\/#primaryimage\"},\"thumbnailUrl\":\"https:\/\/www.notibras.com\/site\/wp-content\/uploads\/2023\/08\/mapabrasil.jpg\",\"articleSection\":[\"Quadradinho em Foco\"],\"inLanguage\":\"pt-BR\"},{\"@type\":\"WebPage\",\"@id\":\"https:\/\/www.notibras.com\/site\/onda-de-calor-esta-torrando-cabeca-de-brasiliense\/\",\"url\":\"https:\/\/www.notibras.com\/site\/onda-de-calor-esta-torrando-cabeca-de-brasiliense\/\",\"name\":\"Onda de calor est\u00e1 torrando cabe\u00e7a de brasiliense - Notibras\",\"isPartOf\":{\"@id\":\"https:\/\/www.notibras.com\/site\/#website\"},\"primaryImageOfPage\":{\"@id\":\"https:\/\/www.notibras.com\/site\/onda-de-calor-esta-torrando-cabeca-de-brasiliense\/#primaryimage\"},\"image\":{\"@id\":\"https:\/\/www.notibras.com\/site\/onda-de-calor-esta-torrando-cabeca-de-brasiliense\/#primaryimage\"},\"thumbnailUrl\":\"https:\/\/www.notibras.com\/site\/wp-content\/uploads\/2023\/08\/mapabrasil.jpg\",\"datePublished\":\"2023-08-23T03:10:04+00:00\",\"dateModified\":\"2023-08-23T07:02:00+00:00\",\"breadcrumb\":{\"@id\":\"https:\/\/www.notibras.com\/site\/onda-de-calor-esta-torrando-cabeca-de-brasiliense\/#breadcrumb\"},\"inLanguage\":\"pt-BR\",\"potentialAction\":[{\"@type\":\"ReadAction\",\"target\":[\"https:\/\/www.notibras.com\/site\/onda-de-calor-esta-torrando-cabeca-de-brasiliense\/\"]}]},{\"@type\":\"ImageObject\",\"inLanguage\":\"pt-BR\",\"@id\":\"https:\/\/www.notibras.com\/site\/onda-de-calor-esta-torrando-cabeca-de-brasiliense\/#primaryimage\",\"url\":\"https:\/\/www.notibras.com\/site\/wp-content\/uploads\/2023\/08\/mapabrasil.jpg\",\"contentUrl\":\"https:\/\/www.notibras.com\/site\/wp-content\/uploads\/2023\/08\/mapabrasil.jpg\",\"width\":1170,\"height\":700,\"caption\":\"Ilustra\u00e7\u00e3o do mapa do Brasil mostrando altas tempuraturas. Fonte: INMET\"},{\"@type\":\"BreadcrumbList\",\"@id\":\"https:\/\/www.notibras.com\/site\/onda-de-calor-esta-torrando-cabeca-de-brasiliense\/#breadcrumb\",\"itemListElement\":[{\"@type\":\"ListItem\",\"position\":1,\"name\":\"In\u00edcio\",\"item\":\"https:\/\/www.notibras.com\/site\/\"},{\"@type\":\"ListItem\",\"position\":2,\"name\":\"Onda de calor est\u00e1 torrando cabe\u00e7a de brasiliense\"}]},{\"@type\":\"WebSite\",\"@id\":\"https:\/\/www.notibras.com\/site\/#website\",\"url\":\"https:\/\/www.notibras.com\/site\/\",\"name\":\"Notibras\",\"description\":\"Not\u00edcias de Bras\u00edlia, do Brasil e do Mundo\",\"publisher\":{\"@id\":\"https:\/\/www.notibras.com\/site\/#organization\"},\"potentialAction\":[{\"@type\":\"SearchAction\",\"target\":{\"@type\":\"EntryPoint\",\"urlTemplate\":\"https:\/\/www.notibras.com\/site\/?s={search_term_string}\"},\"query-input\":{\"@type\":\"PropertyValueSpecification\",\"valueRequired\":true,\"valueName\":\"search_term_string\"}}],\"inLanguage\":\"pt-BR\"},{\"@type\":\"Organization\",\"@id\":\"https:\/\/www.notibras.com\/site\/#organization\",\"name\":\"Grupo Notibras de Comunica\u00e7\u00e3o\",\"url\":\"https:\/\/www.notibras.com\/site\/\",\"logo\":{\"@type\":\"ImageObject\",\"inLanguage\":\"pt-BR\",\"@id\":\"https:\/\/www.notibras.com\/site\/#\/schema\/logo\/image\/\",\"url\":\"https:\/\/www.notibras.com\/site\/wp-content\/uploads\/2023\/01\/notibras23.png\",\"contentUrl\":\"https:\/\/www.notibras.com\/site\/wp-content\/uploads\/2023\/01\/notibras23.png\",\"width\":350,\"height\":87,\"caption\":\"Grupo Notibras de Comunica\u00e7\u00e3o\"},\"image\":{\"@id\":\"https:\/\/www.notibras.com\/site\/#\/schema\/logo\/image\/\"},\"sameAs\":[\"https:\/\/www.facebook.com\/notibras\/\",\"https:\/\/x.com\/Notibras\",\"https:\/\/www.instagram.com\/notibras\/\"]},{\"@type\":\"Person\",\"@id\":\"https:\/\/www.notibras.com\/site\/#\/schema\/person\/36ab0979449956132d3e5b517ea76ac8\",\"name\":\"Reda\u00e7\u00e3o\",\"image\":{\"@type\":\"ImageObject\",\"inLanguage\":\"pt-BR\",\"@id\":\"https:\/\/secure.gravatar.com\/avatar\/e0a867bdedb85fd243eadf09663511f96fc81e0720a4a42581f334ad4303aa6b?s=96&d=mm&r=g\",\"url\":\"https:\/\/secure.gravatar.com\/avatar\/e0a867bdedb85fd243eadf09663511f96fc81e0720a4a42581f334ad4303aa6b?s=96&d=mm&r=g\",\"contentUrl\":\"https:\/\/secure.gravatar.com\/avatar\/e0a867bdedb85fd243eadf09663511f96fc81e0720a4a42581f334ad4303aa6b?s=96&d=mm&r=g\",\"caption\":\"Reda\u00e7\u00e3o\"}}]}<\/script>\n<!-- \/ Yoast SEO plugin. -->","yoast_head_json":{"title":"Onda de calor est\u00e1 torrando cabe\u00e7a de brasiliense - Notibras","robots":{"index":"index","follow":"follow","max-snippet":"max-snippet:-1","max-image-preview":"max-image-preview:large","max-video-preview":"max-video-preview:-1"},"canonical":"https:\/\/www.notibras.com\/site\/onda-de-calor-esta-torrando-cabeca-de-brasiliense\/","og_locale":"pt_BR","og_type":"article","og_title":"Onda de calor est\u00e1 torrando cabe\u00e7a de brasiliense - Notibras","og_description":"O inverno no Brasil est\u00e1 sendo marcado por uma onda de calor nesta semana. O Instituto Nacional de Meteorologia (Inmet), do Minist\u00e9rio da Agricultura e Pecu\u00e1ria (Mapa), prev\u00ea o predom\u00ednio de altas temperaturas, tempo seco e baixa umidade, em praticamente toda a semana, na maior parte do pa\u00eds, principalmente, em \u00e1reas centrais e no interior [&hellip;]","og_url":"https:\/\/www.notibras.com\/site\/onda-de-calor-esta-torrando-cabeca-de-brasiliense\/","og_site_name":"Notibras","article_publisher":"https:\/\/www.facebook.com\/notibras\/","article_published_time":"2023-08-23T03:10:04+00:00","article_modified_time":"2023-08-23T07:02:00+00:00","og_image":[{"width":1170,"height":700,"url":"https:\/\/www.notibras.com\/site\/wp-content\/uploads\/2023\/08\/mapabrasil.jpg","type":"image\/jpeg"}],"author":"Reda\u00e7\u00e3o","twitter_card":"summary_large_image","twitter_creator":"@Notibras","twitter_site":"@Notibras","twitter_misc":{"Escrito por":"Reda\u00e7\u00e3o","Est. tempo de leitura":"4 minutos"},"schema":{"@context":"https:\/\/schema.org","@graph":[{"@type":"Article","@id":"https:\/\/www.notibras.com\/site\/onda-de-calor-esta-torrando-cabeca-de-brasiliense\/#article","isPartOf":{"@id":"https:\/\/www.notibras.com\/site\/onda-de-calor-esta-torrando-cabeca-de-brasiliense\/"},"author":{"name":"Reda\u00e7\u00e3o","@id":"https:\/\/www.notibras.com\/site\/#\/schema\/person\/36ab0979449956132d3e5b517ea76ac8"},"headline":"Onda de calor est\u00e1 torrando cabe\u00e7a de brasiliense","datePublished":"2023-08-23T03:10:04+00:00","dateModified":"2023-08-23T07:02:00+00:00","mainEntityOfPage":{"@id":"https:\/\/www.notibras.com\/site\/onda-de-calor-esta-torrando-cabeca-de-brasiliense\/"},"wordCount":693,"publisher":{"@id":"https:\/\/www.notibras.com\/site\/#organization"},"image":{"@id":"https:\/\/www.notibras.com\/site\/onda-de-calor-esta-torrando-cabeca-de-brasiliense\/#primaryimage"},"thumbnailUrl":"https:\/\/www.notibras.com\/site\/wp-content\/uploads\/2023\/08\/mapabrasil.jpg","articleSection":["Quadradinho em Foco"],"inLanguage":"pt-BR"},{"@type":"WebPage","@id":"https:\/\/www.notibras.com\/site\/onda-de-calor-esta-torrando-cabeca-de-brasiliense\/","url":"https:\/\/www.notibras.com\/site\/onda-de-calor-esta-torrando-cabeca-de-brasiliense\/","name":"Onda de calor est\u00e1 torrando cabe\u00e7a de brasiliense - Notibras","isPartOf":{"@id":"https:\/\/www.notibras.com\/site\/#website"},"primaryImageOfPage":{"@id":"https:\/\/www.notibras.com\/site\/onda-de-calor-esta-torrando-cabeca-de-brasiliense\/#primaryimage"},"image":{"@id":"https:\/\/www.notibras.com\/site\/onda-de-calor-esta-torrando-cabeca-de-brasiliense\/#primaryimage"},"thumbnailUrl":"https:\/\/www.notibras.com\/site\/wp-content\/uploads\/2023\/08\/mapabrasil.jpg","datePublished":"2023-08-23T03:10:04+00:00","dateModified":"2023-08-23T07:02:00+00:00","breadcrumb":{"@id":"https:\/\/www.notibras.com\/site\/onda-de-calor-esta-torrando-cabeca-de-brasiliense\/#breadcrumb"},"inLanguage":"pt-BR","potentialAction":[{"@type":"ReadAction","target":["https:\/\/www.notibras.com\/site\/onda-de-calor-esta-torrando-cabeca-de-brasiliense\/"]}]},{"@type":"ImageObject","inLanguage":"pt-BR","@id":"https:\/\/www.notibras.com\/site\/onda-de-calor-esta-torrando-cabeca-de-brasiliense\/#primaryimage","url":"https:\/\/www.notibras.com\/site\/wp-content\/uploads\/2023\/08\/mapabrasil.jpg","contentUrl":"https:\/\/www.notibras.com\/site\/wp-content\/uploads\/2023\/08\/mapabrasil.jpg","width":1170,"height":700,"caption":"Ilustra\u00e7\u00e3o do mapa do Brasil mostrando altas tempuraturas. Fonte: INMET"},{"@type":"BreadcrumbList","@id":"https:\/\/www.notibras.com\/site\/onda-de-calor-esta-torrando-cabeca-de-brasiliense\/#breadcrumb","itemListElement":[{"@type":"ListItem","position":1,"name":"In\u00edcio","item":"https:\/\/www.notibras.com\/site\/"},{"@type":"ListItem","position":2,"name":"Onda de calor est\u00e1 torrando cabe\u00e7a de brasiliense"}]},{"@type":"WebSite","@id":"https:\/\/www.notibras.com\/site\/#website","url":"https:\/\/www.notibras.com\/site\/","name":"Notibras","description":"Not\u00edcias de Bras\u00edlia, do Brasil e do Mundo","publisher":{"@id":"https:\/\/www.notibras.com\/site\/#organization"},"potentialAction":[{"@type":"SearchAction","target":{"@type":"EntryPoint","urlTemplate":"https:\/\/www.notibras.com\/site\/?s={search_term_string}"},"query-input":{"@type":"PropertyValueSpecification","valueRequired":true,"valueName":"search_term_string"}}],"inLanguage":"pt-BR"},{"@type":"Organization","@id":"https:\/\/www.notibras.com\/site\/#organization","name":"Grupo Notibras de Comunica\u00e7\u00e3o","url":"https:\/\/www.notibras.com\/site\/","logo":{"@type":"ImageObject","inLanguage":"pt-BR","@id":"https:\/\/www.notibras.com\/site\/#\/schema\/logo\/image\/","url":"https:\/\/www.notibras.com\/site\/wp-content\/uploads\/2023\/01\/notibras23.png","contentUrl":"https:\/\/www.notibras.com\/site\/wp-content\/uploads\/2023\/01\/notibras23.png","width":350,"height":87,"caption":"Grupo Notibras de Comunica\u00e7\u00e3o"},"image":{"@id":"https:\/\/www.notibras.com\/site\/#\/schema\/logo\/image\/"},"sameAs":["https:\/\/www.facebook.com\/notibras\/","https:\/\/x.com\/Notibras","https:\/\/www.instagram.com\/notibras\/"]},{"@type":"Person","@id":"https:\/\/www.notibras.com\/site\/#\/schema\/person\/36ab0979449956132d3e5b517ea76ac8","name":"Reda\u00e7\u00e3o","image":{"@type":"ImageObject","inLanguage":"pt-BR","@id":"https:\/\/secure.gravatar.com\/avatar\/e0a867bdedb85fd243eadf09663511f96fc81e0720a4a42581f334ad4303aa6b?s=96&d=mm&r=g","url":"https:\/\/secure.gravatar.com\/avatar\/e0a867bdedb85fd243eadf09663511f96fc81e0720a4a42581f334ad4303aa6b?s=96&d=mm&r=g","contentUrl":"https:\/\/secure.gravatar.com\/avatar\/e0a867bdedb85fd243eadf09663511f96fc81e0720a4a42581f334ad4303aa6b?s=96&d=mm&r=g","caption":"Reda\u00e7\u00e3o"}}]}},"amp_enabled":true,"_links":{"self":[{"href":"https:\/\/www.notibras.com\/site\/wp-json\/wp\/v2\/posts\/311557","targetHints":{"allow":["GET"]}}],"collection":[{"href":"https:\/\/www.notibras.com\/site\/wp-json\/wp\/v2\/posts"}],"about":[{"href":"https:\/\/www.notibras.com\/site\/wp-json\/wp\/v2\/types\/post"}],"author":[{"embeddable":true,"href":"https:\/\/www.notibras.com\/site\/wp-json\/wp\/v2\/users\/2"}],"replies":[{"embeddable":true,"href":"https:\/\/www.notibras.com\/site\/wp-json\/wp\/v2\/comments?post=311557"}],"version-history":[{"count":1,"href":"https:\/\/www.notibras.com\/site\/wp-json\/wp\/v2\/posts\/311557\/revisions"}],"predecessor-version":[{"id":311559,"href":"https:\/\/www.notibras.com\/site\/wp-json\/wp\/v2\/posts\/311557\/revisions\/311559"}],"wp:featuredmedia":[{"embeddable":true,"href":"https:\/\/www.notibras.com\/site\/wp-json\/wp\/v2\/media\/311558"}],"wp:attachment":[{"href":"https:\/\/www.notibras.com\/site\/wp-json\/wp\/v2\/media?parent=311557"}],"wp:term":[{"taxonomy":"category","embeddable":true,"href":"https:\/\/www.notibras.com\/site\/wp-json\/wp\/v2\/categories?post=311557"},{"taxonomy":"post_tag","embeddable":true,"href":"https:\/\/www.notibras.com\/site\/wp-json\/wp\/v2\/tags?post=311557"}],"curies":[{"name":"wp","href":"https:\/\/api.w.org\/{rel}","templated":true}]}}