{"id":311560,"date":"2023-08-23T04:30:23","date_gmt":"2023-08-23T07:30:23","guid":{"rendered":"https:\/\/www.notibras.com\/site\/?p=311560"},"modified":"2023-08-23T16:31:36","modified_gmt":"2023-08-23T19:31:36","slug":"esquecidos-por-tio-meninos-ouvem-coisas-do-alem","status":"publish","type":"post","link":"https:\/\/www.notibras.com\/site\/esquecidos-por-tio-meninos-ouvem-coisas-do-alem\/","title":{"rendered":"Esquecidos por tio, meninos ouvem coisas do al\u00e9m"},"content":{"rendered":"<p>Acabei de receber uma liga\u00e7\u00e3o da Marta Nobre, chefe de Reda\u00e7\u00e3o de <strong><em>Notibras<\/em> <\/strong>e bra\u00e7o-direito do Jos\u00e9 Seabra, que anda fazendo um p\u00e9riplo por cl\u00ednicas para extrair dois cistos nas costas. Ela me falou exatamente essas palavras: &#8220;Dudu, quero um conto de terror para assustar meu netinho&#8221;. Bem, como ela \u00e9 a substituta imediata do chefe, tive que lhe fazer tal vontade. E vamos l\u00e1:<\/p>\n<p>O Chevette vermelho, quase sa\u00eddo de f\u00e1brica, despejou aquelas quatro crian\u00e7as, nenhuma acima dos 10 anos, nas vastas terras da fazenda Recanto das Amendoeiras, no munic\u00edpio de Aparecida do Taboado, Mato Grosso do Sul. Elas mal ouviram a promessa do tio sobre ir busc\u00e1-las antes do final do dia. Correram desembestadas, tamanha a \u00e2nsia de colocarem os planos maquinados na noite anterior.<\/p>\n<p>Nenhum adulto \u00e0 vista, Pedro, os g\u00eameos Rafael e Rog\u00e9rio e o mi\u00fado Serginho, neto do falecido propriet\u00e1rio daquela vastid\u00e3o, correram para o riacho mais pr\u00f3ximo. S\u00f3 de cueca, a meninada mergulhava e voltava \u00e0 superf\u00edcie na velocidade da pr\u00f3pria imagina\u00e7\u00e3o. Nenhum contou o tempo, mesmo porque ningu\u00e9m se lembrava das cobran\u00e7as da escola. Estavam de f\u00e9rias.<\/p>\n<p>Sol a pino, Pedro foi o primeiro a sentir os clamores do est\u00f4mago. Saiu da \u00e1gua e foi em dire\u00e7\u00e3o \u00e0 mochila, que havia deixado sob a copa de uma aroeira. Achou a mochila, mas n\u00e3o o pacote de biscoito que pensava que estava l\u00e1. N\u00e3o gastou tutano para tentar adivinhar o que teria acontecido. Talvez um macaco mais atrevido tenha surrupiado tudo, sem deixar migalhas pro faminto.<\/p>\n<p>O garoto tratou logo de voltar para o riacho, onde encontrou os primos na maior algazarra. Energia \u00e9 o que parecia n\u00e3o faltar \u00e0quela trupe. Embrenhou-se naquela brincadeira at\u00e9 que, todos exaustos, tombaram \u00e0s margens, ao mesmo tempo em que a tarde j\u00e1 come\u00e7ava a se despedir, dando boas vindas \u00e0 Lua.<\/p>\n<p>Esfomeados que estavam, foram procurar algo para rechear os buchos. Rumaram para o galinheiro, onde, por sorte, encontraram alguns ovos. Cada um catou o que cabia em suas pequenas m\u00e3os. Em seguida, foram em dire\u00e7\u00e3o \u00e0 antiga casa. No entanto, por azar, portas e janelas estavam fechadas.<\/p>\n<p>Os guris, sem ideias melhores nas cacholas, quebraram os ovos e os devoraram crus. N\u00e3o que gostassem daquilo, mas a fome era tamanha, que n\u00e3o tiveram escolha. Aquilo acabou por se tornar algo divertido, apesar das caretas. Encararam a gosma como uma verdadeira iguaria, a \u00fanica que dispunham.<\/p>\n<p>Logo veio a noite, nada do tio voltar. Ser\u00e1 que ele havia se esquecido dos sobrinhos? Pedro, talvez o mais preocupado, come\u00e7ou a pensar em algo para se protegerem de poss\u00edveis animais, especialmente de on\u00e7as, t\u00e3o comuns naquela regi\u00e3o. Foi a\u00ed que percebeu uma luz h\u00e1 quase um quil\u00f4metro. Vinha da casa do velho Jo\u00e3o, caseiro da fazenda.<\/p>\n<p>Decidido a buscar abrigo, Pedro convenceu os primos a rumarem para a resid\u00eancia do homem. Os quatro juntaram-se como se fossem uma am\u00e1lgama humana e come\u00e7aram a caminhar. De vez em quando, um chirri\u00e1 de uma coruja os fazia ainda mais grudados, enquanto apressavam os passos.<\/p>\n<p>Os meninos, finalmente, chegaram \u00e0 casa do velho Jo\u00e3o. Pedro, sempre \u00e0 frente, bateu palmas. Nada. Chamou pelo velho. Nada. Esmurrou a porta. Nada. O menino foi acompanhado pelos companheiros e, assim, insistiram em palmas, ao mesmo tempo em que come\u00e7aram a gritar.<\/p>\n<p>Depois de quase desistirem, eis que a porta de madeira come\u00e7ou a ranger. A garotada, olhos arregalados, temeram pelo pior. Entretanto, para al\u00edvio dos garotos, surgiu a figura do Jo\u00e3o, mais barbudo do que de costume. Mas era ele, um rosto conhecido. Mesmo assim, Pedro questionou o velho sobre a demora.<\/p>\n<p>&#8211; \u00c9 que ele vive batendo \u00e0 minha porta.<\/p>\n<p>&#8211; Ele quem?, quis saber Pedro.<\/p>\n<p>&#8211; O seu S\u00e9rgio.<\/p>\n<p>&#8211; U\u00e9, mas meu av\u00f4 j\u00e1 morreu h\u00e1 quase dois anos, disse o pequeno Serginho.<\/p>\n<p>&#8211; Pois \u00e9, sei disso. Mas ele ainda perambula por aqui.<\/p>\n","protected":false},"excerpt":{"rendered":"<p>Acabei de receber uma liga\u00e7\u00e3o da Marta Nobre, chefe de Reda\u00e7\u00e3o de Notibras e bra\u00e7o-direito do Jos\u00e9 Seabra, que anda fazendo um p\u00e9riplo por cl\u00ednicas para extrair dois cistos nas costas. Ela me falou exatamente essas palavras: &#8220;Dudu, quero um conto de terror para assustar meu netinho&#8221;. Bem, como ela \u00e9 a substituta imediata do [&hellip;]<\/p>\n","protected":false},"author":2,"featured_media":311561,"comment_status":"closed","ping_status":"closed","sticky":false,"template":"","format":"standard","meta":{"_acf_changed":false,"footnotes":""},"categories":[161],"tags":[],"class_list":["post-311560","post","type-post","status-publish","format-standard","has-post-thumbnail","hentry","category-quadradinho-em-foco"],"acf":[],"yoast_head":"<!-- This site is optimized with the Yoast SEO plugin v27.2 - https:\/\/yoast.com\/product\/yoast-seo-wordpress\/ -->\n<title>Esquecidos por tio, meninos ouvem coisas do al\u00e9m - Notibras<\/title>\n<meta name=\"robots\" content=\"index, follow, max-snippet:-1, max-image-preview:large, max-video-preview:-1\" \/>\n<link rel=\"canonical\" href=\"https:\/\/www.notibras.com\/site\/esquecidos-por-tio-meninos-ouvem-coisas-do-alem\/\" \/>\n<meta property=\"og:locale\" content=\"pt_BR\" \/>\n<meta property=\"og:type\" content=\"article\" \/>\n<meta property=\"og:title\" content=\"Esquecidos por tio, meninos ouvem coisas do al\u00e9m - Notibras\" \/>\n<meta property=\"og:description\" content=\"Acabei de receber uma liga\u00e7\u00e3o da Marta Nobre, chefe de Reda\u00e7\u00e3o de Notibras e bra\u00e7o-direito do Jos\u00e9 Seabra, que anda fazendo um p\u00e9riplo por cl\u00ednicas para extrair dois cistos nas costas. Ela me falou exatamente essas palavras: &#8220;Dudu, quero um conto de terror para assustar meu netinho&#8221;. Bem, como ela \u00e9 a substituta imediata do [&hellip;]\" \/>\n<meta property=\"og:url\" content=\"https:\/\/www.notibras.com\/site\/esquecidos-por-tio-meninos-ouvem-coisas-do-alem\/\" \/>\n<meta property=\"og:site_name\" content=\"Notibras\" \/>\n<meta property=\"article:publisher\" content=\"https:\/\/www.facebook.com\/notibras\/\" \/>\n<meta property=\"article:published_time\" content=\"2023-08-23T07:30:23+00:00\" \/>\n<meta property=\"article:modified_time\" content=\"2023-08-23T19:31:36+00:00\" \/>\n<meta property=\"og:image\" content=\"https:\/\/www.notibras.com\/site\/wp-content\/uploads\/2023\/08\/matocri.jpg\" \/>\n\t<meta property=\"og:image:width\" content=\"1400\" \/>\n\t<meta property=\"og:image:height\" content=\"715\" \/>\n\t<meta property=\"og:image:type\" content=\"image\/jpeg\" \/>\n<meta name=\"author\" content=\"Reda\u00e7\u00e3o\" \/>\n<meta name=\"twitter:card\" content=\"summary_large_image\" \/>\n<meta name=\"twitter:creator\" content=\"@Notibras\" \/>\n<meta name=\"twitter:site\" content=\"@Notibras\" \/>\n<meta name=\"twitter:label1\" content=\"Escrito por\" \/>\n\t<meta name=\"twitter:data1\" content=\"Reda\u00e7\u00e3o\" \/>\n\t<meta name=\"twitter:label2\" content=\"Est. tempo de leitura\" \/>\n\t<meta name=\"twitter:data2\" content=\"4 minutos\" \/>\n<script type=\"application\/ld+json\" class=\"yoast-schema-graph\">{\"@context\":\"https:\/\/schema.org\",\"@graph\":[{\"@type\":\"Article\",\"@id\":\"https:\/\/www.notibras.com\/site\/esquecidos-por-tio-meninos-ouvem-coisas-do-alem\/#article\",\"isPartOf\":{\"@id\":\"https:\/\/www.notibras.com\/site\/esquecidos-por-tio-meninos-ouvem-coisas-do-alem\/\"},\"author\":{\"name\":\"Reda\u00e7\u00e3o\",\"@id\":\"https:\/\/www.notibras.com\/site\/#\/schema\/person\/36ab0979449956132d3e5b517ea76ac8\"},\"headline\":\"Esquecidos por tio, meninos ouvem coisas do al\u00e9m\",\"datePublished\":\"2023-08-23T07:30:23+00:00\",\"dateModified\":\"2023-08-23T19:31:36+00:00\",\"mainEntityOfPage\":{\"@id\":\"https:\/\/www.notibras.com\/site\/esquecidos-por-tio-meninos-ouvem-coisas-do-alem\/\"},\"wordCount\":686,\"publisher\":{\"@id\":\"https:\/\/www.notibras.com\/site\/#organization\"},\"image\":{\"@id\":\"https:\/\/www.notibras.com\/site\/esquecidos-por-tio-meninos-ouvem-coisas-do-alem\/#primaryimage\"},\"thumbnailUrl\":\"https:\/\/www.notibras.com\/site\/wp-content\/uploads\/2023\/08\/matocri.jpg\",\"articleSection\":[\"Quadradinho em Foco\"],\"inLanguage\":\"pt-BR\"},{\"@type\":\"WebPage\",\"@id\":\"https:\/\/www.notibras.com\/site\/esquecidos-por-tio-meninos-ouvem-coisas-do-alem\/\",\"url\":\"https:\/\/www.notibras.com\/site\/esquecidos-por-tio-meninos-ouvem-coisas-do-alem\/\",\"name\":\"Esquecidos por tio, meninos ouvem coisas do al\u00e9m - Notibras\",\"isPartOf\":{\"@id\":\"https:\/\/www.notibras.com\/site\/#website\"},\"primaryImageOfPage\":{\"@id\":\"https:\/\/www.notibras.com\/site\/esquecidos-por-tio-meninos-ouvem-coisas-do-alem\/#primaryimage\"},\"image\":{\"@id\":\"https:\/\/www.notibras.com\/site\/esquecidos-por-tio-meninos-ouvem-coisas-do-alem\/#primaryimage\"},\"thumbnailUrl\":\"https:\/\/www.notibras.com\/site\/wp-content\/uploads\/2023\/08\/matocri.jpg\",\"datePublished\":\"2023-08-23T07:30:23+00:00\",\"dateModified\":\"2023-08-23T19:31:36+00:00\",\"breadcrumb\":{\"@id\":\"https:\/\/www.notibras.com\/site\/esquecidos-por-tio-meninos-ouvem-coisas-do-alem\/#breadcrumb\"},\"inLanguage\":\"pt-BR\",\"potentialAction\":[{\"@type\":\"ReadAction\",\"target\":[\"https:\/\/www.notibras.com\/site\/esquecidos-por-tio-meninos-ouvem-coisas-do-alem\/\"]}]},{\"@type\":\"ImageObject\",\"inLanguage\":\"pt-BR\",\"@id\":\"https:\/\/www.notibras.com\/site\/esquecidos-por-tio-meninos-ouvem-coisas-do-alem\/#primaryimage\",\"url\":\"https:\/\/www.notibras.com\/site\/wp-content\/uploads\/2023\/08\/matocri.jpg\",\"contentUrl\":\"https:\/\/www.notibras.com\/site\/wp-content\/uploads\/2023\/08\/matocri.jpg\",\"width\":1400,\"height\":715},{\"@type\":\"BreadcrumbList\",\"@id\":\"https:\/\/www.notibras.com\/site\/esquecidos-por-tio-meninos-ouvem-coisas-do-alem\/#breadcrumb\",\"itemListElement\":[{\"@type\":\"ListItem\",\"position\":1,\"name\":\"In\u00edcio\",\"item\":\"https:\/\/www.notibras.com\/site\/\"},{\"@type\":\"ListItem\",\"position\":2,\"name\":\"Esquecidos por tio, meninos ouvem coisas do al\u00e9m\"}]},{\"@type\":\"WebSite\",\"@id\":\"https:\/\/www.notibras.com\/site\/#website\",\"url\":\"https:\/\/www.notibras.com\/site\/\",\"name\":\"Notibras\",\"description\":\"Not\u00edcias de Bras\u00edlia, do Brasil e do Mundo\",\"publisher\":{\"@id\":\"https:\/\/www.notibras.com\/site\/#organization\"},\"potentialAction\":[{\"@type\":\"SearchAction\",\"target\":{\"@type\":\"EntryPoint\",\"urlTemplate\":\"https:\/\/www.notibras.com\/site\/?s={search_term_string}\"},\"query-input\":{\"@type\":\"PropertyValueSpecification\",\"valueRequired\":true,\"valueName\":\"search_term_string\"}}],\"inLanguage\":\"pt-BR\"},{\"@type\":\"Organization\",\"@id\":\"https:\/\/www.notibras.com\/site\/#organization\",\"name\":\"Grupo Notibras de Comunica\u00e7\u00e3o\",\"url\":\"https:\/\/www.notibras.com\/site\/\",\"logo\":{\"@type\":\"ImageObject\",\"inLanguage\":\"pt-BR\",\"@id\":\"https:\/\/www.notibras.com\/site\/#\/schema\/logo\/image\/\",\"url\":\"https:\/\/www.notibras.com\/site\/wp-content\/uploads\/2023\/01\/notibras23.png\",\"contentUrl\":\"https:\/\/www.notibras.com\/site\/wp-content\/uploads\/2023\/01\/notibras23.png\",\"width\":350,\"height\":87,\"caption\":\"Grupo Notibras de Comunica\u00e7\u00e3o\"},\"image\":{\"@id\":\"https:\/\/www.notibras.com\/site\/#\/schema\/logo\/image\/\"},\"sameAs\":[\"https:\/\/www.facebook.com\/notibras\/\",\"https:\/\/x.com\/Notibras\",\"https:\/\/www.instagram.com\/notibras\/\"]},{\"@type\":\"Person\",\"@id\":\"https:\/\/www.notibras.com\/site\/#\/schema\/person\/36ab0979449956132d3e5b517ea76ac8\",\"name\":\"Reda\u00e7\u00e3o\",\"image\":{\"@type\":\"ImageObject\",\"inLanguage\":\"pt-BR\",\"@id\":\"https:\/\/secure.gravatar.com\/avatar\/e0a867bdedb85fd243eadf09663511f96fc81e0720a4a42581f334ad4303aa6b?s=96&d=mm&r=g\",\"url\":\"https:\/\/secure.gravatar.com\/avatar\/e0a867bdedb85fd243eadf09663511f96fc81e0720a4a42581f334ad4303aa6b?s=96&d=mm&r=g\",\"contentUrl\":\"https:\/\/secure.gravatar.com\/avatar\/e0a867bdedb85fd243eadf09663511f96fc81e0720a4a42581f334ad4303aa6b?s=96&d=mm&r=g\",\"caption\":\"Reda\u00e7\u00e3o\"}}]}<\/script>\n<!-- \/ Yoast SEO plugin. -->","yoast_head_json":{"title":"Esquecidos por tio, meninos ouvem coisas do al\u00e9m - Notibras","robots":{"index":"index","follow":"follow","max-snippet":"max-snippet:-1","max-image-preview":"max-image-preview:large","max-video-preview":"max-video-preview:-1"},"canonical":"https:\/\/www.notibras.com\/site\/esquecidos-por-tio-meninos-ouvem-coisas-do-alem\/","og_locale":"pt_BR","og_type":"article","og_title":"Esquecidos por tio, meninos ouvem coisas do al\u00e9m - Notibras","og_description":"Acabei de receber uma liga\u00e7\u00e3o da Marta Nobre, chefe de Reda\u00e7\u00e3o de Notibras e bra\u00e7o-direito do Jos\u00e9 Seabra, que anda fazendo um p\u00e9riplo por cl\u00ednicas para extrair dois cistos nas costas. Ela me falou exatamente essas palavras: &#8220;Dudu, quero um conto de terror para assustar meu netinho&#8221;. Bem, como ela \u00e9 a substituta imediata do [&hellip;]","og_url":"https:\/\/www.notibras.com\/site\/esquecidos-por-tio-meninos-ouvem-coisas-do-alem\/","og_site_name":"Notibras","article_publisher":"https:\/\/www.facebook.com\/notibras\/","article_published_time":"2023-08-23T07:30:23+00:00","article_modified_time":"2023-08-23T19:31:36+00:00","og_image":[{"width":1400,"height":715,"url":"https:\/\/www.notibras.com\/site\/wp-content\/uploads\/2023\/08\/matocri.jpg","type":"image\/jpeg"}],"author":"Reda\u00e7\u00e3o","twitter_card":"summary_large_image","twitter_creator":"@Notibras","twitter_site":"@Notibras","twitter_misc":{"Escrito por":"Reda\u00e7\u00e3o","Est. tempo de leitura":"4 minutos"},"schema":{"@context":"https:\/\/schema.org","@graph":[{"@type":"Article","@id":"https:\/\/www.notibras.com\/site\/esquecidos-por-tio-meninos-ouvem-coisas-do-alem\/#article","isPartOf":{"@id":"https:\/\/www.notibras.com\/site\/esquecidos-por-tio-meninos-ouvem-coisas-do-alem\/"},"author":{"name":"Reda\u00e7\u00e3o","@id":"https:\/\/www.notibras.com\/site\/#\/schema\/person\/36ab0979449956132d3e5b517ea76ac8"},"headline":"Esquecidos por tio, meninos ouvem coisas do al\u00e9m","datePublished":"2023-08-23T07:30:23+00:00","dateModified":"2023-08-23T19:31:36+00:00","mainEntityOfPage":{"@id":"https:\/\/www.notibras.com\/site\/esquecidos-por-tio-meninos-ouvem-coisas-do-alem\/"},"wordCount":686,"publisher":{"@id":"https:\/\/www.notibras.com\/site\/#organization"},"image":{"@id":"https:\/\/www.notibras.com\/site\/esquecidos-por-tio-meninos-ouvem-coisas-do-alem\/#primaryimage"},"thumbnailUrl":"https:\/\/www.notibras.com\/site\/wp-content\/uploads\/2023\/08\/matocri.jpg","articleSection":["Quadradinho em Foco"],"inLanguage":"pt-BR"},{"@type":"WebPage","@id":"https:\/\/www.notibras.com\/site\/esquecidos-por-tio-meninos-ouvem-coisas-do-alem\/","url":"https:\/\/www.notibras.com\/site\/esquecidos-por-tio-meninos-ouvem-coisas-do-alem\/","name":"Esquecidos por tio, meninos ouvem coisas do al\u00e9m - Notibras","isPartOf":{"@id":"https:\/\/www.notibras.com\/site\/#website"},"primaryImageOfPage":{"@id":"https:\/\/www.notibras.com\/site\/esquecidos-por-tio-meninos-ouvem-coisas-do-alem\/#primaryimage"},"image":{"@id":"https:\/\/www.notibras.com\/site\/esquecidos-por-tio-meninos-ouvem-coisas-do-alem\/#primaryimage"},"thumbnailUrl":"https:\/\/www.notibras.com\/site\/wp-content\/uploads\/2023\/08\/matocri.jpg","datePublished":"2023-08-23T07:30:23+00:00","dateModified":"2023-08-23T19:31:36+00:00","breadcrumb":{"@id":"https:\/\/www.notibras.com\/site\/esquecidos-por-tio-meninos-ouvem-coisas-do-alem\/#breadcrumb"},"inLanguage":"pt-BR","potentialAction":[{"@type":"ReadAction","target":["https:\/\/www.notibras.com\/site\/esquecidos-por-tio-meninos-ouvem-coisas-do-alem\/"]}]},{"@type":"ImageObject","inLanguage":"pt-BR","@id":"https:\/\/www.notibras.com\/site\/esquecidos-por-tio-meninos-ouvem-coisas-do-alem\/#primaryimage","url":"https:\/\/www.notibras.com\/site\/wp-content\/uploads\/2023\/08\/matocri.jpg","contentUrl":"https:\/\/www.notibras.com\/site\/wp-content\/uploads\/2023\/08\/matocri.jpg","width":1400,"height":715},{"@type":"BreadcrumbList","@id":"https:\/\/www.notibras.com\/site\/esquecidos-por-tio-meninos-ouvem-coisas-do-alem\/#breadcrumb","itemListElement":[{"@type":"ListItem","position":1,"name":"In\u00edcio","item":"https:\/\/www.notibras.com\/site\/"},{"@type":"ListItem","position":2,"name":"Esquecidos por tio, meninos ouvem coisas do al\u00e9m"}]},{"@type":"WebSite","@id":"https:\/\/www.notibras.com\/site\/#website","url":"https:\/\/www.notibras.com\/site\/","name":"Notibras","description":"Not\u00edcias de Bras\u00edlia, do Brasil e do Mundo","publisher":{"@id":"https:\/\/www.notibras.com\/site\/#organization"},"potentialAction":[{"@type":"SearchAction","target":{"@type":"EntryPoint","urlTemplate":"https:\/\/www.notibras.com\/site\/?s={search_term_string}"},"query-input":{"@type":"PropertyValueSpecification","valueRequired":true,"valueName":"search_term_string"}}],"inLanguage":"pt-BR"},{"@type":"Organization","@id":"https:\/\/www.notibras.com\/site\/#organization","name":"Grupo Notibras de Comunica\u00e7\u00e3o","url":"https:\/\/www.notibras.com\/site\/","logo":{"@type":"ImageObject","inLanguage":"pt-BR","@id":"https:\/\/www.notibras.com\/site\/#\/schema\/logo\/image\/","url":"https:\/\/www.notibras.com\/site\/wp-content\/uploads\/2023\/01\/notibras23.png","contentUrl":"https:\/\/www.notibras.com\/site\/wp-content\/uploads\/2023\/01\/notibras23.png","width":350,"height":87,"caption":"Grupo Notibras de Comunica\u00e7\u00e3o"},"image":{"@id":"https:\/\/www.notibras.com\/site\/#\/schema\/logo\/image\/"},"sameAs":["https:\/\/www.facebook.com\/notibras\/","https:\/\/x.com\/Notibras","https:\/\/www.instagram.com\/notibras\/"]},{"@type":"Person","@id":"https:\/\/www.notibras.com\/site\/#\/schema\/person\/36ab0979449956132d3e5b517ea76ac8","name":"Reda\u00e7\u00e3o","image":{"@type":"ImageObject","inLanguage":"pt-BR","@id":"https:\/\/secure.gravatar.com\/avatar\/e0a867bdedb85fd243eadf09663511f96fc81e0720a4a42581f334ad4303aa6b?s=96&d=mm&r=g","url":"https:\/\/secure.gravatar.com\/avatar\/e0a867bdedb85fd243eadf09663511f96fc81e0720a4a42581f334ad4303aa6b?s=96&d=mm&r=g","contentUrl":"https:\/\/secure.gravatar.com\/avatar\/e0a867bdedb85fd243eadf09663511f96fc81e0720a4a42581f334ad4303aa6b?s=96&d=mm&r=g","caption":"Reda\u00e7\u00e3o"}}]}},"amp_enabled":true,"_links":{"self":[{"href":"https:\/\/www.notibras.com\/site\/wp-json\/wp\/v2\/posts\/311560","targetHints":{"allow":["GET"]}}],"collection":[{"href":"https:\/\/www.notibras.com\/site\/wp-json\/wp\/v2\/posts"}],"about":[{"href":"https:\/\/www.notibras.com\/site\/wp-json\/wp\/v2\/types\/post"}],"author":[{"embeddable":true,"href":"https:\/\/www.notibras.com\/site\/wp-json\/wp\/v2\/users\/2"}],"replies":[{"embeddable":true,"href":"https:\/\/www.notibras.com\/site\/wp-json\/wp\/v2\/comments?post=311560"}],"version-history":[{"count":5,"href":"https:\/\/www.notibras.com\/site\/wp-json\/wp\/v2\/posts\/311560\/revisions"}],"predecessor-version":[{"id":311599,"href":"https:\/\/www.notibras.com\/site\/wp-json\/wp\/v2\/posts\/311560\/revisions\/311599"}],"wp:featuredmedia":[{"embeddable":true,"href":"https:\/\/www.notibras.com\/site\/wp-json\/wp\/v2\/media\/311561"}],"wp:attachment":[{"href":"https:\/\/www.notibras.com\/site\/wp-json\/wp\/v2\/media?parent=311560"}],"wp:term":[{"taxonomy":"category","embeddable":true,"href":"https:\/\/www.notibras.com\/site\/wp-json\/wp\/v2\/categories?post=311560"},{"taxonomy":"post_tag","embeddable":true,"href":"https:\/\/www.notibras.com\/site\/wp-json\/wp\/v2\/tags?post=311560"}],"curies":[{"name":"wp","href":"https:\/\/api.w.org\/{rel}","templated":true}]}}