{"id":311570,"date":"2023-08-23T13:21:58","date_gmt":"2023-08-23T16:21:58","guid":{"rendered":"https:\/\/www.notibras.com\/site\/?p=311570"},"modified":"2023-08-23T13:30:35","modified_gmt":"2023-08-23T16:30:35","slug":"po-promete-apoio-para-industria-do-turismo","status":"publish","type":"post","link":"https:\/\/www.notibras.com\/site\/po-promete-apoio-para-industria-do-turismo\/","title":{"rendered":"PO promete apoio para ind\u00fastria do turismo"},"content":{"rendered":"<p>Representantes de sindicatos de trabalhadores e associa\u00e7\u00f5es estiveram reunidos com o empres\u00e1rio Paulo Oct\u00e1vio, presidente do PSD-DF, para pedir apoio no sentido de aumentar a representatividade destas entidades, que o grupo considera esvaziadas ap\u00f3s a reforma trabalhista, ocorrida no governo de Michel Temer (MDB). Organizado pela presidente da Federa\u00e7\u00e3o dos Trabalhadores em Turismo e Hospitalidade (Fetratuh), Vera L\u00eada Ferreira de Morais, e pelo diretor Peterson Brilhante, o grupo saiu com a garantia de que o empres\u00e1rio vai buscar apoio aos pleitos apresentados.<\/p>\n<p>Segundo Vera Morais, a pol\u00edtica est\u00e1 ligada diretamente \u00e0 gera\u00e7\u00e3o de empregos e \u00e0 reestrutura\u00e7\u00e3o do movimento sindical. &#8220;Hoje n\u00f3s conversamos aqui em grupo, mas queremos oportunamente trazer a pauta individual de cada uma dessas representa\u00e7\u00f5es. Mas n\u00f3s queremos ajuda do PSD para nos tirar da vala comum em que fomos jogados&#8221;, disse. &#8220;Sabemos que o PSD tem limita\u00e7\u00f5es legais em rela\u00e7\u00e3o \u00e0 legisla\u00e7\u00e3o trabalhista. Mas temos a no\u00e7\u00e3o de que essa representa\u00e7\u00e3o e o senhor, como presidente regional, pode influenciar dentro do Congresso Nacional para melhorar a valoriza\u00e7\u00e3o dos trabalhadores&#8221;, acrescentou.<\/p>\n<p>Para Peterson Brilhante, diretor da Fetratuh, o encontro foi importante para debater pol\u00edtica a sindical, unindo as entidade a um partido que tem o sonho de JK, representado por seu bisneto, Andr\u00e9 Kubitschek. &#8220;A legenda tem como presidente um empres\u00e1rio que h\u00e1 48 anos est\u00e1 no mercado, que empregou diretamente mais de 51 mil trabalhadores e que conseguiu liderar uma feito in\u00e9dito em Bras\u00edlia: assinar mil carteiras de trabalho em um dia&#8221;, destacou.<\/p>\n<p>Presidente do Sindicato dos Trabalhadores em Condom\u00ednios e Imobili\u00e1rias do DF (Seicon-DF), Paulo In\u00e1cio Cardoso disse que a qualifica\u00e7\u00e3o de &#8220;vagabundo&#8221; para os membros de sindicatos mostra o desconhecimento da vida de quem luta pelas categorias profissionais. &#8220;Essa gente fala por ouvir dizer e nunca p\u00f4s o p\u00e9 no ch\u00e3o de f\u00e1brica para construir o que efetivamente constru\u00edmos. Eles precisam abrir a Constitui\u00e7\u00e3o e verificar que o artigo 7\u00b0 e 8\u00b0 s\u00e3o fruto das negocia\u00e7\u00f5es coletivas do movimento sindical. N\u00f3s defendemos o movimento sindical. Sem essa estrutura forte, n\u00e3o haver\u00e1 equil\u00edbrio democr\u00e1tico em na\u00e7\u00e3o alguma&#8221;, acrescentou.<\/p>\n<p>Outro l\u00edder sindical a se manifestar foi Orlando C\u00e2ndido, presidente do Sindicato dos Empregados no Com\u00e9rcio Hoteleiro, Restaurantes, Bares, Lanchonetes e Similares do DF (Sechosc). &#8220;Sofremos muito com a pandemia. Acho que foi o segmento que mais que mais sofreu foi o nosso. Ent\u00e3o estamos quero contar sempre com o apoio de voc\u00eas. N\u00f3s temos o prazer de falar que capital e trabalho t\u00eam de andar juntos. \u00c9 um trem numa trilha s\u00f3 e n\u00e3o adianta puxar para c\u00e1, puxar para l\u00e1, n\u00e3o&#8221;, acrescentou.<\/p>\n<p>Diretor da Rede Plaza de Hot\u00e9is, Andr\u00e9 Kubitschek, que tamb\u00e9m \u00e9 presidente do PSD Jovem no DF, destacou que o turismo \u00e9 uma das maneiras mais f\u00e1ceis e pr\u00e1ticas para a aquecer uma economia. &#8220;Quando a gente recebe um turista aqui, fomentamos aa economia atrav\u00e9s da companhia a\u00e9rea, do taxista, do lojista, do feirante, do hoteleiro, do restaurante, do bar&#8230; A cadeia produtiva inteira ganha&#8221;, definiu.<\/p>\n<p>&#8220;\u00c9 importante a gente trabalhar em prol do turismo. Fiquei feliz ao ver que o GDF vai voltar a investir na cultura da cidade. A reabertura do Teatro Nacional pode atrair um p\u00fablico externo. O aut\u00f3dromo tamb\u00e9m ser\u00e1 resgatado. Hoje, temos voos saindo de Bras\u00edlia para todas as capitais do Brasil e seis internacionais. Amamos Bras\u00edlia desde que meu bisav\u00f4 a construiu, no s\u00e9culo passado. E meu pai deu continuidade a essa constru\u00e7\u00e3o. Temos compromisso com a cidade e quero participar e defender todos os direitos das categorias, que s\u00e3o de suma import\u00e2ncia para nossa economia&#8221;, emendou.<\/p>\n<p>Para Paulo Oct\u00e1vio, a valoriza\u00e7\u00e3o do trabalhador \u00e9 fudamental. \u201cTrabalhador valorizado, bem alimentado e que recebe em dia \u00e9 trabalhador feliz. Mas n\u00f3s, empres\u00e1rios, n\u00e3o estamos fazendo nada al\u00e9m do que dever\u00edamos fazer. Sem trabalhador n\u00e3o h\u00e1 empresa. Sempre que mostramos o que fazemos \u00e9 para motivar outras empresas\u201d, contou, detalhando tamb\u00e9m os programas de apoio aos trabalhadores vigentes nas suas empresas.<\/p>\n<p>&#8220;Eu ouvi as dificuldades que voc\u00eas est\u00e3o vivendo. A dificuldade \u00e9 porque as mudan\u00e7as nas leis trabalhistas foram prejudiciais aos sindicatos. Ouvir voc\u00eas, para mim, foi uma li\u00e7\u00e3o. Eu sempre defendi que o mundo empresarial tinha que estar mais ligado ao mundo da produ\u00e7\u00e3o, ao mundo do emprego, principalmente no Brasil. A Bras\u00edlia de hoje tem 100 mil desempregados. O problema, muitas vezes, n\u00e3o \u00e9 a falta de emprego. \u00c9 que n\u00f3s temos muita gente sem a devida qualifica\u00e7\u00e3o. E isso \u00e9 terr\u00edvel&#8221;, concluiu.<\/p>\n<p>Tamb\u00e9m participaram da reuni\u00e3o a presidente do Movimento das Mulheres Policiais do Brasil (MMUP), Eline Lemos; o presidente do Sindicato dos trabalhadores em Lavanderia e Tinturaria de DF (Sintralav), Valdeci Velez; Sindicato dos Trabalhadores Dom\u00e9sticos do DF e Entorno (Sintrado-DF), Maria N\u00e1dir Ferreira Ramalho; o presidente do Sindicato dos Guias de Turismo (Sindgtur\/DF), Rafael Lima; o presidente da Nova Central Sindical dos Trabalhadores do DF (NCST-DF), Marcus Monteiro; o presidente do Sindicato dos Empregados em Empresas de Turismo e Viagens, Int\u00e9rpretes de Bras\u00edlia (Semdetur), Cl\u00e1udio Borges; a presidente do Sindicato dos Trabalhadores Artes\u00e3os e de Artes Manuais do DF e Entorno (Sintrarts), \u00c2ngela Roboredo; e o presidente do Sindicato dos Trabalhadores nas Ind\u00fastrias da Constru\u00e7\u00e3o e do Mobili\u00e1rio de Bras\u00edlia (Sticombe), Raimundo Salvador.<\/p>\n","protected":false},"excerpt":{"rendered":"<p>Representantes de sindicatos de trabalhadores e associa\u00e7\u00f5es estiveram reunidos com o empres\u00e1rio Paulo Oct\u00e1vio, presidente do PSD-DF, para pedir apoio no sentido de aumentar a representatividade destas entidades, que o grupo considera esvaziadas ap\u00f3s a reforma trabalhista, ocorrida no governo de Michel Temer (MDB). Organizado pela presidente da Federa\u00e7\u00e3o dos Trabalhadores em Turismo e Hospitalidade [&hellip;]<\/p>\n","protected":false},"author":2,"featured_media":311571,"comment_status":"closed","ping_status":"closed","sticky":false,"template":"","format":"standard","meta":{"_acf_changed":false,"footnotes":""},"categories":[161],"tags":[],"class_list":["post-311570","post","type-post","status-publish","format-standard","has-post-thumbnail","hentry","category-quadradinho-em-foco"],"acf":[],"yoast_head":"<!-- This site is optimized with the Yoast SEO plugin v27.2 - https:\/\/yoast.com\/product\/yoast-seo-wordpress\/ -->\n<title>PO promete apoio para ind\u00fastria do turismo - Notibras<\/title>\n<meta name=\"robots\" content=\"index, follow, max-snippet:-1, max-image-preview:large, max-video-preview:-1\" \/>\n<link rel=\"canonical\" href=\"https:\/\/www.notibras.com\/site\/po-promete-apoio-para-industria-do-turismo\/\" \/>\n<meta property=\"og:locale\" content=\"pt_BR\" \/>\n<meta property=\"og:type\" content=\"article\" \/>\n<meta property=\"og:title\" content=\"PO promete apoio para ind\u00fastria do turismo - Notibras\" \/>\n<meta property=\"og:description\" content=\"Representantes de sindicatos de trabalhadores e associa\u00e7\u00f5es estiveram reunidos com o empres\u00e1rio Paulo Oct\u00e1vio, presidente do PSD-DF, para pedir apoio no sentido de aumentar a representatividade destas entidades, que o grupo considera esvaziadas ap\u00f3s a reforma trabalhista, ocorrida no governo de Michel Temer (MDB). Organizado pela presidente da Federa\u00e7\u00e3o dos Trabalhadores em Turismo e Hospitalidade [&hellip;]\" \/>\n<meta property=\"og:url\" content=\"https:\/\/www.notibras.com\/site\/po-promete-apoio-para-industria-do-turismo\/\" \/>\n<meta property=\"og:site_name\" content=\"Notibras\" \/>\n<meta property=\"article:publisher\" content=\"https:\/\/www.facebook.com\/notibras\/\" \/>\n<meta property=\"article:published_time\" content=\"2023-08-23T16:21:58+00:00\" \/>\n<meta property=\"article:modified_time\" content=\"2023-08-23T16:30:35+00:00\" \/>\n<meta property=\"og:image\" content=\"https:\/\/www.notibras.com\/site\/wp-content\/uploads\/2023\/08\/f2739820-6ba7-4f46-b873-f52c5d7f2efe.jpg\" \/>\n\t<meta property=\"og:image:width\" content=\"1600\" \/>\n\t<meta property=\"og:image:height\" content=\"1200\" \/>\n\t<meta property=\"og:image:type\" content=\"image\/jpeg\" \/>\n<meta name=\"author\" content=\"Reda\u00e7\u00e3o\" \/>\n<meta name=\"twitter:card\" content=\"summary_large_image\" \/>\n<meta name=\"twitter:creator\" content=\"@Notibras\" \/>\n<meta name=\"twitter:site\" content=\"@Notibras\" \/>\n<meta name=\"twitter:label1\" content=\"Escrito por\" \/>\n\t<meta name=\"twitter:data1\" content=\"Reda\u00e7\u00e3o\" \/>\n\t<meta name=\"twitter:label2\" content=\"Est. tempo de leitura\" \/>\n\t<meta name=\"twitter:data2\" content=\"5 minutos\" \/>\n<script type=\"application\/ld+json\" class=\"yoast-schema-graph\">{\"@context\":\"https:\/\/schema.org\",\"@graph\":[{\"@type\":\"Article\",\"@id\":\"https:\/\/www.notibras.com\/site\/po-promete-apoio-para-industria-do-turismo\/#article\",\"isPartOf\":{\"@id\":\"https:\/\/www.notibras.com\/site\/po-promete-apoio-para-industria-do-turismo\/\"},\"author\":{\"name\":\"Reda\u00e7\u00e3o\",\"@id\":\"https:\/\/www.notibras.com\/site\/#\/schema\/person\/36ab0979449956132d3e5b517ea76ac8\"},\"headline\":\"PO promete apoio para ind\u00fastria do turismo\",\"datePublished\":\"2023-08-23T16:21:58+00:00\",\"dateModified\":\"2023-08-23T16:30:35+00:00\",\"mainEntityOfPage\":{\"@id\":\"https:\/\/www.notibras.com\/site\/po-promete-apoio-para-industria-do-turismo\/\"},\"wordCount\":944,\"publisher\":{\"@id\":\"https:\/\/www.notibras.com\/site\/#organization\"},\"image\":{\"@id\":\"https:\/\/www.notibras.com\/site\/po-promete-apoio-para-industria-do-turismo\/#primaryimage\"},\"thumbnailUrl\":\"https:\/\/www.notibras.com\/site\/wp-content\/uploads\/2023\/08\/f2739820-6ba7-4f46-b873-f52c5d7f2efe.jpg\",\"articleSection\":[\"Quadradinho em Foco\"],\"inLanguage\":\"pt-BR\"},{\"@type\":\"WebPage\",\"@id\":\"https:\/\/www.notibras.com\/site\/po-promete-apoio-para-industria-do-turismo\/\",\"url\":\"https:\/\/www.notibras.com\/site\/po-promete-apoio-para-industria-do-turismo\/\",\"name\":\"PO promete apoio para ind\u00fastria do turismo - Notibras\",\"isPartOf\":{\"@id\":\"https:\/\/www.notibras.com\/site\/#website\"},\"primaryImageOfPage\":{\"@id\":\"https:\/\/www.notibras.com\/site\/po-promete-apoio-para-industria-do-turismo\/#primaryimage\"},\"image\":{\"@id\":\"https:\/\/www.notibras.com\/site\/po-promete-apoio-para-industria-do-turismo\/#primaryimage\"},\"thumbnailUrl\":\"https:\/\/www.notibras.com\/site\/wp-content\/uploads\/2023\/08\/f2739820-6ba7-4f46-b873-f52c5d7f2efe.jpg\",\"datePublished\":\"2023-08-23T16:21:58+00:00\",\"dateModified\":\"2023-08-23T16:30:35+00:00\",\"breadcrumb\":{\"@id\":\"https:\/\/www.notibras.com\/site\/po-promete-apoio-para-industria-do-turismo\/#breadcrumb\"},\"inLanguage\":\"pt-BR\",\"potentialAction\":[{\"@type\":\"ReadAction\",\"target\":[\"https:\/\/www.notibras.com\/site\/po-promete-apoio-para-industria-do-turismo\/\"]}]},{\"@type\":\"ImageObject\",\"inLanguage\":\"pt-BR\",\"@id\":\"https:\/\/www.notibras.com\/site\/po-promete-apoio-para-industria-do-turismo\/#primaryimage\",\"url\":\"https:\/\/www.notibras.com\/site\/wp-content\/uploads\/2023\/08\/f2739820-6ba7-4f46-b873-f52c5d7f2efe.jpg\",\"contentUrl\":\"https:\/\/www.notibras.com\/site\/wp-content\/uploads\/2023\/08\/f2739820-6ba7-4f46-b873-f52c5d7f2efe.jpg\",\"width\":1600,\"height\":1200},{\"@type\":\"BreadcrumbList\",\"@id\":\"https:\/\/www.notibras.com\/site\/po-promete-apoio-para-industria-do-turismo\/#breadcrumb\",\"itemListElement\":[{\"@type\":\"ListItem\",\"position\":1,\"name\":\"In\u00edcio\",\"item\":\"https:\/\/www.notibras.com\/site\/\"},{\"@type\":\"ListItem\",\"position\":2,\"name\":\"PO promete apoio para ind\u00fastria do turismo\"}]},{\"@type\":\"WebSite\",\"@id\":\"https:\/\/www.notibras.com\/site\/#website\",\"url\":\"https:\/\/www.notibras.com\/site\/\",\"name\":\"Notibras\",\"description\":\"Not\u00edcias de Bras\u00edlia, do Brasil e do Mundo\",\"publisher\":{\"@id\":\"https:\/\/www.notibras.com\/site\/#organization\"},\"potentialAction\":[{\"@type\":\"SearchAction\",\"target\":{\"@type\":\"EntryPoint\",\"urlTemplate\":\"https:\/\/www.notibras.com\/site\/?s={search_term_string}\"},\"query-input\":{\"@type\":\"PropertyValueSpecification\",\"valueRequired\":true,\"valueName\":\"search_term_string\"}}],\"inLanguage\":\"pt-BR\"},{\"@type\":\"Organization\",\"@id\":\"https:\/\/www.notibras.com\/site\/#organization\",\"name\":\"Grupo Notibras de Comunica\u00e7\u00e3o\",\"url\":\"https:\/\/www.notibras.com\/site\/\",\"logo\":{\"@type\":\"ImageObject\",\"inLanguage\":\"pt-BR\",\"@id\":\"https:\/\/www.notibras.com\/site\/#\/schema\/logo\/image\/\",\"url\":\"https:\/\/www.notibras.com\/site\/wp-content\/uploads\/2023\/01\/notibras23.png\",\"contentUrl\":\"https:\/\/www.notibras.com\/site\/wp-content\/uploads\/2023\/01\/notibras23.png\",\"width\":350,\"height\":87,\"caption\":\"Grupo Notibras de Comunica\u00e7\u00e3o\"},\"image\":{\"@id\":\"https:\/\/www.notibras.com\/site\/#\/schema\/logo\/image\/\"},\"sameAs\":[\"https:\/\/www.facebook.com\/notibras\/\",\"https:\/\/x.com\/Notibras\",\"https:\/\/www.instagram.com\/notibras\/\"]},{\"@type\":\"Person\",\"@id\":\"https:\/\/www.notibras.com\/site\/#\/schema\/person\/36ab0979449956132d3e5b517ea76ac8\",\"name\":\"Reda\u00e7\u00e3o\",\"image\":{\"@type\":\"ImageObject\",\"inLanguage\":\"pt-BR\",\"@id\":\"https:\/\/secure.gravatar.com\/avatar\/e0a867bdedb85fd243eadf09663511f96fc81e0720a4a42581f334ad4303aa6b?s=96&d=mm&r=g\",\"url\":\"https:\/\/secure.gravatar.com\/avatar\/e0a867bdedb85fd243eadf09663511f96fc81e0720a4a42581f334ad4303aa6b?s=96&d=mm&r=g\",\"contentUrl\":\"https:\/\/secure.gravatar.com\/avatar\/e0a867bdedb85fd243eadf09663511f96fc81e0720a4a42581f334ad4303aa6b?s=96&d=mm&r=g\",\"caption\":\"Reda\u00e7\u00e3o\"}}]}<\/script>\n<!-- \/ Yoast SEO plugin. -->","yoast_head_json":{"title":"PO promete apoio para ind\u00fastria do turismo - Notibras","robots":{"index":"index","follow":"follow","max-snippet":"max-snippet:-1","max-image-preview":"max-image-preview:large","max-video-preview":"max-video-preview:-1"},"canonical":"https:\/\/www.notibras.com\/site\/po-promete-apoio-para-industria-do-turismo\/","og_locale":"pt_BR","og_type":"article","og_title":"PO promete apoio para ind\u00fastria do turismo - Notibras","og_description":"Representantes de sindicatos de trabalhadores e associa\u00e7\u00f5es estiveram reunidos com o empres\u00e1rio Paulo Oct\u00e1vio, presidente do PSD-DF, para pedir apoio no sentido de aumentar a representatividade destas entidades, que o grupo considera esvaziadas ap\u00f3s a reforma trabalhista, ocorrida no governo de Michel Temer (MDB). Organizado pela presidente da Federa\u00e7\u00e3o dos Trabalhadores em Turismo e Hospitalidade [&hellip;]","og_url":"https:\/\/www.notibras.com\/site\/po-promete-apoio-para-industria-do-turismo\/","og_site_name":"Notibras","article_publisher":"https:\/\/www.facebook.com\/notibras\/","article_published_time":"2023-08-23T16:21:58+00:00","article_modified_time":"2023-08-23T16:30:35+00:00","og_image":[{"width":1600,"height":1200,"url":"https:\/\/www.notibras.com\/site\/wp-content\/uploads\/2023\/08\/f2739820-6ba7-4f46-b873-f52c5d7f2efe.jpg","type":"image\/jpeg"}],"author":"Reda\u00e7\u00e3o","twitter_card":"summary_large_image","twitter_creator":"@Notibras","twitter_site":"@Notibras","twitter_misc":{"Escrito por":"Reda\u00e7\u00e3o","Est. tempo de leitura":"5 minutos"},"schema":{"@context":"https:\/\/schema.org","@graph":[{"@type":"Article","@id":"https:\/\/www.notibras.com\/site\/po-promete-apoio-para-industria-do-turismo\/#article","isPartOf":{"@id":"https:\/\/www.notibras.com\/site\/po-promete-apoio-para-industria-do-turismo\/"},"author":{"name":"Reda\u00e7\u00e3o","@id":"https:\/\/www.notibras.com\/site\/#\/schema\/person\/36ab0979449956132d3e5b517ea76ac8"},"headline":"PO promete apoio para ind\u00fastria do turismo","datePublished":"2023-08-23T16:21:58+00:00","dateModified":"2023-08-23T16:30:35+00:00","mainEntityOfPage":{"@id":"https:\/\/www.notibras.com\/site\/po-promete-apoio-para-industria-do-turismo\/"},"wordCount":944,"publisher":{"@id":"https:\/\/www.notibras.com\/site\/#organization"},"image":{"@id":"https:\/\/www.notibras.com\/site\/po-promete-apoio-para-industria-do-turismo\/#primaryimage"},"thumbnailUrl":"https:\/\/www.notibras.com\/site\/wp-content\/uploads\/2023\/08\/f2739820-6ba7-4f46-b873-f52c5d7f2efe.jpg","articleSection":["Quadradinho em Foco"],"inLanguage":"pt-BR"},{"@type":"WebPage","@id":"https:\/\/www.notibras.com\/site\/po-promete-apoio-para-industria-do-turismo\/","url":"https:\/\/www.notibras.com\/site\/po-promete-apoio-para-industria-do-turismo\/","name":"PO promete apoio para ind\u00fastria do turismo - Notibras","isPartOf":{"@id":"https:\/\/www.notibras.com\/site\/#website"},"primaryImageOfPage":{"@id":"https:\/\/www.notibras.com\/site\/po-promete-apoio-para-industria-do-turismo\/#primaryimage"},"image":{"@id":"https:\/\/www.notibras.com\/site\/po-promete-apoio-para-industria-do-turismo\/#primaryimage"},"thumbnailUrl":"https:\/\/www.notibras.com\/site\/wp-content\/uploads\/2023\/08\/f2739820-6ba7-4f46-b873-f52c5d7f2efe.jpg","datePublished":"2023-08-23T16:21:58+00:00","dateModified":"2023-08-23T16:30:35+00:00","breadcrumb":{"@id":"https:\/\/www.notibras.com\/site\/po-promete-apoio-para-industria-do-turismo\/#breadcrumb"},"inLanguage":"pt-BR","potentialAction":[{"@type":"ReadAction","target":["https:\/\/www.notibras.com\/site\/po-promete-apoio-para-industria-do-turismo\/"]}]},{"@type":"ImageObject","inLanguage":"pt-BR","@id":"https:\/\/www.notibras.com\/site\/po-promete-apoio-para-industria-do-turismo\/#primaryimage","url":"https:\/\/www.notibras.com\/site\/wp-content\/uploads\/2023\/08\/f2739820-6ba7-4f46-b873-f52c5d7f2efe.jpg","contentUrl":"https:\/\/www.notibras.com\/site\/wp-content\/uploads\/2023\/08\/f2739820-6ba7-4f46-b873-f52c5d7f2efe.jpg","width":1600,"height":1200},{"@type":"BreadcrumbList","@id":"https:\/\/www.notibras.com\/site\/po-promete-apoio-para-industria-do-turismo\/#breadcrumb","itemListElement":[{"@type":"ListItem","position":1,"name":"In\u00edcio","item":"https:\/\/www.notibras.com\/site\/"},{"@type":"ListItem","position":2,"name":"PO promete apoio para ind\u00fastria do turismo"}]},{"@type":"WebSite","@id":"https:\/\/www.notibras.com\/site\/#website","url":"https:\/\/www.notibras.com\/site\/","name":"Notibras","description":"Not\u00edcias de Bras\u00edlia, do Brasil e do Mundo","publisher":{"@id":"https:\/\/www.notibras.com\/site\/#organization"},"potentialAction":[{"@type":"SearchAction","target":{"@type":"EntryPoint","urlTemplate":"https:\/\/www.notibras.com\/site\/?s={search_term_string}"},"query-input":{"@type":"PropertyValueSpecification","valueRequired":true,"valueName":"search_term_string"}}],"inLanguage":"pt-BR"},{"@type":"Organization","@id":"https:\/\/www.notibras.com\/site\/#organization","name":"Grupo Notibras de Comunica\u00e7\u00e3o","url":"https:\/\/www.notibras.com\/site\/","logo":{"@type":"ImageObject","inLanguage":"pt-BR","@id":"https:\/\/www.notibras.com\/site\/#\/schema\/logo\/image\/","url":"https:\/\/www.notibras.com\/site\/wp-content\/uploads\/2023\/01\/notibras23.png","contentUrl":"https:\/\/www.notibras.com\/site\/wp-content\/uploads\/2023\/01\/notibras23.png","width":350,"height":87,"caption":"Grupo Notibras de Comunica\u00e7\u00e3o"},"image":{"@id":"https:\/\/www.notibras.com\/site\/#\/schema\/logo\/image\/"},"sameAs":["https:\/\/www.facebook.com\/notibras\/","https:\/\/x.com\/Notibras","https:\/\/www.instagram.com\/notibras\/"]},{"@type":"Person","@id":"https:\/\/www.notibras.com\/site\/#\/schema\/person\/36ab0979449956132d3e5b517ea76ac8","name":"Reda\u00e7\u00e3o","image":{"@type":"ImageObject","inLanguage":"pt-BR","@id":"https:\/\/secure.gravatar.com\/avatar\/e0a867bdedb85fd243eadf09663511f96fc81e0720a4a42581f334ad4303aa6b?s=96&d=mm&r=g","url":"https:\/\/secure.gravatar.com\/avatar\/e0a867bdedb85fd243eadf09663511f96fc81e0720a4a42581f334ad4303aa6b?s=96&d=mm&r=g","contentUrl":"https:\/\/secure.gravatar.com\/avatar\/e0a867bdedb85fd243eadf09663511f96fc81e0720a4a42581f334ad4303aa6b?s=96&d=mm&r=g","caption":"Reda\u00e7\u00e3o"}}]}},"amp_enabled":true,"_links":{"self":[{"href":"https:\/\/www.notibras.com\/site\/wp-json\/wp\/v2\/posts\/311570","targetHints":{"allow":["GET"]}}],"collection":[{"href":"https:\/\/www.notibras.com\/site\/wp-json\/wp\/v2\/posts"}],"about":[{"href":"https:\/\/www.notibras.com\/site\/wp-json\/wp\/v2\/types\/post"}],"author":[{"embeddable":true,"href":"https:\/\/www.notibras.com\/site\/wp-json\/wp\/v2\/users\/2"}],"replies":[{"embeddable":true,"href":"https:\/\/www.notibras.com\/site\/wp-json\/wp\/v2\/comments?post=311570"}],"version-history":[{"count":2,"href":"https:\/\/www.notibras.com\/site\/wp-json\/wp\/v2\/posts\/311570\/revisions"}],"predecessor-version":[{"id":311573,"href":"https:\/\/www.notibras.com\/site\/wp-json\/wp\/v2\/posts\/311570\/revisions\/311573"}],"wp:featuredmedia":[{"embeddable":true,"href":"https:\/\/www.notibras.com\/site\/wp-json\/wp\/v2\/media\/311571"}],"wp:attachment":[{"href":"https:\/\/www.notibras.com\/site\/wp-json\/wp\/v2\/media?parent=311570"}],"wp:term":[{"taxonomy":"category","embeddable":true,"href":"https:\/\/www.notibras.com\/site\/wp-json\/wp\/v2\/categories?post=311570"},{"taxonomy":"post_tag","embeddable":true,"href":"https:\/\/www.notibras.com\/site\/wp-json\/wp\/v2\/tags?post=311570"}],"curies":[{"name":"wp","href":"https:\/\/api.w.org\/{rel}","templated":true}]}}