{"id":311574,"date":"2023-08-23T09:30:53","date_gmt":"2023-08-23T12:30:53","guid":{"rendered":"https:\/\/www.notibras.com\/site\/?p=311574"},"modified":"2023-08-23T13:32:41","modified_gmt":"2023-08-23T16:32:41","slug":"tabagismo-e-principal-causa-de-cancer-de-pulmao","status":"publish","type":"post","link":"https:\/\/www.notibras.com\/site\/tabagismo-e-principal-causa-de-cancer-de-pulmao\/","title":{"rendered":"Tabagismo \u00e9 principal causa de c\u00e2ncer de pulm\u00e3o"},"content":{"rendered":"<p>O c\u00e2ncer de pulm\u00e3o \u00e9 um dos tipos mais comuns da doen\u00e7a. Segundo estimativas de 2023 do Instituto Nacional do C\u00e2ncer (INCA), \u00e9 o terceiro mais comum em homens (18.020 casos novos) e o quarto em mulheres no Brasil (14.540 casos novos), sem contar o c\u00e2ncer de pele n\u00e3o melanoma. O c\u00e2ncer de pulm\u00e3o \u00e9 o primeiro em todo o mundo em incid\u00eancia entre os homens e o terceiro entre as mulheres. Em mortalidade, \u00e9 o primeiro entre os homens e o segundo entre as mulheres, segundo estimativas mundiais de 2020, que apontou incid\u00eancia de 2,2 milh\u00f5es de casos novos, sendo 1,4 milh\u00e3o em homens e 770 mil em mulheres.<\/p>\n<p>Quando o c\u00e2ncer se origina nas c\u00e9lulas pulmonares, \u00e9 chamado de c\u00e2ncer de pulm\u00e3o prim\u00e1rio, sendo classificado de acordo com o tipo de c\u00e9lula do qual ele surgiu. De acordo com a oncologista da Oncologia D\u2019Or Martha Mesquita, essa classifica\u00e7\u00e3o \u00e9 importante, pois os dois principais tipos de c\u00e2nceres de pulm\u00e3o crescem de forma diferente e, consequentemente, possuem progn\u00f3stico e tratamento diferentes. \u201cO c\u00e2ncer de pulm\u00e3o de c\u00e9lulas n\u00e3o pequenas \u00e9 o tipo mais comum, respons\u00e1vel por cerca de 85% de todos os casos. O c\u00e2ncer de pulm\u00e3o de c\u00e9lulas pequenas \u00e9 o tipo menos comum, representa cerca de 10 a 15% dos diagn\u00f3sticos\u201d, explica Martha Mesquita.<\/p>\n<p>Segundo o oncologista da Oncologia D\u2019Or Lucianno Santos, o tabagismo \u00e9 o principal fator de risco para o c\u00e2ncer de pulm\u00e3o. Todas as medidas voltadas para a conscientiza\u00e7\u00e3o da popula\u00e7\u00e3o, principalmente dos mais jovens, s\u00e3o essenciais para a preven\u00e7\u00e3o do c\u00e2ncer de pulm\u00e3o. \u201cComo o ato de fumar \u00e9 uma decis\u00e3o individual, torna-se imperativo educar e conscientizar as pessoas dos riscos envolvidos no ato de fumar. Disseminar a boa informa\u00e7\u00e3o pode levar a redu\u00e7\u00e3o do n\u00famero de novos fumantes, bem como ajudar a cessar o tabaco naqueles que s\u00e3o tabagistas\u201d, afirma Lucianno Santos.<\/p>\n<p>O c\u00e2ncer de pulm\u00e3o pode ser considerado uma doen\u00e7a inicialmente silenciosa. Em sua maioria, pacientes s\u00e3o assintom\u00e1ticos nas fases iniciais da doen\u00e7a. Os sintomas normalmente s\u00f3 aparecem quando o c\u00e2ncer j\u00e1 est\u00e1 em uma fase mais avan\u00e7ada, podendo ser notado com tosse seca e persistente, dificuldade para respirar, falta de ar, cansa\u00e7o excessivo, dor no t\u00f3rax e perda de peso sem causa aparente.<\/p>\n<p>Segundo o oncologista Lucianno Santos, o diagn\u00f3stico precoce est\u00e1 diretamente relacionado \u00e0 chance de cura do paciente com c\u00e2ncer de pulm\u00e3o. Quanto menor a doen\u00e7a maior a chance do paciente ser curado com o tratamento especializado. Por este motivo a import\u00e2ncia de manter consultas de rotinas. \u201cPacientes tabagistas devem procurar um especialista em busca de programas de rastreamento e detec\u00e7\u00e3o precoce do c\u00e2ncer de pulm\u00e3o, mesmo na aus\u00eancia de sintomas. Esses especialistas podem ser o pneumologista, cirurgi\u00e3o tor\u00e1cico ou oncologista cl\u00ednico. Pacientes sintom\u00e1ticos com tosse prolongada, dor tor\u00e1cica e, principalmente, falta de ar devem procurar o especialista mesmo que sejam n\u00e3o tabagistas\u201d, explica o oncologista.<\/p>\n<p>Atualmente \u00e9 poss\u00edvel presenciar diversos jovens que utilizam o cigarro eletr\u00f4nico no lugar do convencional. De acordo com a oncologista Martha Mesquita, a principal diferen\u00e7a entre os dois est\u00e1 no modo de funcionamento, que tamb\u00e9m determina as subst\u00e2ncias que acabam absorvidas pelo fumante. \u201cO cigarro comum funciona a combust\u00e3o. Quando ocorre a queima do fumo, ele solta subst\u00e2ncias que s\u00e3o inaladas na fuma\u00e7a e absorvidas pelo organismo do fumante e das pessoas pr\u00f3ximas a ele. A principal particularidade do cigarro eletr\u00f4nico \u00e9 que ele funciona com baterias e sem a necessidade da queima. \u00c9 uma esp\u00e9cie de dispositivo &#8220;vaporizador&#8221; de aromas, sabores e outros produtos qu\u00edmicos: \u00e1lcool, glicerina e, na maioria deles, nicotina.\u201d Segundo a m\u00e9dica, ambos s\u00e3o considerados prejudiciais \u00e0 sa\u00fade. \u201cTanto o cigarro comum quanto o cigarro eletr\u00f4nico induzem o fumante \u00e0 depend\u00eancia qu\u00edmica, especialmente por causa da nicotina. N\u00e3o se pode dizer que o cigarro eletr\u00f4nico tem menos subst\u00e2ncias t\u00f3xicas do que o cigarro comum. Isso pode ser verdade ou n\u00e3o dependendo do que o indiv\u00edduo adiciona \u00e0 mistura. A principal diferen\u00e7a entre os dois \u00e9 que o cigarro eletr\u00f4nico n\u00e3o possui o alcatr\u00e3o e n\u00e3o produz mon\u00f3xido de carbono, que s\u00e3o, realmente, t\u00f3xicos. O cigarro comum tem mais de 7 mil subst\u00e2ncias na sua composi\u00e7\u00e3o \u2013 sendo muitas delas cancer\u00edgenas \u2013 e a nicotina, que causa depend\u00eancia. No eletr\u00f4nico, embora n\u00e3o haja alcatr\u00e3o, h\u00e1 outras subst\u00e2ncias qu\u00edmicas,\u201d afirma.<\/p>\n<p>Para o oncologista Lucianno Santos, apesar de diferente na forma, o cigarro eletr\u00f4nico tem a capacidade de ser bastante nocivo \u00e0 sa\u00fade das pessoas. \u201cEstudos mais recentes trazem evid\u00eancias de que o cigarro eletr\u00f4nico est\u00e1 relacionado com doen\u00e7as respirat\u00f3rias e parece tamb\u00e9m haver ind\u00edcios de risco ao desenvolvimento do c\u00e2ncer de pulm\u00e3o, lembrando ainda que precisaremos de mais tempo para conclus\u00f5es mais s\u00f3lidas a este respeito. Ambos tamb\u00e9m s\u00e3o prejudiciais para o fumante passivo. Tornar o odor da fuma\u00e7a mais agrad\u00e1vel constitui uma t\u00e1tica para arregimentar mais usu\u00e1rios\u201d, afirma o oncologista.<\/p>\n","protected":false},"excerpt":{"rendered":"<p>O c\u00e2ncer de pulm\u00e3o \u00e9 um dos tipos mais comuns da doen\u00e7a. Segundo estimativas de 2023 do Instituto Nacional do C\u00e2ncer (INCA), \u00e9 o terceiro mais comum em homens (18.020 casos novos) e o quarto em mulheres no Brasil (14.540 casos novos), sem contar o c\u00e2ncer de pele n\u00e3o melanoma. O c\u00e2ncer de pulm\u00e3o \u00e9 [&hellip;]<\/p>\n","protected":false},"author":2,"featured_media":311575,"comment_status":"closed","ping_status":"closed","sticky":false,"template":"","format":"standard","meta":{"_acf_changed":false,"footnotes":""},"categories":[161],"tags":[],"class_list":["post-311574","post","type-post","status-publish","format-standard","has-post-thumbnail","hentry","category-quadradinho-em-foco"],"acf":[],"yoast_head":"<!-- This site is optimized with the Yoast SEO plugin v27.2 - https:\/\/yoast.com\/product\/yoast-seo-wordpress\/ -->\n<title>Tabagismo \u00e9 principal causa de c\u00e2ncer de pulm\u00e3o - Notibras<\/title>\n<meta name=\"robots\" content=\"index, follow, max-snippet:-1, max-image-preview:large, max-video-preview:-1\" \/>\n<link rel=\"canonical\" href=\"https:\/\/www.notibras.com\/site\/tabagismo-e-principal-causa-de-cancer-de-pulmao\/\" \/>\n<meta property=\"og:locale\" content=\"pt_BR\" \/>\n<meta property=\"og:type\" content=\"article\" \/>\n<meta property=\"og:title\" content=\"Tabagismo \u00e9 principal causa de c\u00e2ncer de pulm\u00e3o - Notibras\" \/>\n<meta property=\"og:description\" content=\"O c\u00e2ncer de pulm\u00e3o \u00e9 um dos tipos mais comuns da doen\u00e7a. Segundo estimativas de 2023 do Instituto Nacional do C\u00e2ncer (INCA), \u00e9 o terceiro mais comum em homens (18.020 casos novos) e o quarto em mulheres no Brasil (14.540 casos novos), sem contar o c\u00e2ncer de pele n\u00e3o melanoma. O c\u00e2ncer de pulm\u00e3o \u00e9 [&hellip;]\" \/>\n<meta property=\"og:url\" content=\"https:\/\/www.notibras.com\/site\/tabagismo-e-principal-causa-de-cancer-de-pulmao\/\" \/>\n<meta property=\"og:site_name\" content=\"Notibras\" \/>\n<meta property=\"article:publisher\" content=\"https:\/\/www.facebook.com\/notibras\/\" \/>\n<meta property=\"article:published_time\" content=\"2023-08-23T12:30:53+00:00\" \/>\n<meta property=\"article:modified_time\" content=\"2023-08-23T16:32:41+00:00\" \/>\n<meta property=\"og:image\" content=\"https:\/\/www.notibras.com\/site\/wp-content\/uploads\/2023\/08\/unnamed-89.jpg\" \/>\n\t<meta property=\"og:image:width\" content=\"660\" \/>\n\t<meta property=\"og:image:height\" content=\"400\" \/>\n\t<meta property=\"og:image:type\" content=\"image\/jpeg\" \/>\n<meta name=\"author\" content=\"Reda\u00e7\u00e3o\" \/>\n<meta name=\"twitter:card\" content=\"summary_large_image\" \/>\n<meta name=\"twitter:creator\" content=\"@Notibras\" \/>\n<meta name=\"twitter:site\" content=\"@Notibras\" \/>\n<meta name=\"twitter:label1\" content=\"Escrito por\" \/>\n\t<meta name=\"twitter:data1\" content=\"Reda\u00e7\u00e3o\" \/>\n\t<meta name=\"twitter:label2\" content=\"Est. tempo de leitura\" \/>\n\t<meta name=\"twitter:data2\" content=\"5 minutos\" \/>\n<script type=\"application\/ld+json\" class=\"yoast-schema-graph\">{\"@context\":\"https:\/\/schema.org\",\"@graph\":[{\"@type\":\"Article\",\"@id\":\"https:\/\/www.notibras.com\/site\/tabagismo-e-principal-causa-de-cancer-de-pulmao\/#article\",\"isPartOf\":{\"@id\":\"https:\/\/www.notibras.com\/site\/tabagismo-e-principal-causa-de-cancer-de-pulmao\/\"},\"author\":{\"name\":\"Reda\u00e7\u00e3o\",\"@id\":\"https:\/\/www.notibras.com\/site\/#\/schema\/person\/36ab0979449956132d3e5b517ea76ac8\"},\"headline\":\"Tabagismo \u00e9 principal causa de c\u00e2ncer de pulm\u00e3o\",\"datePublished\":\"2023-08-23T12:30:53+00:00\",\"dateModified\":\"2023-08-23T16:32:41+00:00\",\"mainEntityOfPage\":{\"@id\":\"https:\/\/www.notibras.com\/site\/tabagismo-e-principal-causa-de-cancer-de-pulmao\/\"},\"wordCount\":909,\"publisher\":{\"@id\":\"https:\/\/www.notibras.com\/site\/#organization\"},\"image\":{\"@id\":\"https:\/\/www.notibras.com\/site\/tabagismo-e-principal-causa-de-cancer-de-pulmao\/#primaryimage\"},\"thumbnailUrl\":\"https:\/\/www.notibras.com\/site\/wp-content\/uploads\/2023\/08\/unnamed-89.jpg\",\"articleSection\":[\"Quadradinho em Foco\"],\"inLanguage\":\"pt-BR\"},{\"@type\":\"WebPage\",\"@id\":\"https:\/\/www.notibras.com\/site\/tabagismo-e-principal-causa-de-cancer-de-pulmao\/\",\"url\":\"https:\/\/www.notibras.com\/site\/tabagismo-e-principal-causa-de-cancer-de-pulmao\/\",\"name\":\"Tabagismo \u00e9 principal causa de c\u00e2ncer de pulm\u00e3o - Notibras\",\"isPartOf\":{\"@id\":\"https:\/\/www.notibras.com\/site\/#website\"},\"primaryImageOfPage\":{\"@id\":\"https:\/\/www.notibras.com\/site\/tabagismo-e-principal-causa-de-cancer-de-pulmao\/#primaryimage\"},\"image\":{\"@id\":\"https:\/\/www.notibras.com\/site\/tabagismo-e-principal-causa-de-cancer-de-pulmao\/#primaryimage\"},\"thumbnailUrl\":\"https:\/\/www.notibras.com\/site\/wp-content\/uploads\/2023\/08\/unnamed-89.jpg\",\"datePublished\":\"2023-08-23T12:30:53+00:00\",\"dateModified\":\"2023-08-23T16:32:41+00:00\",\"breadcrumb\":{\"@id\":\"https:\/\/www.notibras.com\/site\/tabagismo-e-principal-causa-de-cancer-de-pulmao\/#breadcrumb\"},\"inLanguage\":\"pt-BR\",\"potentialAction\":[{\"@type\":\"ReadAction\",\"target\":[\"https:\/\/www.notibras.com\/site\/tabagismo-e-principal-causa-de-cancer-de-pulmao\/\"]}]},{\"@type\":\"ImageObject\",\"inLanguage\":\"pt-BR\",\"@id\":\"https:\/\/www.notibras.com\/site\/tabagismo-e-principal-causa-de-cancer-de-pulmao\/#primaryimage\",\"url\":\"https:\/\/www.notibras.com\/site\/wp-content\/uploads\/2023\/08\/unnamed-89.jpg\",\"contentUrl\":\"https:\/\/www.notibras.com\/site\/wp-content\/uploads\/2023\/08\/unnamed-89.jpg\",\"width\":660,\"height\":400},{\"@type\":\"BreadcrumbList\",\"@id\":\"https:\/\/www.notibras.com\/site\/tabagismo-e-principal-causa-de-cancer-de-pulmao\/#breadcrumb\",\"itemListElement\":[{\"@type\":\"ListItem\",\"position\":1,\"name\":\"In\u00edcio\",\"item\":\"https:\/\/www.notibras.com\/site\/\"},{\"@type\":\"ListItem\",\"position\":2,\"name\":\"Tabagismo \u00e9 principal causa de c\u00e2ncer de pulm\u00e3o\"}]},{\"@type\":\"WebSite\",\"@id\":\"https:\/\/www.notibras.com\/site\/#website\",\"url\":\"https:\/\/www.notibras.com\/site\/\",\"name\":\"Notibras\",\"description\":\"Not\u00edcias de Bras\u00edlia, do Brasil e do Mundo\",\"publisher\":{\"@id\":\"https:\/\/www.notibras.com\/site\/#organization\"},\"potentialAction\":[{\"@type\":\"SearchAction\",\"target\":{\"@type\":\"EntryPoint\",\"urlTemplate\":\"https:\/\/www.notibras.com\/site\/?s={search_term_string}\"},\"query-input\":{\"@type\":\"PropertyValueSpecification\",\"valueRequired\":true,\"valueName\":\"search_term_string\"}}],\"inLanguage\":\"pt-BR\"},{\"@type\":\"Organization\",\"@id\":\"https:\/\/www.notibras.com\/site\/#organization\",\"name\":\"Grupo Notibras de Comunica\u00e7\u00e3o\",\"url\":\"https:\/\/www.notibras.com\/site\/\",\"logo\":{\"@type\":\"ImageObject\",\"inLanguage\":\"pt-BR\",\"@id\":\"https:\/\/www.notibras.com\/site\/#\/schema\/logo\/image\/\",\"url\":\"https:\/\/www.notibras.com\/site\/wp-content\/uploads\/2023\/01\/notibras23.png\",\"contentUrl\":\"https:\/\/www.notibras.com\/site\/wp-content\/uploads\/2023\/01\/notibras23.png\",\"width\":350,\"height\":87,\"caption\":\"Grupo Notibras de Comunica\u00e7\u00e3o\"},\"image\":{\"@id\":\"https:\/\/www.notibras.com\/site\/#\/schema\/logo\/image\/\"},\"sameAs\":[\"https:\/\/www.facebook.com\/notibras\/\",\"https:\/\/x.com\/Notibras\",\"https:\/\/www.instagram.com\/notibras\/\"]},{\"@type\":\"Person\",\"@id\":\"https:\/\/www.notibras.com\/site\/#\/schema\/person\/36ab0979449956132d3e5b517ea76ac8\",\"name\":\"Reda\u00e7\u00e3o\",\"image\":{\"@type\":\"ImageObject\",\"inLanguage\":\"pt-BR\",\"@id\":\"https:\/\/secure.gravatar.com\/avatar\/e0a867bdedb85fd243eadf09663511f96fc81e0720a4a42581f334ad4303aa6b?s=96&d=mm&r=g\",\"url\":\"https:\/\/secure.gravatar.com\/avatar\/e0a867bdedb85fd243eadf09663511f96fc81e0720a4a42581f334ad4303aa6b?s=96&d=mm&r=g\",\"contentUrl\":\"https:\/\/secure.gravatar.com\/avatar\/e0a867bdedb85fd243eadf09663511f96fc81e0720a4a42581f334ad4303aa6b?s=96&d=mm&r=g\",\"caption\":\"Reda\u00e7\u00e3o\"}}]}<\/script>\n<!-- \/ Yoast SEO plugin. -->","yoast_head_json":{"title":"Tabagismo \u00e9 principal causa de c\u00e2ncer de pulm\u00e3o - Notibras","robots":{"index":"index","follow":"follow","max-snippet":"max-snippet:-1","max-image-preview":"max-image-preview:large","max-video-preview":"max-video-preview:-1"},"canonical":"https:\/\/www.notibras.com\/site\/tabagismo-e-principal-causa-de-cancer-de-pulmao\/","og_locale":"pt_BR","og_type":"article","og_title":"Tabagismo \u00e9 principal causa de c\u00e2ncer de pulm\u00e3o - Notibras","og_description":"O c\u00e2ncer de pulm\u00e3o \u00e9 um dos tipos mais comuns da doen\u00e7a. Segundo estimativas de 2023 do Instituto Nacional do C\u00e2ncer (INCA), \u00e9 o terceiro mais comum em homens (18.020 casos novos) e o quarto em mulheres no Brasil (14.540 casos novos), sem contar o c\u00e2ncer de pele n\u00e3o melanoma. O c\u00e2ncer de pulm\u00e3o \u00e9 [&hellip;]","og_url":"https:\/\/www.notibras.com\/site\/tabagismo-e-principal-causa-de-cancer-de-pulmao\/","og_site_name":"Notibras","article_publisher":"https:\/\/www.facebook.com\/notibras\/","article_published_time":"2023-08-23T12:30:53+00:00","article_modified_time":"2023-08-23T16:32:41+00:00","og_image":[{"width":660,"height":400,"url":"https:\/\/www.notibras.com\/site\/wp-content\/uploads\/2023\/08\/unnamed-89.jpg","type":"image\/jpeg"}],"author":"Reda\u00e7\u00e3o","twitter_card":"summary_large_image","twitter_creator":"@Notibras","twitter_site":"@Notibras","twitter_misc":{"Escrito por":"Reda\u00e7\u00e3o","Est. tempo de leitura":"5 minutos"},"schema":{"@context":"https:\/\/schema.org","@graph":[{"@type":"Article","@id":"https:\/\/www.notibras.com\/site\/tabagismo-e-principal-causa-de-cancer-de-pulmao\/#article","isPartOf":{"@id":"https:\/\/www.notibras.com\/site\/tabagismo-e-principal-causa-de-cancer-de-pulmao\/"},"author":{"name":"Reda\u00e7\u00e3o","@id":"https:\/\/www.notibras.com\/site\/#\/schema\/person\/36ab0979449956132d3e5b517ea76ac8"},"headline":"Tabagismo \u00e9 principal causa de c\u00e2ncer de pulm\u00e3o","datePublished":"2023-08-23T12:30:53+00:00","dateModified":"2023-08-23T16:32:41+00:00","mainEntityOfPage":{"@id":"https:\/\/www.notibras.com\/site\/tabagismo-e-principal-causa-de-cancer-de-pulmao\/"},"wordCount":909,"publisher":{"@id":"https:\/\/www.notibras.com\/site\/#organization"},"image":{"@id":"https:\/\/www.notibras.com\/site\/tabagismo-e-principal-causa-de-cancer-de-pulmao\/#primaryimage"},"thumbnailUrl":"https:\/\/www.notibras.com\/site\/wp-content\/uploads\/2023\/08\/unnamed-89.jpg","articleSection":["Quadradinho em Foco"],"inLanguage":"pt-BR"},{"@type":"WebPage","@id":"https:\/\/www.notibras.com\/site\/tabagismo-e-principal-causa-de-cancer-de-pulmao\/","url":"https:\/\/www.notibras.com\/site\/tabagismo-e-principal-causa-de-cancer-de-pulmao\/","name":"Tabagismo \u00e9 principal causa de c\u00e2ncer de pulm\u00e3o - Notibras","isPartOf":{"@id":"https:\/\/www.notibras.com\/site\/#website"},"primaryImageOfPage":{"@id":"https:\/\/www.notibras.com\/site\/tabagismo-e-principal-causa-de-cancer-de-pulmao\/#primaryimage"},"image":{"@id":"https:\/\/www.notibras.com\/site\/tabagismo-e-principal-causa-de-cancer-de-pulmao\/#primaryimage"},"thumbnailUrl":"https:\/\/www.notibras.com\/site\/wp-content\/uploads\/2023\/08\/unnamed-89.jpg","datePublished":"2023-08-23T12:30:53+00:00","dateModified":"2023-08-23T16:32:41+00:00","breadcrumb":{"@id":"https:\/\/www.notibras.com\/site\/tabagismo-e-principal-causa-de-cancer-de-pulmao\/#breadcrumb"},"inLanguage":"pt-BR","potentialAction":[{"@type":"ReadAction","target":["https:\/\/www.notibras.com\/site\/tabagismo-e-principal-causa-de-cancer-de-pulmao\/"]}]},{"@type":"ImageObject","inLanguage":"pt-BR","@id":"https:\/\/www.notibras.com\/site\/tabagismo-e-principal-causa-de-cancer-de-pulmao\/#primaryimage","url":"https:\/\/www.notibras.com\/site\/wp-content\/uploads\/2023\/08\/unnamed-89.jpg","contentUrl":"https:\/\/www.notibras.com\/site\/wp-content\/uploads\/2023\/08\/unnamed-89.jpg","width":660,"height":400},{"@type":"BreadcrumbList","@id":"https:\/\/www.notibras.com\/site\/tabagismo-e-principal-causa-de-cancer-de-pulmao\/#breadcrumb","itemListElement":[{"@type":"ListItem","position":1,"name":"In\u00edcio","item":"https:\/\/www.notibras.com\/site\/"},{"@type":"ListItem","position":2,"name":"Tabagismo \u00e9 principal causa de c\u00e2ncer de pulm\u00e3o"}]},{"@type":"WebSite","@id":"https:\/\/www.notibras.com\/site\/#website","url":"https:\/\/www.notibras.com\/site\/","name":"Notibras","description":"Not\u00edcias de Bras\u00edlia, do Brasil e do Mundo","publisher":{"@id":"https:\/\/www.notibras.com\/site\/#organization"},"potentialAction":[{"@type":"SearchAction","target":{"@type":"EntryPoint","urlTemplate":"https:\/\/www.notibras.com\/site\/?s={search_term_string}"},"query-input":{"@type":"PropertyValueSpecification","valueRequired":true,"valueName":"search_term_string"}}],"inLanguage":"pt-BR"},{"@type":"Organization","@id":"https:\/\/www.notibras.com\/site\/#organization","name":"Grupo Notibras de Comunica\u00e7\u00e3o","url":"https:\/\/www.notibras.com\/site\/","logo":{"@type":"ImageObject","inLanguage":"pt-BR","@id":"https:\/\/www.notibras.com\/site\/#\/schema\/logo\/image\/","url":"https:\/\/www.notibras.com\/site\/wp-content\/uploads\/2023\/01\/notibras23.png","contentUrl":"https:\/\/www.notibras.com\/site\/wp-content\/uploads\/2023\/01\/notibras23.png","width":350,"height":87,"caption":"Grupo Notibras de Comunica\u00e7\u00e3o"},"image":{"@id":"https:\/\/www.notibras.com\/site\/#\/schema\/logo\/image\/"},"sameAs":["https:\/\/www.facebook.com\/notibras\/","https:\/\/x.com\/Notibras","https:\/\/www.instagram.com\/notibras\/"]},{"@type":"Person","@id":"https:\/\/www.notibras.com\/site\/#\/schema\/person\/36ab0979449956132d3e5b517ea76ac8","name":"Reda\u00e7\u00e3o","image":{"@type":"ImageObject","inLanguage":"pt-BR","@id":"https:\/\/secure.gravatar.com\/avatar\/e0a867bdedb85fd243eadf09663511f96fc81e0720a4a42581f334ad4303aa6b?s=96&d=mm&r=g","url":"https:\/\/secure.gravatar.com\/avatar\/e0a867bdedb85fd243eadf09663511f96fc81e0720a4a42581f334ad4303aa6b?s=96&d=mm&r=g","contentUrl":"https:\/\/secure.gravatar.com\/avatar\/e0a867bdedb85fd243eadf09663511f96fc81e0720a4a42581f334ad4303aa6b?s=96&d=mm&r=g","caption":"Reda\u00e7\u00e3o"}}]}},"amp_enabled":true,"_links":{"self":[{"href":"https:\/\/www.notibras.com\/site\/wp-json\/wp\/v2\/posts\/311574","targetHints":{"allow":["GET"]}}],"collection":[{"href":"https:\/\/www.notibras.com\/site\/wp-json\/wp\/v2\/posts"}],"about":[{"href":"https:\/\/www.notibras.com\/site\/wp-json\/wp\/v2\/types\/post"}],"author":[{"embeddable":true,"href":"https:\/\/www.notibras.com\/site\/wp-json\/wp\/v2\/users\/2"}],"replies":[{"embeddable":true,"href":"https:\/\/www.notibras.com\/site\/wp-json\/wp\/v2\/comments?post=311574"}],"version-history":[{"count":1,"href":"https:\/\/www.notibras.com\/site\/wp-json\/wp\/v2\/posts\/311574\/revisions"}],"predecessor-version":[{"id":311576,"href":"https:\/\/www.notibras.com\/site\/wp-json\/wp\/v2\/posts\/311574\/revisions\/311576"}],"wp:featuredmedia":[{"embeddable":true,"href":"https:\/\/www.notibras.com\/site\/wp-json\/wp\/v2\/media\/311575"}],"wp:attachment":[{"href":"https:\/\/www.notibras.com\/site\/wp-json\/wp\/v2\/media?parent=311574"}],"wp:term":[{"taxonomy":"category","embeddable":true,"href":"https:\/\/www.notibras.com\/site\/wp-json\/wp\/v2\/categories?post=311574"},{"taxonomy":"post_tag","embeddable":true,"href":"https:\/\/www.notibras.com\/site\/wp-json\/wp\/v2\/tags?post=311574"}],"curies":[{"name":"wp","href":"https:\/\/api.w.org\/{rel}","templated":true}]}}