{"id":311604,"date":"2023-08-24T05:45:37","date_gmt":"2023-08-24T08:45:37","guid":{"rendered":"https:\/\/www.notibras.com\/site\/?p=311604"},"modified":"2023-08-24T05:38:25","modified_gmt":"2023-08-24T08:38:25","slug":"chegada-da-herdeira-vira-tema-para-cronica-diaria","status":"publish","type":"post","link":"https:\/\/www.notibras.com\/site\/chegada-da-herdeira-vira-tema-para-cronica-diaria\/","title":{"rendered":"Chegada da herdeira vira tema para cr\u00f4nica di\u00e1ria"},"content":{"rendered":"<p>Na quarta, 23, pela manh\u00e3, j\u00e1 na sa\u00edda de mais uma das in\u00fameras consultas da minha amada, a Dona Irene, ela se vira para mim e diz que queria tomar caf\u00e9. Descemos o elevador com aquele sorriso nos l\u00e1bios, enquanto o sil\u00eancio toma conta do local. \u00c9 que a minha mulher, ap\u00f3s conversar com a sua obstetra, decidiu que o parto n\u00e3o passaria do dia dois de setembro.<\/p>\n<p>J\u00e1 na cal\u00e7ada, fomos andando at\u00e9 a esquina e entramos na cafeteria de costume aqui em Porto Alegre. Pedi o caf\u00e9 com leite da minha esposa, enquanto fiquei, como de costume, no caf\u00e9 preto sem a\u00e7\u00facar. A atendente ainda me pergunta se vou querer ado\u00e7ante, oportunidade que lhe respondo com a mesma frase que guardo sempre na ponta da l\u00edngua: &#8220;De doce j\u00e1 basta a vida!&#8221; Ela sorri.<\/p>\n<p>Enquanto o pedido n\u00e3o vem, a Dona Irene aperta minha m\u00e3o, como querendo dizer que, agora, temos uma data para a chegada da nossa Maria Luiza, que n\u00e3o para de chutar de dentro da barriga. Talvez teremos uma nova Marta. Quem sabe?<\/p>\n<p>Imposs\u00edvel n\u00e3o me lembrar das minhas outras duas, hoje j\u00e1 crescidas. A mais velha j\u00e1 \u00e9 advogada, enquanto a mais nova, que logo ser\u00e1 a do meio, faz Biotecnologia na USP. A despeito de n\u00e3o ser pai de primeira viagem, a sensa\u00e7\u00e3o \u00e9 \u00fanica. A Dona Irene diz que sou mais bab\u00e3o que o Chengulo, o meu buldogue.<\/p>\n<p>O pedido chega. A futura mam\u00e3e degusta a iguaria que ela tanto adora. Levo um tempo para tocar no meu caf\u00e9, talvez ainda inebriado por saber a data que a nossa menina vai nascer. Ali\u00e1s, ser\u00e1 a primeira ga\u00facha da fam\u00edlia em mais de um s\u00e9culo, pois o \u00faltimo foi meu av\u00f4 materno, que era da cidade de Rio Grande, mas que, logo aos seis anos, foi morar no Rio de Janeiro.<\/p>\n<p>Assim que voltamos para a cal\u00e7ada, o meu telefone toca. Era a Marta Nobre, editora-chefe interina de <strong>Notibras<\/strong>, na aus\u00eancia tempor\u00e1ria do editor Jos\u00e9 Seabra. Como a maioria das mulheres, Marta gosta de mandar em n\u00f3s, homens, como se maridos f\u00f4ssemos dela. E lembrou que minha cr\u00f4nica do dia seguinte (a desta quinta-feira, 24) ainda n\u00e3o havia chegado. Isso foi a deixa para me atentar para uma coisa, que at\u00e9 ent\u00e3o passara despercebida. \u00c9 que licen\u00e7a paternidade d\u00e1 direito a tudo, ou melhor, a quase tudo, bem como n\u00e3o me livra da obriga\u00e7\u00e3o de cronista, que \u00e9 escrever diariamente.<\/p>\n<p>A inspira\u00e7\u00e3o veio da consulta com a obstetra. Obrigado, ca\u00e7ulinha! Voc\u00ea me ajudou nessa. Espero que a chefe substituta tenha gostado. E voc\u00eas, leitores, tamb\u00e9m!<\/p>\n","protected":false},"excerpt":{"rendered":"<p>Na quarta, 23, pela manh\u00e3, j\u00e1 na sa\u00edda de mais uma das in\u00fameras consultas da minha amada, a Dona Irene, ela se vira para mim e diz que queria tomar caf\u00e9. Descemos o elevador com aquele sorriso nos l\u00e1bios, enquanto o sil\u00eancio toma conta do local. \u00c9 que a minha mulher, ap\u00f3s conversar com a [&hellip;]<\/p>\n","protected":false},"author":2,"featured_media":311614,"comment_status":"closed","ping_status":"closed","sticky":false,"template":"","format":"standard","meta":{"_acf_changed":false,"footnotes":""},"categories":[161],"tags":[],"class_list":["post-311604","post","type-post","status-publish","format-standard","has-post-thumbnail","hentry","category-quadradinho-em-foco"],"acf":[],"yoast_head":"<!-- This site is optimized with the Yoast SEO plugin v27.2 - https:\/\/yoast.com\/product\/yoast-seo-wordpress\/ -->\n<title>Chegada da herdeira vira tema para cr\u00f4nica di\u00e1ria - Notibras<\/title>\n<meta name=\"robots\" content=\"index, follow, max-snippet:-1, max-image-preview:large, max-video-preview:-1\" \/>\n<link rel=\"canonical\" href=\"https:\/\/www.notibras.com\/site\/chegada-da-herdeira-vira-tema-para-cronica-diaria\/\" \/>\n<meta property=\"og:locale\" content=\"pt_BR\" \/>\n<meta property=\"og:type\" content=\"article\" \/>\n<meta property=\"og:title\" content=\"Chegada da herdeira vira tema para cr\u00f4nica di\u00e1ria - Notibras\" \/>\n<meta property=\"og:description\" content=\"Na quarta, 23, pela manh\u00e3, j\u00e1 na sa\u00edda de mais uma das in\u00fameras consultas da minha amada, a Dona Irene, ela se vira para mim e diz que queria tomar caf\u00e9. Descemos o elevador com aquele sorriso nos l\u00e1bios, enquanto o sil\u00eancio toma conta do local. \u00c9 que a minha mulher, ap\u00f3s conversar com a [&hellip;]\" \/>\n<meta property=\"og:url\" content=\"https:\/\/www.notibras.com\/site\/chegada-da-herdeira-vira-tema-para-cronica-diaria\/\" \/>\n<meta property=\"og:site_name\" content=\"Notibras\" \/>\n<meta property=\"article:publisher\" content=\"https:\/\/www.facebook.com\/notibras\/\" \/>\n<meta property=\"article:published_time\" content=\"2023-08-24T08:45:37+00:00\" \/>\n<meta property=\"og:image\" content=\"https:\/\/www.notibras.com\/site\/wp-content\/uploads\/2023\/08\/duduirene.2.jpg\" \/>\n\t<meta property=\"og:image:width\" content=\"1600\" \/>\n\t<meta property=\"og:image:height\" content=\"900\" \/>\n\t<meta property=\"og:image:type\" content=\"image\/jpeg\" \/>\n<meta name=\"author\" content=\"Reda\u00e7\u00e3o\" \/>\n<meta name=\"twitter:card\" content=\"summary_large_image\" \/>\n<meta name=\"twitter:creator\" content=\"@Notibras\" \/>\n<meta name=\"twitter:site\" content=\"@Notibras\" \/>\n<meta name=\"twitter:label1\" content=\"Escrito por\" \/>\n\t<meta name=\"twitter:data1\" content=\"Reda\u00e7\u00e3o\" \/>\n\t<meta name=\"twitter:label2\" content=\"Est. tempo de leitura\" \/>\n\t<meta name=\"twitter:data2\" content=\"3 minutos\" \/>\n<script type=\"application\/ld+json\" class=\"yoast-schema-graph\">{\"@context\":\"https:\/\/schema.org\",\"@graph\":[{\"@type\":\"Article\",\"@id\":\"https:\/\/www.notibras.com\/site\/chegada-da-herdeira-vira-tema-para-cronica-diaria\/#article\",\"isPartOf\":{\"@id\":\"https:\/\/www.notibras.com\/site\/chegada-da-herdeira-vira-tema-para-cronica-diaria\/\"},\"author\":{\"name\":\"Reda\u00e7\u00e3o\",\"@id\":\"https:\/\/www.notibras.com\/site\/#\/schema\/person\/36ab0979449956132d3e5b517ea76ac8\"},\"headline\":\"Chegada da herdeira vira tema para cr\u00f4nica di\u00e1ria\",\"datePublished\":\"2023-08-24T08:45:37+00:00\",\"mainEntityOfPage\":{\"@id\":\"https:\/\/www.notibras.com\/site\/chegada-da-herdeira-vira-tema-para-cronica-diaria\/\"},\"wordCount\":473,\"publisher\":{\"@id\":\"https:\/\/www.notibras.com\/site\/#organization\"},\"image\":{\"@id\":\"https:\/\/www.notibras.com\/site\/chegada-da-herdeira-vira-tema-para-cronica-diaria\/#primaryimage\"},\"thumbnailUrl\":\"https:\/\/www.notibras.com\/site\/wp-content\/uploads\/2023\/08\/duduirene.2.jpg\",\"articleSection\":[\"Quadradinho em Foco\"],\"inLanguage\":\"pt-BR\"},{\"@type\":\"WebPage\",\"@id\":\"https:\/\/www.notibras.com\/site\/chegada-da-herdeira-vira-tema-para-cronica-diaria\/\",\"url\":\"https:\/\/www.notibras.com\/site\/chegada-da-herdeira-vira-tema-para-cronica-diaria\/\",\"name\":\"Chegada da herdeira vira tema para cr\u00f4nica di\u00e1ria - Notibras\",\"isPartOf\":{\"@id\":\"https:\/\/www.notibras.com\/site\/#website\"},\"primaryImageOfPage\":{\"@id\":\"https:\/\/www.notibras.com\/site\/chegada-da-herdeira-vira-tema-para-cronica-diaria\/#primaryimage\"},\"image\":{\"@id\":\"https:\/\/www.notibras.com\/site\/chegada-da-herdeira-vira-tema-para-cronica-diaria\/#primaryimage\"},\"thumbnailUrl\":\"https:\/\/www.notibras.com\/site\/wp-content\/uploads\/2023\/08\/duduirene.2.jpg\",\"datePublished\":\"2023-08-24T08:45:37+00:00\",\"breadcrumb\":{\"@id\":\"https:\/\/www.notibras.com\/site\/chegada-da-herdeira-vira-tema-para-cronica-diaria\/#breadcrumb\"},\"inLanguage\":\"pt-BR\",\"potentialAction\":[{\"@type\":\"ReadAction\",\"target\":[\"https:\/\/www.notibras.com\/site\/chegada-da-herdeira-vira-tema-para-cronica-diaria\/\"]}]},{\"@type\":\"ImageObject\",\"inLanguage\":\"pt-BR\",\"@id\":\"https:\/\/www.notibras.com\/site\/chegada-da-herdeira-vira-tema-para-cronica-diaria\/#primaryimage\",\"url\":\"https:\/\/www.notibras.com\/site\/wp-content\/uploads\/2023\/08\/duduirene.2.jpg\",\"contentUrl\":\"https:\/\/www.notibras.com\/site\/wp-content\/uploads\/2023\/08\/duduirene.2.jpg\",\"width\":1600,\"height\":900},{\"@type\":\"BreadcrumbList\",\"@id\":\"https:\/\/www.notibras.com\/site\/chegada-da-herdeira-vira-tema-para-cronica-diaria\/#breadcrumb\",\"itemListElement\":[{\"@type\":\"ListItem\",\"position\":1,\"name\":\"In\u00edcio\",\"item\":\"https:\/\/www.notibras.com\/site\/\"},{\"@type\":\"ListItem\",\"position\":2,\"name\":\"Chegada da herdeira vira tema para cr\u00f4nica di\u00e1ria\"}]},{\"@type\":\"WebSite\",\"@id\":\"https:\/\/www.notibras.com\/site\/#website\",\"url\":\"https:\/\/www.notibras.com\/site\/\",\"name\":\"Notibras\",\"description\":\"Not\u00edcias de Bras\u00edlia, do Brasil e do Mundo\",\"publisher\":{\"@id\":\"https:\/\/www.notibras.com\/site\/#organization\"},\"potentialAction\":[{\"@type\":\"SearchAction\",\"target\":{\"@type\":\"EntryPoint\",\"urlTemplate\":\"https:\/\/www.notibras.com\/site\/?s={search_term_string}\"},\"query-input\":{\"@type\":\"PropertyValueSpecification\",\"valueRequired\":true,\"valueName\":\"search_term_string\"}}],\"inLanguage\":\"pt-BR\"},{\"@type\":\"Organization\",\"@id\":\"https:\/\/www.notibras.com\/site\/#organization\",\"name\":\"Grupo Notibras de Comunica\u00e7\u00e3o\",\"url\":\"https:\/\/www.notibras.com\/site\/\",\"logo\":{\"@type\":\"ImageObject\",\"inLanguage\":\"pt-BR\",\"@id\":\"https:\/\/www.notibras.com\/site\/#\/schema\/logo\/image\/\",\"url\":\"https:\/\/www.notibras.com\/site\/wp-content\/uploads\/2023\/01\/notibras23.png\",\"contentUrl\":\"https:\/\/www.notibras.com\/site\/wp-content\/uploads\/2023\/01\/notibras23.png\",\"width\":350,\"height\":87,\"caption\":\"Grupo Notibras de Comunica\u00e7\u00e3o\"},\"image\":{\"@id\":\"https:\/\/www.notibras.com\/site\/#\/schema\/logo\/image\/\"},\"sameAs\":[\"https:\/\/www.facebook.com\/notibras\/\",\"https:\/\/x.com\/Notibras\",\"https:\/\/www.instagram.com\/notibras\/\"]},{\"@type\":\"Person\",\"@id\":\"https:\/\/www.notibras.com\/site\/#\/schema\/person\/36ab0979449956132d3e5b517ea76ac8\",\"name\":\"Reda\u00e7\u00e3o\",\"image\":{\"@type\":\"ImageObject\",\"inLanguage\":\"pt-BR\",\"@id\":\"https:\/\/secure.gravatar.com\/avatar\/e0a867bdedb85fd243eadf09663511f96fc81e0720a4a42581f334ad4303aa6b?s=96&d=mm&r=g\",\"url\":\"https:\/\/secure.gravatar.com\/avatar\/e0a867bdedb85fd243eadf09663511f96fc81e0720a4a42581f334ad4303aa6b?s=96&d=mm&r=g\",\"contentUrl\":\"https:\/\/secure.gravatar.com\/avatar\/e0a867bdedb85fd243eadf09663511f96fc81e0720a4a42581f334ad4303aa6b?s=96&d=mm&r=g\",\"caption\":\"Reda\u00e7\u00e3o\"}}]}<\/script>\n<!-- \/ Yoast SEO plugin. -->","yoast_head_json":{"title":"Chegada da herdeira vira tema para cr\u00f4nica di\u00e1ria - Notibras","robots":{"index":"index","follow":"follow","max-snippet":"max-snippet:-1","max-image-preview":"max-image-preview:large","max-video-preview":"max-video-preview:-1"},"canonical":"https:\/\/www.notibras.com\/site\/chegada-da-herdeira-vira-tema-para-cronica-diaria\/","og_locale":"pt_BR","og_type":"article","og_title":"Chegada da herdeira vira tema para cr\u00f4nica di\u00e1ria - Notibras","og_description":"Na quarta, 23, pela manh\u00e3, j\u00e1 na sa\u00edda de mais uma das in\u00fameras consultas da minha amada, a Dona Irene, ela se vira para mim e diz que queria tomar caf\u00e9. Descemos o elevador com aquele sorriso nos l\u00e1bios, enquanto o sil\u00eancio toma conta do local. \u00c9 que a minha mulher, ap\u00f3s conversar com a [&hellip;]","og_url":"https:\/\/www.notibras.com\/site\/chegada-da-herdeira-vira-tema-para-cronica-diaria\/","og_site_name":"Notibras","article_publisher":"https:\/\/www.facebook.com\/notibras\/","article_published_time":"2023-08-24T08:45:37+00:00","og_image":[{"width":1600,"height":900,"url":"https:\/\/www.notibras.com\/site\/wp-content\/uploads\/2023\/08\/duduirene.2.jpg","type":"image\/jpeg"}],"author":"Reda\u00e7\u00e3o","twitter_card":"summary_large_image","twitter_creator":"@Notibras","twitter_site":"@Notibras","twitter_misc":{"Escrito por":"Reda\u00e7\u00e3o","Est. tempo de leitura":"3 minutos"},"schema":{"@context":"https:\/\/schema.org","@graph":[{"@type":"Article","@id":"https:\/\/www.notibras.com\/site\/chegada-da-herdeira-vira-tema-para-cronica-diaria\/#article","isPartOf":{"@id":"https:\/\/www.notibras.com\/site\/chegada-da-herdeira-vira-tema-para-cronica-diaria\/"},"author":{"name":"Reda\u00e7\u00e3o","@id":"https:\/\/www.notibras.com\/site\/#\/schema\/person\/36ab0979449956132d3e5b517ea76ac8"},"headline":"Chegada da herdeira vira tema para cr\u00f4nica di\u00e1ria","datePublished":"2023-08-24T08:45:37+00:00","mainEntityOfPage":{"@id":"https:\/\/www.notibras.com\/site\/chegada-da-herdeira-vira-tema-para-cronica-diaria\/"},"wordCount":473,"publisher":{"@id":"https:\/\/www.notibras.com\/site\/#organization"},"image":{"@id":"https:\/\/www.notibras.com\/site\/chegada-da-herdeira-vira-tema-para-cronica-diaria\/#primaryimage"},"thumbnailUrl":"https:\/\/www.notibras.com\/site\/wp-content\/uploads\/2023\/08\/duduirene.2.jpg","articleSection":["Quadradinho em Foco"],"inLanguage":"pt-BR"},{"@type":"WebPage","@id":"https:\/\/www.notibras.com\/site\/chegada-da-herdeira-vira-tema-para-cronica-diaria\/","url":"https:\/\/www.notibras.com\/site\/chegada-da-herdeira-vira-tema-para-cronica-diaria\/","name":"Chegada da herdeira vira tema para cr\u00f4nica di\u00e1ria - Notibras","isPartOf":{"@id":"https:\/\/www.notibras.com\/site\/#website"},"primaryImageOfPage":{"@id":"https:\/\/www.notibras.com\/site\/chegada-da-herdeira-vira-tema-para-cronica-diaria\/#primaryimage"},"image":{"@id":"https:\/\/www.notibras.com\/site\/chegada-da-herdeira-vira-tema-para-cronica-diaria\/#primaryimage"},"thumbnailUrl":"https:\/\/www.notibras.com\/site\/wp-content\/uploads\/2023\/08\/duduirene.2.jpg","datePublished":"2023-08-24T08:45:37+00:00","breadcrumb":{"@id":"https:\/\/www.notibras.com\/site\/chegada-da-herdeira-vira-tema-para-cronica-diaria\/#breadcrumb"},"inLanguage":"pt-BR","potentialAction":[{"@type":"ReadAction","target":["https:\/\/www.notibras.com\/site\/chegada-da-herdeira-vira-tema-para-cronica-diaria\/"]}]},{"@type":"ImageObject","inLanguage":"pt-BR","@id":"https:\/\/www.notibras.com\/site\/chegada-da-herdeira-vira-tema-para-cronica-diaria\/#primaryimage","url":"https:\/\/www.notibras.com\/site\/wp-content\/uploads\/2023\/08\/duduirene.2.jpg","contentUrl":"https:\/\/www.notibras.com\/site\/wp-content\/uploads\/2023\/08\/duduirene.2.jpg","width":1600,"height":900},{"@type":"BreadcrumbList","@id":"https:\/\/www.notibras.com\/site\/chegada-da-herdeira-vira-tema-para-cronica-diaria\/#breadcrumb","itemListElement":[{"@type":"ListItem","position":1,"name":"In\u00edcio","item":"https:\/\/www.notibras.com\/site\/"},{"@type":"ListItem","position":2,"name":"Chegada da herdeira vira tema para cr\u00f4nica di\u00e1ria"}]},{"@type":"WebSite","@id":"https:\/\/www.notibras.com\/site\/#website","url":"https:\/\/www.notibras.com\/site\/","name":"Notibras","description":"Not\u00edcias de Bras\u00edlia, do Brasil e do Mundo","publisher":{"@id":"https:\/\/www.notibras.com\/site\/#organization"},"potentialAction":[{"@type":"SearchAction","target":{"@type":"EntryPoint","urlTemplate":"https:\/\/www.notibras.com\/site\/?s={search_term_string}"},"query-input":{"@type":"PropertyValueSpecification","valueRequired":true,"valueName":"search_term_string"}}],"inLanguage":"pt-BR"},{"@type":"Organization","@id":"https:\/\/www.notibras.com\/site\/#organization","name":"Grupo Notibras de Comunica\u00e7\u00e3o","url":"https:\/\/www.notibras.com\/site\/","logo":{"@type":"ImageObject","inLanguage":"pt-BR","@id":"https:\/\/www.notibras.com\/site\/#\/schema\/logo\/image\/","url":"https:\/\/www.notibras.com\/site\/wp-content\/uploads\/2023\/01\/notibras23.png","contentUrl":"https:\/\/www.notibras.com\/site\/wp-content\/uploads\/2023\/01\/notibras23.png","width":350,"height":87,"caption":"Grupo Notibras de Comunica\u00e7\u00e3o"},"image":{"@id":"https:\/\/www.notibras.com\/site\/#\/schema\/logo\/image\/"},"sameAs":["https:\/\/www.facebook.com\/notibras\/","https:\/\/x.com\/Notibras","https:\/\/www.instagram.com\/notibras\/"]},{"@type":"Person","@id":"https:\/\/www.notibras.com\/site\/#\/schema\/person\/36ab0979449956132d3e5b517ea76ac8","name":"Reda\u00e7\u00e3o","image":{"@type":"ImageObject","inLanguage":"pt-BR","@id":"https:\/\/secure.gravatar.com\/avatar\/e0a867bdedb85fd243eadf09663511f96fc81e0720a4a42581f334ad4303aa6b?s=96&d=mm&r=g","url":"https:\/\/secure.gravatar.com\/avatar\/e0a867bdedb85fd243eadf09663511f96fc81e0720a4a42581f334ad4303aa6b?s=96&d=mm&r=g","contentUrl":"https:\/\/secure.gravatar.com\/avatar\/e0a867bdedb85fd243eadf09663511f96fc81e0720a4a42581f334ad4303aa6b?s=96&d=mm&r=g","caption":"Reda\u00e7\u00e3o"}}]}},"amp_enabled":true,"_links":{"self":[{"href":"https:\/\/www.notibras.com\/site\/wp-json\/wp\/v2\/posts\/311604","targetHints":{"allow":["GET"]}}],"collection":[{"href":"https:\/\/www.notibras.com\/site\/wp-json\/wp\/v2\/posts"}],"about":[{"href":"https:\/\/www.notibras.com\/site\/wp-json\/wp\/v2\/types\/post"}],"author":[{"embeddable":true,"href":"https:\/\/www.notibras.com\/site\/wp-json\/wp\/v2\/users\/2"}],"replies":[{"embeddable":true,"href":"https:\/\/www.notibras.com\/site\/wp-json\/wp\/v2\/comments?post=311604"}],"version-history":[{"count":1,"href":"https:\/\/www.notibras.com\/site\/wp-json\/wp\/v2\/posts\/311604\/revisions"}],"predecessor-version":[{"id":311606,"href":"https:\/\/www.notibras.com\/site\/wp-json\/wp\/v2\/posts\/311604\/revisions\/311606"}],"wp:featuredmedia":[{"embeddable":true,"href":"https:\/\/www.notibras.com\/site\/wp-json\/wp\/v2\/media\/311614"}],"wp:attachment":[{"href":"https:\/\/www.notibras.com\/site\/wp-json\/wp\/v2\/media?parent=311604"}],"wp:term":[{"taxonomy":"category","embeddable":true,"href":"https:\/\/www.notibras.com\/site\/wp-json\/wp\/v2\/categories?post=311604"},{"taxonomy":"post_tag","embeddable":true,"href":"https:\/\/www.notibras.com\/site\/wp-json\/wp\/v2\/tags?post=311604"}],"curies":[{"name":"wp","href":"https:\/\/api.w.org\/{rel}","templated":true}]}}