{"id":311607,"date":"2023-08-24T05:55:21","date_gmt":"2023-08-24T08:55:21","guid":{"rendered":"https:\/\/www.notibras.com\/site\/?p=311607"},"modified":"2023-08-24T09:28:08","modified_gmt":"2023-08-24T12:28:08","slug":"tribunal-pega-buriti-por-dinheiro-que-sai-como-agua-pelo-ladrao","status":"publish","type":"post","link":"https:\/\/www.notibras.com\/site\/tribunal-pega-buriti-por-dinheiro-que-sai-como-agua-pelo-ladrao\/","title":{"rendered":"Tribunal pega Buriti por dinheiro que sai como \u00e1gua pelo ladr\u00e3o"},"content":{"rendered":"<p>O Tribunal de Contas do Distrito Federal provoca dores de cabe\u00e7a no governador Ibaneis Rocha dia sim, outro tamb\u00e9m. O que n\u00e3o falta na Corte, \u00e9 uma vasta lista de irregularidades na administra\u00e7\u00e3o do emedebista. As duas \u00faltimas den\u00fancias apontadas neste m\u00eas de agosto, envolvem, uma, a ocupa\u00e7\u00e3o irregular na Administra\u00e7\u00e3o de Arapoanga, onde servi\u00e7os burocr\u00e1ticos se misturam, sob o mesmo teto, com os servidores do do Centro de Refer\u00eancia de Assist\u00eancia Social.<\/p>\n<p>O segundo caso \u00e9 pior: est\u00e3o sendo investigadas supostas irregularidades na aquisi\u00e7\u00e3o de mobili\u00e1rio, envolvendo a empresa DD7 Assessoria Empresarial e Comercial Ltda. A investiga\u00e7\u00e3o leva o sugestivo nome de &#8220;Mob\u00edlia de Ouro&#8221;. Os recursos teriam sa\u00eddo do Programa de Descentraliza\u00e7\u00e3o Administrativa e Financeira.<\/p>\n<p>No caso espec\u00edfico do Cras, o Tribunal deu um prazo de 30 dias para que as Administra\u00e7\u00f5es Regionais de Arapoanga e de Planaltina apresentem um cronograma com provid\u00eancias necess\u00e1rias para loca\u00e7\u00e3o de espa\u00e7o f\u00edsico ou edifica\u00e7\u00e3o que abrigue a sede da Administra\u00e7\u00e3o Regional de Arapoanga. Atualmente, a unidade compartilha a estrutura do Centro de Refer\u00eancia de Assist\u00eancia Social da cidade.<\/p>\n<p>Ao tomar conhecimento de que o Cras e a administra\u00e7\u00e3o regional estariam dividindo o mesmo espa\u00e7o, a Corte determinou que a Secretaria de Desenvolvimento Social, a Casa Civil e a Administra\u00e7\u00e3o Regional de Arapoanga se manifestassem sobre um poss\u00edvel descumprimento da Lei Org\u00e2nica da Assist\u00eancia Social e de orienta\u00e7\u00f5es t\u00e9cnicas do Minist\u00e9rio do Desenvolvimento Social.<\/p>\n<p>A Lei Org\u00e2nica da Assist\u00eancia Social estabelece que as instala\u00e7\u00f5es dos Cras devem ser compat\u00edveis com os servi\u00e7os ofertados, dispondo de espa\u00e7os para trabalhos em grupo e ambientes espec\u00edficos para recep\u00e7\u00e3o e atendimento reservado das fam\u00edlias e indiv\u00edduos.<\/p>\n<p>Segundo o Minist\u00e9rio do Desenvolvimento Social, caso haja a instala\u00e7\u00e3o de Cras em espa\u00e7os compartilhados, devem ser tomadas provid\u00eancias que assegurem a identidade da unidade \u2013 tais como a presen\u00e7a de entrada exclusiva, garantia e exclusividade dos ambientes destinados \u00e0 oferta do Programa de Aten\u00e7\u00e3o Integral \u00e0s Fam\u00edlias e de sua fun\u00e7\u00e3o de gest\u00e3o local da rede socioassistencial. A identifica\u00e7\u00e3o do Cras tamb\u00e9m deve manter o car\u00e1ter p\u00fablico e de v\u00ednculo da unidade ao Sistema \u00danico de Assist\u00eancia Social.<\/p>\n<p>Em resposta aos questionamentos do TCDF, os \u00f3rg\u00e3os governamentais informaram que o compartilhamento do espa\u00e7o f\u00edsico seria tempor\u00e1rio. A ocupa\u00e7\u00e3o do Cras Arapoanga teria ocorrido ap\u00f3s a cria\u00e7\u00e3o da Regi\u00e3o Administrativa de Arapoanga, desmembrada de Planaltina, em dezembro do ano passado.<\/p>\n<p>Al\u00e9m de informar sobre as provid\u00eancias para abrigar a sede da Administra\u00e7\u00e3o Regional de Arapoanga, em definitivo, as Administra\u00e7\u00f5es Regionais de Arapoanga e de Planaltina devem informar se a situa\u00e7\u00e3o atual \u00e9 compat\u00edvel com orienta\u00e7\u00f5es t\u00e9cnicas do Minist\u00e9rio do Desenvolvimento Social.<\/p>\n<p>Os \u00f3rg\u00e3os tamb\u00e9m devem indicar as provid\u00eancias que est\u00e3o sendo adotadas e as que j\u00e1 foram efetivamente implementadas para compatibilizar o compartilhamento do espa\u00e7o f\u00edsico, especialmente no que diz respeito \u00e0 garantia de identidade da unidade, infraestrutura e ambientes adequados para os servi\u00e7os socioassistenciais ofertados de prote\u00e7\u00e3o social.<\/p>\n<p><strong>Ali Bab\u00e1<\/strong><br \/>\nVaos agora \u00e0 opera\u00e7\u00e3o Mob\u00edlia de Ouro. O Tribunal determinou uma inspe\u00e7\u00e3o na Secretaria de Educa\u00e7\u00e3o para examinar poss\u00edveis irregularidades na aquisi\u00e7\u00e3o de mobili\u00e1rio em favor da empresa DD7 Assessoria Empresarial e Comercial Ltda.<\/p>\n<p>Como h\u00e1 muita suspeita no ar, a Corte vai avaliar a regularidade, a vantajosidade e a efetiva entrega dos bens adquiridos da empresa com recursos do Programa de Descentraliza\u00e7\u00e3o Administrativa e Financeira, entre 2021 e 2023, pela Coordena\u00e7\u00e3o Regional de Ensino (CRE) de Ceil\u00e2ndia. A investiga\u00e7\u00e3o foi aprovada por unanimidade.<\/p>\n<p>Um documento emitido pela CRE de Ceil\u00e2ndia em abril do ano passado confirma a aquisi\u00e7\u00e3o de pelo menos 1 mil e 70 conjuntos de mesas e cadeiras da DD7 Assessoria. Em fevereiro de 2022, por exemplo, a regional destinou 264.244 reais para a compra de 519 kits junto \u00e0 empresa.<\/p>\n<p>Al\u00e9m de essa compra ter sido realizada sem licita\u00e7\u00e3o, o mobili\u00e1rio foi pago com recursos do PDAF. O programa foi criado para dar autonomia financeira \u00e0s escolas e \u00e0s CREs, contribuindo para a realiza\u00e7\u00e3o do projeto pol\u00edtico-pedag\u00f3gico e com a execu\u00e7\u00e3o das a\u00e7\u00f5es administrativo-operacionais das unidades. Mas, segundo den\u00fancia recebida pelo Tribunal, os recursos estariam sendo utilizados para beneficiar a sociedade empresarial investigada.<\/p>\n<p>O documento que atesta a aquisi\u00e7\u00e3o de mobili\u00e1rio pela CRE de Ceil\u00e2ndia foi utilizado para habilita\u00e7\u00e3o da DD7 Assessoria no Preg\u00e3o Eletr\u00f4nico n\u00ba 12\/2022, que teve como vencedora a empresa investigada. Como resultado dessa licita\u00e7\u00e3o, foi assinada uma ata de registro de pre\u00e7os entre a Secretaria de Educa\u00e7\u00e3o e a DD7 Assessoria. Caso os 519 conjuntos de mesas e cadeiras tivessem sido adquiridos com base nos pre\u00e7os dessa ata, a regional pagaria apenas 178.990 reais, e n\u00e3o 264.244 reais. Na melhor das hip\u00f3teses, o preju\u00edzo aos sofres p\u00fabicos \u00e9 da ordem de 47%.<\/p>\n<p>Al\u00e9m disso, de acordo com a den\u00fancia em an\u00e1lise pela Corte, a aquisi\u00e7\u00e3o de mobili\u00e1rio para a regional de Ceil\u00e2ndia foi embasada unicamente em or\u00e7amentos produzidos por pessoas jur\u00eddicas investigadas pela Pol\u00edcia Civil na Opera\u00e7\u00e3o &#8220;Mob\u00edlia de Ouro&#8221;: DD7 Assessoria Empresarial e Comercial Ltda, VIP Assessoria Empresarial e Comercial Ltda e Disbran Distribuidora Brasiliense de Artigos Nacionais Ltda.<\/p>\n","protected":false},"excerpt":{"rendered":"<p>O Tribunal de Contas do Distrito Federal provoca dores de cabe\u00e7a no governador Ibaneis Rocha dia sim, outro tamb\u00e9m. O que n\u00e3o falta na Corte, \u00e9 uma vasta lista de irregularidades na administra\u00e7\u00e3o do emedebista. As duas \u00faltimas den\u00fancias apontadas neste m\u00eas de agosto, envolvem, uma, a ocupa\u00e7\u00e3o irregular na Administra\u00e7\u00e3o de Arapoanga, onde servi\u00e7os [&hellip;]<\/p>\n","protected":false},"author":2,"featured_media":311608,"comment_status":"closed","ping_status":"closed","sticky":false,"template":"","format":"standard","meta":{"_acf_changed":false,"footnotes":""},"categories":[161],"tags":[95],"class_list":["post-311607","post","type-post","status-publish","format-standard","has-post-thumbnail","hentry","category-quadradinho-em-foco","tag-capa"],"acf":[],"yoast_head":"<!-- This site is optimized with the Yoast SEO plugin v27.2 - https:\/\/yoast.com\/product\/yoast-seo-wordpress\/ -->\n<title>Tribunal pega Buriti por dinheiro que sai como \u00e1gua pelo ladr\u00e3o - Notibras<\/title>\n<meta name=\"robots\" content=\"index, follow, max-snippet:-1, max-image-preview:large, max-video-preview:-1\" \/>\n<link rel=\"canonical\" href=\"https:\/\/www.notibras.com\/site\/tribunal-pega-buriti-por-dinheiro-que-sai-como-agua-pelo-ladrao\/\" \/>\n<meta property=\"og:locale\" content=\"pt_BR\" \/>\n<meta property=\"og:type\" content=\"article\" \/>\n<meta property=\"og:title\" content=\"Tribunal pega Buriti por dinheiro que sai como \u00e1gua pelo ladr\u00e3o - Notibras\" \/>\n<meta property=\"og:description\" content=\"O Tribunal de Contas do Distrito Federal provoca dores de cabe\u00e7a no governador Ibaneis Rocha dia sim, outro tamb\u00e9m. O que n\u00e3o falta na Corte, \u00e9 uma vasta lista de irregularidades na administra\u00e7\u00e3o do emedebista. As duas \u00faltimas den\u00fancias apontadas neste m\u00eas de agosto, envolvem, uma, a ocupa\u00e7\u00e3o irregular na Administra\u00e7\u00e3o de Arapoanga, onde servi\u00e7os [&hellip;]\" \/>\n<meta property=\"og:url\" content=\"https:\/\/www.notibras.com\/site\/tribunal-pega-buriti-por-dinheiro-que-sai-como-agua-pelo-ladrao\/\" \/>\n<meta property=\"og:site_name\" content=\"Notibras\" \/>\n<meta property=\"article:publisher\" content=\"https:\/\/www.facebook.com\/notibras\/\" \/>\n<meta property=\"article:published_time\" content=\"2023-08-24T08:55:21+00:00\" \/>\n<meta property=\"article:modified_time\" content=\"2023-08-24T12:28:08+00:00\" \/>\n<meta property=\"og:image\" content=\"https:\/\/www.notibras.com\/site\/wp-content\/uploads\/2023\/08\/1109802-mcamgo_abr02232018797120180223.jpg\" \/>\n\t<meta property=\"og:image:width\" content=\"770\" \/>\n\t<meta property=\"og:image:height\" content=\"513\" \/>\n\t<meta property=\"og:image:type\" content=\"image\/jpeg\" \/>\n<meta name=\"author\" content=\"Reda\u00e7\u00e3o\" \/>\n<meta name=\"twitter:card\" content=\"summary_large_image\" \/>\n<meta name=\"twitter:creator\" content=\"@Notibras\" \/>\n<meta name=\"twitter:site\" content=\"@Notibras\" \/>\n<meta name=\"twitter:label1\" content=\"Escrito por\" \/>\n\t<meta name=\"twitter:data1\" content=\"Reda\u00e7\u00e3o\" \/>\n\t<meta name=\"twitter:label2\" content=\"Est. tempo de leitura\" \/>\n\t<meta name=\"twitter:data2\" content=\"5 minutos\" \/>\n<script type=\"application\/ld+json\" class=\"yoast-schema-graph\">{\"@context\":\"https:\/\/schema.org\",\"@graph\":[{\"@type\":\"Article\",\"@id\":\"https:\/\/www.notibras.com\/site\/tribunal-pega-buriti-por-dinheiro-que-sai-como-agua-pelo-ladrao\/#article\",\"isPartOf\":{\"@id\":\"https:\/\/www.notibras.com\/site\/tribunal-pega-buriti-por-dinheiro-que-sai-como-agua-pelo-ladrao\/\"},\"author\":{\"name\":\"Reda\u00e7\u00e3o\",\"@id\":\"https:\/\/www.notibras.com\/site\/#\/schema\/person\/36ab0979449956132d3e5b517ea76ac8\"},\"headline\":\"Tribunal pega Buriti por dinheiro que sai como \u00e1gua pelo ladr\u00e3o\",\"datePublished\":\"2023-08-24T08:55:21+00:00\",\"dateModified\":\"2023-08-24T12:28:08+00:00\",\"mainEntityOfPage\":{\"@id\":\"https:\/\/www.notibras.com\/site\/tribunal-pega-buriti-por-dinheiro-que-sai-como-agua-pelo-ladrao\/\"},\"wordCount\":955,\"publisher\":{\"@id\":\"https:\/\/www.notibras.com\/site\/#organization\"},\"image\":{\"@id\":\"https:\/\/www.notibras.com\/site\/tribunal-pega-buriti-por-dinheiro-que-sai-como-agua-pelo-ladrao\/#primaryimage\"},\"thumbnailUrl\":\"https:\/\/www.notibras.com\/site\/wp-content\/uploads\/2023\/08\/1109802-mcamgo_abr02232018797120180223.jpg\",\"keywords\":[\"capa\"],\"articleSection\":[\"Quadradinho em Foco\"],\"inLanguage\":\"pt-BR\"},{\"@type\":\"WebPage\",\"@id\":\"https:\/\/www.notibras.com\/site\/tribunal-pega-buriti-por-dinheiro-que-sai-como-agua-pelo-ladrao\/\",\"url\":\"https:\/\/www.notibras.com\/site\/tribunal-pega-buriti-por-dinheiro-que-sai-como-agua-pelo-ladrao\/\",\"name\":\"Tribunal pega Buriti por dinheiro que sai como \u00e1gua pelo ladr\u00e3o - Notibras\",\"isPartOf\":{\"@id\":\"https:\/\/www.notibras.com\/site\/#website\"},\"primaryImageOfPage\":{\"@id\":\"https:\/\/www.notibras.com\/site\/tribunal-pega-buriti-por-dinheiro-que-sai-como-agua-pelo-ladrao\/#primaryimage\"},\"image\":{\"@id\":\"https:\/\/www.notibras.com\/site\/tribunal-pega-buriti-por-dinheiro-que-sai-como-agua-pelo-ladrao\/#primaryimage\"},\"thumbnailUrl\":\"https:\/\/www.notibras.com\/site\/wp-content\/uploads\/2023\/08\/1109802-mcamgo_abr02232018797120180223.jpg\",\"datePublished\":\"2023-08-24T08:55:21+00:00\",\"dateModified\":\"2023-08-24T12:28:08+00:00\",\"breadcrumb\":{\"@id\":\"https:\/\/www.notibras.com\/site\/tribunal-pega-buriti-por-dinheiro-que-sai-como-agua-pelo-ladrao\/#breadcrumb\"},\"inLanguage\":\"pt-BR\",\"potentialAction\":[{\"@type\":\"ReadAction\",\"target\":[\"https:\/\/www.notibras.com\/site\/tribunal-pega-buriti-por-dinheiro-que-sai-como-agua-pelo-ladrao\/\"]}]},{\"@type\":\"ImageObject\",\"inLanguage\":\"pt-BR\",\"@id\":\"https:\/\/www.notibras.com\/site\/tribunal-pega-buriti-por-dinheiro-que-sai-como-agua-pelo-ladrao\/#primaryimage\",\"url\":\"https:\/\/www.notibras.com\/site\/wp-content\/uploads\/2023\/08\/1109802-mcamgo_abr02232018797120180223.jpg\",\"contentUrl\":\"https:\/\/www.notibras.com\/site\/wp-content\/uploads\/2023\/08\/1109802-mcamgo_abr02232018797120180223.jpg\",\"width\":770,\"height\":513,\"caption\":\"Bras\u00edlia - Alunos da Escola Classe 29 de Taguatinga participam de atividades do projeto Adasa na Escola. No projeto as crian\u00e7as aprendem como podem ajudar na preserva\u00e7\u00e3o da \u00e1gua (Marcelo Camargo\/Ag\u00eancia Brasil)\"},{\"@type\":\"BreadcrumbList\",\"@id\":\"https:\/\/www.notibras.com\/site\/tribunal-pega-buriti-por-dinheiro-que-sai-como-agua-pelo-ladrao\/#breadcrumb\",\"itemListElement\":[{\"@type\":\"ListItem\",\"position\":1,\"name\":\"In\u00edcio\",\"item\":\"https:\/\/www.notibras.com\/site\/\"},{\"@type\":\"ListItem\",\"position\":2,\"name\":\"Tribunal pega Buriti por dinheiro que sai como \u00e1gua pelo ladr\u00e3o\"}]},{\"@type\":\"WebSite\",\"@id\":\"https:\/\/www.notibras.com\/site\/#website\",\"url\":\"https:\/\/www.notibras.com\/site\/\",\"name\":\"Notibras\",\"description\":\"Not\u00edcias de Bras\u00edlia, do Brasil e do Mundo\",\"publisher\":{\"@id\":\"https:\/\/www.notibras.com\/site\/#organization\"},\"potentialAction\":[{\"@type\":\"SearchAction\",\"target\":{\"@type\":\"EntryPoint\",\"urlTemplate\":\"https:\/\/www.notibras.com\/site\/?s={search_term_string}\"},\"query-input\":{\"@type\":\"PropertyValueSpecification\",\"valueRequired\":true,\"valueName\":\"search_term_string\"}}],\"inLanguage\":\"pt-BR\"},{\"@type\":\"Organization\",\"@id\":\"https:\/\/www.notibras.com\/site\/#organization\",\"name\":\"Grupo Notibras de Comunica\u00e7\u00e3o\",\"url\":\"https:\/\/www.notibras.com\/site\/\",\"logo\":{\"@type\":\"ImageObject\",\"inLanguage\":\"pt-BR\",\"@id\":\"https:\/\/www.notibras.com\/site\/#\/schema\/logo\/image\/\",\"url\":\"https:\/\/www.notibras.com\/site\/wp-content\/uploads\/2023\/01\/notibras23.png\",\"contentUrl\":\"https:\/\/www.notibras.com\/site\/wp-content\/uploads\/2023\/01\/notibras23.png\",\"width\":350,\"height\":87,\"caption\":\"Grupo Notibras de Comunica\u00e7\u00e3o\"},\"image\":{\"@id\":\"https:\/\/www.notibras.com\/site\/#\/schema\/logo\/image\/\"},\"sameAs\":[\"https:\/\/www.facebook.com\/notibras\/\",\"https:\/\/x.com\/Notibras\",\"https:\/\/www.instagram.com\/notibras\/\"]},{\"@type\":\"Person\",\"@id\":\"https:\/\/www.notibras.com\/site\/#\/schema\/person\/36ab0979449956132d3e5b517ea76ac8\",\"name\":\"Reda\u00e7\u00e3o\",\"image\":{\"@type\":\"ImageObject\",\"inLanguage\":\"pt-BR\",\"@id\":\"https:\/\/secure.gravatar.com\/avatar\/e0a867bdedb85fd243eadf09663511f96fc81e0720a4a42581f334ad4303aa6b?s=96&d=mm&r=g\",\"url\":\"https:\/\/secure.gravatar.com\/avatar\/e0a867bdedb85fd243eadf09663511f96fc81e0720a4a42581f334ad4303aa6b?s=96&d=mm&r=g\",\"contentUrl\":\"https:\/\/secure.gravatar.com\/avatar\/e0a867bdedb85fd243eadf09663511f96fc81e0720a4a42581f334ad4303aa6b?s=96&d=mm&r=g\",\"caption\":\"Reda\u00e7\u00e3o\"}}]}<\/script>\n<!-- \/ Yoast SEO plugin. -->","yoast_head_json":{"title":"Tribunal pega Buriti por dinheiro que sai como \u00e1gua pelo ladr\u00e3o - Notibras","robots":{"index":"index","follow":"follow","max-snippet":"max-snippet:-1","max-image-preview":"max-image-preview:large","max-video-preview":"max-video-preview:-1"},"canonical":"https:\/\/www.notibras.com\/site\/tribunal-pega-buriti-por-dinheiro-que-sai-como-agua-pelo-ladrao\/","og_locale":"pt_BR","og_type":"article","og_title":"Tribunal pega Buriti por dinheiro que sai como \u00e1gua pelo ladr\u00e3o - Notibras","og_description":"O Tribunal de Contas do Distrito Federal provoca dores de cabe\u00e7a no governador Ibaneis Rocha dia sim, outro tamb\u00e9m. O que n\u00e3o falta na Corte, \u00e9 uma vasta lista de irregularidades na administra\u00e7\u00e3o do emedebista. As duas \u00faltimas den\u00fancias apontadas neste m\u00eas de agosto, envolvem, uma, a ocupa\u00e7\u00e3o irregular na Administra\u00e7\u00e3o de Arapoanga, onde servi\u00e7os [&hellip;]","og_url":"https:\/\/www.notibras.com\/site\/tribunal-pega-buriti-por-dinheiro-que-sai-como-agua-pelo-ladrao\/","og_site_name":"Notibras","article_publisher":"https:\/\/www.facebook.com\/notibras\/","article_published_time":"2023-08-24T08:55:21+00:00","article_modified_time":"2023-08-24T12:28:08+00:00","og_image":[{"width":770,"height":513,"url":"https:\/\/www.notibras.com\/site\/wp-content\/uploads\/2023\/08\/1109802-mcamgo_abr02232018797120180223.jpg","type":"image\/jpeg"}],"author":"Reda\u00e7\u00e3o","twitter_card":"summary_large_image","twitter_creator":"@Notibras","twitter_site":"@Notibras","twitter_misc":{"Escrito por":"Reda\u00e7\u00e3o","Est. tempo de leitura":"5 minutos"},"schema":{"@context":"https:\/\/schema.org","@graph":[{"@type":"Article","@id":"https:\/\/www.notibras.com\/site\/tribunal-pega-buriti-por-dinheiro-que-sai-como-agua-pelo-ladrao\/#article","isPartOf":{"@id":"https:\/\/www.notibras.com\/site\/tribunal-pega-buriti-por-dinheiro-que-sai-como-agua-pelo-ladrao\/"},"author":{"name":"Reda\u00e7\u00e3o","@id":"https:\/\/www.notibras.com\/site\/#\/schema\/person\/36ab0979449956132d3e5b517ea76ac8"},"headline":"Tribunal pega Buriti por dinheiro que sai como \u00e1gua pelo ladr\u00e3o","datePublished":"2023-08-24T08:55:21+00:00","dateModified":"2023-08-24T12:28:08+00:00","mainEntityOfPage":{"@id":"https:\/\/www.notibras.com\/site\/tribunal-pega-buriti-por-dinheiro-que-sai-como-agua-pelo-ladrao\/"},"wordCount":955,"publisher":{"@id":"https:\/\/www.notibras.com\/site\/#organization"},"image":{"@id":"https:\/\/www.notibras.com\/site\/tribunal-pega-buriti-por-dinheiro-que-sai-como-agua-pelo-ladrao\/#primaryimage"},"thumbnailUrl":"https:\/\/www.notibras.com\/site\/wp-content\/uploads\/2023\/08\/1109802-mcamgo_abr02232018797120180223.jpg","keywords":["capa"],"articleSection":["Quadradinho em Foco"],"inLanguage":"pt-BR"},{"@type":"WebPage","@id":"https:\/\/www.notibras.com\/site\/tribunal-pega-buriti-por-dinheiro-que-sai-como-agua-pelo-ladrao\/","url":"https:\/\/www.notibras.com\/site\/tribunal-pega-buriti-por-dinheiro-que-sai-como-agua-pelo-ladrao\/","name":"Tribunal pega Buriti por dinheiro que sai como \u00e1gua pelo ladr\u00e3o - Notibras","isPartOf":{"@id":"https:\/\/www.notibras.com\/site\/#website"},"primaryImageOfPage":{"@id":"https:\/\/www.notibras.com\/site\/tribunal-pega-buriti-por-dinheiro-que-sai-como-agua-pelo-ladrao\/#primaryimage"},"image":{"@id":"https:\/\/www.notibras.com\/site\/tribunal-pega-buriti-por-dinheiro-que-sai-como-agua-pelo-ladrao\/#primaryimage"},"thumbnailUrl":"https:\/\/www.notibras.com\/site\/wp-content\/uploads\/2023\/08\/1109802-mcamgo_abr02232018797120180223.jpg","datePublished":"2023-08-24T08:55:21+00:00","dateModified":"2023-08-24T12:28:08+00:00","breadcrumb":{"@id":"https:\/\/www.notibras.com\/site\/tribunal-pega-buriti-por-dinheiro-que-sai-como-agua-pelo-ladrao\/#breadcrumb"},"inLanguage":"pt-BR","potentialAction":[{"@type":"ReadAction","target":["https:\/\/www.notibras.com\/site\/tribunal-pega-buriti-por-dinheiro-que-sai-como-agua-pelo-ladrao\/"]}]},{"@type":"ImageObject","inLanguage":"pt-BR","@id":"https:\/\/www.notibras.com\/site\/tribunal-pega-buriti-por-dinheiro-que-sai-como-agua-pelo-ladrao\/#primaryimage","url":"https:\/\/www.notibras.com\/site\/wp-content\/uploads\/2023\/08\/1109802-mcamgo_abr02232018797120180223.jpg","contentUrl":"https:\/\/www.notibras.com\/site\/wp-content\/uploads\/2023\/08\/1109802-mcamgo_abr02232018797120180223.jpg","width":770,"height":513,"caption":"Bras\u00edlia - Alunos da Escola Classe 29 de Taguatinga participam de atividades do projeto Adasa na Escola. No projeto as crian\u00e7as aprendem como podem ajudar na preserva\u00e7\u00e3o da \u00e1gua (Marcelo Camargo\/Ag\u00eancia Brasil)"},{"@type":"BreadcrumbList","@id":"https:\/\/www.notibras.com\/site\/tribunal-pega-buriti-por-dinheiro-que-sai-como-agua-pelo-ladrao\/#breadcrumb","itemListElement":[{"@type":"ListItem","position":1,"name":"In\u00edcio","item":"https:\/\/www.notibras.com\/site\/"},{"@type":"ListItem","position":2,"name":"Tribunal pega Buriti por dinheiro que sai como \u00e1gua pelo ladr\u00e3o"}]},{"@type":"WebSite","@id":"https:\/\/www.notibras.com\/site\/#website","url":"https:\/\/www.notibras.com\/site\/","name":"Notibras","description":"Not\u00edcias de Bras\u00edlia, do Brasil e do Mundo","publisher":{"@id":"https:\/\/www.notibras.com\/site\/#organization"},"potentialAction":[{"@type":"SearchAction","target":{"@type":"EntryPoint","urlTemplate":"https:\/\/www.notibras.com\/site\/?s={search_term_string}"},"query-input":{"@type":"PropertyValueSpecification","valueRequired":true,"valueName":"search_term_string"}}],"inLanguage":"pt-BR"},{"@type":"Organization","@id":"https:\/\/www.notibras.com\/site\/#organization","name":"Grupo Notibras de Comunica\u00e7\u00e3o","url":"https:\/\/www.notibras.com\/site\/","logo":{"@type":"ImageObject","inLanguage":"pt-BR","@id":"https:\/\/www.notibras.com\/site\/#\/schema\/logo\/image\/","url":"https:\/\/www.notibras.com\/site\/wp-content\/uploads\/2023\/01\/notibras23.png","contentUrl":"https:\/\/www.notibras.com\/site\/wp-content\/uploads\/2023\/01\/notibras23.png","width":350,"height":87,"caption":"Grupo Notibras de Comunica\u00e7\u00e3o"},"image":{"@id":"https:\/\/www.notibras.com\/site\/#\/schema\/logo\/image\/"},"sameAs":["https:\/\/www.facebook.com\/notibras\/","https:\/\/x.com\/Notibras","https:\/\/www.instagram.com\/notibras\/"]},{"@type":"Person","@id":"https:\/\/www.notibras.com\/site\/#\/schema\/person\/36ab0979449956132d3e5b517ea76ac8","name":"Reda\u00e7\u00e3o","image":{"@type":"ImageObject","inLanguage":"pt-BR","@id":"https:\/\/secure.gravatar.com\/avatar\/e0a867bdedb85fd243eadf09663511f96fc81e0720a4a42581f334ad4303aa6b?s=96&d=mm&r=g","url":"https:\/\/secure.gravatar.com\/avatar\/e0a867bdedb85fd243eadf09663511f96fc81e0720a4a42581f334ad4303aa6b?s=96&d=mm&r=g","contentUrl":"https:\/\/secure.gravatar.com\/avatar\/e0a867bdedb85fd243eadf09663511f96fc81e0720a4a42581f334ad4303aa6b?s=96&d=mm&r=g","caption":"Reda\u00e7\u00e3o"}}]}},"amp_enabled":true,"_links":{"self":[{"href":"https:\/\/www.notibras.com\/site\/wp-json\/wp\/v2\/posts\/311607","targetHints":{"allow":["GET"]}}],"collection":[{"href":"https:\/\/www.notibras.com\/site\/wp-json\/wp\/v2\/posts"}],"about":[{"href":"https:\/\/www.notibras.com\/site\/wp-json\/wp\/v2\/types\/post"}],"author":[{"embeddable":true,"href":"https:\/\/www.notibras.com\/site\/wp-json\/wp\/v2\/users\/2"}],"replies":[{"embeddable":true,"href":"https:\/\/www.notibras.com\/site\/wp-json\/wp\/v2\/comments?post=311607"}],"version-history":[{"count":4,"href":"https:\/\/www.notibras.com\/site\/wp-json\/wp\/v2\/posts\/311607\/revisions"}],"predecessor-version":[{"id":311628,"href":"https:\/\/www.notibras.com\/site\/wp-json\/wp\/v2\/posts\/311607\/revisions\/311628"}],"wp:featuredmedia":[{"embeddable":true,"href":"https:\/\/www.notibras.com\/site\/wp-json\/wp\/v2\/media\/311608"}],"wp:attachment":[{"href":"https:\/\/www.notibras.com\/site\/wp-json\/wp\/v2\/media?parent=311607"}],"wp:term":[{"taxonomy":"category","embeddable":true,"href":"https:\/\/www.notibras.com\/site\/wp-json\/wp\/v2\/categories?post=311607"},{"taxonomy":"post_tag","embeddable":true,"href":"https:\/\/www.notibras.com\/site\/wp-json\/wp\/v2\/tags?post=311607"}],"curies":[{"name":"wp","href":"https:\/\/api.w.org\/{rel}","templated":true}]}}