{"id":311634,"date":"2023-08-25T07:08:32","date_gmt":"2023-08-25T10:08:32","guid":{"rendered":"https:\/\/www.notibras.com\/site\/?p=311634"},"modified":"2023-08-25T07:28:22","modified_gmt":"2023-08-25T10:28:22","slug":"maconha-para-uso-proprio-esta-a-um-voto-da-liberacao","status":"publish","type":"post","link":"https:\/\/www.notibras.com\/site\/maconha-para-uso-proprio-esta-a-um-voto-da-liberacao\/","title":{"rendered":"Maconha para uso pr\u00f3prio est\u00e1 a um voto da libera\u00e7\u00e3o"},"content":{"rendered":"<p>O Supremo Tribunal Federal (STF) contabilizou nesta quinta-feira (24) cinco votos pela descriminaliza\u00e7\u00e3o do porte de maconha para consumo pessoal. Apesar dos votos proferidos, um pedido de vista (mais tempo para analisar o caso) feito pelo ministro Andr\u00e9 Mendon\u00e7a suspendeu o julgamento, N\u00e3o h\u00e1 data para retomada.<\/p>\n<p>O placar do julgamento \u00e9 de 5 votos a 1 para a descriminaliza\u00e7\u00e3o do porte de maconha para uso pessoal. O plen\u00e1rio \u00e9 formado por 11 ministros.<\/p>\n<p>Conforme os votos proferidos at\u00e9 o momento, h\u00e1 maioria de seis votos para fixar uma quantidade da maconha para caracterizar uso pessoal, e n\u00e3o tr\u00e1fico de drogas, deve ficar entre 25 e 60 gramas de maconha ou seis plantas f\u00eameas de cannabis. A quantidade ser\u00e1 definida quando o julgamento for finalizado.<\/p>\n<p>Os cinco votos pela descriminaliza\u00e7\u00e3o foram proferidos pelos ministros Gilmar Mendes, Edson Fachin, Lu\u00eds Roberto Barroso, Alexandre de Moraes e a presidente, Rosa Weber<\/p>\n<p>O ministro Cristiano Zanin votou contra a descriminaliza\u00e7\u00e3o, mas defendeu a fixa\u00e7\u00e3o de uma quantidade m\u00e1xima de maconha para separar criminalmente usu\u00e1rios e traficantes.<\/p>\n<p><strong>Votos<\/strong><br \/>\nOs votos de Rosa Weber e Cristiano Zanin foram os destaques da sess\u00e3o de quinta-feira.<\/p>\n<p>A ministra decidiu adiantar o voto sobre a quest\u00e3o ap\u00f3s Mendon\u00e7a pedir a suspens\u00e3o do julgamento. Em setembro, Rosa vai se aposentar ao completar 75 anos e n\u00e3o deve participar da retomada do julgamento.<\/p>\n<p>A presidente disse que a manuten\u00e7\u00e3o da criminaliza\u00e7\u00e3o do porte \u00e9 desproporcional e atinge a vida privada dos usu\u00e1rios. Al\u00e9m disso, a ministra citou que a criminaliza\u00e7\u00e3o provoca o encarceramento de pessoas vulner\u00e1veis. Os argumentos tamb\u00e9m foram citados pelos demais ministros.<\/p>\n<p>&#8220;As nossas pris\u00f5es est\u00e3o cheias de meninos e meninas, geralmente negros, pardos e, na imensa maioria, est\u00e1 l\u00e1 em fun\u00e7\u00e3o do tr\u00e1fico&#8221;, afirmou.<\/p>\n<p>A presidente tamb\u00e9m ressaltou que a decis\u00e3o da Corte n\u00e3o est\u00e1 estimulando o consumo de drogas.<\/p>\n<p>&#8220;Penso que o STF pode ajudar nessa solu\u00e7\u00e3o, sem preju\u00edzo na atua\u00e7\u00e3o do Congresso. Quem despenalizou para o usu\u00e1rio foi o Congresso, em 2006. Se mant\u00e9m apenas a criminaliza\u00e7\u00e3o. O Supremo daria um passo no sentindo de descriminalizar quando se trata de uso pr\u00f3prio&#8221;, completou.<\/p>\n<p>O \u00fanico voto divergente foi proferido pelo ministro Cristiano Zanin. Apesar de reconhecer que o atual sistema penal \u00e9 falho e n\u00e3o aplica a despenaliza\u00e7\u00e3o para pessoas pobres, negras e de baixa escolariza\u00e7\u00e3o, Zanin disse que a descriminaliza\u00e7\u00e3o apresenta &#8220;problemas jur\u00eddicos&#8221; e pode agravar o combate \u00e0s drogas.<\/p>\n<p>Contudo, o ministro votou para fixar a quantidade de 25 gramas de maconha ou seis plantas f\u00eameas de cannabis para configurar a situa\u00e7\u00e3o de uso pessoal em apreens\u00f5es policiais.<\/p>\n<p><strong>Entenda<\/strong><br \/>\nO Supremo julga a constitucionalidade do Artigo 28 da Lei das Drogas (Lei 11.343\/2006). Para diferenciar usu\u00e1rios e traficantes, a norma prev\u00ea penas alternativas de presta\u00e7\u00e3o de servi\u00e7os \u00e0 comunidade, advert\u00eancia sobre os efeitos das drogas e comparecimento obrigat\u00f3rio a curso educativo para quem adquirir, transportar ou portar drogas para consumo pessoal.<\/p>\n<p>A lei deixou de prever a pena de pris\u00e3o, mas manteve a criminaliza\u00e7\u00e3o. Dessa forma, usu\u00e1rios de drogas ainda s\u00e3o alvos de inqu\u00e9rito policial e processos judiciais que buscam o cumprimento das penas alternativas.<\/p>\n<p>No caso concreto que motivou o julgamento, a defesa de um condenado pede que o porte de maconha para uso pr\u00f3prio deixe de ser considerado crime. O acusado foi detido com tr\u00eas gramas de maconha.<\/p>\n","protected":false},"excerpt":{"rendered":"<p>O Supremo Tribunal Federal (STF) contabilizou nesta quinta-feira (24) cinco votos pela descriminaliza\u00e7\u00e3o do porte de maconha para consumo pessoal. Apesar dos votos proferidos, um pedido de vista (mais tempo para analisar o caso) feito pelo ministro Andr\u00e9 Mendon\u00e7a suspendeu o julgamento, N\u00e3o h\u00e1 data para retomada. O placar do julgamento \u00e9 de 5 votos [&hellip;]<\/p>\n","protected":false},"author":2,"featured_media":311635,"comment_status":"closed","ping_status":"closed","sticky":false,"template":"","format":"standard","meta":{"_acf_changed":false,"footnotes":""},"categories":[161],"tags":[95],"class_list":["post-311634","post","type-post","status-publish","format-standard","has-post-thumbnail","hentry","category-quadradinho-em-foco","tag-capa"],"acf":[],"yoast_head":"<!-- This site is optimized with the Yoast SEO plugin v27.2 - https:\/\/yoast.com\/product\/yoast-seo-wordpress\/ -->\n<title>Maconha para uso pr\u00f3prio est\u00e1 a um voto da libera\u00e7\u00e3o - Notibras<\/title>\n<meta name=\"robots\" content=\"index, follow, max-snippet:-1, max-image-preview:large, max-video-preview:-1\" \/>\n<link rel=\"canonical\" href=\"https:\/\/www.notibras.com\/site\/maconha-para-uso-proprio-esta-a-um-voto-da-liberacao\/\" \/>\n<meta property=\"og:locale\" content=\"pt_BR\" \/>\n<meta property=\"og:type\" content=\"article\" \/>\n<meta property=\"og:title\" content=\"Maconha para uso pr\u00f3prio est\u00e1 a um voto da libera\u00e7\u00e3o - Notibras\" \/>\n<meta property=\"og:description\" content=\"O Supremo Tribunal Federal (STF) contabilizou nesta quinta-feira (24) cinco votos pela descriminaliza\u00e7\u00e3o do porte de maconha para consumo pessoal. Apesar dos votos proferidos, um pedido de vista (mais tempo para analisar o caso) feito pelo ministro Andr\u00e9 Mendon\u00e7a suspendeu o julgamento, N\u00e3o h\u00e1 data para retomada. O placar do julgamento \u00e9 de 5 votos [&hellip;]\" \/>\n<meta property=\"og:url\" content=\"https:\/\/www.notibras.com\/site\/maconha-para-uso-proprio-esta-a-um-voto-da-liberacao\/\" \/>\n<meta property=\"og:site_name\" content=\"Notibras\" \/>\n<meta property=\"article:publisher\" content=\"https:\/\/www.facebook.com\/notibras\/\" \/>\n<meta property=\"article:published_time\" content=\"2023-08-25T10:08:32+00:00\" \/>\n<meta property=\"article:modified_time\" content=\"2023-08-25T10:28:22+00:00\" \/>\n<meta property=\"og:image\" content=\"https:\/\/www.notibras.com\/site\/wp-content\/uploads\/2023\/08\/pin9472.jpg\" \/>\n\t<meta property=\"og:image:width\" content=\"770\" \/>\n\t<meta property=\"og:image:height\" content=\"513\" \/>\n\t<meta property=\"og:image:type\" content=\"image\/jpeg\" \/>\n<meta name=\"author\" content=\"Reda\u00e7\u00e3o\" \/>\n<meta name=\"twitter:card\" content=\"summary_large_image\" \/>\n<meta name=\"twitter:creator\" content=\"@Notibras\" \/>\n<meta name=\"twitter:site\" content=\"@Notibras\" \/>\n<meta name=\"twitter:label1\" content=\"Escrito por\" \/>\n\t<meta name=\"twitter:data1\" content=\"Reda\u00e7\u00e3o\" \/>\n\t<meta name=\"twitter:label2\" content=\"Est. tempo de leitura\" \/>\n\t<meta name=\"twitter:data2\" content=\"4 minutos\" \/>\n<script type=\"application\/ld+json\" class=\"yoast-schema-graph\">{\"@context\":\"https:\/\/schema.org\",\"@graph\":[{\"@type\":\"Article\",\"@id\":\"https:\/\/www.notibras.com\/site\/maconha-para-uso-proprio-esta-a-um-voto-da-liberacao\/#article\",\"isPartOf\":{\"@id\":\"https:\/\/www.notibras.com\/site\/maconha-para-uso-proprio-esta-a-um-voto-da-liberacao\/\"},\"author\":{\"name\":\"Reda\u00e7\u00e3o\",\"@id\":\"https:\/\/www.notibras.com\/site\/#\/schema\/person\/36ab0979449956132d3e5b517ea76ac8\"},\"headline\":\"Maconha para uso pr\u00f3prio est\u00e1 a um voto da libera\u00e7\u00e3o\",\"datePublished\":\"2023-08-25T10:08:32+00:00\",\"dateModified\":\"2023-08-25T10:28:22+00:00\",\"mainEntityOfPage\":{\"@id\":\"https:\/\/www.notibras.com\/site\/maconha-para-uso-proprio-esta-a-um-voto-da-liberacao\/\"},\"wordCount\":604,\"publisher\":{\"@id\":\"https:\/\/www.notibras.com\/site\/#organization\"},\"image\":{\"@id\":\"https:\/\/www.notibras.com\/site\/maconha-para-uso-proprio-esta-a-um-voto-da-liberacao\/#primaryimage\"},\"thumbnailUrl\":\"https:\/\/www.notibras.com\/site\/wp-content\/uploads\/2023\/08\/pin9472.jpg\",\"keywords\":[\"capa\"],\"articleSection\":[\"Quadradinho em Foco\"],\"inLanguage\":\"pt-BR\"},{\"@type\":\"WebPage\",\"@id\":\"https:\/\/www.notibras.com\/site\/maconha-para-uso-proprio-esta-a-um-voto-da-liberacao\/\",\"url\":\"https:\/\/www.notibras.com\/site\/maconha-para-uso-proprio-esta-a-um-voto-da-liberacao\/\",\"name\":\"Maconha para uso pr\u00f3prio est\u00e1 a um voto da libera\u00e7\u00e3o - Notibras\",\"isPartOf\":{\"@id\":\"https:\/\/www.notibras.com\/site\/#website\"},\"primaryImageOfPage\":{\"@id\":\"https:\/\/www.notibras.com\/site\/maconha-para-uso-proprio-esta-a-um-voto-da-liberacao\/#primaryimage\"},\"image\":{\"@id\":\"https:\/\/www.notibras.com\/site\/maconha-para-uso-proprio-esta-a-um-voto-da-liberacao\/#primaryimage\"},\"thumbnailUrl\":\"https:\/\/www.notibras.com\/site\/wp-content\/uploads\/2023\/08\/pin9472.jpg\",\"datePublished\":\"2023-08-25T10:08:32+00:00\",\"dateModified\":\"2023-08-25T10:28:22+00:00\",\"breadcrumb\":{\"@id\":\"https:\/\/www.notibras.com\/site\/maconha-para-uso-proprio-esta-a-um-voto-da-liberacao\/#breadcrumb\"},\"inLanguage\":\"pt-BR\",\"potentialAction\":[{\"@type\":\"ReadAction\",\"target\":[\"https:\/\/www.notibras.com\/site\/maconha-para-uso-proprio-esta-a-um-voto-da-liberacao\/\"]}]},{\"@type\":\"ImageObject\",\"inLanguage\":\"pt-BR\",\"@id\":\"https:\/\/www.notibras.com\/site\/maconha-para-uso-proprio-esta-a-um-voto-da-liberacao\/#primaryimage\",\"url\":\"https:\/\/www.notibras.com\/site\/wp-content\/uploads\/2023\/08\/pin9472.jpg\",\"contentUrl\":\"https:\/\/www.notibras.com\/site\/wp-content\/uploads\/2023\/08\/pin9472.jpg\",\"width\":770,\"height\":513,\"caption\":\"S\u00e3o Paulo (SP), 17\/06\/2023 - 15\u00aa edi\u00e7\u00e3o da Marcha da Maconha S\u00e3o Paulo na Avenida Paulista - Tema \u201cAntiproibicionismo por uma questa\u0303o de classe \u2013 Reparac\u0327a\u0303o por necessidade\u201d. Foto Paulo Pinto\/Ag\u00eancia Brasil\"},{\"@type\":\"BreadcrumbList\",\"@id\":\"https:\/\/www.notibras.com\/site\/maconha-para-uso-proprio-esta-a-um-voto-da-liberacao\/#breadcrumb\",\"itemListElement\":[{\"@type\":\"ListItem\",\"position\":1,\"name\":\"In\u00edcio\",\"item\":\"https:\/\/www.notibras.com\/site\/\"},{\"@type\":\"ListItem\",\"position\":2,\"name\":\"Maconha para uso pr\u00f3prio est\u00e1 a um voto da libera\u00e7\u00e3o\"}]},{\"@type\":\"WebSite\",\"@id\":\"https:\/\/www.notibras.com\/site\/#website\",\"url\":\"https:\/\/www.notibras.com\/site\/\",\"name\":\"Notibras\",\"description\":\"Not\u00edcias de Bras\u00edlia, do Brasil e do Mundo\",\"publisher\":{\"@id\":\"https:\/\/www.notibras.com\/site\/#organization\"},\"potentialAction\":[{\"@type\":\"SearchAction\",\"target\":{\"@type\":\"EntryPoint\",\"urlTemplate\":\"https:\/\/www.notibras.com\/site\/?s={search_term_string}\"},\"query-input\":{\"@type\":\"PropertyValueSpecification\",\"valueRequired\":true,\"valueName\":\"search_term_string\"}}],\"inLanguage\":\"pt-BR\"},{\"@type\":\"Organization\",\"@id\":\"https:\/\/www.notibras.com\/site\/#organization\",\"name\":\"Grupo Notibras de Comunica\u00e7\u00e3o\",\"url\":\"https:\/\/www.notibras.com\/site\/\",\"logo\":{\"@type\":\"ImageObject\",\"inLanguage\":\"pt-BR\",\"@id\":\"https:\/\/www.notibras.com\/site\/#\/schema\/logo\/image\/\",\"url\":\"https:\/\/www.notibras.com\/site\/wp-content\/uploads\/2023\/01\/notibras23.png\",\"contentUrl\":\"https:\/\/www.notibras.com\/site\/wp-content\/uploads\/2023\/01\/notibras23.png\",\"width\":350,\"height\":87,\"caption\":\"Grupo Notibras de Comunica\u00e7\u00e3o\"},\"image\":{\"@id\":\"https:\/\/www.notibras.com\/site\/#\/schema\/logo\/image\/\"},\"sameAs\":[\"https:\/\/www.facebook.com\/notibras\/\",\"https:\/\/x.com\/Notibras\",\"https:\/\/www.instagram.com\/notibras\/\"]},{\"@type\":\"Person\",\"@id\":\"https:\/\/www.notibras.com\/site\/#\/schema\/person\/36ab0979449956132d3e5b517ea76ac8\",\"name\":\"Reda\u00e7\u00e3o\",\"image\":{\"@type\":\"ImageObject\",\"inLanguage\":\"pt-BR\",\"@id\":\"https:\/\/secure.gravatar.com\/avatar\/e0a867bdedb85fd243eadf09663511f96fc81e0720a4a42581f334ad4303aa6b?s=96&d=mm&r=g\",\"url\":\"https:\/\/secure.gravatar.com\/avatar\/e0a867bdedb85fd243eadf09663511f96fc81e0720a4a42581f334ad4303aa6b?s=96&d=mm&r=g\",\"contentUrl\":\"https:\/\/secure.gravatar.com\/avatar\/e0a867bdedb85fd243eadf09663511f96fc81e0720a4a42581f334ad4303aa6b?s=96&d=mm&r=g\",\"caption\":\"Reda\u00e7\u00e3o\"}}]}<\/script>\n<!-- \/ Yoast SEO plugin. -->","yoast_head_json":{"title":"Maconha para uso pr\u00f3prio est\u00e1 a um voto da libera\u00e7\u00e3o - Notibras","robots":{"index":"index","follow":"follow","max-snippet":"max-snippet:-1","max-image-preview":"max-image-preview:large","max-video-preview":"max-video-preview:-1"},"canonical":"https:\/\/www.notibras.com\/site\/maconha-para-uso-proprio-esta-a-um-voto-da-liberacao\/","og_locale":"pt_BR","og_type":"article","og_title":"Maconha para uso pr\u00f3prio est\u00e1 a um voto da libera\u00e7\u00e3o - Notibras","og_description":"O Supremo Tribunal Federal (STF) contabilizou nesta quinta-feira (24) cinco votos pela descriminaliza\u00e7\u00e3o do porte de maconha para consumo pessoal. Apesar dos votos proferidos, um pedido de vista (mais tempo para analisar o caso) feito pelo ministro Andr\u00e9 Mendon\u00e7a suspendeu o julgamento, N\u00e3o h\u00e1 data para retomada. O placar do julgamento \u00e9 de 5 votos [&hellip;]","og_url":"https:\/\/www.notibras.com\/site\/maconha-para-uso-proprio-esta-a-um-voto-da-liberacao\/","og_site_name":"Notibras","article_publisher":"https:\/\/www.facebook.com\/notibras\/","article_published_time":"2023-08-25T10:08:32+00:00","article_modified_time":"2023-08-25T10:28:22+00:00","og_image":[{"width":770,"height":513,"url":"https:\/\/www.notibras.com\/site\/wp-content\/uploads\/2023\/08\/pin9472.jpg","type":"image\/jpeg"}],"author":"Reda\u00e7\u00e3o","twitter_card":"summary_large_image","twitter_creator":"@Notibras","twitter_site":"@Notibras","twitter_misc":{"Escrito por":"Reda\u00e7\u00e3o","Est. tempo de leitura":"4 minutos"},"schema":{"@context":"https:\/\/schema.org","@graph":[{"@type":"Article","@id":"https:\/\/www.notibras.com\/site\/maconha-para-uso-proprio-esta-a-um-voto-da-liberacao\/#article","isPartOf":{"@id":"https:\/\/www.notibras.com\/site\/maconha-para-uso-proprio-esta-a-um-voto-da-liberacao\/"},"author":{"name":"Reda\u00e7\u00e3o","@id":"https:\/\/www.notibras.com\/site\/#\/schema\/person\/36ab0979449956132d3e5b517ea76ac8"},"headline":"Maconha para uso pr\u00f3prio est\u00e1 a um voto da libera\u00e7\u00e3o","datePublished":"2023-08-25T10:08:32+00:00","dateModified":"2023-08-25T10:28:22+00:00","mainEntityOfPage":{"@id":"https:\/\/www.notibras.com\/site\/maconha-para-uso-proprio-esta-a-um-voto-da-liberacao\/"},"wordCount":604,"publisher":{"@id":"https:\/\/www.notibras.com\/site\/#organization"},"image":{"@id":"https:\/\/www.notibras.com\/site\/maconha-para-uso-proprio-esta-a-um-voto-da-liberacao\/#primaryimage"},"thumbnailUrl":"https:\/\/www.notibras.com\/site\/wp-content\/uploads\/2023\/08\/pin9472.jpg","keywords":["capa"],"articleSection":["Quadradinho em Foco"],"inLanguage":"pt-BR"},{"@type":"WebPage","@id":"https:\/\/www.notibras.com\/site\/maconha-para-uso-proprio-esta-a-um-voto-da-liberacao\/","url":"https:\/\/www.notibras.com\/site\/maconha-para-uso-proprio-esta-a-um-voto-da-liberacao\/","name":"Maconha para uso pr\u00f3prio est\u00e1 a um voto da libera\u00e7\u00e3o - Notibras","isPartOf":{"@id":"https:\/\/www.notibras.com\/site\/#website"},"primaryImageOfPage":{"@id":"https:\/\/www.notibras.com\/site\/maconha-para-uso-proprio-esta-a-um-voto-da-liberacao\/#primaryimage"},"image":{"@id":"https:\/\/www.notibras.com\/site\/maconha-para-uso-proprio-esta-a-um-voto-da-liberacao\/#primaryimage"},"thumbnailUrl":"https:\/\/www.notibras.com\/site\/wp-content\/uploads\/2023\/08\/pin9472.jpg","datePublished":"2023-08-25T10:08:32+00:00","dateModified":"2023-08-25T10:28:22+00:00","breadcrumb":{"@id":"https:\/\/www.notibras.com\/site\/maconha-para-uso-proprio-esta-a-um-voto-da-liberacao\/#breadcrumb"},"inLanguage":"pt-BR","potentialAction":[{"@type":"ReadAction","target":["https:\/\/www.notibras.com\/site\/maconha-para-uso-proprio-esta-a-um-voto-da-liberacao\/"]}]},{"@type":"ImageObject","inLanguage":"pt-BR","@id":"https:\/\/www.notibras.com\/site\/maconha-para-uso-proprio-esta-a-um-voto-da-liberacao\/#primaryimage","url":"https:\/\/www.notibras.com\/site\/wp-content\/uploads\/2023\/08\/pin9472.jpg","contentUrl":"https:\/\/www.notibras.com\/site\/wp-content\/uploads\/2023\/08\/pin9472.jpg","width":770,"height":513,"caption":"S\u00e3o Paulo (SP), 17\/06\/2023 - 15\u00aa edi\u00e7\u00e3o da Marcha da Maconha S\u00e3o Paulo na Avenida Paulista - Tema \u201cAntiproibicionismo por uma questa\u0303o de classe \u2013 Reparac\u0327a\u0303o por necessidade\u201d. Foto Paulo Pinto\/Ag\u00eancia Brasil"},{"@type":"BreadcrumbList","@id":"https:\/\/www.notibras.com\/site\/maconha-para-uso-proprio-esta-a-um-voto-da-liberacao\/#breadcrumb","itemListElement":[{"@type":"ListItem","position":1,"name":"In\u00edcio","item":"https:\/\/www.notibras.com\/site\/"},{"@type":"ListItem","position":2,"name":"Maconha para uso pr\u00f3prio est\u00e1 a um voto da libera\u00e7\u00e3o"}]},{"@type":"WebSite","@id":"https:\/\/www.notibras.com\/site\/#website","url":"https:\/\/www.notibras.com\/site\/","name":"Notibras","description":"Not\u00edcias de Bras\u00edlia, do Brasil e do Mundo","publisher":{"@id":"https:\/\/www.notibras.com\/site\/#organization"},"potentialAction":[{"@type":"SearchAction","target":{"@type":"EntryPoint","urlTemplate":"https:\/\/www.notibras.com\/site\/?s={search_term_string}"},"query-input":{"@type":"PropertyValueSpecification","valueRequired":true,"valueName":"search_term_string"}}],"inLanguage":"pt-BR"},{"@type":"Organization","@id":"https:\/\/www.notibras.com\/site\/#organization","name":"Grupo Notibras de Comunica\u00e7\u00e3o","url":"https:\/\/www.notibras.com\/site\/","logo":{"@type":"ImageObject","inLanguage":"pt-BR","@id":"https:\/\/www.notibras.com\/site\/#\/schema\/logo\/image\/","url":"https:\/\/www.notibras.com\/site\/wp-content\/uploads\/2023\/01\/notibras23.png","contentUrl":"https:\/\/www.notibras.com\/site\/wp-content\/uploads\/2023\/01\/notibras23.png","width":350,"height":87,"caption":"Grupo Notibras de Comunica\u00e7\u00e3o"},"image":{"@id":"https:\/\/www.notibras.com\/site\/#\/schema\/logo\/image\/"},"sameAs":["https:\/\/www.facebook.com\/notibras\/","https:\/\/x.com\/Notibras","https:\/\/www.instagram.com\/notibras\/"]},{"@type":"Person","@id":"https:\/\/www.notibras.com\/site\/#\/schema\/person\/36ab0979449956132d3e5b517ea76ac8","name":"Reda\u00e7\u00e3o","image":{"@type":"ImageObject","inLanguage":"pt-BR","@id":"https:\/\/secure.gravatar.com\/avatar\/e0a867bdedb85fd243eadf09663511f96fc81e0720a4a42581f334ad4303aa6b?s=96&d=mm&r=g","url":"https:\/\/secure.gravatar.com\/avatar\/e0a867bdedb85fd243eadf09663511f96fc81e0720a4a42581f334ad4303aa6b?s=96&d=mm&r=g","contentUrl":"https:\/\/secure.gravatar.com\/avatar\/e0a867bdedb85fd243eadf09663511f96fc81e0720a4a42581f334ad4303aa6b?s=96&d=mm&r=g","caption":"Reda\u00e7\u00e3o"}}]}},"amp_enabled":true,"_links":{"self":[{"href":"https:\/\/www.notibras.com\/site\/wp-json\/wp\/v2\/posts\/311634","targetHints":{"allow":["GET"]}}],"collection":[{"href":"https:\/\/www.notibras.com\/site\/wp-json\/wp\/v2\/posts"}],"about":[{"href":"https:\/\/www.notibras.com\/site\/wp-json\/wp\/v2\/types\/post"}],"author":[{"embeddable":true,"href":"https:\/\/www.notibras.com\/site\/wp-json\/wp\/v2\/users\/2"}],"replies":[{"embeddable":true,"href":"https:\/\/www.notibras.com\/site\/wp-json\/wp\/v2\/comments?post=311634"}],"version-history":[{"count":1,"href":"https:\/\/www.notibras.com\/site\/wp-json\/wp\/v2\/posts\/311634\/revisions"}],"predecessor-version":[{"id":311636,"href":"https:\/\/www.notibras.com\/site\/wp-json\/wp\/v2\/posts\/311634\/revisions\/311636"}],"wp:featuredmedia":[{"embeddable":true,"href":"https:\/\/www.notibras.com\/site\/wp-json\/wp\/v2\/media\/311635"}],"wp:attachment":[{"href":"https:\/\/www.notibras.com\/site\/wp-json\/wp\/v2\/media?parent=311634"}],"wp:term":[{"taxonomy":"category","embeddable":true,"href":"https:\/\/www.notibras.com\/site\/wp-json\/wp\/v2\/categories?post=311634"},{"taxonomy":"post_tag","embeddable":true,"href":"https:\/\/www.notibras.com\/site\/wp-json\/wp\/v2\/tags?post=311634"}],"curies":[{"name":"wp","href":"https:\/\/api.w.org\/{rel}","templated":true}]}}