{"id":311650,"date":"2023-08-25T00:05:17","date_gmt":"2023-08-25T03:05:17","guid":{"rendered":"https:\/\/www.notibras.com\/site\/?p=311650"},"modified":"2023-08-25T08:09:00","modified_gmt":"2023-08-25T11:09:00","slug":"dinheiro-do-big-mac-vau-ajudar-criancas-mais-necessitadas","status":"publish","type":"post","link":"https:\/\/www.notibras.com\/site\/dinheiro-do-big-mac-vau-ajudar-criancas-mais-necessitadas\/","title":{"rendered":"Dinheiro do Big Mac vau ajudar crian\u00e7as mais necessitadas"},"content":{"rendered":"<p>Neste s\u00e1bado, 26, acontecer a 35\u00aa edi\u00e7\u00e3o do McDia Feliz, uma das principais campanhas do pa\u00eds em arrecada\u00e7\u00e3o de fundos para causas infantojuvenis,, que chega a sua 35\u00aa edi\u00e7\u00e3o e celebra 35 anos de impacto positivo na sociedade. com cerca de R$ 375 milh\u00f5es j\u00e1 destinados para a sa\u00fade e educa\u00e7\u00e3o de milhares de crian\u00e7as e adolescentes que tiveram suas vidas transformadas.<\/p>\n<p>No dia, toda a renda gerada com as vendas de sandu\u00edches Big Mac, exceto alguns impostos, ser\u00e1 revertida para o Instituto Ronald McDonald, que atua para promover sa\u00fade e bem-estar de crian\u00e7as, adolescentes e seus familiares, contribuindo com o aumento das chances de cura do c\u00e2ncer infantojuvenil no Brasil, e para o Instituto Ayrton Senna, que colabora para ampliar oportunidades para jovens por meio da educa\u00e7\u00e3o p\u00fablica de qualidade.<\/p>\n<p>Em Bras\u00edlia, a institui\u00e7\u00e3o atendida pela campanha \u00e9 a Abrace (Associa\u00e7\u00e3o Brasileira de Assist\u00eancia \u00e0s Fam\u00edlias de Crian\u00e7as Portadoras de C\u00e2ncer e Hemopatias), que atua para promover sa\u00fade e bem-estar para crian\u00e7as, adolescentes e seus familiares. A abertura do McDia Feliz acontece na unidade da 506 Norte, com uma programa\u00e7\u00e3o especial, aberta ao p\u00fablico. Haver\u00e1 apresenta\u00e7\u00e3o de banda de m\u00fasica, grupos de bal\u00e9 e de luta, m\u00e1gicos e brindes. Crian\u00e7as e adultos poder\u00e3o participar de oficinas de recrea\u00e7\u00e3o, artesanato, maquiagem e conta\u00e7\u00e3o de hist\u00f3rias, al\u00e9m de poder fazer exames de vista, aferi\u00e7\u00e3o de press\u00e3o e aulas de primeiros socorros com parceiros da causa, que montar\u00e3o estandes no local.<\/p>\n<p>Val\u00e9ria de F\u00e1tima do Nascimento \u00e9 m\u00e3e de Leonardo, de 13 anos, e conta que desde 2012 \u00e9 acompanhada pela Abrace, quando seu filho teve o primeiro diagn\u00f3stico da Leucemia Linfobl\u00e1stica Aguda. Em 2018, a doen\u00e7a voltou e o menino teve que fazer um transplante de medula. Moradores da Bahia, Val\u00e9ria e seu outro filho ficavam hospedados na Casa de Apoio da Abrace, enquanto Leonardo se tratava no Hospital da Crian\u00e7a de Bras\u00edlia Jos\u00e9 Alencar. \u201cDurante todo esse tempo, pudemos contar com o apoio da Abrace e somos muito gratos por isso. Todos os anos, ficamos ansiosos pelo McDia Feliz, \u00e9 uma campanha incr\u00edvel que continua ajudando muita gente que precisa\u201d, conta.<\/p>\n<p>Em 2022, o McDia Feliz bateu recorde e se tornou a maior edi\u00e7\u00e3o da hist\u00f3ria da campanha, com arrecada\u00e7\u00e3o de R$ 25,8 milh\u00f5es. Desse total, cerca de R$ 19,9 milh\u00f5es foram destinados ao Instituto Ronald McDonald, o que beneficiou 64 projetos de 51 institui\u00e7\u00f5es que atuam com oncologia pedi\u00e1trica em 19 estados e no Distrito Federal, e aproximadamente R$ 5,9 milh\u00f5es ao Instituto Ayrton Senna, que proporcionou a capacita\u00e7\u00e3o de 42 mil educadores, impactando 2,5 milh\u00f5es de estudantes de escolas p\u00fablicas em seis diferentes projetos desenvolvidos pelo Instituto. Desde a primeira edi\u00e7\u00e3o da campanha em 1988, cerca de R$375 milh\u00f5es j\u00e1 foram arrecadados.<\/p>\n<p>A campanha faz parte da estrat\u00e9gia de atua\u00e7\u00e3o ESG da Arcos Dorados, operadora da rede McDonald\u2019s na Am\u00e9rica Latina e Caribe, chamada Receita do Futuro, cujo compromisso \u00e9 ser parte ativa da solu\u00e7\u00e3o dos desafios da sociedade e impactar positivamente as comunidades onde atua por meio de iniciativas socioambientais, al\u00e9m de ser a maior a\u00e7\u00e3o social do McDonald\u2019s do Brasil.<\/p>\n","protected":false},"excerpt":{"rendered":"<p>Neste s\u00e1bado, 26, acontecer a 35\u00aa edi\u00e7\u00e3o do McDia Feliz, uma das principais campanhas do pa\u00eds em arrecada\u00e7\u00e3o de fundos para causas infantojuvenis,, que chega a sua 35\u00aa edi\u00e7\u00e3o e celebra 35 anos de impacto positivo na sociedade. com cerca de R$ 375 milh\u00f5es j\u00e1 destinados para a sa\u00fade e educa\u00e7\u00e3o de milhares de crian\u00e7as [&hellip;]<\/p>\n","protected":false},"author":2,"featured_media":311651,"comment_status":"closed","ping_status":"closed","sticky":false,"template":"","format":"standard","meta":{"_acf_changed":false,"footnotes":""},"categories":[161],"tags":[],"class_list":["post-311650","post","type-post","status-publish","format-standard","has-post-thumbnail","hentry","category-quadradinho-em-foco"],"acf":[],"yoast_head":"<!-- This site is optimized with the Yoast SEO plugin v27.2 - https:\/\/yoast.com\/product\/yoast-seo-wordpress\/ -->\n<title>Dinheiro do Big Mac vau ajudar crian\u00e7as mais necessitadas - Notibras<\/title>\n<meta name=\"robots\" content=\"index, follow, max-snippet:-1, max-image-preview:large, max-video-preview:-1\" \/>\n<link rel=\"canonical\" href=\"https:\/\/www.notibras.com\/site\/dinheiro-do-big-mac-vau-ajudar-criancas-mais-necessitadas\/\" \/>\n<meta property=\"og:locale\" content=\"pt_BR\" \/>\n<meta property=\"og:type\" content=\"article\" \/>\n<meta property=\"og:title\" content=\"Dinheiro do Big Mac vau ajudar crian\u00e7as mais necessitadas - Notibras\" \/>\n<meta property=\"og:description\" content=\"Neste s\u00e1bado, 26, acontecer a 35\u00aa edi\u00e7\u00e3o do McDia Feliz, uma das principais campanhas do pa\u00eds em arrecada\u00e7\u00e3o de fundos para causas infantojuvenis,, que chega a sua 35\u00aa edi\u00e7\u00e3o e celebra 35 anos de impacto positivo na sociedade. com cerca de R$ 375 milh\u00f5es j\u00e1 destinados para a sa\u00fade e educa\u00e7\u00e3o de milhares de crian\u00e7as [&hellip;]\" \/>\n<meta property=\"og:url\" content=\"https:\/\/www.notibras.com\/site\/dinheiro-do-big-mac-vau-ajudar-criancas-mais-necessitadas\/\" \/>\n<meta property=\"og:site_name\" content=\"Notibras\" \/>\n<meta property=\"article:publisher\" content=\"https:\/\/www.facebook.com\/notibras\/\" \/>\n<meta property=\"article:published_time\" content=\"2023-08-25T03:05:17+00:00\" \/>\n<meta property=\"article:modified_time\" content=\"2023-08-25T11:09:00+00:00\" \/>\n<meta property=\"og:image\" content=\"https:\/\/www.notibras.com\/site\/wp-content\/uploads\/2023\/08\/diafeliz.jpg\" \/>\n\t<meta property=\"og:image:width\" content=\"1066\" \/>\n\t<meta property=\"og:image:height\" content=\"1600\" \/>\n\t<meta property=\"og:image:type\" content=\"image\/jpeg\" \/>\n<meta name=\"author\" content=\"Reda\u00e7\u00e3o\" \/>\n<meta name=\"twitter:card\" content=\"summary_large_image\" \/>\n<meta name=\"twitter:creator\" content=\"@Notibras\" \/>\n<meta name=\"twitter:site\" content=\"@Notibras\" \/>\n<meta name=\"twitter:label1\" content=\"Escrito por\" \/>\n\t<meta name=\"twitter:data1\" content=\"Reda\u00e7\u00e3o\" \/>\n\t<meta name=\"twitter:label2\" content=\"Est. tempo de leitura\" \/>\n\t<meta name=\"twitter:data2\" content=\"3 minutos\" \/>\n<script type=\"application\/ld+json\" class=\"yoast-schema-graph\">{\"@context\":\"https:\/\/schema.org\",\"@graph\":[{\"@type\":\"Article\",\"@id\":\"https:\/\/www.notibras.com\/site\/dinheiro-do-big-mac-vau-ajudar-criancas-mais-necessitadas\/#article\",\"isPartOf\":{\"@id\":\"https:\/\/www.notibras.com\/site\/dinheiro-do-big-mac-vau-ajudar-criancas-mais-necessitadas\/\"},\"author\":{\"name\":\"Reda\u00e7\u00e3o\",\"@id\":\"https:\/\/www.notibras.com\/site\/#\/schema\/person\/36ab0979449956132d3e5b517ea76ac8\"},\"headline\":\"Dinheiro do Big Mac vau ajudar crian\u00e7as mais necessitadas\",\"datePublished\":\"2023-08-25T03:05:17+00:00\",\"dateModified\":\"2023-08-25T11:09:00+00:00\",\"mainEntityOfPage\":{\"@id\":\"https:\/\/www.notibras.com\/site\/dinheiro-do-big-mac-vau-ajudar-criancas-mais-necessitadas\/\"},\"wordCount\":569,\"publisher\":{\"@id\":\"https:\/\/www.notibras.com\/site\/#organization\"},\"image\":{\"@id\":\"https:\/\/www.notibras.com\/site\/dinheiro-do-big-mac-vau-ajudar-criancas-mais-necessitadas\/#primaryimage\"},\"thumbnailUrl\":\"https:\/\/www.notibras.com\/site\/wp-content\/uploads\/2023\/08\/diafeliz.jpg\",\"articleSection\":[\"Quadradinho em Foco\"],\"inLanguage\":\"pt-BR\"},{\"@type\":\"WebPage\",\"@id\":\"https:\/\/www.notibras.com\/site\/dinheiro-do-big-mac-vau-ajudar-criancas-mais-necessitadas\/\",\"url\":\"https:\/\/www.notibras.com\/site\/dinheiro-do-big-mac-vau-ajudar-criancas-mais-necessitadas\/\",\"name\":\"Dinheiro do Big Mac vau ajudar crian\u00e7as mais necessitadas - Notibras\",\"isPartOf\":{\"@id\":\"https:\/\/www.notibras.com\/site\/#website\"},\"primaryImageOfPage\":{\"@id\":\"https:\/\/www.notibras.com\/site\/dinheiro-do-big-mac-vau-ajudar-criancas-mais-necessitadas\/#primaryimage\"},\"image\":{\"@id\":\"https:\/\/www.notibras.com\/site\/dinheiro-do-big-mac-vau-ajudar-criancas-mais-necessitadas\/#primaryimage\"},\"thumbnailUrl\":\"https:\/\/www.notibras.com\/site\/wp-content\/uploads\/2023\/08\/diafeliz.jpg\",\"datePublished\":\"2023-08-25T03:05:17+00:00\",\"dateModified\":\"2023-08-25T11:09:00+00:00\",\"breadcrumb\":{\"@id\":\"https:\/\/www.notibras.com\/site\/dinheiro-do-big-mac-vau-ajudar-criancas-mais-necessitadas\/#breadcrumb\"},\"inLanguage\":\"pt-BR\",\"potentialAction\":[{\"@type\":\"ReadAction\",\"target\":[\"https:\/\/www.notibras.com\/site\/dinheiro-do-big-mac-vau-ajudar-criancas-mais-necessitadas\/\"]}]},{\"@type\":\"ImageObject\",\"inLanguage\":\"pt-BR\",\"@id\":\"https:\/\/www.notibras.com\/site\/dinheiro-do-big-mac-vau-ajudar-criancas-mais-necessitadas\/#primaryimage\",\"url\":\"https:\/\/www.notibras.com\/site\/wp-content\/uploads\/2023\/08\/diafeliz.jpg\",\"contentUrl\":\"https:\/\/www.notibras.com\/site\/wp-content\/uploads\/2023\/08\/diafeliz.jpg\",\"width\":1066,\"height\":1600},{\"@type\":\"BreadcrumbList\",\"@id\":\"https:\/\/www.notibras.com\/site\/dinheiro-do-big-mac-vau-ajudar-criancas-mais-necessitadas\/#breadcrumb\",\"itemListElement\":[{\"@type\":\"ListItem\",\"position\":1,\"name\":\"In\u00edcio\",\"item\":\"https:\/\/www.notibras.com\/site\/\"},{\"@type\":\"ListItem\",\"position\":2,\"name\":\"Dinheiro do Big Mac vau ajudar crian\u00e7as mais necessitadas\"}]},{\"@type\":\"WebSite\",\"@id\":\"https:\/\/www.notibras.com\/site\/#website\",\"url\":\"https:\/\/www.notibras.com\/site\/\",\"name\":\"Notibras\",\"description\":\"Not\u00edcias de Bras\u00edlia, do Brasil e do Mundo\",\"publisher\":{\"@id\":\"https:\/\/www.notibras.com\/site\/#organization\"},\"potentialAction\":[{\"@type\":\"SearchAction\",\"target\":{\"@type\":\"EntryPoint\",\"urlTemplate\":\"https:\/\/www.notibras.com\/site\/?s={search_term_string}\"},\"query-input\":{\"@type\":\"PropertyValueSpecification\",\"valueRequired\":true,\"valueName\":\"search_term_string\"}}],\"inLanguage\":\"pt-BR\"},{\"@type\":\"Organization\",\"@id\":\"https:\/\/www.notibras.com\/site\/#organization\",\"name\":\"Grupo Notibras de Comunica\u00e7\u00e3o\",\"url\":\"https:\/\/www.notibras.com\/site\/\",\"logo\":{\"@type\":\"ImageObject\",\"inLanguage\":\"pt-BR\",\"@id\":\"https:\/\/www.notibras.com\/site\/#\/schema\/logo\/image\/\",\"url\":\"https:\/\/www.notibras.com\/site\/wp-content\/uploads\/2023\/01\/notibras23.png\",\"contentUrl\":\"https:\/\/www.notibras.com\/site\/wp-content\/uploads\/2023\/01\/notibras23.png\",\"width\":350,\"height\":87,\"caption\":\"Grupo Notibras de Comunica\u00e7\u00e3o\"},\"image\":{\"@id\":\"https:\/\/www.notibras.com\/site\/#\/schema\/logo\/image\/\"},\"sameAs\":[\"https:\/\/www.facebook.com\/notibras\/\",\"https:\/\/x.com\/Notibras\",\"https:\/\/www.instagram.com\/notibras\/\"]},{\"@type\":\"Person\",\"@id\":\"https:\/\/www.notibras.com\/site\/#\/schema\/person\/36ab0979449956132d3e5b517ea76ac8\",\"name\":\"Reda\u00e7\u00e3o\",\"image\":{\"@type\":\"ImageObject\",\"inLanguage\":\"pt-BR\",\"@id\":\"https:\/\/secure.gravatar.com\/avatar\/e0a867bdedb85fd243eadf09663511f96fc81e0720a4a42581f334ad4303aa6b?s=96&d=mm&r=g\",\"url\":\"https:\/\/secure.gravatar.com\/avatar\/e0a867bdedb85fd243eadf09663511f96fc81e0720a4a42581f334ad4303aa6b?s=96&d=mm&r=g\",\"contentUrl\":\"https:\/\/secure.gravatar.com\/avatar\/e0a867bdedb85fd243eadf09663511f96fc81e0720a4a42581f334ad4303aa6b?s=96&d=mm&r=g\",\"caption\":\"Reda\u00e7\u00e3o\"}}]}<\/script>\n<!-- \/ Yoast SEO plugin. -->","yoast_head_json":{"title":"Dinheiro do Big Mac vau ajudar crian\u00e7as mais necessitadas - Notibras","robots":{"index":"index","follow":"follow","max-snippet":"max-snippet:-1","max-image-preview":"max-image-preview:large","max-video-preview":"max-video-preview:-1"},"canonical":"https:\/\/www.notibras.com\/site\/dinheiro-do-big-mac-vau-ajudar-criancas-mais-necessitadas\/","og_locale":"pt_BR","og_type":"article","og_title":"Dinheiro do Big Mac vau ajudar crian\u00e7as mais necessitadas - Notibras","og_description":"Neste s\u00e1bado, 26, acontecer a 35\u00aa edi\u00e7\u00e3o do McDia Feliz, uma das principais campanhas do pa\u00eds em arrecada\u00e7\u00e3o de fundos para causas infantojuvenis,, que chega a sua 35\u00aa edi\u00e7\u00e3o e celebra 35 anos de impacto positivo na sociedade. com cerca de R$ 375 milh\u00f5es j\u00e1 destinados para a sa\u00fade e educa\u00e7\u00e3o de milhares de crian\u00e7as [&hellip;]","og_url":"https:\/\/www.notibras.com\/site\/dinheiro-do-big-mac-vau-ajudar-criancas-mais-necessitadas\/","og_site_name":"Notibras","article_publisher":"https:\/\/www.facebook.com\/notibras\/","article_published_time":"2023-08-25T03:05:17+00:00","article_modified_time":"2023-08-25T11:09:00+00:00","og_image":[{"width":1066,"height":1600,"url":"https:\/\/www.notibras.com\/site\/wp-content\/uploads\/2023\/08\/diafeliz.jpg","type":"image\/jpeg"}],"author":"Reda\u00e7\u00e3o","twitter_card":"summary_large_image","twitter_creator":"@Notibras","twitter_site":"@Notibras","twitter_misc":{"Escrito por":"Reda\u00e7\u00e3o","Est. tempo de leitura":"3 minutos"},"schema":{"@context":"https:\/\/schema.org","@graph":[{"@type":"Article","@id":"https:\/\/www.notibras.com\/site\/dinheiro-do-big-mac-vau-ajudar-criancas-mais-necessitadas\/#article","isPartOf":{"@id":"https:\/\/www.notibras.com\/site\/dinheiro-do-big-mac-vau-ajudar-criancas-mais-necessitadas\/"},"author":{"name":"Reda\u00e7\u00e3o","@id":"https:\/\/www.notibras.com\/site\/#\/schema\/person\/36ab0979449956132d3e5b517ea76ac8"},"headline":"Dinheiro do Big Mac vau ajudar crian\u00e7as mais necessitadas","datePublished":"2023-08-25T03:05:17+00:00","dateModified":"2023-08-25T11:09:00+00:00","mainEntityOfPage":{"@id":"https:\/\/www.notibras.com\/site\/dinheiro-do-big-mac-vau-ajudar-criancas-mais-necessitadas\/"},"wordCount":569,"publisher":{"@id":"https:\/\/www.notibras.com\/site\/#organization"},"image":{"@id":"https:\/\/www.notibras.com\/site\/dinheiro-do-big-mac-vau-ajudar-criancas-mais-necessitadas\/#primaryimage"},"thumbnailUrl":"https:\/\/www.notibras.com\/site\/wp-content\/uploads\/2023\/08\/diafeliz.jpg","articleSection":["Quadradinho em Foco"],"inLanguage":"pt-BR"},{"@type":"WebPage","@id":"https:\/\/www.notibras.com\/site\/dinheiro-do-big-mac-vau-ajudar-criancas-mais-necessitadas\/","url":"https:\/\/www.notibras.com\/site\/dinheiro-do-big-mac-vau-ajudar-criancas-mais-necessitadas\/","name":"Dinheiro do Big Mac vau ajudar crian\u00e7as mais necessitadas - Notibras","isPartOf":{"@id":"https:\/\/www.notibras.com\/site\/#website"},"primaryImageOfPage":{"@id":"https:\/\/www.notibras.com\/site\/dinheiro-do-big-mac-vau-ajudar-criancas-mais-necessitadas\/#primaryimage"},"image":{"@id":"https:\/\/www.notibras.com\/site\/dinheiro-do-big-mac-vau-ajudar-criancas-mais-necessitadas\/#primaryimage"},"thumbnailUrl":"https:\/\/www.notibras.com\/site\/wp-content\/uploads\/2023\/08\/diafeliz.jpg","datePublished":"2023-08-25T03:05:17+00:00","dateModified":"2023-08-25T11:09:00+00:00","breadcrumb":{"@id":"https:\/\/www.notibras.com\/site\/dinheiro-do-big-mac-vau-ajudar-criancas-mais-necessitadas\/#breadcrumb"},"inLanguage":"pt-BR","potentialAction":[{"@type":"ReadAction","target":["https:\/\/www.notibras.com\/site\/dinheiro-do-big-mac-vau-ajudar-criancas-mais-necessitadas\/"]}]},{"@type":"ImageObject","inLanguage":"pt-BR","@id":"https:\/\/www.notibras.com\/site\/dinheiro-do-big-mac-vau-ajudar-criancas-mais-necessitadas\/#primaryimage","url":"https:\/\/www.notibras.com\/site\/wp-content\/uploads\/2023\/08\/diafeliz.jpg","contentUrl":"https:\/\/www.notibras.com\/site\/wp-content\/uploads\/2023\/08\/diafeliz.jpg","width":1066,"height":1600},{"@type":"BreadcrumbList","@id":"https:\/\/www.notibras.com\/site\/dinheiro-do-big-mac-vau-ajudar-criancas-mais-necessitadas\/#breadcrumb","itemListElement":[{"@type":"ListItem","position":1,"name":"In\u00edcio","item":"https:\/\/www.notibras.com\/site\/"},{"@type":"ListItem","position":2,"name":"Dinheiro do Big Mac vau ajudar crian\u00e7as mais necessitadas"}]},{"@type":"WebSite","@id":"https:\/\/www.notibras.com\/site\/#website","url":"https:\/\/www.notibras.com\/site\/","name":"Notibras","description":"Not\u00edcias de Bras\u00edlia, do Brasil e do Mundo","publisher":{"@id":"https:\/\/www.notibras.com\/site\/#organization"},"potentialAction":[{"@type":"SearchAction","target":{"@type":"EntryPoint","urlTemplate":"https:\/\/www.notibras.com\/site\/?s={search_term_string}"},"query-input":{"@type":"PropertyValueSpecification","valueRequired":true,"valueName":"search_term_string"}}],"inLanguage":"pt-BR"},{"@type":"Organization","@id":"https:\/\/www.notibras.com\/site\/#organization","name":"Grupo Notibras de Comunica\u00e7\u00e3o","url":"https:\/\/www.notibras.com\/site\/","logo":{"@type":"ImageObject","inLanguage":"pt-BR","@id":"https:\/\/www.notibras.com\/site\/#\/schema\/logo\/image\/","url":"https:\/\/www.notibras.com\/site\/wp-content\/uploads\/2023\/01\/notibras23.png","contentUrl":"https:\/\/www.notibras.com\/site\/wp-content\/uploads\/2023\/01\/notibras23.png","width":350,"height":87,"caption":"Grupo Notibras de Comunica\u00e7\u00e3o"},"image":{"@id":"https:\/\/www.notibras.com\/site\/#\/schema\/logo\/image\/"},"sameAs":["https:\/\/www.facebook.com\/notibras\/","https:\/\/x.com\/Notibras","https:\/\/www.instagram.com\/notibras\/"]},{"@type":"Person","@id":"https:\/\/www.notibras.com\/site\/#\/schema\/person\/36ab0979449956132d3e5b517ea76ac8","name":"Reda\u00e7\u00e3o","image":{"@type":"ImageObject","inLanguage":"pt-BR","@id":"https:\/\/secure.gravatar.com\/avatar\/e0a867bdedb85fd243eadf09663511f96fc81e0720a4a42581f334ad4303aa6b?s=96&d=mm&r=g","url":"https:\/\/secure.gravatar.com\/avatar\/e0a867bdedb85fd243eadf09663511f96fc81e0720a4a42581f334ad4303aa6b?s=96&d=mm&r=g","contentUrl":"https:\/\/secure.gravatar.com\/avatar\/e0a867bdedb85fd243eadf09663511f96fc81e0720a4a42581f334ad4303aa6b?s=96&d=mm&r=g","caption":"Reda\u00e7\u00e3o"}}]}},"amp_enabled":true,"_links":{"self":[{"href":"https:\/\/www.notibras.com\/site\/wp-json\/wp\/v2\/posts\/311650","targetHints":{"allow":["GET"]}}],"collection":[{"href":"https:\/\/www.notibras.com\/site\/wp-json\/wp\/v2\/posts"}],"about":[{"href":"https:\/\/www.notibras.com\/site\/wp-json\/wp\/v2\/types\/post"}],"author":[{"embeddable":true,"href":"https:\/\/www.notibras.com\/site\/wp-json\/wp\/v2\/users\/2"}],"replies":[{"embeddable":true,"href":"https:\/\/www.notibras.com\/site\/wp-json\/wp\/v2\/comments?post=311650"}],"version-history":[{"count":1,"href":"https:\/\/www.notibras.com\/site\/wp-json\/wp\/v2\/posts\/311650\/revisions"}],"predecessor-version":[{"id":311652,"href":"https:\/\/www.notibras.com\/site\/wp-json\/wp\/v2\/posts\/311650\/revisions\/311652"}],"wp:featuredmedia":[{"embeddable":true,"href":"https:\/\/www.notibras.com\/site\/wp-json\/wp\/v2\/media\/311651"}],"wp:attachment":[{"href":"https:\/\/www.notibras.com\/site\/wp-json\/wp\/v2\/media?parent=311650"}],"wp:term":[{"taxonomy":"category","embeddable":true,"href":"https:\/\/www.notibras.com\/site\/wp-json\/wp\/v2\/categories?post=311650"},{"taxonomy":"post_tag","embeddable":true,"href":"https:\/\/www.notibras.com\/site\/wp-json\/wp\/v2\/tags?post=311650"}],"curies":[{"name":"wp","href":"https:\/\/api.w.org\/{rel}","templated":true}]}}