{"id":311656,"date":"2023-08-25T08:39:53","date_gmt":"2023-08-25T11:39:53","guid":{"rendered":"https:\/\/www.notibras.com\/site\/?p=311656"},"modified":"2023-08-25T08:39:53","modified_gmt":"2023-08-25T11:39:53","slug":"coral-vai-de-rita-lee-e-muda-historia-das-missas","status":"publish","type":"post","link":"https:\/\/www.notibras.com\/site\/coral-vai-de-rita-lee-e-muda-historia-das-missas\/","title":{"rendered":"Coral vai de Rita Lee e muda hist\u00f3ria das missas"},"content":{"rendered":"<p>A recente morte de Rita Lee me fez mergulhar em recorda\u00e7\u00f5es h\u00e1 muito intocadas, e, estando ali, navegar por correntes aleat\u00f3rias das mais vivas e inesquec\u00edveis mem\u00f3rias da minha inf\u00e2ncia e adolesc\u00eancia.<\/p>\n<p>L\u00e1 pelo fim dos anos 60, alguns jovens do meu bairro, todos cat\u00f3licos e frequentadores da matriz de S\u00e3o Sebasti\u00e3o, formavam o coral que acompanhava as missas de domingo e dias de festa. O grupo, que se renovava de vez em quando, vinha de v\u00e1rios anos antes, sob a reg\u00eancia do padre maestro Nat\u00e9rcio. S\u00f3 que o Padre Nat\u00e9rcio fora promovido a bispo, e partiu para trabalhar em Roma. No seu lugar, em 1968, chegou o Padre Marcos.<\/p>\n<p>O novo p\u00e1roco n\u00e3o sabia nada de m\u00fasica e pens\u00e1vamos at\u00e9 que o grupo seria extinto. Quando o vimos pela primeira vez, ficamos espantados com a sua pouca idade e jovialidade, apesar dos grossos \u00f3culos que usava e o modo com que penteava o cabelo. Levamos a ele a ideia de manter o coral, e n\u00e3o s\u00f3 fomos vivamente apoiados como ele se interessou muito por n\u00f3s, querendo saber como era o regime de ensaios, apresenta\u00e7\u00f5es e repert\u00f3rio.<\/p>\n<p>Ao contr\u00e1rio do antigo padre, que n\u00e3o admitia mais do que nossas vozes e o velho \u00f3rg\u00e3o el\u00e9trico da igreja, Padre Marcos logo autorizou que incorpor\u00e1ssemos ao coral duas guitarras el\u00e9tricas, um contrabaixo e a bateria tocada por mim que, at\u00e9 ent\u00e3o, compunha a fileira dos tenores.<\/p>\n<p>Causou uma certa estranheza nos fi\u00e9is como soava diferente o nosso grupo na primeira missa de domingo da qual participamos ap\u00f3s a incorpora\u00e7\u00e3o da banda ao coral. V\u00e1rias foram as reclama\u00e7\u00f5es recebidas pelo Padre Marcos, todas elas prontamente recha\u00e7adas, justificadas no conc\u00edlio de Jo\u00e3o XXIII e na forma de atrair a juventude. E deu certo. Mesmo a garotada do bairro que n\u00e3o frequentava as missas, passou a ir ao menos para dar uma olhadinha em como toc\u00e1vamos.<\/p>\n<p>Paralelamente, \u00edamos formando uma rela\u00e7\u00e3o completamente nova com aquele p\u00e1roco moderno e comunicativo, de perfil um tanto diferente de seu antecessor.<\/p>\n<p>Padre Nat\u00e9rcio fora nota\u00e7\u00e3o em pauta, cada d\u00f3 em seu lugar. Padre Marcos era sol. Ele se empolgava conosco, jovens, e nos dava orienta\u00e7\u00f5es e conselhos como os de um irm\u00e3o mais velho. Incentivava que nos envolv\u00eassemos em atividades na igreja, e, criando o Grupo Cristo Jovem, nos colocava em lugar de destaque em todos os eventos.<\/p>\n<p>Padre Marcos vinha de uma fam\u00edlia rica, tinha muitos irm\u00e3os e dirigia uma Kombi verde e branca com a qual chegou a nos levar em outras igrejas para nos apresentarmos. Um dia, no alvorecer da d\u00e9cada de 70, por sugest\u00e3o de algu\u00e9m do grupo, meio brincando e meio falando s\u00e9rio, n\u00f3s resolvemos come\u00e7ar a ensaiar uma nova m\u00fasica no coral, com nossa banda. Em princ\u00edpio, era para ficar entre n\u00f3s. A m\u00fasica: \u201cJos\u00e9\u201d, vers\u00e3o de Nara Le\u00e3o rec\u00e9m-lan\u00e7ada por Rita Lee no seu primeiro disco solo, \u201cBuild Up\u201d. Nos versos da letra a hist\u00f3ria de como teria sido tranquila a vida do pai de Jesus se ele tivesse feito tudo diferente do que fez.<\/p>\n<p>\u201cOlha o que foi meu bom Jos\u00e9\/Se apaixonar pela donzela\/Dentre todas a mais bela\/De toda a sua Galileia\/Casar com D\u00e9bora ou com Sara\/Meu bom Jos\u00e9, voc\u00ea podia\/E nada disso acontecia\/Mas voc\u00ea foi amar Maria&#8230;\u201d<\/p>\n<p>N\u00e3o tardou para vir a ideia ousad\u00edssima: toc\u00e1-la numa missa de domingo. De in\u00edcio, descartamos totalmente a possibilidade. Ia dar m***, com certeza. At\u00e9 que, insuflado por n\u00f3s todos, o tecladista\/organista S\u00e1vio, que acabou sendo meio que nosso maestro ap\u00f3s a partida do antigo padre, foi convencido. Na oportunidade mais pr\u00f3xima, assim que Padre Marcos repetiu o \u201cIde em paz, e que o Senhor vos acompanhe\u201d, n\u00f3s no coro da igreja, mandamos a nossa. Foi com frio na barriga que eu comecei as primeiras notas no prato da bateria e no bumbo: t\u00e1, t\u00e1, dum-dum&#8230; E em seguida soou o \u00f3rg\u00e3o el\u00e9trico de S\u00e1vio, entrando as meninas do coro numa vocaliza\u00e7\u00e3o linda, as duas guitarras e o contrabaixo pesado&#8230;<\/p>\n<p>Foi um sil\u00eancio retumbante na igreja cheia. Ningu\u00e9m se movia do lugar. Da minha posi\u00e7\u00e3o eu n\u00e3o via, mas o Padre Marcos olhou para cima, incr\u00e9dulo, tirou seus \u00f3culos e p\u00f4s-se a escutar, bem como todos os outros presentes.<\/p>\n<p>Algumas senhoras fizeram uma express\u00e3o de espanto e desaprova\u00e7\u00e3o,apertando o senho. Algumas crian\u00e7as e outros jovens, l\u00e1 embaixo, come\u00e7aram a bater palmas discretamente na levada da m\u00fasica. E isso foi contagiando alguns presentes. D\u00f3, mi menor, f\u00e1, d\u00f3, l\u00e1 menor&#8230; e continu\u00e1vamos:<\/p>\n<p>\u201cVoc\u00ea podia simplesmente\/Ser carpinteiro e trabalhar\/Sem nunca ter que se exilar\/De se esconder com Maria\/Meu bom Jos\u00e9 voc\u00ea podia\/Ter muitos filhos com Maria\/ E teu of\u00edcio ensinar\/ Como teu pai sempre fazia\/Por que ser\u00e1 meu bom Jos\u00e9\/Que esse teu pobre filho um dia\/Andou com estranhas ideias\/Que fizeram chorar Maria&#8230;\u201d<\/p>\n<p>Ao fim da can\u00e7\u00e3o, pareceu para n\u00f3s a eternidade aquele mil\u00e9simo de tempo entre soarem os \u00faltimos acordes que ainda reverberavam na vasta nave, inundada pela claridade da manh\u00e3, e a manifesta\u00e7\u00e3o do involunt\u00e1rio p\u00fablico para aquela nossa ousadia de experimenta\u00e7\u00e3o musical. E os aplausos vieram.<\/p>\n<p>Muitos. Fortes. Inesperados. O sorriso do Padre Marcos expressou naquela hora de depois total aprova\u00e7\u00e3o \u00e0 nossa atitude. Jamais aquele amigo condenaria a m\u00fasica, o amor, a juventude. Todos do grupo e os demais que passaram por aquela igreja naquele tempo, guardaram do Padre Marcos a mais favor\u00e1vel impress\u00e3o. Os anos passaram, os interesses mudaram, a m\u00fasica foi substitu\u00edda por obriga\u00e7\u00f5es profissionais, fam\u00edlia, preocupa\u00e7\u00f5es de vida adulta&#8230; E acho que jamais voltei a ver o mundo sob aquela claridade que s\u00f3 a nossa igreja parecia ter quando o sol a acariciava nas missas das manh\u00e3s dominicais.<\/p>\n","protected":false},"excerpt":{"rendered":"<p>A recente morte de Rita Lee me fez mergulhar em recorda\u00e7\u00f5es h\u00e1 muito intocadas, e, estando ali, navegar por correntes aleat\u00f3rias das mais vivas e inesquec\u00edveis mem\u00f3rias da minha inf\u00e2ncia e adolesc\u00eancia. L\u00e1 pelo fim dos anos 60, alguns jovens do meu bairro, todos cat\u00f3licos e frequentadores da matriz de S\u00e3o Sebasti\u00e3o, formavam o coral [&hellip;]<\/p>\n","protected":false},"author":2,"featured_media":155402,"comment_status":"closed","ping_status":"closed","sticky":false,"template":"","format":"standard","meta":{"_acf_changed":false,"footnotes":""},"categories":[161],"tags":[],"class_list":["post-311656","post","type-post","status-publish","format-standard","has-post-thumbnail","hentry","category-quadradinho-em-foco"],"acf":[],"yoast_head":"<!-- This site is optimized with the Yoast SEO plugin v27.2 - https:\/\/yoast.com\/product\/yoast-seo-wordpress\/ -->\n<title>Coral vai de Rita Lee e muda hist\u00f3ria das missas - Notibras<\/title>\n<meta name=\"robots\" content=\"index, follow, max-snippet:-1, max-image-preview:large, max-video-preview:-1\" \/>\n<link rel=\"canonical\" href=\"https:\/\/www.notibras.com\/site\/coral-vai-de-rita-lee-e-muda-historia-das-missas\/\" \/>\n<meta property=\"og:locale\" content=\"pt_BR\" \/>\n<meta property=\"og:type\" content=\"article\" \/>\n<meta property=\"og:title\" content=\"Coral vai de Rita Lee e muda hist\u00f3ria das missas - Notibras\" \/>\n<meta property=\"og:description\" content=\"A recente morte de Rita Lee me fez mergulhar em recorda\u00e7\u00f5es h\u00e1 muito intocadas, e, estando ali, navegar por correntes aleat\u00f3rias das mais vivas e inesquec\u00edveis mem\u00f3rias da minha inf\u00e2ncia e adolesc\u00eancia. L\u00e1 pelo fim dos anos 60, alguns jovens do meu bairro, todos cat\u00f3licos e frequentadores da matriz de S\u00e3o Sebasti\u00e3o, formavam o coral [&hellip;]\" \/>\n<meta property=\"og:url\" content=\"https:\/\/www.notibras.com\/site\/coral-vai-de-rita-lee-e-muda-historia-das-missas\/\" \/>\n<meta property=\"og:site_name\" content=\"Notibras\" \/>\n<meta property=\"article:publisher\" content=\"https:\/\/www.facebook.com\/notibras\/\" \/>\n<meta property=\"article:published_time\" content=\"2023-08-25T11:39:53+00:00\" \/>\n<meta property=\"og:image\" content=\"https:\/\/www.notibras.com\/site\/wp-content\/uploads\/2017\/10\/rita-lee.jpg\" \/>\n\t<meta property=\"og:image:width\" content=\"932\" \/>\n\t<meta property=\"og:image:height\" content=\"621\" \/>\n\t<meta property=\"og:image:type\" content=\"image\/jpeg\" \/>\n<meta name=\"author\" content=\"Reda\u00e7\u00e3o\" \/>\n<meta name=\"twitter:card\" content=\"summary_large_image\" \/>\n<meta name=\"twitter:creator\" content=\"@Notibras\" \/>\n<meta name=\"twitter:site\" content=\"@Notibras\" \/>\n<meta name=\"twitter:label1\" content=\"Escrito por\" \/>\n\t<meta name=\"twitter:data1\" content=\"Reda\u00e7\u00e3o\" \/>\n\t<meta name=\"twitter:label2\" content=\"Est. tempo de leitura\" \/>\n\t<meta name=\"twitter:data2\" content=\"6 minutos\" \/>\n<script type=\"application\/ld+json\" class=\"yoast-schema-graph\">{\"@context\":\"https:\/\/schema.org\",\"@graph\":[{\"@type\":\"Article\",\"@id\":\"https:\/\/www.notibras.com\/site\/coral-vai-de-rita-lee-e-muda-historia-das-missas\/#article\",\"isPartOf\":{\"@id\":\"https:\/\/www.notibras.com\/site\/coral-vai-de-rita-lee-e-muda-historia-das-missas\/\"},\"author\":{\"name\":\"Reda\u00e7\u00e3o\",\"@id\":\"https:\/\/www.notibras.com\/site\/#\/schema\/person\/36ab0979449956132d3e5b517ea76ac8\"},\"headline\":\"Coral vai de Rita Lee e muda hist\u00f3ria das missas\",\"datePublished\":\"2023-08-25T11:39:53+00:00\",\"mainEntityOfPage\":{\"@id\":\"https:\/\/www.notibras.com\/site\/coral-vai-de-rita-lee-e-muda-historia-das-missas\/\"},\"wordCount\":1060,\"publisher\":{\"@id\":\"https:\/\/www.notibras.com\/site\/#organization\"},\"image\":{\"@id\":\"https:\/\/www.notibras.com\/site\/coral-vai-de-rita-lee-e-muda-historia-das-missas\/#primaryimage\"},\"thumbnailUrl\":\"https:\/\/www.notibras.com\/site\/wp-content\/uploads\/2017\/10\/rita-lee.jpg\",\"articleSection\":[\"Quadradinho em Foco\"],\"inLanguage\":\"pt-BR\"},{\"@type\":\"WebPage\",\"@id\":\"https:\/\/www.notibras.com\/site\/coral-vai-de-rita-lee-e-muda-historia-das-missas\/\",\"url\":\"https:\/\/www.notibras.com\/site\/coral-vai-de-rita-lee-e-muda-historia-das-missas\/\",\"name\":\"Coral vai de Rita Lee e muda hist\u00f3ria das missas - Notibras\",\"isPartOf\":{\"@id\":\"https:\/\/www.notibras.com\/site\/#website\"},\"primaryImageOfPage\":{\"@id\":\"https:\/\/www.notibras.com\/site\/coral-vai-de-rita-lee-e-muda-historia-das-missas\/#primaryimage\"},\"image\":{\"@id\":\"https:\/\/www.notibras.com\/site\/coral-vai-de-rita-lee-e-muda-historia-das-missas\/#primaryimage\"},\"thumbnailUrl\":\"https:\/\/www.notibras.com\/site\/wp-content\/uploads\/2017\/10\/rita-lee.jpg\",\"datePublished\":\"2023-08-25T11:39:53+00:00\",\"breadcrumb\":{\"@id\":\"https:\/\/www.notibras.com\/site\/coral-vai-de-rita-lee-e-muda-historia-das-missas\/#breadcrumb\"},\"inLanguage\":\"pt-BR\",\"potentialAction\":[{\"@type\":\"ReadAction\",\"target\":[\"https:\/\/www.notibras.com\/site\/coral-vai-de-rita-lee-e-muda-historia-das-missas\/\"]}]},{\"@type\":\"ImageObject\",\"inLanguage\":\"pt-BR\",\"@id\":\"https:\/\/www.notibras.com\/site\/coral-vai-de-rita-lee-e-muda-historia-das-missas\/#primaryimage\",\"url\":\"https:\/\/www.notibras.com\/site\/wp-content\/uploads\/2017\/10\/rita-lee.jpg\",\"contentUrl\":\"https:\/\/www.notibras.com\/site\/wp-content\/uploads\/2017\/10\/rita-lee.jpg\",\"width\":932,\"height\":621,\"caption\":\"Foto\/Gabriela Bil\u00f3\"},{\"@type\":\"BreadcrumbList\",\"@id\":\"https:\/\/www.notibras.com\/site\/coral-vai-de-rita-lee-e-muda-historia-das-missas\/#breadcrumb\",\"itemListElement\":[{\"@type\":\"ListItem\",\"position\":1,\"name\":\"In\u00edcio\",\"item\":\"https:\/\/www.notibras.com\/site\/\"},{\"@type\":\"ListItem\",\"position\":2,\"name\":\"Coral vai de Rita Lee e muda hist\u00f3ria das missas\"}]},{\"@type\":\"WebSite\",\"@id\":\"https:\/\/www.notibras.com\/site\/#website\",\"url\":\"https:\/\/www.notibras.com\/site\/\",\"name\":\"Notibras\",\"description\":\"Not\u00edcias de Bras\u00edlia, do Brasil e do Mundo\",\"publisher\":{\"@id\":\"https:\/\/www.notibras.com\/site\/#organization\"},\"potentialAction\":[{\"@type\":\"SearchAction\",\"target\":{\"@type\":\"EntryPoint\",\"urlTemplate\":\"https:\/\/www.notibras.com\/site\/?s={search_term_string}\"},\"query-input\":{\"@type\":\"PropertyValueSpecification\",\"valueRequired\":true,\"valueName\":\"search_term_string\"}}],\"inLanguage\":\"pt-BR\"},{\"@type\":\"Organization\",\"@id\":\"https:\/\/www.notibras.com\/site\/#organization\",\"name\":\"Grupo Notibras de Comunica\u00e7\u00e3o\",\"url\":\"https:\/\/www.notibras.com\/site\/\",\"logo\":{\"@type\":\"ImageObject\",\"inLanguage\":\"pt-BR\",\"@id\":\"https:\/\/www.notibras.com\/site\/#\/schema\/logo\/image\/\",\"url\":\"https:\/\/www.notibras.com\/site\/wp-content\/uploads\/2023\/01\/notibras23.png\",\"contentUrl\":\"https:\/\/www.notibras.com\/site\/wp-content\/uploads\/2023\/01\/notibras23.png\",\"width\":350,\"height\":87,\"caption\":\"Grupo Notibras de Comunica\u00e7\u00e3o\"},\"image\":{\"@id\":\"https:\/\/www.notibras.com\/site\/#\/schema\/logo\/image\/\"},\"sameAs\":[\"https:\/\/www.facebook.com\/notibras\/\",\"https:\/\/x.com\/Notibras\",\"https:\/\/www.instagram.com\/notibras\/\"]},{\"@type\":\"Person\",\"@id\":\"https:\/\/www.notibras.com\/site\/#\/schema\/person\/36ab0979449956132d3e5b517ea76ac8\",\"name\":\"Reda\u00e7\u00e3o\",\"image\":{\"@type\":\"ImageObject\",\"inLanguage\":\"pt-BR\",\"@id\":\"https:\/\/secure.gravatar.com\/avatar\/e0a867bdedb85fd243eadf09663511f96fc81e0720a4a42581f334ad4303aa6b?s=96&d=mm&r=g\",\"url\":\"https:\/\/secure.gravatar.com\/avatar\/e0a867bdedb85fd243eadf09663511f96fc81e0720a4a42581f334ad4303aa6b?s=96&d=mm&r=g\",\"contentUrl\":\"https:\/\/secure.gravatar.com\/avatar\/e0a867bdedb85fd243eadf09663511f96fc81e0720a4a42581f334ad4303aa6b?s=96&d=mm&r=g\",\"caption\":\"Reda\u00e7\u00e3o\"}}]}<\/script>\n<!-- \/ Yoast SEO plugin. -->","yoast_head_json":{"title":"Coral vai de Rita Lee e muda hist\u00f3ria das missas - Notibras","robots":{"index":"index","follow":"follow","max-snippet":"max-snippet:-1","max-image-preview":"max-image-preview:large","max-video-preview":"max-video-preview:-1"},"canonical":"https:\/\/www.notibras.com\/site\/coral-vai-de-rita-lee-e-muda-historia-das-missas\/","og_locale":"pt_BR","og_type":"article","og_title":"Coral vai de Rita Lee e muda hist\u00f3ria das missas - Notibras","og_description":"A recente morte de Rita Lee me fez mergulhar em recorda\u00e7\u00f5es h\u00e1 muito intocadas, e, estando ali, navegar por correntes aleat\u00f3rias das mais vivas e inesquec\u00edveis mem\u00f3rias da minha inf\u00e2ncia e adolesc\u00eancia. L\u00e1 pelo fim dos anos 60, alguns jovens do meu bairro, todos cat\u00f3licos e frequentadores da matriz de S\u00e3o Sebasti\u00e3o, formavam o coral [&hellip;]","og_url":"https:\/\/www.notibras.com\/site\/coral-vai-de-rita-lee-e-muda-historia-das-missas\/","og_site_name":"Notibras","article_publisher":"https:\/\/www.facebook.com\/notibras\/","article_published_time":"2023-08-25T11:39:53+00:00","og_image":[{"width":932,"height":621,"url":"https:\/\/www.notibras.com\/site\/wp-content\/uploads\/2017\/10\/rita-lee.jpg","type":"image\/jpeg"}],"author":"Reda\u00e7\u00e3o","twitter_card":"summary_large_image","twitter_creator":"@Notibras","twitter_site":"@Notibras","twitter_misc":{"Escrito por":"Reda\u00e7\u00e3o","Est. tempo de leitura":"6 minutos"},"schema":{"@context":"https:\/\/schema.org","@graph":[{"@type":"Article","@id":"https:\/\/www.notibras.com\/site\/coral-vai-de-rita-lee-e-muda-historia-das-missas\/#article","isPartOf":{"@id":"https:\/\/www.notibras.com\/site\/coral-vai-de-rita-lee-e-muda-historia-das-missas\/"},"author":{"name":"Reda\u00e7\u00e3o","@id":"https:\/\/www.notibras.com\/site\/#\/schema\/person\/36ab0979449956132d3e5b517ea76ac8"},"headline":"Coral vai de Rita Lee e muda hist\u00f3ria das missas","datePublished":"2023-08-25T11:39:53+00:00","mainEntityOfPage":{"@id":"https:\/\/www.notibras.com\/site\/coral-vai-de-rita-lee-e-muda-historia-das-missas\/"},"wordCount":1060,"publisher":{"@id":"https:\/\/www.notibras.com\/site\/#organization"},"image":{"@id":"https:\/\/www.notibras.com\/site\/coral-vai-de-rita-lee-e-muda-historia-das-missas\/#primaryimage"},"thumbnailUrl":"https:\/\/www.notibras.com\/site\/wp-content\/uploads\/2017\/10\/rita-lee.jpg","articleSection":["Quadradinho em Foco"],"inLanguage":"pt-BR"},{"@type":"WebPage","@id":"https:\/\/www.notibras.com\/site\/coral-vai-de-rita-lee-e-muda-historia-das-missas\/","url":"https:\/\/www.notibras.com\/site\/coral-vai-de-rita-lee-e-muda-historia-das-missas\/","name":"Coral vai de Rita Lee e muda hist\u00f3ria das missas - Notibras","isPartOf":{"@id":"https:\/\/www.notibras.com\/site\/#website"},"primaryImageOfPage":{"@id":"https:\/\/www.notibras.com\/site\/coral-vai-de-rita-lee-e-muda-historia-das-missas\/#primaryimage"},"image":{"@id":"https:\/\/www.notibras.com\/site\/coral-vai-de-rita-lee-e-muda-historia-das-missas\/#primaryimage"},"thumbnailUrl":"https:\/\/www.notibras.com\/site\/wp-content\/uploads\/2017\/10\/rita-lee.jpg","datePublished":"2023-08-25T11:39:53+00:00","breadcrumb":{"@id":"https:\/\/www.notibras.com\/site\/coral-vai-de-rita-lee-e-muda-historia-das-missas\/#breadcrumb"},"inLanguage":"pt-BR","potentialAction":[{"@type":"ReadAction","target":["https:\/\/www.notibras.com\/site\/coral-vai-de-rita-lee-e-muda-historia-das-missas\/"]}]},{"@type":"ImageObject","inLanguage":"pt-BR","@id":"https:\/\/www.notibras.com\/site\/coral-vai-de-rita-lee-e-muda-historia-das-missas\/#primaryimage","url":"https:\/\/www.notibras.com\/site\/wp-content\/uploads\/2017\/10\/rita-lee.jpg","contentUrl":"https:\/\/www.notibras.com\/site\/wp-content\/uploads\/2017\/10\/rita-lee.jpg","width":932,"height":621,"caption":"Foto\/Gabriela Bil\u00f3"},{"@type":"BreadcrumbList","@id":"https:\/\/www.notibras.com\/site\/coral-vai-de-rita-lee-e-muda-historia-das-missas\/#breadcrumb","itemListElement":[{"@type":"ListItem","position":1,"name":"In\u00edcio","item":"https:\/\/www.notibras.com\/site\/"},{"@type":"ListItem","position":2,"name":"Coral vai de Rita Lee e muda hist\u00f3ria das missas"}]},{"@type":"WebSite","@id":"https:\/\/www.notibras.com\/site\/#website","url":"https:\/\/www.notibras.com\/site\/","name":"Notibras","description":"Not\u00edcias de Bras\u00edlia, do Brasil e do Mundo","publisher":{"@id":"https:\/\/www.notibras.com\/site\/#organization"},"potentialAction":[{"@type":"SearchAction","target":{"@type":"EntryPoint","urlTemplate":"https:\/\/www.notibras.com\/site\/?s={search_term_string}"},"query-input":{"@type":"PropertyValueSpecification","valueRequired":true,"valueName":"search_term_string"}}],"inLanguage":"pt-BR"},{"@type":"Organization","@id":"https:\/\/www.notibras.com\/site\/#organization","name":"Grupo Notibras de Comunica\u00e7\u00e3o","url":"https:\/\/www.notibras.com\/site\/","logo":{"@type":"ImageObject","inLanguage":"pt-BR","@id":"https:\/\/www.notibras.com\/site\/#\/schema\/logo\/image\/","url":"https:\/\/www.notibras.com\/site\/wp-content\/uploads\/2023\/01\/notibras23.png","contentUrl":"https:\/\/www.notibras.com\/site\/wp-content\/uploads\/2023\/01\/notibras23.png","width":350,"height":87,"caption":"Grupo Notibras de Comunica\u00e7\u00e3o"},"image":{"@id":"https:\/\/www.notibras.com\/site\/#\/schema\/logo\/image\/"},"sameAs":["https:\/\/www.facebook.com\/notibras\/","https:\/\/x.com\/Notibras","https:\/\/www.instagram.com\/notibras\/"]},{"@type":"Person","@id":"https:\/\/www.notibras.com\/site\/#\/schema\/person\/36ab0979449956132d3e5b517ea76ac8","name":"Reda\u00e7\u00e3o","image":{"@type":"ImageObject","inLanguage":"pt-BR","@id":"https:\/\/secure.gravatar.com\/avatar\/e0a867bdedb85fd243eadf09663511f96fc81e0720a4a42581f334ad4303aa6b?s=96&d=mm&r=g","url":"https:\/\/secure.gravatar.com\/avatar\/e0a867bdedb85fd243eadf09663511f96fc81e0720a4a42581f334ad4303aa6b?s=96&d=mm&r=g","contentUrl":"https:\/\/secure.gravatar.com\/avatar\/e0a867bdedb85fd243eadf09663511f96fc81e0720a4a42581f334ad4303aa6b?s=96&d=mm&r=g","caption":"Reda\u00e7\u00e3o"}}]}},"amp_enabled":true,"_links":{"self":[{"href":"https:\/\/www.notibras.com\/site\/wp-json\/wp\/v2\/posts\/311656","targetHints":{"allow":["GET"]}}],"collection":[{"href":"https:\/\/www.notibras.com\/site\/wp-json\/wp\/v2\/posts"}],"about":[{"href":"https:\/\/www.notibras.com\/site\/wp-json\/wp\/v2\/types\/post"}],"author":[{"embeddable":true,"href":"https:\/\/www.notibras.com\/site\/wp-json\/wp\/v2\/users\/2"}],"replies":[{"embeddable":true,"href":"https:\/\/www.notibras.com\/site\/wp-json\/wp\/v2\/comments?post=311656"}],"version-history":[{"count":1,"href":"https:\/\/www.notibras.com\/site\/wp-json\/wp\/v2\/posts\/311656\/revisions"}],"predecessor-version":[{"id":311657,"href":"https:\/\/www.notibras.com\/site\/wp-json\/wp\/v2\/posts\/311656\/revisions\/311657"}],"wp:featuredmedia":[{"embeddable":true,"href":"https:\/\/www.notibras.com\/site\/wp-json\/wp\/v2\/media\/155402"}],"wp:attachment":[{"href":"https:\/\/www.notibras.com\/site\/wp-json\/wp\/v2\/media?parent=311656"}],"wp:term":[{"taxonomy":"category","embeddable":true,"href":"https:\/\/www.notibras.com\/site\/wp-json\/wp\/v2\/categories?post=311656"},{"taxonomy":"post_tag","embeddable":true,"href":"https:\/\/www.notibras.com\/site\/wp-json\/wp\/v2\/tags?post=311656"}],"curies":[{"name":"wp","href":"https:\/\/api.w.org\/{rel}","templated":true}]}}