{"id":311684,"date":"2023-08-26T04:47:51","date_gmt":"2023-08-26T07:47:51","guid":{"rendered":"https:\/\/www.notibras.com\/site\/?p=311684"},"modified":"2023-08-26T04:47:51","modified_gmt":"2023-08-26T07:47:51","slug":"paixao-incendiaria-aquece-aguas-geladas-do-guaiba","status":"publish","type":"post","link":"https:\/\/www.notibras.com\/site\/paixao-incendiaria-aquece-aguas-geladas-do-guaiba\/","title":{"rendered":"Paix\u00e3o incendi\u00e1ria aquece \u00e1guas geladas do Gua\u00edba"},"content":{"rendered":"<p>J\u00e1 que estou na capital ga\u00facha, gozando merecidas f\u00e9rias e a licen\u00e7a paternidade, meus colegas de reda\u00e7\u00e3o de <strong>Notibras<\/strong> vivem me instigando a escrever sobre algo pitoresco daqui. Pois bem, uma hist\u00f3ria que vem tomando conta das ruas da cidade \u00e9 o caso de amor entre uma linda mulher e o Gua\u00edba. E, se isso ainda n\u00e3o se tornou lenda urbana, periga virar.<\/p>\n<p>Dizem por aqui em Porto Alegre que o Gua\u00edba deixou de lado aquele complexo que o perseguia h\u00e1 anos. Sim, isso mesmo! \u00c9 que uns afirmam que ele \u00e9 um rio; outros, no entanto, juram de p\u00e9s juntinhos que n\u00e3o passa de um lago. Controv\u00e9rsias \u00e0 parte, a not\u00edcia que corre \u00e9 que o velho Gua\u00edba anda caidinho por uma certa garota do sorriso mais lindo por estas bandas de c\u00e1.<\/p>\n<p>O nome da amada? At\u00e9 onde se conta, \u00e9 uma inc\u00f3gnita. Mas nada que impe\u00e7a que o povo continue a comentar sobre o romance que, se ainda n\u00e3o ganhou os notici\u00e1rios, j\u00e1 tomou todas as ruas da cidade. Por isso, n\u00e3o \u00e9 de se estranhar que centenas de curiosos tenham ido \u00e0 orla para conhecer a tal Bela do Gua\u00edba. Os mais t\u00edmidos, no entanto, dizem que est\u00e3o ali apenas para ver o p\u00f4r do sol.<\/p>\n<p>A princ\u00edpio, o Gua\u00edba, talvez inseguro, n\u00e3o acreditasse que aquela mulher fosse lhe dar trela. Ele, receoso de ser rejeitado, nem se atrevia a tentar uma investida. No entanto, conforme o que se conta \u00e0 boca pequena, \u00e9 que Bela, numa dessas noites quentes de ver\u00e3o, se sentou na areia bem em frente ao Gua\u00edba. E, n\u00e3o se sabe ao certo o porqu\u00ea, ela sentiu vontade de refrescar os p\u00e9s.<\/p>\n<p>Bela ergueu o corpo usando apenas a for\u00e7a de suas pernas e, a passos serenos, experimentou primeiro a pontinha do p\u00e9 esquerdo naquelas \u00e1guas geladas. Gostou tanto, que colocou os dois. Gua\u00edba mal podia acreditar naquilo e, atrevido, come\u00e7ou a jogar suas marolas em dire\u00e7\u00e3o \u00e0 mulher.<\/p>\n<p>Ela sorriu todo aquele sorriso mais lindo e, sem qualquer pudor, se jogou de bra\u00e7os abertos nas \u00e1guas do Gua\u00edba. Amaram-se a noite toda, at\u00e9 que, na manh\u00e3 seguinte, ele a colocou de volta \u00e0 areia. Bela ainda ficou olhando a mansid\u00e3o do Gua\u00edba. Depois ergueu o corpo apenas com a for\u00e7a das pernas e foi embora, mas com a promessa de voltar todas as noites para se amarem.<\/p>\n","protected":false},"excerpt":{"rendered":"<p>J\u00e1 que estou na capital ga\u00facha, gozando merecidas f\u00e9rias e a licen\u00e7a paternidade, meus colegas de reda\u00e7\u00e3o de Notibras vivem me instigando a escrever sobre algo pitoresco daqui. Pois bem, uma hist\u00f3ria que vem tomando conta das ruas da cidade \u00e9 o caso de amor entre uma linda mulher e o Gua\u00edba. E, se isso [&hellip;]<\/p>\n","protected":false},"author":2,"featured_media":311686,"comment_status":"closed","ping_status":"closed","sticky":false,"template":"","format":"standard","meta":{"_acf_changed":false,"footnotes":""},"categories":[161],"tags":[],"class_list":["post-311684","post","type-post","status-publish","format-standard","has-post-thumbnail","hentry","category-quadradinho-em-foco"],"acf":[],"yoast_head":"<!-- This site is optimized with the Yoast SEO plugin v27.2 - https:\/\/yoast.com\/product\/yoast-seo-wordpress\/ -->\n<title>Paix\u00e3o incendi\u00e1ria aquece \u00e1guas geladas do Gua\u00edba - Notibras<\/title>\n<meta name=\"robots\" content=\"index, follow, max-snippet:-1, max-image-preview:large, max-video-preview:-1\" \/>\n<link rel=\"canonical\" href=\"https:\/\/www.notibras.com\/site\/paixao-incendiaria-aquece-aguas-geladas-do-guaiba\/\" \/>\n<meta property=\"og:locale\" content=\"pt_BR\" \/>\n<meta property=\"og:type\" content=\"article\" \/>\n<meta property=\"og:title\" content=\"Paix\u00e3o incendi\u00e1ria aquece \u00e1guas geladas do Gua\u00edba - Notibras\" \/>\n<meta property=\"og:description\" content=\"J\u00e1 que estou na capital ga\u00facha, gozando merecidas f\u00e9rias e a licen\u00e7a paternidade, meus colegas de reda\u00e7\u00e3o de Notibras vivem me instigando a escrever sobre algo pitoresco daqui. Pois bem, uma hist\u00f3ria que vem tomando conta das ruas da cidade \u00e9 o caso de amor entre uma linda mulher e o Gua\u00edba. E, se isso [&hellip;]\" \/>\n<meta property=\"og:url\" content=\"https:\/\/www.notibras.com\/site\/paixao-incendiaria-aquece-aguas-geladas-do-guaiba\/\" \/>\n<meta property=\"og:site_name\" content=\"Notibras\" \/>\n<meta property=\"article:publisher\" content=\"https:\/\/www.facebook.com\/notibras\/\" \/>\n<meta property=\"article:published_time\" content=\"2023-08-26T07:47:51+00:00\" \/>\n<meta property=\"og:image\" content=\"https:\/\/www.notibras.com\/site\/wp-content\/uploads\/2023\/08\/duirene.2.jpg\" \/>\n\t<meta property=\"og:image:width\" content=\"768\" \/>\n\t<meta property=\"og:image:height\" content=\"1024\" \/>\n\t<meta property=\"og:image:type\" content=\"image\/jpeg\" \/>\n<meta name=\"author\" content=\"Reda\u00e7\u00e3o\" \/>\n<meta name=\"twitter:card\" content=\"summary_large_image\" \/>\n<meta name=\"twitter:creator\" content=\"@Notibras\" \/>\n<meta name=\"twitter:site\" content=\"@Notibras\" \/>\n<meta name=\"twitter:label1\" content=\"Escrito por\" \/>\n\t<meta name=\"twitter:data1\" content=\"Reda\u00e7\u00e3o\" \/>\n\t<meta name=\"twitter:label2\" content=\"Est. tempo de leitura\" \/>\n\t<meta name=\"twitter:data2\" content=\"3 minutos\" \/>\n<script type=\"application\/ld+json\" class=\"yoast-schema-graph\">{\"@context\":\"https:\/\/schema.org\",\"@graph\":[{\"@type\":\"Article\",\"@id\":\"https:\/\/www.notibras.com\/site\/paixao-incendiaria-aquece-aguas-geladas-do-guaiba\/#article\",\"isPartOf\":{\"@id\":\"https:\/\/www.notibras.com\/site\/paixao-incendiaria-aquece-aguas-geladas-do-guaiba\/\"},\"author\":{\"name\":\"Reda\u00e7\u00e3o\",\"@id\":\"https:\/\/www.notibras.com\/site\/#\/schema\/person\/36ab0979449956132d3e5b517ea76ac8\"},\"headline\":\"Paix\u00e3o incendi\u00e1ria aquece \u00e1guas geladas do Gua\u00edba\",\"datePublished\":\"2023-08-26T07:47:51+00:00\",\"mainEntityOfPage\":{\"@id\":\"https:\/\/www.notibras.com\/site\/paixao-incendiaria-aquece-aguas-geladas-do-guaiba\/\"},\"wordCount\":432,\"publisher\":{\"@id\":\"https:\/\/www.notibras.com\/site\/#organization\"},\"image\":{\"@id\":\"https:\/\/www.notibras.com\/site\/paixao-incendiaria-aquece-aguas-geladas-do-guaiba\/#primaryimage\"},\"thumbnailUrl\":\"https:\/\/www.notibras.com\/site\/wp-content\/uploads\/2023\/08\/duirene.2.jpg\",\"articleSection\":[\"Quadradinho em Foco\"],\"inLanguage\":\"pt-BR\"},{\"@type\":\"WebPage\",\"@id\":\"https:\/\/www.notibras.com\/site\/paixao-incendiaria-aquece-aguas-geladas-do-guaiba\/\",\"url\":\"https:\/\/www.notibras.com\/site\/paixao-incendiaria-aquece-aguas-geladas-do-guaiba\/\",\"name\":\"Paix\u00e3o incendi\u00e1ria aquece \u00e1guas geladas do Gua\u00edba - Notibras\",\"isPartOf\":{\"@id\":\"https:\/\/www.notibras.com\/site\/#website\"},\"primaryImageOfPage\":{\"@id\":\"https:\/\/www.notibras.com\/site\/paixao-incendiaria-aquece-aguas-geladas-do-guaiba\/#primaryimage\"},\"image\":{\"@id\":\"https:\/\/www.notibras.com\/site\/paixao-incendiaria-aquece-aguas-geladas-do-guaiba\/#primaryimage\"},\"thumbnailUrl\":\"https:\/\/www.notibras.com\/site\/wp-content\/uploads\/2023\/08\/duirene.2.jpg\",\"datePublished\":\"2023-08-26T07:47:51+00:00\",\"breadcrumb\":{\"@id\":\"https:\/\/www.notibras.com\/site\/paixao-incendiaria-aquece-aguas-geladas-do-guaiba\/#breadcrumb\"},\"inLanguage\":\"pt-BR\",\"potentialAction\":[{\"@type\":\"ReadAction\",\"target\":[\"https:\/\/www.notibras.com\/site\/paixao-incendiaria-aquece-aguas-geladas-do-guaiba\/\"]}]},{\"@type\":\"ImageObject\",\"inLanguage\":\"pt-BR\",\"@id\":\"https:\/\/www.notibras.com\/site\/paixao-incendiaria-aquece-aguas-geladas-do-guaiba\/#primaryimage\",\"url\":\"https:\/\/www.notibras.com\/site\/wp-content\/uploads\/2023\/08\/duirene.2.jpg\",\"contentUrl\":\"https:\/\/www.notibras.com\/site\/wp-content\/uploads\/2023\/08\/duirene.2.jpg\",\"width\":768,\"height\":1024},{\"@type\":\"BreadcrumbList\",\"@id\":\"https:\/\/www.notibras.com\/site\/paixao-incendiaria-aquece-aguas-geladas-do-guaiba\/#breadcrumb\",\"itemListElement\":[{\"@type\":\"ListItem\",\"position\":1,\"name\":\"In\u00edcio\",\"item\":\"https:\/\/www.notibras.com\/site\/\"},{\"@type\":\"ListItem\",\"position\":2,\"name\":\"Paix\u00e3o incendi\u00e1ria aquece \u00e1guas geladas do Gua\u00edba\"}]},{\"@type\":\"WebSite\",\"@id\":\"https:\/\/www.notibras.com\/site\/#website\",\"url\":\"https:\/\/www.notibras.com\/site\/\",\"name\":\"Notibras\",\"description\":\"Not\u00edcias de Bras\u00edlia, do Brasil e do Mundo\",\"publisher\":{\"@id\":\"https:\/\/www.notibras.com\/site\/#organization\"},\"potentialAction\":[{\"@type\":\"SearchAction\",\"target\":{\"@type\":\"EntryPoint\",\"urlTemplate\":\"https:\/\/www.notibras.com\/site\/?s={search_term_string}\"},\"query-input\":{\"@type\":\"PropertyValueSpecification\",\"valueRequired\":true,\"valueName\":\"search_term_string\"}}],\"inLanguage\":\"pt-BR\"},{\"@type\":\"Organization\",\"@id\":\"https:\/\/www.notibras.com\/site\/#organization\",\"name\":\"Grupo Notibras de Comunica\u00e7\u00e3o\",\"url\":\"https:\/\/www.notibras.com\/site\/\",\"logo\":{\"@type\":\"ImageObject\",\"inLanguage\":\"pt-BR\",\"@id\":\"https:\/\/www.notibras.com\/site\/#\/schema\/logo\/image\/\",\"url\":\"https:\/\/www.notibras.com\/site\/wp-content\/uploads\/2023\/01\/notibras23.png\",\"contentUrl\":\"https:\/\/www.notibras.com\/site\/wp-content\/uploads\/2023\/01\/notibras23.png\",\"width\":350,\"height\":87,\"caption\":\"Grupo Notibras de Comunica\u00e7\u00e3o\"},\"image\":{\"@id\":\"https:\/\/www.notibras.com\/site\/#\/schema\/logo\/image\/\"},\"sameAs\":[\"https:\/\/www.facebook.com\/notibras\/\",\"https:\/\/x.com\/Notibras\",\"https:\/\/www.instagram.com\/notibras\/\"]},{\"@type\":\"Person\",\"@id\":\"https:\/\/www.notibras.com\/site\/#\/schema\/person\/36ab0979449956132d3e5b517ea76ac8\",\"name\":\"Reda\u00e7\u00e3o\",\"image\":{\"@type\":\"ImageObject\",\"inLanguage\":\"pt-BR\",\"@id\":\"https:\/\/secure.gravatar.com\/avatar\/e0a867bdedb85fd243eadf09663511f96fc81e0720a4a42581f334ad4303aa6b?s=96&d=mm&r=g\",\"url\":\"https:\/\/secure.gravatar.com\/avatar\/e0a867bdedb85fd243eadf09663511f96fc81e0720a4a42581f334ad4303aa6b?s=96&d=mm&r=g\",\"contentUrl\":\"https:\/\/secure.gravatar.com\/avatar\/e0a867bdedb85fd243eadf09663511f96fc81e0720a4a42581f334ad4303aa6b?s=96&d=mm&r=g\",\"caption\":\"Reda\u00e7\u00e3o\"}}]}<\/script>\n<!-- \/ Yoast SEO plugin. -->","yoast_head_json":{"title":"Paix\u00e3o incendi\u00e1ria aquece \u00e1guas geladas do Gua\u00edba - Notibras","robots":{"index":"index","follow":"follow","max-snippet":"max-snippet:-1","max-image-preview":"max-image-preview:large","max-video-preview":"max-video-preview:-1"},"canonical":"https:\/\/www.notibras.com\/site\/paixao-incendiaria-aquece-aguas-geladas-do-guaiba\/","og_locale":"pt_BR","og_type":"article","og_title":"Paix\u00e3o incendi\u00e1ria aquece \u00e1guas geladas do Gua\u00edba - Notibras","og_description":"J\u00e1 que estou na capital ga\u00facha, gozando merecidas f\u00e9rias e a licen\u00e7a paternidade, meus colegas de reda\u00e7\u00e3o de Notibras vivem me instigando a escrever sobre algo pitoresco daqui. Pois bem, uma hist\u00f3ria que vem tomando conta das ruas da cidade \u00e9 o caso de amor entre uma linda mulher e o Gua\u00edba. E, se isso [&hellip;]","og_url":"https:\/\/www.notibras.com\/site\/paixao-incendiaria-aquece-aguas-geladas-do-guaiba\/","og_site_name":"Notibras","article_publisher":"https:\/\/www.facebook.com\/notibras\/","article_published_time":"2023-08-26T07:47:51+00:00","og_image":[{"width":768,"height":1024,"url":"https:\/\/www.notibras.com\/site\/wp-content\/uploads\/2023\/08\/duirene.2.jpg","type":"image\/jpeg"}],"author":"Reda\u00e7\u00e3o","twitter_card":"summary_large_image","twitter_creator":"@Notibras","twitter_site":"@Notibras","twitter_misc":{"Escrito por":"Reda\u00e7\u00e3o","Est. tempo de leitura":"3 minutos"},"schema":{"@context":"https:\/\/schema.org","@graph":[{"@type":"Article","@id":"https:\/\/www.notibras.com\/site\/paixao-incendiaria-aquece-aguas-geladas-do-guaiba\/#article","isPartOf":{"@id":"https:\/\/www.notibras.com\/site\/paixao-incendiaria-aquece-aguas-geladas-do-guaiba\/"},"author":{"name":"Reda\u00e7\u00e3o","@id":"https:\/\/www.notibras.com\/site\/#\/schema\/person\/36ab0979449956132d3e5b517ea76ac8"},"headline":"Paix\u00e3o incendi\u00e1ria aquece \u00e1guas geladas do Gua\u00edba","datePublished":"2023-08-26T07:47:51+00:00","mainEntityOfPage":{"@id":"https:\/\/www.notibras.com\/site\/paixao-incendiaria-aquece-aguas-geladas-do-guaiba\/"},"wordCount":432,"publisher":{"@id":"https:\/\/www.notibras.com\/site\/#organization"},"image":{"@id":"https:\/\/www.notibras.com\/site\/paixao-incendiaria-aquece-aguas-geladas-do-guaiba\/#primaryimage"},"thumbnailUrl":"https:\/\/www.notibras.com\/site\/wp-content\/uploads\/2023\/08\/duirene.2.jpg","articleSection":["Quadradinho em Foco"],"inLanguage":"pt-BR"},{"@type":"WebPage","@id":"https:\/\/www.notibras.com\/site\/paixao-incendiaria-aquece-aguas-geladas-do-guaiba\/","url":"https:\/\/www.notibras.com\/site\/paixao-incendiaria-aquece-aguas-geladas-do-guaiba\/","name":"Paix\u00e3o incendi\u00e1ria aquece \u00e1guas geladas do Gua\u00edba - Notibras","isPartOf":{"@id":"https:\/\/www.notibras.com\/site\/#website"},"primaryImageOfPage":{"@id":"https:\/\/www.notibras.com\/site\/paixao-incendiaria-aquece-aguas-geladas-do-guaiba\/#primaryimage"},"image":{"@id":"https:\/\/www.notibras.com\/site\/paixao-incendiaria-aquece-aguas-geladas-do-guaiba\/#primaryimage"},"thumbnailUrl":"https:\/\/www.notibras.com\/site\/wp-content\/uploads\/2023\/08\/duirene.2.jpg","datePublished":"2023-08-26T07:47:51+00:00","breadcrumb":{"@id":"https:\/\/www.notibras.com\/site\/paixao-incendiaria-aquece-aguas-geladas-do-guaiba\/#breadcrumb"},"inLanguage":"pt-BR","potentialAction":[{"@type":"ReadAction","target":["https:\/\/www.notibras.com\/site\/paixao-incendiaria-aquece-aguas-geladas-do-guaiba\/"]}]},{"@type":"ImageObject","inLanguage":"pt-BR","@id":"https:\/\/www.notibras.com\/site\/paixao-incendiaria-aquece-aguas-geladas-do-guaiba\/#primaryimage","url":"https:\/\/www.notibras.com\/site\/wp-content\/uploads\/2023\/08\/duirene.2.jpg","contentUrl":"https:\/\/www.notibras.com\/site\/wp-content\/uploads\/2023\/08\/duirene.2.jpg","width":768,"height":1024},{"@type":"BreadcrumbList","@id":"https:\/\/www.notibras.com\/site\/paixao-incendiaria-aquece-aguas-geladas-do-guaiba\/#breadcrumb","itemListElement":[{"@type":"ListItem","position":1,"name":"In\u00edcio","item":"https:\/\/www.notibras.com\/site\/"},{"@type":"ListItem","position":2,"name":"Paix\u00e3o incendi\u00e1ria aquece \u00e1guas geladas do Gua\u00edba"}]},{"@type":"WebSite","@id":"https:\/\/www.notibras.com\/site\/#website","url":"https:\/\/www.notibras.com\/site\/","name":"Notibras","description":"Not\u00edcias de Bras\u00edlia, do Brasil e do Mundo","publisher":{"@id":"https:\/\/www.notibras.com\/site\/#organization"},"potentialAction":[{"@type":"SearchAction","target":{"@type":"EntryPoint","urlTemplate":"https:\/\/www.notibras.com\/site\/?s={search_term_string}"},"query-input":{"@type":"PropertyValueSpecification","valueRequired":true,"valueName":"search_term_string"}}],"inLanguage":"pt-BR"},{"@type":"Organization","@id":"https:\/\/www.notibras.com\/site\/#organization","name":"Grupo Notibras de Comunica\u00e7\u00e3o","url":"https:\/\/www.notibras.com\/site\/","logo":{"@type":"ImageObject","inLanguage":"pt-BR","@id":"https:\/\/www.notibras.com\/site\/#\/schema\/logo\/image\/","url":"https:\/\/www.notibras.com\/site\/wp-content\/uploads\/2023\/01\/notibras23.png","contentUrl":"https:\/\/www.notibras.com\/site\/wp-content\/uploads\/2023\/01\/notibras23.png","width":350,"height":87,"caption":"Grupo Notibras de Comunica\u00e7\u00e3o"},"image":{"@id":"https:\/\/www.notibras.com\/site\/#\/schema\/logo\/image\/"},"sameAs":["https:\/\/www.facebook.com\/notibras\/","https:\/\/x.com\/Notibras","https:\/\/www.instagram.com\/notibras\/"]},{"@type":"Person","@id":"https:\/\/www.notibras.com\/site\/#\/schema\/person\/36ab0979449956132d3e5b517ea76ac8","name":"Reda\u00e7\u00e3o","image":{"@type":"ImageObject","inLanguage":"pt-BR","@id":"https:\/\/secure.gravatar.com\/avatar\/e0a867bdedb85fd243eadf09663511f96fc81e0720a4a42581f334ad4303aa6b?s=96&d=mm&r=g","url":"https:\/\/secure.gravatar.com\/avatar\/e0a867bdedb85fd243eadf09663511f96fc81e0720a4a42581f334ad4303aa6b?s=96&d=mm&r=g","contentUrl":"https:\/\/secure.gravatar.com\/avatar\/e0a867bdedb85fd243eadf09663511f96fc81e0720a4a42581f334ad4303aa6b?s=96&d=mm&r=g","caption":"Reda\u00e7\u00e3o"}}]}},"amp_enabled":true,"_links":{"self":[{"href":"https:\/\/www.notibras.com\/site\/wp-json\/wp\/v2\/posts\/311684","targetHints":{"allow":["GET"]}}],"collection":[{"href":"https:\/\/www.notibras.com\/site\/wp-json\/wp\/v2\/posts"}],"about":[{"href":"https:\/\/www.notibras.com\/site\/wp-json\/wp\/v2\/types\/post"}],"author":[{"embeddable":true,"href":"https:\/\/www.notibras.com\/site\/wp-json\/wp\/v2\/users\/2"}],"replies":[{"embeddable":true,"href":"https:\/\/www.notibras.com\/site\/wp-json\/wp\/v2\/comments?post=311684"}],"version-history":[{"count":2,"href":"https:\/\/www.notibras.com\/site\/wp-json\/wp\/v2\/posts\/311684\/revisions"}],"predecessor-version":[{"id":311709,"href":"https:\/\/www.notibras.com\/site\/wp-json\/wp\/v2\/posts\/311684\/revisions\/311709"}],"wp:featuredmedia":[{"embeddable":true,"href":"https:\/\/www.notibras.com\/site\/wp-json\/wp\/v2\/media\/311686"}],"wp:attachment":[{"href":"https:\/\/www.notibras.com\/site\/wp-json\/wp\/v2\/media?parent=311684"}],"wp:term":[{"taxonomy":"category","embeddable":true,"href":"https:\/\/www.notibras.com\/site\/wp-json\/wp\/v2\/categories?post=311684"},{"taxonomy":"post_tag","embeddable":true,"href":"https:\/\/www.notibras.com\/site\/wp-json\/wp\/v2\/tags?post=311684"}],"curies":[{"name":"wp","href":"https:\/\/api.w.org\/{rel}","templated":true}]}}