{"id":311697,"date":"2023-08-26T03:14:32","date_gmt":"2023-08-26T06:14:32","guid":{"rendered":"https:\/\/www.notibras.com\/site\/?p=311697"},"modified":"2023-08-26T03:14:32","modified_gmt":"2023-08-26T06:14:32","slug":"pgr-reforca-pedido-de-condenacao-de-30-terroristas","status":"publish","type":"post","link":"https:\/\/www.notibras.com\/site\/pgr-reforca-pedido-de-condenacao-de-30-terroristas\/","title":{"rendered":"PGR refor\u00e7a pedido de condena\u00e7\u00e3o de 30 terroristas"},"content":{"rendered":"<p>&nbsp;<\/p>\n<p>A Procuradoria-Geral da Rep\u00fablica (PGR) refor\u00e7ou pedido de condena\u00e7\u00e3o de 30 acusados que participaram da execu\u00e7\u00e3o dos atos golpistas de 8 de janeiro. O pedido est\u00e1 nas alega\u00e7\u00f5es finais enviadas ao Supremo Tribunal Federal (STF).<\/p>\n<p>Na peti\u00e7\u00e3o, o subprocurador Carlos Frederico Santos reitera que os denunciados devem ser condenados pelos crimes de associa\u00e7\u00e3o criminosa armada, aboli\u00e7\u00e3o violenta do Estado Democr\u00e1tico de Direito, golpe de Estado e dano qualificado.<\/p>\n<p>Para embasar os pedidos de condena\u00e7\u00f5es, o subprocurador inseriu fotos, v\u00eddeos e relat\u00f3rios de intelig\u00eancia contra o grupo, acusado de participar da invas\u00e3o do Pal\u00e1cio do Planalto, do Congresso e do Supremo.<\/p>\n<p>\u201cA pena a ser aplicada aos acusados deve ser exemplar por se tratar de crimes graves praticados em contexto multitudin\u00e1rio que visavam a implantar um regime autorit\u00e1rio no lugar de um governo legitimamente eleito\u201d, escreveu o subprocurador.<\/p>\n<p>A procuradoria tamb\u00e9m solicitou que os danos sejam ressarcidos pelos acusados. O preju\u00edzo apurado \u00e9 de R$ 25 milh\u00f5es.<\/p>\n<p>At\u00e9 o momento, a PGR j\u00e1 refor\u00e7ou 115 pedidos de condena\u00e7\u00f5es contra investigados pelos atos de 8 de janeiro.<\/p>\n<p>Em outro inqu\u00e9rito que apura os atos, a procuradoria avalia a realiza\u00e7\u00e3o de acordos de n\u00e3o persecu\u00e7\u00e3o penal. A possibilidade de acordo envolve os acusados que estavam no acompanhamento montado em frente ao quartel do Ex\u00e9rcito em Bras\u00edlia no dia dos atos e n\u00e3o participaram da invas\u00e3o de pr\u00e9dios p\u00fablicos. Podem ser beneficiadas 1.156 pessoas.<\/p>\n","protected":false},"excerpt":{"rendered":"<p>&nbsp; A Procuradoria-Geral da Rep\u00fablica (PGR) refor\u00e7ou pedido de condena\u00e7\u00e3o de 30 acusados que participaram da execu\u00e7\u00e3o dos atos golpistas de 8 de janeiro. O pedido est\u00e1 nas alega\u00e7\u00f5es finais enviadas ao Supremo Tribunal Federal (STF). Na peti\u00e7\u00e3o, o subprocurador Carlos Frederico Santos reitera que os denunciados devem ser condenados pelos crimes de associa\u00e7\u00e3o criminosa [&hellip;]<\/p>\n","protected":false},"author":2,"featured_media":311698,"comment_status":"closed","ping_status":"closed","sticky":false,"template":"","format":"standard","meta":{"_acf_changed":false,"footnotes":""},"categories":[161],"tags":[95],"class_list":["post-311697","post","type-post","status-publish","format-standard","has-post-thumbnail","hentry","category-quadradinho-em-foco","tag-capa"],"acf":[],"yoast_head":"<!-- This site is optimized with the Yoast SEO plugin v27.2 - https:\/\/yoast.com\/product\/yoast-seo-wordpress\/ -->\n<title>PGR refor\u00e7a pedido de condena\u00e7\u00e3o de 30 terroristas - Notibras<\/title>\n<meta name=\"robots\" content=\"index, follow, max-snippet:-1, max-image-preview:large, max-video-preview:-1\" \/>\n<link rel=\"canonical\" href=\"https:\/\/www.notibras.com\/site\/pgr-reforca-pedido-de-condenacao-de-30-terroristas\/\" \/>\n<meta property=\"og:locale\" content=\"pt_BR\" \/>\n<meta property=\"og:type\" content=\"article\" \/>\n<meta property=\"og:title\" content=\"PGR refor\u00e7a pedido de condena\u00e7\u00e3o de 30 terroristas - Notibras\" \/>\n<meta property=\"og:description\" content=\"&nbsp; A Procuradoria-Geral da Rep\u00fablica (PGR) refor\u00e7ou pedido de condena\u00e7\u00e3o de 30 acusados que participaram da execu\u00e7\u00e3o dos atos golpistas de 8 de janeiro. O pedido est\u00e1 nas alega\u00e7\u00f5es finais enviadas ao Supremo Tribunal Federal (STF). Na peti\u00e7\u00e3o, o subprocurador Carlos Frederico Santos reitera que os denunciados devem ser condenados pelos crimes de associa\u00e7\u00e3o criminosa [&hellip;]\" \/>\n<meta property=\"og:url\" content=\"https:\/\/www.notibras.com\/site\/pgr-reforca-pedido-de-condenacao-de-30-terroristas\/\" \/>\n<meta property=\"og:site_name\" content=\"Notibras\" \/>\n<meta property=\"article:publisher\" content=\"https:\/\/www.facebook.com\/notibras\/\" \/>\n<meta property=\"article:published_time\" content=\"2023-08-26T06:14:32+00:00\" \/>\n<meta property=\"og:image\" content=\"https:\/\/www.notibras.com\/site\/wp-content\/uploads\/2023\/08\/ja08771_0.jpg\" \/>\n\t<meta property=\"og:image:width\" content=\"1170\" \/>\n\t<meta property=\"og:image:height\" content=\"700\" \/>\n\t<meta property=\"og:image:type\" content=\"image\/jpeg\" \/>\n<meta name=\"author\" content=\"Reda\u00e7\u00e3o\" \/>\n<meta name=\"twitter:card\" content=\"summary_large_image\" \/>\n<meta name=\"twitter:creator\" content=\"@Notibras\" \/>\n<meta name=\"twitter:site\" content=\"@Notibras\" \/>\n<meta name=\"twitter:label1\" content=\"Escrito por\" \/>\n\t<meta name=\"twitter:data1\" content=\"Reda\u00e7\u00e3o\" \/>\n\t<meta name=\"twitter:label2\" content=\"Est. tempo de leitura\" \/>\n\t<meta name=\"twitter:data2\" content=\"2 minutos\" \/>\n<script type=\"application\/ld+json\" class=\"yoast-schema-graph\">{\"@context\":\"https:\/\/schema.org\",\"@graph\":[{\"@type\":\"Article\",\"@id\":\"https:\/\/www.notibras.com\/site\/pgr-reforca-pedido-de-condenacao-de-30-terroristas\/#article\",\"isPartOf\":{\"@id\":\"https:\/\/www.notibras.com\/site\/pgr-reforca-pedido-de-condenacao-de-30-terroristas\/\"},\"author\":{\"name\":\"Reda\u00e7\u00e3o\",\"@id\":\"https:\/\/www.notibras.com\/site\/#\/schema\/person\/36ab0979449956132d3e5b517ea76ac8\"},\"headline\":\"PGR refor\u00e7a pedido de condena\u00e7\u00e3o de 30 terroristas\",\"datePublished\":\"2023-08-26T06:14:32+00:00\",\"mainEntityOfPage\":{\"@id\":\"https:\/\/www.notibras.com\/site\/pgr-reforca-pedido-de-condenacao-de-30-terroristas\/\"},\"wordCount\":265,\"publisher\":{\"@id\":\"https:\/\/www.notibras.com\/site\/#organization\"},\"image\":{\"@id\":\"https:\/\/www.notibras.com\/site\/pgr-reforca-pedido-de-condenacao-de-30-terroristas\/#primaryimage\"},\"thumbnailUrl\":\"https:\/\/www.notibras.com\/site\/wp-content\/uploads\/2023\/08\/ja08771_0.jpg\",\"keywords\":[\"capa\"],\"articleSection\":[\"Quadradinho em Foco\"],\"inLanguage\":\"pt-BR\"},{\"@type\":\"WebPage\",\"@id\":\"https:\/\/www.notibras.com\/site\/pgr-reforca-pedido-de-condenacao-de-30-terroristas\/\",\"url\":\"https:\/\/www.notibras.com\/site\/pgr-reforca-pedido-de-condenacao-de-30-terroristas\/\",\"name\":\"PGR refor\u00e7a pedido de condena\u00e7\u00e3o de 30 terroristas - Notibras\",\"isPartOf\":{\"@id\":\"https:\/\/www.notibras.com\/site\/#website\"},\"primaryImageOfPage\":{\"@id\":\"https:\/\/www.notibras.com\/site\/pgr-reforca-pedido-de-condenacao-de-30-terroristas\/#primaryimage\"},\"image\":{\"@id\":\"https:\/\/www.notibras.com\/site\/pgr-reforca-pedido-de-condenacao-de-30-terroristas\/#primaryimage\"},\"thumbnailUrl\":\"https:\/\/www.notibras.com\/site\/wp-content\/uploads\/2023\/08\/ja08771_0.jpg\",\"datePublished\":\"2023-08-26T06:14:32+00:00\",\"breadcrumb\":{\"@id\":\"https:\/\/www.notibras.com\/site\/pgr-reforca-pedido-de-condenacao-de-30-terroristas\/#breadcrumb\"},\"inLanguage\":\"pt-BR\",\"potentialAction\":[{\"@type\":\"ReadAction\",\"target\":[\"https:\/\/www.notibras.com\/site\/pgr-reforca-pedido-de-condenacao-de-30-terroristas\/\"]}]},{\"@type\":\"ImageObject\",\"inLanguage\":\"pt-BR\",\"@id\":\"https:\/\/www.notibras.com\/site\/pgr-reforca-pedido-de-condenacao-de-30-terroristas\/#primaryimage\",\"url\":\"https:\/\/www.notibras.com\/site\/wp-content\/uploads\/2023\/08\/ja08771_0.jpg\",\"contentUrl\":\"https:\/\/www.notibras.com\/site\/wp-content\/uploads\/2023\/08\/ja08771_0.jpg\",\"width\":1170,\"height\":700,\"caption\":\"Mat\u00e9ria especial um m\u00eas dos atentados golpistas\"},{\"@type\":\"BreadcrumbList\",\"@id\":\"https:\/\/www.notibras.com\/site\/pgr-reforca-pedido-de-condenacao-de-30-terroristas\/#breadcrumb\",\"itemListElement\":[{\"@type\":\"ListItem\",\"position\":1,\"name\":\"In\u00edcio\",\"item\":\"https:\/\/www.notibras.com\/site\/\"},{\"@type\":\"ListItem\",\"position\":2,\"name\":\"PGR refor\u00e7a pedido de condena\u00e7\u00e3o de 30 terroristas\"}]},{\"@type\":\"WebSite\",\"@id\":\"https:\/\/www.notibras.com\/site\/#website\",\"url\":\"https:\/\/www.notibras.com\/site\/\",\"name\":\"Notibras\",\"description\":\"Not\u00edcias de Bras\u00edlia, do Brasil e do Mundo\",\"publisher\":{\"@id\":\"https:\/\/www.notibras.com\/site\/#organization\"},\"potentialAction\":[{\"@type\":\"SearchAction\",\"target\":{\"@type\":\"EntryPoint\",\"urlTemplate\":\"https:\/\/www.notibras.com\/site\/?s={search_term_string}\"},\"query-input\":{\"@type\":\"PropertyValueSpecification\",\"valueRequired\":true,\"valueName\":\"search_term_string\"}}],\"inLanguage\":\"pt-BR\"},{\"@type\":\"Organization\",\"@id\":\"https:\/\/www.notibras.com\/site\/#organization\",\"name\":\"Grupo Notibras de Comunica\u00e7\u00e3o\",\"url\":\"https:\/\/www.notibras.com\/site\/\",\"logo\":{\"@type\":\"ImageObject\",\"inLanguage\":\"pt-BR\",\"@id\":\"https:\/\/www.notibras.com\/site\/#\/schema\/logo\/image\/\",\"url\":\"https:\/\/www.notibras.com\/site\/wp-content\/uploads\/2023\/01\/notibras23.png\",\"contentUrl\":\"https:\/\/www.notibras.com\/site\/wp-content\/uploads\/2023\/01\/notibras23.png\",\"width\":350,\"height\":87,\"caption\":\"Grupo Notibras de Comunica\u00e7\u00e3o\"},\"image\":{\"@id\":\"https:\/\/www.notibras.com\/site\/#\/schema\/logo\/image\/\"},\"sameAs\":[\"https:\/\/www.facebook.com\/notibras\/\",\"https:\/\/x.com\/Notibras\",\"https:\/\/www.instagram.com\/notibras\/\"]},{\"@type\":\"Person\",\"@id\":\"https:\/\/www.notibras.com\/site\/#\/schema\/person\/36ab0979449956132d3e5b517ea76ac8\",\"name\":\"Reda\u00e7\u00e3o\",\"image\":{\"@type\":\"ImageObject\",\"inLanguage\":\"pt-BR\",\"@id\":\"https:\/\/secure.gravatar.com\/avatar\/e0a867bdedb85fd243eadf09663511f96fc81e0720a4a42581f334ad4303aa6b?s=96&d=mm&r=g\",\"url\":\"https:\/\/secure.gravatar.com\/avatar\/e0a867bdedb85fd243eadf09663511f96fc81e0720a4a42581f334ad4303aa6b?s=96&d=mm&r=g\",\"contentUrl\":\"https:\/\/secure.gravatar.com\/avatar\/e0a867bdedb85fd243eadf09663511f96fc81e0720a4a42581f334ad4303aa6b?s=96&d=mm&r=g\",\"caption\":\"Reda\u00e7\u00e3o\"}}]}<\/script>\n<!-- \/ Yoast SEO plugin. -->","yoast_head_json":{"title":"PGR refor\u00e7a pedido de condena\u00e7\u00e3o de 30 terroristas - Notibras","robots":{"index":"index","follow":"follow","max-snippet":"max-snippet:-1","max-image-preview":"max-image-preview:large","max-video-preview":"max-video-preview:-1"},"canonical":"https:\/\/www.notibras.com\/site\/pgr-reforca-pedido-de-condenacao-de-30-terroristas\/","og_locale":"pt_BR","og_type":"article","og_title":"PGR refor\u00e7a pedido de condena\u00e7\u00e3o de 30 terroristas - Notibras","og_description":"&nbsp; A Procuradoria-Geral da Rep\u00fablica (PGR) refor\u00e7ou pedido de condena\u00e7\u00e3o de 30 acusados que participaram da execu\u00e7\u00e3o dos atos golpistas de 8 de janeiro. O pedido est\u00e1 nas alega\u00e7\u00f5es finais enviadas ao Supremo Tribunal Federal (STF). Na peti\u00e7\u00e3o, o subprocurador Carlos Frederico Santos reitera que os denunciados devem ser condenados pelos crimes de associa\u00e7\u00e3o criminosa [&hellip;]","og_url":"https:\/\/www.notibras.com\/site\/pgr-reforca-pedido-de-condenacao-de-30-terroristas\/","og_site_name":"Notibras","article_publisher":"https:\/\/www.facebook.com\/notibras\/","article_published_time":"2023-08-26T06:14:32+00:00","og_image":[{"width":1170,"height":700,"url":"https:\/\/www.notibras.com\/site\/wp-content\/uploads\/2023\/08\/ja08771_0.jpg","type":"image\/jpeg"}],"author":"Reda\u00e7\u00e3o","twitter_card":"summary_large_image","twitter_creator":"@Notibras","twitter_site":"@Notibras","twitter_misc":{"Escrito por":"Reda\u00e7\u00e3o","Est. tempo de leitura":"2 minutos"},"schema":{"@context":"https:\/\/schema.org","@graph":[{"@type":"Article","@id":"https:\/\/www.notibras.com\/site\/pgr-reforca-pedido-de-condenacao-de-30-terroristas\/#article","isPartOf":{"@id":"https:\/\/www.notibras.com\/site\/pgr-reforca-pedido-de-condenacao-de-30-terroristas\/"},"author":{"name":"Reda\u00e7\u00e3o","@id":"https:\/\/www.notibras.com\/site\/#\/schema\/person\/36ab0979449956132d3e5b517ea76ac8"},"headline":"PGR refor\u00e7a pedido de condena\u00e7\u00e3o de 30 terroristas","datePublished":"2023-08-26T06:14:32+00:00","mainEntityOfPage":{"@id":"https:\/\/www.notibras.com\/site\/pgr-reforca-pedido-de-condenacao-de-30-terroristas\/"},"wordCount":265,"publisher":{"@id":"https:\/\/www.notibras.com\/site\/#organization"},"image":{"@id":"https:\/\/www.notibras.com\/site\/pgr-reforca-pedido-de-condenacao-de-30-terroristas\/#primaryimage"},"thumbnailUrl":"https:\/\/www.notibras.com\/site\/wp-content\/uploads\/2023\/08\/ja08771_0.jpg","keywords":["capa"],"articleSection":["Quadradinho em Foco"],"inLanguage":"pt-BR"},{"@type":"WebPage","@id":"https:\/\/www.notibras.com\/site\/pgr-reforca-pedido-de-condenacao-de-30-terroristas\/","url":"https:\/\/www.notibras.com\/site\/pgr-reforca-pedido-de-condenacao-de-30-terroristas\/","name":"PGR refor\u00e7a pedido de condena\u00e7\u00e3o de 30 terroristas - Notibras","isPartOf":{"@id":"https:\/\/www.notibras.com\/site\/#website"},"primaryImageOfPage":{"@id":"https:\/\/www.notibras.com\/site\/pgr-reforca-pedido-de-condenacao-de-30-terroristas\/#primaryimage"},"image":{"@id":"https:\/\/www.notibras.com\/site\/pgr-reforca-pedido-de-condenacao-de-30-terroristas\/#primaryimage"},"thumbnailUrl":"https:\/\/www.notibras.com\/site\/wp-content\/uploads\/2023\/08\/ja08771_0.jpg","datePublished":"2023-08-26T06:14:32+00:00","breadcrumb":{"@id":"https:\/\/www.notibras.com\/site\/pgr-reforca-pedido-de-condenacao-de-30-terroristas\/#breadcrumb"},"inLanguage":"pt-BR","potentialAction":[{"@type":"ReadAction","target":["https:\/\/www.notibras.com\/site\/pgr-reforca-pedido-de-condenacao-de-30-terroristas\/"]}]},{"@type":"ImageObject","inLanguage":"pt-BR","@id":"https:\/\/www.notibras.com\/site\/pgr-reforca-pedido-de-condenacao-de-30-terroristas\/#primaryimage","url":"https:\/\/www.notibras.com\/site\/wp-content\/uploads\/2023\/08\/ja08771_0.jpg","contentUrl":"https:\/\/www.notibras.com\/site\/wp-content\/uploads\/2023\/08\/ja08771_0.jpg","width":1170,"height":700,"caption":"Mat\u00e9ria especial um m\u00eas dos atentados golpistas"},{"@type":"BreadcrumbList","@id":"https:\/\/www.notibras.com\/site\/pgr-reforca-pedido-de-condenacao-de-30-terroristas\/#breadcrumb","itemListElement":[{"@type":"ListItem","position":1,"name":"In\u00edcio","item":"https:\/\/www.notibras.com\/site\/"},{"@type":"ListItem","position":2,"name":"PGR refor\u00e7a pedido de condena\u00e7\u00e3o de 30 terroristas"}]},{"@type":"WebSite","@id":"https:\/\/www.notibras.com\/site\/#website","url":"https:\/\/www.notibras.com\/site\/","name":"Notibras","description":"Not\u00edcias de Bras\u00edlia, do Brasil e do Mundo","publisher":{"@id":"https:\/\/www.notibras.com\/site\/#organization"},"potentialAction":[{"@type":"SearchAction","target":{"@type":"EntryPoint","urlTemplate":"https:\/\/www.notibras.com\/site\/?s={search_term_string}"},"query-input":{"@type":"PropertyValueSpecification","valueRequired":true,"valueName":"search_term_string"}}],"inLanguage":"pt-BR"},{"@type":"Organization","@id":"https:\/\/www.notibras.com\/site\/#organization","name":"Grupo Notibras de Comunica\u00e7\u00e3o","url":"https:\/\/www.notibras.com\/site\/","logo":{"@type":"ImageObject","inLanguage":"pt-BR","@id":"https:\/\/www.notibras.com\/site\/#\/schema\/logo\/image\/","url":"https:\/\/www.notibras.com\/site\/wp-content\/uploads\/2023\/01\/notibras23.png","contentUrl":"https:\/\/www.notibras.com\/site\/wp-content\/uploads\/2023\/01\/notibras23.png","width":350,"height":87,"caption":"Grupo Notibras de Comunica\u00e7\u00e3o"},"image":{"@id":"https:\/\/www.notibras.com\/site\/#\/schema\/logo\/image\/"},"sameAs":["https:\/\/www.facebook.com\/notibras\/","https:\/\/x.com\/Notibras","https:\/\/www.instagram.com\/notibras\/"]},{"@type":"Person","@id":"https:\/\/www.notibras.com\/site\/#\/schema\/person\/36ab0979449956132d3e5b517ea76ac8","name":"Reda\u00e7\u00e3o","image":{"@type":"ImageObject","inLanguage":"pt-BR","@id":"https:\/\/secure.gravatar.com\/avatar\/e0a867bdedb85fd243eadf09663511f96fc81e0720a4a42581f334ad4303aa6b?s=96&d=mm&r=g","url":"https:\/\/secure.gravatar.com\/avatar\/e0a867bdedb85fd243eadf09663511f96fc81e0720a4a42581f334ad4303aa6b?s=96&d=mm&r=g","contentUrl":"https:\/\/secure.gravatar.com\/avatar\/e0a867bdedb85fd243eadf09663511f96fc81e0720a4a42581f334ad4303aa6b?s=96&d=mm&r=g","caption":"Reda\u00e7\u00e3o"}}]}},"amp_enabled":true,"_links":{"self":[{"href":"https:\/\/www.notibras.com\/site\/wp-json\/wp\/v2\/posts\/311697","targetHints":{"allow":["GET"]}}],"collection":[{"href":"https:\/\/www.notibras.com\/site\/wp-json\/wp\/v2\/posts"}],"about":[{"href":"https:\/\/www.notibras.com\/site\/wp-json\/wp\/v2\/types\/post"}],"author":[{"embeddable":true,"href":"https:\/\/www.notibras.com\/site\/wp-json\/wp\/v2\/users\/2"}],"replies":[{"embeddable":true,"href":"https:\/\/www.notibras.com\/site\/wp-json\/wp\/v2\/comments?post=311697"}],"version-history":[{"count":1,"href":"https:\/\/www.notibras.com\/site\/wp-json\/wp\/v2\/posts\/311697\/revisions"}],"predecessor-version":[{"id":311699,"href":"https:\/\/www.notibras.com\/site\/wp-json\/wp\/v2\/posts\/311697\/revisions\/311699"}],"wp:featuredmedia":[{"embeddable":true,"href":"https:\/\/www.notibras.com\/site\/wp-json\/wp\/v2\/media\/311698"}],"wp:attachment":[{"href":"https:\/\/www.notibras.com\/site\/wp-json\/wp\/v2\/media?parent=311697"}],"wp:term":[{"taxonomy":"category","embeddable":true,"href":"https:\/\/www.notibras.com\/site\/wp-json\/wp\/v2\/categories?post=311697"},{"taxonomy":"post_tag","embeddable":true,"href":"https:\/\/www.notibras.com\/site\/wp-json\/wp\/v2\/tags?post=311697"}],"curies":[{"name":"wp","href":"https:\/\/api.w.org\/{rel}","templated":true}]}}