{"id":311723,"date":"2023-08-26T00:00:18","date_gmt":"2023-08-26T03:00:18","guid":{"rendered":"https:\/\/www.notibras.com\/site\/?p=311723"},"modified":"2023-08-26T12:18:12","modified_gmt":"2023-08-26T15:18:12","slug":"exposicao-reune-150-fotografias-de-sebastiao-salgado","status":"publish","type":"post","link":"https:\/\/www.notibras.com\/site\/exposicao-reune-150-fotografias-de-sebastiao-salgado\/","title":{"rendered":"Exposi\u00e7\u00e3o re\u00fane 150 fotografias de Sebasti\u00e3o Salgado"},"content":{"rendered":"<p>Mulheres e homens que criam, constroem e transformam realidades e materiais com as pr\u00f3prias m\u00e3os. Eles s\u00e3o trabalhadores e est\u00e3o no eixo central da exposi\u00e7\u00e3o do fot\u00f3grafo brasileiro Sebasti\u00e3o Salgado que ser\u00e1 aberta ao p\u00fablico neste s\u00e1bado (26). A mostra Trabalhadores inaugura o espa\u00e7o de exposi\u00e7\u00f5es tempor\u00e1rias do Museu Sesi Lab, coordenado pelo Servi\u00e7o Social da Ind\u00fastria (Sesi), da Confedera\u00e7\u00e3o Nacional da Ind\u00fastria (CNI).<\/p>\n<p>As viv\u00eancias laborais em diversos segmentos e, tamb\u00e9m, os \u00e1rduos processos manuais de produ\u00e7\u00e3o e os dramas sociais est\u00e3o retratados em preto e branco, em 150 imagens capturadas por Salgado, em viagens realizadas em seis anos, de 1986 a 1992, em projeto de registros de m\u00e3o de obra ao redor do planeta.<\/p>\n<p>Com 79 anos, Sebasti\u00e3o Salgado \u00e9 nascido em Minas Gerais e radicado em Paris desde 1973. Ele explica que essas fotografias s\u00e3o uma esp\u00e9cie de investiga\u00e7\u00e3o visual da sociedade que foi fruto da Revolu\u00e7\u00e3o Industrial, per\u00edodo em que o trabalho manual foi centro da vida de diversas pessoas pelo mundo, segundo ele.<\/p>\n<p>No entanto, o fot\u00f3grafo entende que houve uma mudan\u00e7a na organiza\u00e7\u00e3o social do trabalho, impulsionada pela interven\u00e7\u00e3o da tecnologia e da inform\u00e1tica, com a automatiza\u00e7\u00e3o de maquin\u00e1rios e de processos e, consequentemente, a redu\u00e7\u00e3o de m\u00e3o de obra.<\/p>\n<p>&#8220;Nesse projeto, quis documentar o fim da primeira grande revolu\u00e7\u00e3o industrial, na qual o trabalho era extremamente importante. Durante seis anos, viajei pelo mundo em busca da presen\u00e7a da m\u00e3o humana e na produ\u00e7\u00e3o. M\u00e1quinas inteligentes estavam chegando \u00e0s linhas de produ\u00e7\u00e3o. Os computadores e a robotiza\u00e7\u00e3o estavam come\u00e7ando a substituir a for\u00e7a do trabalho&#8221; observou Salgado.<\/p>\n<p>A exposi\u00e7\u00e3o Trabalhadores contou com a curadoria e design da produtora gr\u00e1fica L\u00e9lia Wanick Salgado, esposa do fot\u00f3grafo e parceira dele nos projetos. A mostra fotogr\u00e1fica de Bras\u00edlia est\u00e1 igualmente estruturada como no livro Trabalhadores, uma Arqueologia na Era Industrial. L\u00e9lia tamb\u00e9m a dividiu em seis cap\u00edtulos.<\/p>\n<p>Nos corredores da exposi\u00e7\u00e3o, a pluralidade de imagens ilustra rotinas duras de trabalho na agricultura, nas minas e nas ind\u00fastrias. Cada foto, com ilumina\u00e7\u00e3o, \u00e2ngulo e varia\u00e7\u00f5es de cinza, preto e branco, revela o mundo do trabalho, sob a \u00f3tica de Sebasti\u00e3o Salgado.<\/p>\n<p>No Brasil, particularmente, Sebasti\u00e3o Salgado congelou no tempo uma multid\u00e3o de garimpeiros de Serra Pelada, na Serra dos Caraj\u00e1s, no Par\u00e1, que se amontoavam em escadas de madeira, com carregamentos de at\u00e9 65 quilos, nas costas. O maior garimpo do pa\u00eds foi oficialmente fechado em 1992 e deixou uma cratera com 80 metros de profundidade e um lago polu\u00eddo com merc\u00fario.<\/p>\n<p>Outra atividade do pa\u00eds amplamente documentada por Sebasti\u00e3o Salgado foi a de trabalhadores rurais de planta\u00e7\u00f5es de cana-de-a\u00e7\u00facar, em tempos do Pro\u00c1lcool, programa do governo brasileiro de incentivo \u00e0 produ\u00e7\u00e3o de \u00e1lcool combust\u00edvel, o etanol, para abastecimento de ve\u00edculos nacionais.<\/p>\n<p>Al\u00e9m das fronteiras brasileiras, est\u00e3o retratados, entre outros of\u00edcios, o plantio de tabaco, em Cuba; a colheita de folhas para ch\u00e1, em Ruanda; a constru\u00e7\u00e3o de navios, no estaleiro de Gdansk, Pol\u00f4nia; a reciclagem de metais de navios desmantelados, em Bangladesh; a fabrica\u00e7\u00e3o de carros, na Ucr\u00e2nia, e de bicicletas, na China; a extra\u00e7\u00e3o de enxofre por oper\u00e1rios intoxicados em um vulc\u00e3o na ilha de Java, na Indon\u00e9sia; a explora\u00e7\u00e3o de minas de carv\u00e3o na \u00cdndia, por ordem da Inglaterra; o combate a inc\u00eandios em po\u00e7os de petr\u00f3leo no Kuwait; a pesca de atum na Sic\u00edlia, na It\u00e1lia; e a siderurgia na cidade portu\u00e1ria de Dunkerque, na Fran\u00e7a; e muitas outras atividades, em diversos destinos percorridos pelo Sebasti\u00e3o Salgado.<\/p>\n<p>Para o profissional das c\u00e2meras, mais do que uma exposi\u00e7\u00e3o fotogr\u00e1fica, a mostra \u00e9 uma homenagem a todos os trabalhadores.<\/p>\n<p>\u201cEu tinha que prestar homenagem a esse trabalho que estava em meu cora\u00e7\u00e3o, que era a raz\u00e3o de meu ativismo pol\u00edtico e do que acreditava ser o mundo da produ\u00e7\u00e3o. Realizei esse projeto com imenso prazer e orgulho por fazer parte dessa esp\u00e9cie de construtores, apesar, claro das condi\u00e7\u00f5es muitas vezes dif\u00edceis e desumanas em que o trabalho era realizado. \u00c9 uma alegria poder voltar a apresentar este trabalho fotogr\u00e1fico no Brasil, e uma honra ser primeiro artista expor na galeria exposi\u00e7\u00f5es do Museu Sesi Lab, em Bras\u00edlia&#8221; ressaltou Sebasti\u00e3o Salgado.<\/p>\n<p><strong>Contemporaneidade<\/strong><br \/>\nA exposi\u00e7\u00e3o que chega a Bras\u00edlia neste fim de semana j\u00e1 passou por 78 endere\u00e7os pelo mundo. No Brasil, as primeiras montagens foram simult\u00e2neas, em 1994, no Museu de Arte de S\u00e3o Paulo (MASP) e no Museu de Arte Moderna (MAM), no Rio de Janeiro. A Trabalhadores ainda passou por Curitiba (PR) e a \u00faltima vez que os trabalhos foram apresentados no pa\u00eds foi na sede da Itaipu Binacional, em Foz do Igua\u00e7u (PR), em 2014.<\/p>\n<p>O arquiteto e coordenador-geral da exposi\u00e7\u00e3o Trabalhadores, \u00c1lvaro Razuk, interpreta que a exposi\u00e7\u00e3o continua atual, mesmo ap\u00f3s cerca de 30 anos dos registros fotogr\u00e1ficos de Salgado e quase uma d\u00e9cada depois de ter sido vista pelo p\u00fablico brasileiro.<\/p>\n<p>\u201cEssas fotos continuam atuais, justamente, porque esse problema n\u00e3o se extinguiu. Existe muito trabalho precarizado, ainda, no mundo. A toda hora, continuamos vendo not\u00edcias de trabalho an\u00e1logo \u00e0 escravid\u00e3o, aqui no Brasil, tamb\u00e9m\u201d, declara o arquiteto.<\/p>\n<p>Para Razuk, os trabalhos das lentes do fot\u00f3grafo servem como documentos importantes de pesquisa. \u201cPor um lado, eu espero que essa exposi\u00e7\u00e3o se desatualize, mas, ao mesmo tempo, a [mostra] Trabalhadores vai ser importante como um relato hist\u00f3rico. Acho que o trabalho do Sebasti\u00e3o tem um pouco da forma\u00e7\u00e3o dele, no jornalismo, como ele pensa, como ele fala em suas reportagens. Ent\u00e3o, eu acho que esse acervo todo vai ter import\u00e2ncia de mem\u00f3ria e de documenta\u00e7\u00e3o.&#8221;<\/p>\n<p><strong>Educa\u00e7\u00e3o<\/strong><br \/>\nO fot\u00f3grafo Sebasti\u00e3o Salgado foi convidado a montar Trabalhadores no espa\u00e7o de exposi\u00e7\u00f5es tempor\u00e1rias do Museu Sesi Lab, pelo Sesi e pelo Servi\u00e7o Nacional de Aprendizagem Industrial (Senai), ambos da CNI, por oferecer experi\u00eancias que navegam nos campos da arte, ci\u00eancia e tecnologia, de acordo com a gerente executiva de Cultura do Sesi, Cl\u00e1udia Ramalho.<\/p>\n<p>Claudia complementou dizendo que a natureza da exposi\u00e7\u00e3o est\u00e1 em conex\u00e3o com O Futuro das Profiss\u00f5es, tema anual do Sesi Lab, em 2023. O espa\u00e7o est\u00e1 em funcionamento desde novembro de 2022 e foi inspirado no Exploratorium, um museu de ci\u00eancia, tecnologia e artes em San Francisco, Calif\u00f3rnia, nos Estados Unidos.<\/p>\n<p>Para Cla\u00fadia Ramalho, o Sesi Lab \u00e9 um espa\u00e7o que tem a miss\u00e3o de educar e ati\u00e7ar o visitante a refletir acerca de quest\u00f5es sociais e a nova exposi\u00e7\u00e3o contribui para isso. \u201cNosso objetivo \u00e9 trazer essa discuss\u00e3o sobre o mundo do trabalho e, principalmente, relacionado \u00e0s profiss\u00f5es, \u00e0 ind\u00fastria 4.0. Vamos trazer conte\u00fados para que a popula\u00e7\u00e3o perceba e compreenda a import\u00e2ncia do desenvolvimento de compet\u00eancias pessoais, sociais, produtivas, e, sobretudo, para que esses jovens estejam aptos a essas profiss\u00f5es que a gente ainda n\u00e3o sabe que v\u00e3o existir daqui a dez anos, por exemplo. E qual \u00e9 a compet\u00eancia mais importante? \u00c9 a educa\u00e7\u00e3o e \u00e9 por isso que a gente aborda a tem\u00e1tica de uma forma l\u00fadica.\u201d<\/p>\n<p><strong>O p\u00fablico<\/strong><br \/>\nA exposi\u00e7\u00e3o Trabalhadores \u00e9 destinada ao grande p\u00fablico e foi montada, na capital federal, para ser vista por trabalhadores, estudantes, acad\u00eamicos, e n\u00e3o somente por fot\u00f3grafos profissionais e os interessados em fotografia.<\/p>\n<p>Com a experi\u00eancia, os visitantes poder\u00e3o compreender a import\u00e2ncia do trabalhador e valorizar a necessidade de dignidade e melhores remunera\u00e7\u00f5es. As visitas poder\u00e3o ser guiadas por profissionais que estudaram o enredo de cada imagem exposta.<\/p>\n<p>Na abertura oficial da exposi\u00e7\u00e3o fotogr\u00e1fica, neste s\u00e1bado (26), \u00e0s 15h, ser\u00e1 exibido o document\u00e1rio O Sal da Terra, dirigido pelo alem\u00e3o Wim Wenders e o brasileiro Juliano Salgado, filho de Sebasti\u00e3o Salgado. O filme \u00e9 sobre a trajet\u00f3ria deste artista, seus trabalhos premiados e o Instituto Terra, fundado pelo casal L\u00e9lia Wanick e Sebasti\u00e3o Salgado, em 1998. O longa de uma hora e 50 minutos de dura\u00e7\u00e3o concorreu, em 2015, \u00e0 estatueta do Oscar, na categoria de melhor document\u00e1rio. Ap\u00f3s a exibi\u00e7\u00e3o da obra, o diretor Juliano Salgado conversar\u00e1 com o p\u00fablico do Museu Sesi Lab.<\/p>\n<p><strong>Novo projeto<\/strong><br \/>\nAntes da abertura oficial da mostra Trabalhadores, o arquiteto das exposi\u00e7\u00f5es de Sebasti\u00e3o Salgado, \u00c1lvaro Razuk, adiantou que est\u00e1 sendo negociado o retorno ao Brasil da nova exposi\u00e7\u00e3o fotogr\u00e1fica de Sebasti\u00e3o Salgado no projeto Amaz\u00f4nia, idealizada pela curadora das imagens, L\u00e9lia Wanick Salgado.<\/p>\n<p>Segundo \u00c1lvaro Razuk, novas edi\u00e7\u00f5es da exposi\u00e7\u00e3o Amaz\u00f4nia poder\u00e3o ser agendadas para 2024 e, possivelmente, para novembro de 2025, durante a realiza\u00e7\u00e3o da 30\u00aa Confer\u00eancia da Organiza\u00e7\u00e3o das Na\u00e7\u00f5es Unidas (ONU) sobre Mudan\u00e7as Clim\u00e1ticas (COP30), em Bel\u00e9m.<\/p>\n<p>A exposi\u00e7\u00e3o exibir\u00e1 o resultado de sete anos de expedi\u00e7\u00f5es fotogr\u00e1ficas na Amaz\u00f4nia brasileira. As fotografias foram feitas por terra, \u00e1gua e ar e retratam a transforma\u00e7\u00e3o da Amaz\u00f4nia, com degrada\u00e7\u00e3o da floresta e falta de prote\u00e7\u00e3o de territ\u00f3rios e povos ind\u00edgenas.<\/p>\n<p>Em 2022, a exposi\u00e7\u00e3o j\u00e1 teve edi\u00e7\u00f5es no Sesc Pompeia, na capital paulista, e no Museu do Amanh\u00e3, no Rio de Janeiro.<\/p>\n","protected":false},"excerpt":{"rendered":"<p>Mulheres e homens que criam, constroem e transformam realidades e materiais com as pr\u00f3prias m\u00e3os. Eles s\u00e3o trabalhadores e est\u00e3o no eixo central da exposi\u00e7\u00e3o do fot\u00f3grafo brasileiro Sebasti\u00e3o Salgado que ser\u00e1 aberta ao p\u00fablico neste s\u00e1bado (26). A mostra Trabalhadores inaugura o espa\u00e7o de exposi\u00e7\u00f5es tempor\u00e1rias do Museu Sesi Lab, coordenado pelo Servi\u00e7o Social [&hellip;]<\/p>\n","protected":false},"author":2,"featured_media":311724,"comment_status":"closed","ping_status":"closed","sticky":false,"template":"","format":"standard","meta":{"_acf_changed":false,"footnotes":""},"categories":[161],"tags":[],"class_list":["post-311723","post","type-post","status-publish","format-standard","has-post-thumbnail","hentry","category-quadradinho-em-foco"],"acf":[],"yoast_head":"<!-- This site is optimized with the Yoast SEO plugin v27.2 - https:\/\/yoast.com\/product\/yoast-seo-wordpress\/ -->\n<title>Exposi\u00e7\u00e3o re\u00fane 150 fotografias de Sebasti\u00e3o Salgado - Notibras<\/title>\n<meta name=\"robots\" content=\"index, follow, max-snippet:-1, max-image-preview:large, max-video-preview:-1\" \/>\n<link rel=\"canonical\" href=\"https:\/\/www.notibras.com\/site\/exposicao-reune-150-fotografias-de-sebastiao-salgado\/\" \/>\n<meta property=\"og:locale\" content=\"pt_BR\" \/>\n<meta property=\"og:type\" content=\"article\" \/>\n<meta property=\"og:title\" content=\"Exposi\u00e7\u00e3o re\u00fane 150 fotografias de Sebasti\u00e3o Salgado - Notibras\" \/>\n<meta property=\"og:description\" content=\"Mulheres e homens que criam, constroem e transformam realidades e materiais com as pr\u00f3prias m\u00e3os. Eles s\u00e3o trabalhadores e est\u00e3o no eixo central da exposi\u00e7\u00e3o do fot\u00f3grafo brasileiro Sebasti\u00e3o Salgado que ser\u00e1 aberta ao p\u00fablico neste s\u00e1bado (26). A mostra Trabalhadores inaugura o espa\u00e7o de exposi\u00e7\u00f5es tempor\u00e1rias do Museu Sesi Lab, coordenado pelo Servi\u00e7o Social [&hellip;]\" \/>\n<meta property=\"og:url\" content=\"https:\/\/www.notibras.com\/site\/exposicao-reune-150-fotografias-de-sebastiao-salgado\/\" \/>\n<meta property=\"og:site_name\" content=\"Notibras\" \/>\n<meta property=\"article:publisher\" content=\"https:\/\/www.facebook.com\/notibras\/\" \/>\n<meta property=\"article:published_time\" content=\"2023-08-26T03:00:18+00:00\" \/>\n<meta property=\"article:modified_time\" content=\"2023-08-26T15:18:12+00:00\" \/>\n<meta property=\"og:image\" content=\"https:\/\/www.notibras.com\/site\/wp-content\/uploads\/2023\/08\/exposicao-sebastiao-salgado_mcamgo_abr_24082023-9.jpg\" \/>\n\t<meta property=\"og:image:width\" content=\"1170\" \/>\n\t<meta property=\"og:image:height\" content=\"700\" \/>\n\t<meta property=\"og:image:type\" content=\"image\/jpeg\" \/>\n<meta name=\"author\" content=\"Reda\u00e7\u00e3o\" \/>\n<meta name=\"twitter:card\" content=\"summary_large_image\" \/>\n<meta name=\"twitter:creator\" content=\"@Notibras\" \/>\n<meta name=\"twitter:site\" content=\"@Notibras\" \/>\n<meta name=\"twitter:label1\" content=\"Escrito por\" \/>\n\t<meta name=\"twitter:data1\" content=\"Reda\u00e7\u00e3o\" \/>\n\t<meta name=\"twitter:label2\" content=\"Est. tempo de leitura\" \/>\n\t<meta name=\"twitter:data2\" content=\"9 minutos\" \/>\n<script type=\"application\/ld+json\" class=\"yoast-schema-graph\">{\"@context\":\"https:\/\/schema.org\",\"@graph\":[{\"@type\":\"Article\",\"@id\":\"https:\/\/www.notibras.com\/site\/exposicao-reune-150-fotografias-de-sebastiao-salgado\/#article\",\"isPartOf\":{\"@id\":\"https:\/\/www.notibras.com\/site\/exposicao-reune-150-fotografias-de-sebastiao-salgado\/\"},\"author\":{\"name\":\"Reda\u00e7\u00e3o\",\"@id\":\"https:\/\/www.notibras.com\/site\/#\/schema\/person\/36ab0979449956132d3e5b517ea76ac8\"},\"headline\":\"Exposi\u00e7\u00e3o re\u00fane 150 fotografias de Sebasti\u00e3o Salgado\",\"datePublished\":\"2023-08-26T03:00:18+00:00\",\"dateModified\":\"2023-08-26T15:18:12+00:00\",\"mainEntityOfPage\":{\"@id\":\"https:\/\/www.notibras.com\/site\/exposicao-reune-150-fotografias-de-sebastiao-salgado\/\"},\"wordCount\":1647,\"publisher\":{\"@id\":\"https:\/\/www.notibras.com\/site\/#organization\"},\"image\":{\"@id\":\"https:\/\/www.notibras.com\/site\/exposicao-reune-150-fotografias-de-sebastiao-salgado\/#primaryimage\"},\"thumbnailUrl\":\"https:\/\/www.notibras.com\/site\/wp-content\/uploads\/2023\/08\/exposicao-sebastiao-salgado_mcamgo_abr_24082023-9.jpg\",\"articleSection\":[\"Quadradinho em Foco\"],\"inLanguage\":\"pt-BR\"},{\"@type\":\"WebPage\",\"@id\":\"https:\/\/www.notibras.com\/site\/exposicao-reune-150-fotografias-de-sebastiao-salgado\/\",\"url\":\"https:\/\/www.notibras.com\/site\/exposicao-reune-150-fotografias-de-sebastiao-salgado\/\",\"name\":\"Exposi\u00e7\u00e3o re\u00fane 150 fotografias de Sebasti\u00e3o Salgado - Notibras\",\"isPartOf\":{\"@id\":\"https:\/\/www.notibras.com\/site\/#website\"},\"primaryImageOfPage\":{\"@id\":\"https:\/\/www.notibras.com\/site\/exposicao-reune-150-fotografias-de-sebastiao-salgado\/#primaryimage\"},\"image\":{\"@id\":\"https:\/\/www.notibras.com\/site\/exposicao-reune-150-fotografias-de-sebastiao-salgado\/#primaryimage\"},\"thumbnailUrl\":\"https:\/\/www.notibras.com\/site\/wp-content\/uploads\/2023\/08\/exposicao-sebastiao-salgado_mcamgo_abr_24082023-9.jpg\",\"datePublished\":\"2023-08-26T03:00:18+00:00\",\"dateModified\":\"2023-08-26T15:18:12+00:00\",\"breadcrumb\":{\"@id\":\"https:\/\/www.notibras.com\/site\/exposicao-reune-150-fotografias-de-sebastiao-salgado\/#breadcrumb\"},\"inLanguage\":\"pt-BR\",\"potentialAction\":[{\"@type\":\"ReadAction\",\"target\":[\"https:\/\/www.notibras.com\/site\/exposicao-reune-150-fotografias-de-sebastiao-salgado\/\"]}]},{\"@type\":\"ImageObject\",\"inLanguage\":\"pt-BR\",\"@id\":\"https:\/\/www.notibras.com\/site\/exposicao-reune-150-fotografias-de-sebastiao-salgado\/#primaryimage\",\"url\":\"https:\/\/www.notibras.com\/site\/wp-content\/uploads\/2023\/08\/exposicao-sebastiao-salgado_mcamgo_abr_24082023-9.jpg\",\"contentUrl\":\"https:\/\/www.notibras.com\/site\/wp-content\/uploads\/2023\/08\/exposicao-sebastiao-salgado_mcamgo_abr_24082023-9.jpg\",\"width\":1170,\"height\":700,\"caption\":\"Bras\u00edlia (DF), 24\/08\/2023 - O museu interativo SESI Lab promove a exposi\u00e7\u00e3o Trabalhadores, de Sebasti\u00e3o Salgado. Constru\u00edda a partir de viagens realizadas entre 1986 e 1992, Trabalhadores oferece uma esp\u00e9cie de arqueologia visual da Revolu\u00e7\u00e3o Industrial, per\u00edodo em que o trabalho manual foi o eixo central da viv\u00eancia de mulheres e homens pelo mundo. Foto: Marcelo Camargo\/Ag\u00eancia Brasil\"},{\"@type\":\"BreadcrumbList\",\"@id\":\"https:\/\/www.notibras.com\/site\/exposicao-reune-150-fotografias-de-sebastiao-salgado\/#breadcrumb\",\"itemListElement\":[{\"@type\":\"ListItem\",\"position\":1,\"name\":\"In\u00edcio\",\"item\":\"https:\/\/www.notibras.com\/site\/\"},{\"@type\":\"ListItem\",\"position\":2,\"name\":\"Exposi\u00e7\u00e3o re\u00fane 150 fotografias de Sebasti\u00e3o Salgado\"}]},{\"@type\":\"WebSite\",\"@id\":\"https:\/\/www.notibras.com\/site\/#website\",\"url\":\"https:\/\/www.notibras.com\/site\/\",\"name\":\"Notibras\",\"description\":\"Not\u00edcias de Bras\u00edlia, do Brasil e do Mundo\",\"publisher\":{\"@id\":\"https:\/\/www.notibras.com\/site\/#organization\"},\"potentialAction\":[{\"@type\":\"SearchAction\",\"target\":{\"@type\":\"EntryPoint\",\"urlTemplate\":\"https:\/\/www.notibras.com\/site\/?s={search_term_string}\"},\"query-input\":{\"@type\":\"PropertyValueSpecification\",\"valueRequired\":true,\"valueName\":\"search_term_string\"}}],\"inLanguage\":\"pt-BR\"},{\"@type\":\"Organization\",\"@id\":\"https:\/\/www.notibras.com\/site\/#organization\",\"name\":\"Grupo Notibras de Comunica\u00e7\u00e3o\",\"url\":\"https:\/\/www.notibras.com\/site\/\",\"logo\":{\"@type\":\"ImageObject\",\"inLanguage\":\"pt-BR\",\"@id\":\"https:\/\/www.notibras.com\/site\/#\/schema\/logo\/image\/\",\"url\":\"https:\/\/www.notibras.com\/site\/wp-content\/uploads\/2023\/01\/notibras23.png\",\"contentUrl\":\"https:\/\/www.notibras.com\/site\/wp-content\/uploads\/2023\/01\/notibras23.png\",\"width\":350,\"height\":87,\"caption\":\"Grupo Notibras de Comunica\u00e7\u00e3o\"},\"image\":{\"@id\":\"https:\/\/www.notibras.com\/site\/#\/schema\/logo\/image\/\"},\"sameAs\":[\"https:\/\/www.facebook.com\/notibras\/\",\"https:\/\/x.com\/Notibras\",\"https:\/\/www.instagram.com\/notibras\/\"]},{\"@type\":\"Person\",\"@id\":\"https:\/\/www.notibras.com\/site\/#\/schema\/person\/36ab0979449956132d3e5b517ea76ac8\",\"name\":\"Reda\u00e7\u00e3o\",\"image\":{\"@type\":\"ImageObject\",\"inLanguage\":\"pt-BR\",\"@id\":\"https:\/\/secure.gravatar.com\/avatar\/e0a867bdedb85fd243eadf09663511f96fc81e0720a4a42581f334ad4303aa6b?s=96&d=mm&r=g\",\"url\":\"https:\/\/secure.gravatar.com\/avatar\/e0a867bdedb85fd243eadf09663511f96fc81e0720a4a42581f334ad4303aa6b?s=96&d=mm&r=g\",\"contentUrl\":\"https:\/\/secure.gravatar.com\/avatar\/e0a867bdedb85fd243eadf09663511f96fc81e0720a4a42581f334ad4303aa6b?s=96&d=mm&r=g\",\"caption\":\"Reda\u00e7\u00e3o\"}}]}<\/script>\n<!-- \/ Yoast SEO plugin. -->","yoast_head_json":{"title":"Exposi\u00e7\u00e3o re\u00fane 150 fotografias de Sebasti\u00e3o Salgado - Notibras","robots":{"index":"index","follow":"follow","max-snippet":"max-snippet:-1","max-image-preview":"max-image-preview:large","max-video-preview":"max-video-preview:-1"},"canonical":"https:\/\/www.notibras.com\/site\/exposicao-reune-150-fotografias-de-sebastiao-salgado\/","og_locale":"pt_BR","og_type":"article","og_title":"Exposi\u00e7\u00e3o re\u00fane 150 fotografias de Sebasti\u00e3o Salgado - Notibras","og_description":"Mulheres e homens que criam, constroem e transformam realidades e materiais com as pr\u00f3prias m\u00e3os. Eles s\u00e3o trabalhadores e est\u00e3o no eixo central da exposi\u00e7\u00e3o do fot\u00f3grafo brasileiro Sebasti\u00e3o Salgado que ser\u00e1 aberta ao p\u00fablico neste s\u00e1bado (26). A mostra Trabalhadores inaugura o espa\u00e7o de exposi\u00e7\u00f5es tempor\u00e1rias do Museu Sesi Lab, coordenado pelo Servi\u00e7o Social [&hellip;]","og_url":"https:\/\/www.notibras.com\/site\/exposicao-reune-150-fotografias-de-sebastiao-salgado\/","og_site_name":"Notibras","article_publisher":"https:\/\/www.facebook.com\/notibras\/","article_published_time":"2023-08-26T03:00:18+00:00","article_modified_time":"2023-08-26T15:18:12+00:00","og_image":[{"width":1170,"height":700,"url":"https:\/\/www.notibras.com\/site\/wp-content\/uploads\/2023\/08\/exposicao-sebastiao-salgado_mcamgo_abr_24082023-9.jpg","type":"image\/jpeg"}],"author":"Reda\u00e7\u00e3o","twitter_card":"summary_large_image","twitter_creator":"@Notibras","twitter_site":"@Notibras","twitter_misc":{"Escrito por":"Reda\u00e7\u00e3o","Est. tempo de leitura":"9 minutos"},"schema":{"@context":"https:\/\/schema.org","@graph":[{"@type":"Article","@id":"https:\/\/www.notibras.com\/site\/exposicao-reune-150-fotografias-de-sebastiao-salgado\/#article","isPartOf":{"@id":"https:\/\/www.notibras.com\/site\/exposicao-reune-150-fotografias-de-sebastiao-salgado\/"},"author":{"name":"Reda\u00e7\u00e3o","@id":"https:\/\/www.notibras.com\/site\/#\/schema\/person\/36ab0979449956132d3e5b517ea76ac8"},"headline":"Exposi\u00e7\u00e3o re\u00fane 150 fotografias de Sebasti\u00e3o Salgado","datePublished":"2023-08-26T03:00:18+00:00","dateModified":"2023-08-26T15:18:12+00:00","mainEntityOfPage":{"@id":"https:\/\/www.notibras.com\/site\/exposicao-reune-150-fotografias-de-sebastiao-salgado\/"},"wordCount":1647,"publisher":{"@id":"https:\/\/www.notibras.com\/site\/#organization"},"image":{"@id":"https:\/\/www.notibras.com\/site\/exposicao-reune-150-fotografias-de-sebastiao-salgado\/#primaryimage"},"thumbnailUrl":"https:\/\/www.notibras.com\/site\/wp-content\/uploads\/2023\/08\/exposicao-sebastiao-salgado_mcamgo_abr_24082023-9.jpg","articleSection":["Quadradinho em Foco"],"inLanguage":"pt-BR"},{"@type":"WebPage","@id":"https:\/\/www.notibras.com\/site\/exposicao-reune-150-fotografias-de-sebastiao-salgado\/","url":"https:\/\/www.notibras.com\/site\/exposicao-reune-150-fotografias-de-sebastiao-salgado\/","name":"Exposi\u00e7\u00e3o re\u00fane 150 fotografias de Sebasti\u00e3o Salgado - Notibras","isPartOf":{"@id":"https:\/\/www.notibras.com\/site\/#website"},"primaryImageOfPage":{"@id":"https:\/\/www.notibras.com\/site\/exposicao-reune-150-fotografias-de-sebastiao-salgado\/#primaryimage"},"image":{"@id":"https:\/\/www.notibras.com\/site\/exposicao-reune-150-fotografias-de-sebastiao-salgado\/#primaryimage"},"thumbnailUrl":"https:\/\/www.notibras.com\/site\/wp-content\/uploads\/2023\/08\/exposicao-sebastiao-salgado_mcamgo_abr_24082023-9.jpg","datePublished":"2023-08-26T03:00:18+00:00","dateModified":"2023-08-26T15:18:12+00:00","breadcrumb":{"@id":"https:\/\/www.notibras.com\/site\/exposicao-reune-150-fotografias-de-sebastiao-salgado\/#breadcrumb"},"inLanguage":"pt-BR","potentialAction":[{"@type":"ReadAction","target":["https:\/\/www.notibras.com\/site\/exposicao-reune-150-fotografias-de-sebastiao-salgado\/"]}]},{"@type":"ImageObject","inLanguage":"pt-BR","@id":"https:\/\/www.notibras.com\/site\/exposicao-reune-150-fotografias-de-sebastiao-salgado\/#primaryimage","url":"https:\/\/www.notibras.com\/site\/wp-content\/uploads\/2023\/08\/exposicao-sebastiao-salgado_mcamgo_abr_24082023-9.jpg","contentUrl":"https:\/\/www.notibras.com\/site\/wp-content\/uploads\/2023\/08\/exposicao-sebastiao-salgado_mcamgo_abr_24082023-9.jpg","width":1170,"height":700,"caption":"Bras\u00edlia (DF), 24\/08\/2023 - O museu interativo SESI Lab promove a exposi\u00e7\u00e3o Trabalhadores, de Sebasti\u00e3o Salgado. Constru\u00edda a partir de viagens realizadas entre 1986 e 1992, Trabalhadores oferece uma esp\u00e9cie de arqueologia visual da Revolu\u00e7\u00e3o Industrial, per\u00edodo em que o trabalho manual foi o eixo central da viv\u00eancia de mulheres e homens pelo mundo. Foto: Marcelo Camargo\/Ag\u00eancia Brasil"},{"@type":"BreadcrumbList","@id":"https:\/\/www.notibras.com\/site\/exposicao-reune-150-fotografias-de-sebastiao-salgado\/#breadcrumb","itemListElement":[{"@type":"ListItem","position":1,"name":"In\u00edcio","item":"https:\/\/www.notibras.com\/site\/"},{"@type":"ListItem","position":2,"name":"Exposi\u00e7\u00e3o re\u00fane 150 fotografias de Sebasti\u00e3o Salgado"}]},{"@type":"WebSite","@id":"https:\/\/www.notibras.com\/site\/#website","url":"https:\/\/www.notibras.com\/site\/","name":"Notibras","description":"Not\u00edcias de Bras\u00edlia, do Brasil e do Mundo","publisher":{"@id":"https:\/\/www.notibras.com\/site\/#organization"},"potentialAction":[{"@type":"SearchAction","target":{"@type":"EntryPoint","urlTemplate":"https:\/\/www.notibras.com\/site\/?s={search_term_string}"},"query-input":{"@type":"PropertyValueSpecification","valueRequired":true,"valueName":"search_term_string"}}],"inLanguage":"pt-BR"},{"@type":"Organization","@id":"https:\/\/www.notibras.com\/site\/#organization","name":"Grupo Notibras de Comunica\u00e7\u00e3o","url":"https:\/\/www.notibras.com\/site\/","logo":{"@type":"ImageObject","inLanguage":"pt-BR","@id":"https:\/\/www.notibras.com\/site\/#\/schema\/logo\/image\/","url":"https:\/\/www.notibras.com\/site\/wp-content\/uploads\/2023\/01\/notibras23.png","contentUrl":"https:\/\/www.notibras.com\/site\/wp-content\/uploads\/2023\/01\/notibras23.png","width":350,"height":87,"caption":"Grupo Notibras de Comunica\u00e7\u00e3o"},"image":{"@id":"https:\/\/www.notibras.com\/site\/#\/schema\/logo\/image\/"},"sameAs":["https:\/\/www.facebook.com\/notibras\/","https:\/\/x.com\/Notibras","https:\/\/www.instagram.com\/notibras\/"]},{"@type":"Person","@id":"https:\/\/www.notibras.com\/site\/#\/schema\/person\/36ab0979449956132d3e5b517ea76ac8","name":"Reda\u00e7\u00e3o","image":{"@type":"ImageObject","inLanguage":"pt-BR","@id":"https:\/\/secure.gravatar.com\/avatar\/e0a867bdedb85fd243eadf09663511f96fc81e0720a4a42581f334ad4303aa6b?s=96&d=mm&r=g","url":"https:\/\/secure.gravatar.com\/avatar\/e0a867bdedb85fd243eadf09663511f96fc81e0720a4a42581f334ad4303aa6b?s=96&d=mm&r=g","contentUrl":"https:\/\/secure.gravatar.com\/avatar\/e0a867bdedb85fd243eadf09663511f96fc81e0720a4a42581f334ad4303aa6b?s=96&d=mm&r=g","caption":"Reda\u00e7\u00e3o"}}]}},"amp_enabled":true,"_links":{"self":[{"href":"https:\/\/www.notibras.com\/site\/wp-json\/wp\/v2\/posts\/311723","targetHints":{"allow":["GET"]}}],"collection":[{"href":"https:\/\/www.notibras.com\/site\/wp-json\/wp\/v2\/posts"}],"about":[{"href":"https:\/\/www.notibras.com\/site\/wp-json\/wp\/v2\/types\/post"}],"author":[{"embeddable":true,"href":"https:\/\/www.notibras.com\/site\/wp-json\/wp\/v2\/users\/2"}],"replies":[{"embeddable":true,"href":"https:\/\/www.notibras.com\/site\/wp-json\/wp\/v2\/comments?post=311723"}],"version-history":[{"count":1,"href":"https:\/\/www.notibras.com\/site\/wp-json\/wp\/v2\/posts\/311723\/revisions"}],"predecessor-version":[{"id":311725,"href":"https:\/\/www.notibras.com\/site\/wp-json\/wp\/v2\/posts\/311723\/revisions\/311725"}],"wp:featuredmedia":[{"embeddable":true,"href":"https:\/\/www.notibras.com\/site\/wp-json\/wp\/v2\/media\/311724"}],"wp:attachment":[{"href":"https:\/\/www.notibras.com\/site\/wp-json\/wp\/v2\/media?parent=311723"}],"wp:term":[{"taxonomy":"category","embeddable":true,"href":"https:\/\/www.notibras.com\/site\/wp-json\/wp\/v2\/categories?post=311723"},{"taxonomy":"post_tag","embeddable":true,"href":"https:\/\/www.notibras.com\/site\/wp-json\/wp\/v2\/tags?post=311723"}],"curies":[{"name":"wp","href":"https:\/\/api.w.org\/{rel}","templated":true}]}}