{"id":311742,"date":"2023-08-27T08:28:29","date_gmt":"2023-08-27T11:28:29","guid":{"rendered":"https:\/\/www.notibras.com\/site\/?p=311742"},"modified":"2023-08-27T09:02:37","modified_gmt":"2023-08-27T12:02:37","slug":"cabelos-negros-falsos-fazem-apolo-brochar","status":"publish","type":"post","link":"https:\/\/www.notibras.com\/site\/cabelos-negros-falsos-fazem-apolo-brochar\/","title":{"rendered":"Cabelos negros falsos fazem Apolo brochar"},"content":{"rendered":"<p>Ainda curtindo as minhas f\u00e9rias em Porto Alegre, nem por isso deixo meus leitores de <strong>Notibras<\/strong> na m\u00e3o. Por isso, todos os dias escrevo uma cr\u00f4nica e a encaminho para a reda\u00e7\u00e3o. Como a que vai transcrita a seguir.<\/p>\n<p>Apolo, apesar do nome, n\u00e3o tinha apar\u00eancia apol\u00ednea. N\u00e3o que fosse feio. Mas nada de especial. Passaria quase despercebido pela multid\u00e3o, caso n\u00e3o fosse todo aquele cuidado com a apar\u00eancia. Morria de medo de envelhecer.<\/p>\n<p>Se surgisse um fio de cabelo branco, l\u00e1 ia o homem arranc\u00e1-lo com uma pin\u00e7a ou, na falta de uma, com as pontas dos dedos. Do\u00eda, \u00e9 verdade, mas dor pior era perceber que, de tantos cabelos brancos, ele n\u00e3o conseguia arranc\u00e1-los todos. Ou, se o fizesse, ficaria igualzinho ao seu vizinho, que s\u00f3 sa\u00eda de casa ap\u00f3s passar uma generosa camada de protetor solar na careca.<\/p>\n<p>Pensou em usar bon\u00e9 ou at\u00e9 mesmo um chap\u00e9u. Logo desistiu da ideia, mesmo porque n\u00e3o fazia muito sentido usar tais apetrechos o tempo todo. Optou por uma estrat\u00e9gia mais radical. Trabalhosa, \u00e9 verdade, mas que o deixaria tranquilo para desfilar seus cabelos cheios de gel.<\/p>\n<p>Decidido, entrou logo cedo em uma farm\u00e1cia. Parou diante da estante de produtos de beleza e, n\u00e3o demorou, escolheu a tinta com o tom mais pr\u00f3ximo ao dos seus cabelos. Voltou quase correndo para casa, tamanha a ansiedade para se livrar daqueles sinais de velhice, que tanto o incomodavam.<\/p>\n<p>Mal abriu a porta, foi ler a bula. Era at\u00e9 simples. Despeja aqui, mexe ali, logo a coisa ficou pronta. Diante do espelho, come\u00e7ou a passar aquela mistura nos cabelos. Algum tempo ap\u00f3s, entrou debaixo do chuveiro e viu aquela tinta escura descer pelo ralo. Pronto! Seus cabelos ficaram como novos. Sentiu vontade de passear pelo bairro, onde todos poderiam perceber que ele estava mais jovem.<\/p>\n<p>O homem vestiu uma cal\u00e7a jeans quase apertada, pegou a blusa mais descolada, cal\u00e7ou o par de t\u00eanis colorido. Ficou em p\u00e9 diante do espelho por quase meia hora. Olhou-se de todos os \u00e2ngulos e, satisfeito, saiu quase saltitante de felicidade.<\/p>\n<p>J\u00e1 na cal\u00e7ada, fazia quest\u00e3o de parar diante de todas as vitrines. N\u00e3o que quisesse comprar algo, mas apenas se sentiu apaixonado pela pr\u00f3pria imagem refletida. De vez em quando, um vendedor sa\u00eda para atend\u00ea-lo. A resposta, no entanto, era sempre a mesma: &#8220;Obrigado, estou apenas olhando&#8221;.<\/p>\n<p>Ap\u00f3s quase o dia inteiro batendo pernas, o est\u00f4mago reclamou. Se estivesse em qualquer outro lugar, entraria numa lanchonete. Como morava em Porto Alegre, sentou-se \u00e0 mesa da primeira lancheria que encontrou.<\/p>\n<p>De tanta fome, resolveu encarar um xis. Enquanto aguardava, observava os outros clientes, certo de que todos estavam admirando seu cabelo quase preto. Que sensa\u00e7\u00e3o deliciosa!<\/p>\n<p>T\u00e3o distra\u00eddo estava em seus devaneios, que n\u00e3o percebeu quando a Anita, uma colega que h\u00e1 muito n\u00e3o via, se sentou justamente \u00e0 mesa ao lado. N\u00e3o demorou, os dois cruzaram olhares e, em seguida, resolveram se sentar juntos.<\/p>\n<p>A mulher fez seu pedido, mas n\u00e3o t\u00e3o guloso como o do amigo. Apenas um hamb\u00farguer modesto e um suco de laranja. Apolo, vez ou outra, passava as m\u00e3os nos lustrosos cabelos, talvez para impressionar a figura feminina \u00e0 sua frente. Ela sorria, como se estivesse gostando de ser paquerada daquela forma.<\/p>\n<p>&#8211; Sabe o que sempre gostei em voc\u00ea, Apolo?<\/p>\n<p>&#8211; N\u00e3o. O qu\u00ea?<\/p>\n<p>&#8211; Apesar da apar\u00eancia at\u00e9 jovem, de vez em quando voc\u00ea age como um velho. No bom sentido, \u00e9 claro!<\/p>\n","protected":false},"excerpt":{"rendered":"<p>Ainda curtindo as minhas f\u00e9rias em Porto Alegre, nem por isso deixo meus leitores de Notibras na m\u00e3o. Por isso, todos os dias escrevo uma cr\u00f4nica e a encaminho para a reda\u00e7\u00e3o. Como a que vai transcrita a seguir. Apolo, apesar do nome, n\u00e3o tinha apar\u00eancia apol\u00ednea. N\u00e3o que fosse feio. Mas nada de especial. [&hellip;]<\/p>\n","protected":false},"author":2,"featured_media":311744,"comment_status":"closed","ping_status":"closed","sticky":false,"template":"","format":"standard","meta":{"_acf_changed":false,"footnotes":""},"categories":[161],"tags":[],"class_list":["post-311742","post","type-post","status-publish","format-standard","has-post-thumbnail","hentry","category-quadradinho-em-foco"],"acf":[],"yoast_head":"<!-- This site is optimized with the Yoast SEO plugin v27.2 - https:\/\/yoast.com\/product\/yoast-seo-wordpress\/ -->\n<title>Cabelos negros falsos fazem Apolo brochar - Notibras<\/title>\n<meta name=\"robots\" content=\"index, follow, max-snippet:-1, max-image-preview:large, max-video-preview:-1\" \/>\n<link rel=\"canonical\" href=\"https:\/\/www.notibras.com\/site\/cabelos-negros-falsos-fazem-apolo-brochar\/\" \/>\n<meta property=\"og:locale\" content=\"pt_BR\" \/>\n<meta property=\"og:type\" content=\"article\" \/>\n<meta property=\"og:title\" content=\"Cabelos negros falsos fazem Apolo brochar - Notibras\" \/>\n<meta property=\"og:description\" content=\"Ainda curtindo as minhas f\u00e9rias em Porto Alegre, nem por isso deixo meus leitores de Notibras na m\u00e3o. Por isso, todos os dias escrevo uma cr\u00f4nica e a encaminho para a reda\u00e7\u00e3o. Como a que vai transcrita a seguir. Apolo, apesar do nome, n\u00e3o tinha apar\u00eancia apol\u00ednea. N\u00e3o que fosse feio. Mas nada de especial. [&hellip;]\" \/>\n<meta property=\"og:url\" content=\"https:\/\/www.notibras.com\/site\/cabelos-negros-falsos-fazem-apolo-brochar\/\" \/>\n<meta property=\"og:site_name\" content=\"Notibras\" \/>\n<meta property=\"article:publisher\" content=\"https:\/\/www.facebook.com\/notibras\/\" \/>\n<meta property=\"article:published_time\" content=\"2023-08-27T11:28:29+00:00\" \/>\n<meta property=\"article:modified_time\" content=\"2023-08-27T12:02:37+00:00\" \/>\n<meta property=\"og:image\" content=\"https:\/\/www.notibras.com\/site\/wp-content\/uploads\/2023\/08\/cabelofalso.2.jpg\" \/>\n\t<meta property=\"og:image:width\" content=\"1200\" \/>\n\t<meta property=\"og:image:height\" content=\"1200\" \/>\n\t<meta property=\"og:image:type\" content=\"image\/jpeg\" \/>\n<meta name=\"author\" content=\"Reda\u00e7\u00e3o\" \/>\n<meta name=\"twitter:card\" content=\"summary_large_image\" \/>\n<meta name=\"twitter:creator\" content=\"@Notibras\" \/>\n<meta name=\"twitter:site\" content=\"@Notibras\" \/>\n<meta name=\"twitter:label1\" content=\"Escrito por\" \/>\n\t<meta name=\"twitter:data1\" content=\"Reda\u00e7\u00e3o\" \/>\n\t<meta name=\"twitter:label2\" content=\"Est. tempo de leitura\" \/>\n\t<meta name=\"twitter:data2\" content=\"4 minutos\" \/>\n<script type=\"application\/ld+json\" class=\"yoast-schema-graph\">{\"@context\":\"https:\/\/schema.org\",\"@graph\":[{\"@type\":\"Article\",\"@id\":\"https:\/\/www.notibras.com\/site\/cabelos-negros-falsos-fazem-apolo-brochar\/#article\",\"isPartOf\":{\"@id\":\"https:\/\/www.notibras.com\/site\/cabelos-negros-falsos-fazem-apolo-brochar\/\"},\"author\":{\"name\":\"Reda\u00e7\u00e3o\",\"@id\":\"https:\/\/www.notibras.com\/site\/#\/schema\/person\/36ab0979449956132d3e5b517ea76ac8\"},\"headline\":\"Cabelos negros falsos fazem Apolo brochar\",\"datePublished\":\"2023-08-27T11:28:29+00:00\",\"dateModified\":\"2023-08-27T12:02:37+00:00\",\"mainEntityOfPage\":{\"@id\":\"https:\/\/www.notibras.com\/site\/cabelos-negros-falsos-fazem-apolo-brochar\/\"},\"wordCount\":621,\"publisher\":{\"@id\":\"https:\/\/www.notibras.com\/site\/#organization\"},\"image\":{\"@id\":\"https:\/\/www.notibras.com\/site\/cabelos-negros-falsos-fazem-apolo-brochar\/#primaryimage\"},\"thumbnailUrl\":\"https:\/\/www.notibras.com\/site\/wp-content\/uploads\/2023\/08\/cabelofalso.2.jpg\",\"articleSection\":[\"Quadradinho em Foco\"],\"inLanguage\":\"pt-BR\"},{\"@type\":\"WebPage\",\"@id\":\"https:\/\/www.notibras.com\/site\/cabelos-negros-falsos-fazem-apolo-brochar\/\",\"url\":\"https:\/\/www.notibras.com\/site\/cabelos-negros-falsos-fazem-apolo-brochar\/\",\"name\":\"Cabelos negros falsos fazem Apolo brochar - Notibras\",\"isPartOf\":{\"@id\":\"https:\/\/www.notibras.com\/site\/#website\"},\"primaryImageOfPage\":{\"@id\":\"https:\/\/www.notibras.com\/site\/cabelos-negros-falsos-fazem-apolo-brochar\/#primaryimage\"},\"image\":{\"@id\":\"https:\/\/www.notibras.com\/site\/cabelos-negros-falsos-fazem-apolo-brochar\/#primaryimage\"},\"thumbnailUrl\":\"https:\/\/www.notibras.com\/site\/wp-content\/uploads\/2023\/08\/cabelofalso.2.jpg\",\"datePublished\":\"2023-08-27T11:28:29+00:00\",\"dateModified\":\"2023-08-27T12:02:37+00:00\",\"breadcrumb\":{\"@id\":\"https:\/\/www.notibras.com\/site\/cabelos-negros-falsos-fazem-apolo-brochar\/#breadcrumb\"},\"inLanguage\":\"pt-BR\",\"potentialAction\":[{\"@type\":\"ReadAction\",\"target\":[\"https:\/\/www.notibras.com\/site\/cabelos-negros-falsos-fazem-apolo-brochar\/\"]}]},{\"@type\":\"ImageObject\",\"inLanguage\":\"pt-BR\",\"@id\":\"https:\/\/www.notibras.com\/site\/cabelos-negros-falsos-fazem-apolo-brochar\/#primaryimage\",\"url\":\"https:\/\/www.notibras.com\/site\/wp-content\/uploads\/2023\/08\/cabelofalso.2.jpg\",\"contentUrl\":\"https:\/\/www.notibras.com\/site\/wp-content\/uploads\/2023\/08\/cabelofalso.2.jpg\",\"width\":1200,\"height\":1200},{\"@type\":\"BreadcrumbList\",\"@id\":\"https:\/\/www.notibras.com\/site\/cabelos-negros-falsos-fazem-apolo-brochar\/#breadcrumb\",\"itemListElement\":[{\"@type\":\"ListItem\",\"position\":1,\"name\":\"In\u00edcio\",\"item\":\"https:\/\/www.notibras.com\/site\/\"},{\"@type\":\"ListItem\",\"position\":2,\"name\":\"Cabelos negros falsos fazem Apolo brochar\"}]},{\"@type\":\"WebSite\",\"@id\":\"https:\/\/www.notibras.com\/site\/#website\",\"url\":\"https:\/\/www.notibras.com\/site\/\",\"name\":\"Notibras\",\"description\":\"Not\u00edcias de Bras\u00edlia, do Brasil e do Mundo\",\"publisher\":{\"@id\":\"https:\/\/www.notibras.com\/site\/#organization\"},\"potentialAction\":[{\"@type\":\"SearchAction\",\"target\":{\"@type\":\"EntryPoint\",\"urlTemplate\":\"https:\/\/www.notibras.com\/site\/?s={search_term_string}\"},\"query-input\":{\"@type\":\"PropertyValueSpecification\",\"valueRequired\":true,\"valueName\":\"search_term_string\"}}],\"inLanguage\":\"pt-BR\"},{\"@type\":\"Organization\",\"@id\":\"https:\/\/www.notibras.com\/site\/#organization\",\"name\":\"Grupo Notibras de Comunica\u00e7\u00e3o\",\"url\":\"https:\/\/www.notibras.com\/site\/\",\"logo\":{\"@type\":\"ImageObject\",\"inLanguage\":\"pt-BR\",\"@id\":\"https:\/\/www.notibras.com\/site\/#\/schema\/logo\/image\/\",\"url\":\"https:\/\/www.notibras.com\/site\/wp-content\/uploads\/2023\/01\/notibras23.png\",\"contentUrl\":\"https:\/\/www.notibras.com\/site\/wp-content\/uploads\/2023\/01\/notibras23.png\",\"width\":350,\"height\":87,\"caption\":\"Grupo Notibras de Comunica\u00e7\u00e3o\"},\"image\":{\"@id\":\"https:\/\/www.notibras.com\/site\/#\/schema\/logo\/image\/\"},\"sameAs\":[\"https:\/\/www.facebook.com\/notibras\/\",\"https:\/\/x.com\/Notibras\",\"https:\/\/www.instagram.com\/notibras\/\"]},{\"@type\":\"Person\",\"@id\":\"https:\/\/www.notibras.com\/site\/#\/schema\/person\/36ab0979449956132d3e5b517ea76ac8\",\"name\":\"Reda\u00e7\u00e3o\",\"image\":{\"@type\":\"ImageObject\",\"inLanguage\":\"pt-BR\",\"@id\":\"https:\/\/secure.gravatar.com\/avatar\/e0a867bdedb85fd243eadf09663511f96fc81e0720a4a42581f334ad4303aa6b?s=96&d=mm&r=g\",\"url\":\"https:\/\/secure.gravatar.com\/avatar\/e0a867bdedb85fd243eadf09663511f96fc81e0720a4a42581f334ad4303aa6b?s=96&d=mm&r=g\",\"contentUrl\":\"https:\/\/secure.gravatar.com\/avatar\/e0a867bdedb85fd243eadf09663511f96fc81e0720a4a42581f334ad4303aa6b?s=96&d=mm&r=g\",\"caption\":\"Reda\u00e7\u00e3o\"}}]}<\/script>\n<!-- \/ Yoast SEO plugin. -->","yoast_head_json":{"title":"Cabelos negros falsos fazem Apolo brochar - Notibras","robots":{"index":"index","follow":"follow","max-snippet":"max-snippet:-1","max-image-preview":"max-image-preview:large","max-video-preview":"max-video-preview:-1"},"canonical":"https:\/\/www.notibras.com\/site\/cabelos-negros-falsos-fazem-apolo-brochar\/","og_locale":"pt_BR","og_type":"article","og_title":"Cabelos negros falsos fazem Apolo brochar - Notibras","og_description":"Ainda curtindo as minhas f\u00e9rias em Porto Alegre, nem por isso deixo meus leitores de Notibras na m\u00e3o. Por isso, todos os dias escrevo uma cr\u00f4nica e a encaminho para a reda\u00e7\u00e3o. Como a que vai transcrita a seguir. Apolo, apesar do nome, n\u00e3o tinha apar\u00eancia apol\u00ednea. N\u00e3o que fosse feio. Mas nada de especial. [&hellip;]","og_url":"https:\/\/www.notibras.com\/site\/cabelos-negros-falsos-fazem-apolo-brochar\/","og_site_name":"Notibras","article_publisher":"https:\/\/www.facebook.com\/notibras\/","article_published_time":"2023-08-27T11:28:29+00:00","article_modified_time":"2023-08-27T12:02:37+00:00","og_image":[{"width":1200,"height":1200,"url":"https:\/\/www.notibras.com\/site\/wp-content\/uploads\/2023\/08\/cabelofalso.2.jpg","type":"image\/jpeg"}],"author":"Reda\u00e7\u00e3o","twitter_card":"summary_large_image","twitter_creator":"@Notibras","twitter_site":"@Notibras","twitter_misc":{"Escrito por":"Reda\u00e7\u00e3o","Est. tempo de leitura":"4 minutos"},"schema":{"@context":"https:\/\/schema.org","@graph":[{"@type":"Article","@id":"https:\/\/www.notibras.com\/site\/cabelos-negros-falsos-fazem-apolo-brochar\/#article","isPartOf":{"@id":"https:\/\/www.notibras.com\/site\/cabelos-negros-falsos-fazem-apolo-brochar\/"},"author":{"name":"Reda\u00e7\u00e3o","@id":"https:\/\/www.notibras.com\/site\/#\/schema\/person\/36ab0979449956132d3e5b517ea76ac8"},"headline":"Cabelos negros falsos fazem Apolo brochar","datePublished":"2023-08-27T11:28:29+00:00","dateModified":"2023-08-27T12:02:37+00:00","mainEntityOfPage":{"@id":"https:\/\/www.notibras.com\/site\/cabelos-negros-falsos-fazem-apolo-brochar\/"},"wordCount":621,"publisher":{"@id":"https:\/\/www.notibras.com\/site\/#organization"},"image":{"@id":"https:\/\/www.notibras.com\/site\/cabelos-negros-falsos-fazem-apolo-brochar\/#primaryimage"},"thumbnailUrl":"https:\/\/www.notibras.com\/site\/wp-content\/uploads\/2023\/08\/cabelofalso.2.jpg","articleSection":["Quadradinho em Foco"],"inLanguage":"pt-BR"},{"@type":"WebPage","@id":"https:\/\/www.notibras.com\/site\/cabelos-negros-falsos-fazem-apolo-brochar\/","url":"https:\/\/www.notibras.com\/site\/cabelos-negros-falsos-fazem-apolo-brochar\/","name":"Cabelos negros falsos fazem Apolo brochar - Notibras","isPartOf":{"@id":"https:\/\/www.notibras.com\/site\/#website"},"primaryImageOfPage":{"@id":"https:\/\/www.notibras.com\/site\/cabelos-negros-falsos-fazem-apolo-brochar\/#primaryimage"},"image":{"@id":"https:\/\/www.notibras.com\/site\/cabelos-negros-falsos-fazem-apolo-brochar\/#primaryimage"},"thumbnailUrl":"https:\/\/www.notibras.com\/site\/wp-content\/uploads\/2023\/08\/cabelofalso.2.jpg","datePublished":"2023-08-27T11:28:29+00:00","dateModified":"2023-08-27T12:02:37+00:00","breadcrumb":{"@id":"https:\/\/www.notibras.com\/site\/cabelos-negros-falsos-fazem-apolo-brochar\/#breadcrumb"},"inLanguage":"pt-BR","potentialAction":[{"@type":"ReadAction","target":["https:\/\/www.notibras.com\/site\/cabelos-negros-falsos-fazem-apolo-brochar\/"]}]},{"@type":"ImageObject","inLanguage":"pt-BR","@id":"https:\/\/www.notibras.com\/site\/cabelos-negros-falsos-fazem-apolo-brochar\/#primaryimage","url":"https:\/\/www.notibras.com\/site\/wp-content\/uploads\/2023\/08\/cabelofalso.2.jpg","contentUrl":"https:\/\/www.notibras.com\/site\/wp-content\/uploads\/2023\/08\/cabelofalso.2.jpg","width":1200,"height":1200},{"@type":"BreadcrumbList","@id":"https:\/\/www.notibras.com\/site\/cabelos-negros-falsos-fazem-apolo-brochar\/#breadcrumb","itemListElement":[{"@type":"ListItem","position":1,"name":"In\u00edcio","item":"https:\/\/www.notibras.com\/site\/"},{"@type":"ListItem","position":2,"name":"Cabelos negros falsos fazem Apolo brochar"}]},{"@type":"WebSite","@id":"https:\/\/www.notibras.com\/site\/#website","url":"https:\/\/www.notibras.com\/site\/","name":"Notibras","description":"Not\u00edcias de Bras\u00edlia, do Brasil e do Mundo","publisher":{"@id":"https:\/\/www.notibras.com\/site\/#organization"},"potentialAction":[{"@type":"SearchAction","target":{"@type":"EntryPoint","urlTemplate":"https:\/\/www.notibras.com\/site\/?s={search_term_string}"},"query-input":{"@type":"PropertyValueSpecification","valueRequired":true,"valueName":"search_term_string"}}],"inLanguage":"pt-BR"},{"@type":"Organization","@id":"https:\/\/www.notibras.com\/site\/#organization","name":"Grupo Notibras de Comunica\u00e7\u00e3o","url":"https:\/\/www.notibras.com\/site\/","logo":{"@type":"ImageObject","inLanguage":"pt-BR","@id":"https:\/\/www.notibras.com\/site\/#\/schema\/logo\/image\/","url":"https:\/\/www.notibras.com\/site\/wp-content\/uploads\/2023\/01\/notibras23.png","contentUrl":"https:\/\/www.notibras.com\/site\/wp-content\/uploads\/2023\/01\/notibras23.png","width":350,"height":87,"caption":"Grupo Notibras de Comunica\u00e7\u00e3o"},"image":{"@id":"https:\/\/www.notibras.com\/site\/#\/schema\/logo\/image\/"},"sameAs":["https:\/\/www.facebook.com\/notibras\/","https:\/\/x.com\/Notibras","https:\/\/www.instagram.com\/notibras\/"]},{"@type":"Person","@id":"https:\/\/www.notibras.com\/site\/#\/schema\/person\/36ab0979449956132d3e5b517ea76ac8","name":"Reda\u00e7\u00e3o","image":{"@type":"ImageObject","inLanguage":"pt-BR","@id":"https:\/\/secure.gravatar.com\/avatar\/e0a867bdedb85fd243eadf09663511f96fc81e0720a4a42581f334ad4303aa6b?s=96&d=mm&r=g","url":"https:\/\/secure.gravatar.com\/avatar\/e0a867bdedb85fd243eadf09663511f96fc81e0720a4a42581f334ad4303aa6b?s=96&d=mm&r=g","contentUrl":"https:\/\/secure.gravatar.com\/avatar\/e0a867bdedb85fd243eadf09663511f96fc81e0720a4a42581f334ad4303aa6b?s=96&d=mm&r=g","caption":"Reda\u00e7\u00e3o"}}]}},"amp_enabled":true,"_links":{"self":[{"href":"https:\/\/www.notibras.com\/site\/wp-json\/wp\/v2\/posts\/311742","targetHints":{"allow":["GET"]}}],"collection":[{"href":"https:\/\/www.notibras.com\/site\/wp-json\/wp\/v2\/posts"}],"about":[{"href":"https:\/\/www.notibras.com\/site\/wp-json\/wp\/v2\/types\/post"}],"author":[{"embeddable":true,"href":"https:\/\/www.notibras.com\/site\/wp-json\/wp\/v2\/users\/2"}],"replies":[{"embeddable":true,"href":"https:\/\/www.notibras.com\/site\/wp-json\/wp\/v2\/comments?post=311742"}],"version-history":[{"count":2,"href":"https:\/\/www.notibras.com\/site\/wp-json\/wp\/v2\/posts\/311742\/revisions"}],"predecessor-version":[{"id":311750,"href":"https:\/\/www.notibras.com\/site\/wp-json\/wp\/v2\/posts\/311742\/revisions\/311750"}],"wp:featuredmedia":[{"embeddable":true,"href":"https:\/\/www.notibras.com\/site\/wp-json\/wp\/v2\/media\/311744"}],"wp:attachment":[{"href":"https:\/\/www.notibras.com\/site\/wp-json\/wp\/v2\/media?parent=311742"}],"wp:term":[{"taxonomy":"category","embeddable":true,"href":"https:\/\/www.notibras.com\/site\/wp-json\/wp\/v2\/categories?post=311742"},{"taxonomy":"post_tag","embeddable":true,"href":"https:\/\/www.notibras.com\/site\/wp-json\/wp\/v2\/tags?post=311742"}],"curies":[{"name":"wp","href":"https:\/\/api.w.org\/{rel}","templated":true}]}}