{"id":31175,"date":"2014-12-14T23:09:31","date_gmt":"2014-12-15T02:09:31","guid":{"rendered":"http:\/\/www.notibras.com\/site\/?p=31175"},"modified":"2014-12-20T08:37:22","modified_gmt":"2014-12-20T11:37:22","slug":"vasco-surpreende-e-acerta-com-doriva-para-treinar-o-time-em-2015","status":"publish","type":"post","link":"https:\/\/www.notibras.com\/site\/vasco-surpreende-e-acerta-com-doriva-para-treinar-o-time-em-2015\/","title":{"rendered":"Vasco surpreende e acerta com Doriva para treinar o time"},"content":{"rendered":"<p>Depois de anunciar e ver a reviravolta com o nome de Marquinhos Santos, a diretoria do Vasco definiu o nome do novo treinador para a temporada 2015: Dorival Ghidoni J\u00fanior, o Doriva. O an\u00fancio foi feito na noite deste domingo no site oficial do clube. O t\u00e9cnico ser\u00e1 apresentado nesta segunda-feira, \u00e0s 17h, em S\u00e3o Janu\u00e1rio, pelo presidente Eurico Miranda. Ele havia acertado com o Botafogo-SP na \u00faltima semana e chegou a ser apresentado oficialmente, mas acabou sendo seduzido pela oportunidade de trabalhar na Colina.<\/p>\n<p>Por meio de sua assessoria de imprensa, Doriva escreveu um comunicado na noite deste domingo em que agradece a confian\u00e7a do Botafogo, de Ribeir\u00e3o Preto, por\u00e9m, se desculpa e afirma que n\u00e3o podia recusar o convite do Vasco.<\/p>\n<blockquote><p>&#8211; Quero primeiro agradecer a confian\u00e7a que a diretoria do Botafogo depositou na minha contrata\u00e7\u00e3o. O trabalho deveria come\u00e7ar efetivamente nesta segunda feira, mas comunico que estou deixando o clube. Recebi um convite neste domingo que me agradou e muito. \u00c9 uma proposta de trabalho para a pr\u00f3xima temporada no Vasco da Gama, um dos grandes clubes do futebol brasileiro. Lamento frustrar as pessoas envolvidas do Botafogo para o Campeonato Paulista, mas n\u00e3o pude recusar este convite. Pe\u00e7o desculpas a diretoria, atletas e torcedores, desejando um bom campeonato. Obrigado pelo tratamento como todos me receberam em Ribeir\u00e3o Preto &#8211; escreveu.<\/p><\/blockquote>\n<p>Do atual elenco vasca\u00edno, Doriva j\u00e1 trabalhou com o atacante Rafael Silva e o zagueiro Anderson Salles na conquista do Campeonato Paulista de 2014 com o Ituano.<\/p>\n<p>No Brasileiro, Doriva dirigiu o Atl\u00e9tico Paranaense e, agora em dezembro, assumiu o Botafogo de Ribeiro Preto, S\u00e3o Paulo, para o Paulista de 2015. Como jogador, foi campe\u00e3o mundial com o S\u00e3o Paulo em 1993 e fazia parte da delega\u00e7\u00e3o brasileira no Mundial da Fran\u00e7a, em 1998.<\/p>\n<p>O Vasco n\u00e3o quis renovar com Joel Santana e escolheu Marquinhos Santos inicialmente, mas um grave problema de sa\u00fade na fam\u00edlia fez o t\u00e9cnico desistir de vir para o Rio. Outra op\u00e7\u00e3o, Gilson Kleina foi analisado, mas logo descartado em S\u00e3o Janu\u00e1rio.<\/p>\n","protected":false},"excerpt":{"rendered":"<p>Depois de anunciar e ver a reviravolta com o nome de Marquinhos Santos, a diretoria do Vasco definiu o nome do novo treinador para a temporada 2015: Dorival Ghidoni J\u00fanior, o Doriva. O an\u00fancio foi feito na noite deste domingo no site oficial do clube. O t\u00e9cnico ser\u00e1 apresentado nesta segunda-feira, \u00e0s 17h, em S\u00e3o [&hellip;]<\/p>\n","protected":false},"author":1,"featured_media":31176,"comment_status":"open","ping_status":"closed","sticky":false,"template":"","format":"standard","meta":{"_acf_changed":false,"footnotes":""},"categories":[29],"tags":[],"class_list":["post-31175","post","type-post","status-publish","format-standard","has-post-thumbnail","hentry","category-futebol"],"acf":[],"yoast_head":"<!-- This site is optimized with the Yoast SEO plugin v27.2 - https:\/\/yoast.com\/product\/yoast-seo-wordpress\/ -->\n<title>Vasco surpreende e acerta com Doriva para treinar o time - Notibras<\/title>\n<meta name=\"robots\" content=\"index, follow, max-snippet:-1, max-image-preview:large, max-video-preview:-1\" \/>\n<link rel=\"canonical\" href=\"https:\/\/www.notibras.com\/site\/vasco-surpreende-e-acerta-com-doriva-para-treinar-o-time-em-2015\/\" \/>\n<meta property=\"og:locale\" content=\"pt_BR\" \/>\n<meta property=\"og:type\" content=\"article\" \/>\n<meta property=\"og:title\" content=\"Vasco surpreende e acerta com Doriva para treinar o time - Notibras\" \/>\n<meta property=\"og:description\" content=\"Depois de anunciar e ver a reviravolta com o nome de Marquinhos Santos, a diretoria do Vasco definiu o nome do novo treinador para a temporada 2015: Dorival Ghidoni J\u00fanior, o Doriva. O an\u00fancio foi feito na noite deste domingo no site oficial do clube. O t\u00e9cnico ser\u00e1 apresentado nesta segunda-feira, \u00e0s 17h, em S\u00e3o [&hellip;]\" \/>\n<meta property=\"og:url\" content=\"https:\/\/www.notibras.com\/site\/vasco-surpreende-e-acerta-com-doriva-para-treinar-o-time-em-2015\/\" \/>\n<meta property=\"og:site_name\" content=\"Notibras\" \/>\n<meta property=\"article:publisher\" content=\"https:\/\/www.facebook.com\/notibras\/\" \/>\n<meta property=\"article:published_time\" content=\"2014-12-15T02:09:31+00:00\" \/>\n<meta property=\"article:modified_time\" content=\"2014-12-20T11:37:22+00:00\" \/>\n<meta property=\"og:image\" content=\"https:\/\/www.notibras.com\/site\/wp-content\/uploads\/2014\/12\/bota5.png\" \/>\n\t<meta property=\"og:image:width\" content=\"400\" \/>\n\t<meta property=\"og:image:height\" content=\"400\" \/>\n\t<meta property=\"og:image:type\" content=\"image\/png\" \/>\n<meta name=\"author\" content=\"Reda\u00e7\u00e3o\" \/>\n<meta name=\"twitter:card\" content=\"summary_large_image\" \/>\n<meta name=\"twitter:creator\" content=\"@Notibras\" \/>\n<meta name=\"twitter:site\" content=\"@Notibras\" \/>\n<meta name=\"twitter:label1\" content=\"Escrito por\" \/>\n\t<meta name=\"twitter:data1\" content=\"Reda\u00e7\u00e3o\" \/>\n\t<meta name=\"twitter:label2\" content=\"Est. tempo de leitura\" \/>\n\t<meta name=\"twitter:data2\" content=\"2 minutos\" \/>\n<script type=\"application\/ld+json\" class=\"yoast-schema-graph\">{\"@context\":\"https:\/\/schema.org\",\"@graph\":[{\"@type\":\"Article\",\"@id\":\"https:\/\/www.notibras.com\/site\/vasco-surpreende-e-acerta-com-doriva-para-treinar-o-time-em-2015\/#article\",\"isPartOf\":{\"@id\":\"https:\/\/www.notibras.com\/site\/vasco-surpreende-e-acerta-com-doriva-para-treinar-o-time-em-2015\/\"},\"author\":{\"name\":\"Reda\u00e7\u00e3o\",\"@id\":\"https:\/\/www.notibras.com\/site\/#\/schema\/person\/00b8e1aa08f9ef6563e878c5159d01cf\"},\"headline\":\"Vasco surpreende e acerta com Doriva para treinar o time\",\"datePublished\":\"2014-12-15T02:09:31+00:00\",\"dateModified\":\"2014-12-20T11:37:22+00:00\",\"mainEntityOfPage\":{\"@id\":\"https:\/\/www.notibras.com\/site\/vasco-surpreende-e-acerta-com-doriva-para-treinar-o-time-em-2015\/\"},\"wordCount\":373,\"commentCount\":0,\"publisher\":{\"@id\":\"https:\/\/www.notibras.com\/site\/#organization\"},\"image\":{\"@id\":\"https:\/\/www.notibras.com\/site\/vasco-surpreende-e-acerta-com-doriva-para-treinar-o-time-em-2015\/#primaryimage\"},\"thumbnailUrl\":\"https:\/\/www.notibras.com\/site\/wp-content\/uploads\/2014\/12\/bota5.png\",\"articleSection\":[\"Futebol\"],\"inLanguage\":\"pt-BR\",\"potentialAction\":[{\"@type\":\"CommentAction\",\"name\":\"Comment\",\"target\":[\"https:\/\/www.notibras.com\/site\/vasco-surpreende-e-acerta-com-doriva-para-treinar-o-time-em-2015\/#respond\"]}]},{\"@type\":\"WebPage\",\"@id\":\"https:\/\/www.notibras.com\/site\/vasco-surpreende-e-acerta-com-doriva-para-treinar-o-time-em-2015\/\",\"url\":\"https:\/\/www.notibras.com\/site\/vasco-surpreende-e-acerta-com-doriva-para-treinar-o-time-em-2015\/\",\"name\":\"Vasco surpreende e acerta com Doriva para treinar o time - Notibras\",\"isPartOf\":{\"@id\":\"https:\/\/www.notibras.com\/site\/#website\"},\"primaryImageOfPage\":{\"@id\":\"https:\/\/www.notibras.com\/site\/vasco-surpreende-e-acerta-com-doriva-para-treinar-o-time-em-2015\/#primaryimage\"},\"image\":{\"@id\":\"https:\/\/www.notibras.com\/site\/vasco-surpreende-e-acerta-com-doriva-para-treinar-o-time-em-2015\/#primaryimage\"},\"thumbnailUrl\":\"https:\/\/www.notibras.com\/site\/wp-content\/uploads\/2014\/12\/bota5.png\",\"datePublished\":\"2014-12-15T02:09:31+00:00\",\"dateModified\":\"2014-12-20T11:37:22+00:00\",\"breadcrumb\":{\"@id\":\"https:\/\/www.notibras.com\/site\/vasco-surpreende-e-acerta-com-doriva-para-treinar-o-time-em-2015\/#breadcrumb\"},\"inLanguage\":\"pt-BR\",\"potentialAction\":[{\"@type\":\"ReadAction\",\"target\":[\"https:\/\/www.notibras.com\/site\/vasco-surpreende-e-acerta-com-doriva-para-treinar-o-time-em-2015\/\"]}]},{\"@type\":\"ImageObject\",\"inLanguage\":\"pt-BR\",\"@id\":\"https:\/\/www.notibras.com\/site\/vasco-surpreende-e-acerta-com-doriva-para-treinar-o-time-em-2015\/#primaryimage\",\"url\":\"https:\/\/www.notibras.com\/site\/wp-content\/uploads\/2014\/12\/bota5.png\",\"contentUrl\":\"https:\/\/www.notibras.com\/site\/wp-content\/uploads\/2014\/12\/bota5.png\",\"width\":400,\"height\":400},{\"@type\":\"BreadcrumbList\",\"@id\":\"https:\/\/www.notibras.com\/site\/vasco-surpreende-e-acerta-com-doriva-para-treinar-o-time-em-2015\/#breadcrumb\",\"itemListElement\":[{\"@type\":\"ListItem\",\"position\":1,\"name\":\"In\u00edcio\",\"item\":\"https:\/\/www.notibras.com\/site\/\"},{\"@type\":\"ListItem\",\"position\":2,\"name\":\"Vasco surpreende e acerta com Doriva para treinar o time\"}]},{\"@type\":\"WebSite\",\"@id\":\"https:\/\/www.notibras.com\/site\/#website\",\"url\":\"https:\/\/www.notibras.com\/site\/\",\"name\":\"Notibras\",\"description\":\"Not\u00edcias de Bras\u00edlia, do Brasil e do Mundo\",\"publisher\":{\"@id\":\"https:\/\/www.notibras.com\/site\/#organization\"},\"potentialAction\":[{\"@type\":\"SearchAction\",\"target\":{\"@type\":\"EntryPoint\",\"urlTemplate\":\"https:\/\/www.notibras.com\/site\/?s={search_term_string}\"},\"query-input\":{\"@type\":\"PropertyValueSpecification\",\"valueRequired\":true,\"valueName\":\"search_term_string\"}}],\"inLanguage\":\"pt-BR\"},{\"@type\":\"Organization\",\"@id\":\"https:\/\/www.notibras.com\/site\/#organization\",\"name\":\"Grupo Notibras de Comunica\u00e7\u00e3o\",\"url\":\"https:\/\/www.notibras.com\/site\/\",\"logo\":{\"@type\":\"ImageObject\",\"inLanguage\":\"pt-BR\",\"@id\":\"https:\/\/www.notibras.com\/site\/#\/schema\/logo\/image\/\",\"url\":\"https:\/\/www.notibras.com\/site\/wp-content\/uploads\/2023\/01\/notibras23.png\",\"contentUrl\":\"https:\/\/www.notibras.com\/site\/wp-content\/uploads\/2023\/01\/notibras23.png\",\"width\":350,\"height\":87,\"caption\":\"Grupo Notibras de Comunica\u00e7\u00e3o\"},\"image\":{\"@id\":\"https:\/\/www.notibras.com\/site\/#\/schema\/logo\/image\/\"},\"sameAs\":[\"https:\/\/www.facebook.com\/notibras\/\",\"https:\/\/x.com\/Notibras\",\"https:\/\/www.instagram.com\/notibras\/\"]},{\"@type\":\"Person\",\"@id\":\"https:\/\/www.notibras.com\/site\/#\/schema\/person\/00b8e1aa08f9ef6563e878c5159d01cf\",\"name\":\"Reda\u00e7\u00e3o\",\"image\":{\"@type\":\"ImageObject\",\"inLanguage\":\"pt-BR\",\"@id\":\"https:\/\/secure.gravatar.com\/avatar\/ac5a707d5b47784a5ed426c6e213e201423c750890f64e4c379114dade67dfb9?s=96&d=mm&r=g\",\"url\":\"https:\/\/secure.gravatar.com\/avatar\/ac5a707d5b47784a5ed426c6e213e201423c750890f64e4c379114dade67dfb9?s=96&d=mm&r=g\",\"contentUrl\":\"https:\/\/secure.gravatar.com\/avatar\/ac5a707d5b47784a5ed426c6e213e201423c750890f64e4c379114dade67dfb9?s=96&d=mm&r=g\",\"caption\":\"Reda\u00e7\u00e3o\"}}]}<\/script>\n<!-- \/ Yoast SEO plugin. -->","yoast_head_json":{"title":"Vasco surpreende e acerta com Doriva para treinar o time - Notibras","robots":{"index":"index","follow":"follow","max-snippet":"max-snippet:-1","max-image-preview":"max-image-preview:large","max-video-preview":"max-video-preview:-1"},"canonical":"https:\/\/www.notibras.com\/site\/vasco-surpreende-e-acerta-com-doriva-para-treinar-o-time-em-2015\/","og_locale":"pt_BR","og_type":"article","og_title":"Vasco surpreende e acerta com Doriva para treinar o time - Notibras","og_description":"Depois de anunciar e ver a reviravolta com o nome de Marquinhos Santos, a diretoria do Vasco definiu o nome do novo treinador para a temporada 2015: Dorival Ghidoni J\u00fanior, o Doriva. O an\u00fancio foi feito na noite deste domingo no site oficial do clube. O t\u00e9cnico ser\u00e1 apresentado nesta segunda-feira, \u00e0s 17h, em S\u00e3o [&hellip;]","og_url":"https:\/\/www.notibras.com\/site\/vasco-surpreende-e-acerta-com-doriva-para-treinar-o-time-em-2015\/","og_site_name":"Notibras","article_publisher":"https:\/\/www.facebook.com\/notibras\/","article_published_time":"2014-12-15T02:09:31+00:00","article_modified_time":"2014-12-20T11:37:22+00:00","og_image":[{"width":400,"height":400,"url":"https:\/\/www.notibras.com\/site\/wp-content\/uploads\/2014\/12\/bota5.png","type":"image\/png"}],"author":"Reda\u00e7\u00e3o","twitter_card":"summary_large_image","twitter_creator":"@Notibras","twitter_site":"@Notibras","twitter_misc":{"Escrito por":"Reda\u00e7\u00e3o","Est. tempo de leitura":"2 minutos"},"schema":{"@context":"https:\/\/schema.org","@graph":[{"@type":"Article","@id":"https:\/\/www.notibras.com\/site\/vasco-surpreende-e-acerta-com-doriva-para-treinar-o-time-em-2015\/#article","isPartOf":{"@id":"https:\/\/www.notibras.com\/site\/vasco-surpreende-e-acerta-com-doriva-para-treinar-o-time-em-2015\/"},"author":{"name":"Reda\u00e7\u00e3o","@id":"https:\/\/www.notibras.com\/site\/#\/schema\/person\/00b8e1aa08f9ef6563e878c5159d01cf"},"headline":"Vasco surpreende e acerta com Doriva para treinar o time","datePublished":"2014-12-15T02:09:31+00:00","dateModified":"2014-12-20T11:37:22+00:00","mainEntityOfPage":{"@id":"https:\/\/www.notibras.com\/site\/vasco-surpreende-e-acerta-com-doriva-para-treinar-o-time-em-2015\/"},"wordCount":373,"commentCount":0,"publisher":{"@id":"https:\/\/www.notibras.com\/site\/#organization"},"image":{"@id":"https:\/\/www.notibras.com\/site\/vasco-surpreende-e-acerta-com-doriva-para-treinar-o-time-em-2015\/#primaryimage"},"thumbnailUrl":"https:\/\/www.notibras.com\/site\/wp-content\/uploads\/2014\/12\/bota5.png","articleSection":["Futebol"],"inLanguage":"pt-BR","potentialAction":[{"@type":"CommentAction","name":"Comment","target":["https:\/\/www.notibras.com\/site\/vasco-surpreende-e-acerta-com-doriva-para-treinar-o-time-em-2015\/#respond"]}]},{"@type":"WebPage","@id":"https:\/\/www.notibras.com\/site\/vasco-surpreende-e-acerta-com-doriva-para-treinar-o-time-em-2015\/","url":"https:\/\/www.notibras.com\/site\/vasco-surpreende-e-acerta-com-doriva-para-treinar-o-time-em-2015\/","name":"Vasco surpreende e acerta com Doriva para treinar o time - Notibras","isPartOf":{"@id":"https:\/\/www.notibras.com\/site\/#website"},"primaryImageOfPage":{"@id":"https:\/\/www.notibras.com\/site\/vasco-surpreende-e-acerta-com-doriva-para-treinar-o-time-em-2015\/#primaryimage"},"image":{"@id":"https:\/\/www.notibras.com\/site\/vasco-surpreende-e-acerta-com-doriva-para-treinar-o-time-em-2015\/#primaryimage"},"thumbnailUrl":"https:\/\/www.notibras.com\/site\/wp-content\/uploads\/2014\/12\/bota5.png","datePublished":"2014-12-15T02:09:31+00:00","dateModified":"2014-12-20T11:37:22+00:00","breadcrumb":{"@id":"https:\/\/www.notibras.com\/site\/vasco-surpreende-e-acerta-com-doriva-para-treinar-o-time-em-2015\/#breadcrumb"},"inLanguage":"pt-BR","potentialAction":[{"@type":"ReadAction","target":["https:\/\/www.notibras.com\/site\/vasco-surpreende-e-acerta-com-doriva-para-treinar-o-time-em-2015\/"]}]},{"@type":"ImageObject","inLanguage":"pt-BR","@id":"https:\/\/www.notibras.com\/site\/vasco-surpreende-e-acerta-com-doriva-para-treinar-o-time-em-2015\/#primaryimage","url":"https:\/\/www.notibras.com\/site\/wp-content\/uploads\/2014\/12\/bota5.png","contentUrl":"https:\/\/www.notibras.com\/site\/wp-content\/uploads\/2014\/12\/bota5.png","width":400,"height":400},{"@type":"BreadcrumbList","@id":"https:\/\/www.notibras.com\/site\/vasco-surpreende-e-acerta-com-doriva-para-treinar-o-time-em-2015\/#breadcrumb","itemListElement":[{"@type":"ListItem","position":1,"name":"In\u00edcio","item":"https:\/\/www.notibras.com\/site\/"},{"@type":"ListItem","position":2,"name":"Vasco surpreende e acerta com Doriva para treinar o time"}]},{"@type":"WebSite","@id":"https:\/\/www.notibras.com\/site\/#website","url":"https:\/\/www.notibras.com\/site\/","name":"Notibras","description":"Not\u00edcias de Bras\u00edlia, do Brasil e do Mundo","publisher":{"@id":"https:\/\/www.notibras.com\/site\/#organization"},"potentialAction":[{"@type":"SearchAction","target":{"@type":"EntryPoint","urlTemplate":"https:\/\/www.notibras.com\/site\/?s={search_term_string}"},"query-input":{"@type":"PropertyValueSpecification","valueRequired":true,"valueName":"search_term_string"}}],"inLanguage":"pt-BR"},{"@type":"Organization","@id":"https:\/\/www.notibras.com\/site\/#organization","name":"Grupo Notibras de Comunica\u00e7\u00e3o","url":"https:\/\/www.notibras.com\/site\/","logo":{"@type":"ImageObject","inLanguage":"pt-BR","@id":"https:\/\/www.notibras.com\/site\/#\/schema\/logo\/image\/","url":"https:\/\/www.notibras.com\/site\/wp-content\/uploads\/2023\/01\/notibras23.png","contentUrl":"https:\/\/www.notibras.com\/site\/wp-content\/uploads\/2023\/01\/notibras23.png","width":350,"height":87,"caption":"Grupo Notibras de Comunica\u00e7\u00e3o"},"image":{"@id":"https:\/\/www.notibras.com\/site\/#\/schema\/logo\/image\/"},"sameAs":["https:\/\/www.facebook.com\/notibras\/","https:\/\/x.com\/Notibras","https:\/\/www.instagram.com\/notibras\/"]},{"@type":"Person","@id":"https:\/\/www.notibras.com\/site\/#\/schema\/person\/00b8e1aa08f9ef6563e878c5159d01cf","name":"Reda\u00e7\u00e3o","image":{"@type":"ImageObject","inLanguage":"pt-BR","@id":"https:\/\/secure.gravatar.com\/avatar\/ac5a707d5b47784a5ed426c6e213e201423c750890f64e4c379114dade67dfb9?s=96&d=mm&r=g","url":"https:\/\/secure.gravatar.com\/avatar\/ac5a707d5b47784a5ed426c6e213e201423c750890f64e4c379114dade67dfb9?s=96&d=mm&r=g","contentUrl":"https:\/\/secure.gravatar.com\/avatar\/ac5a707d5b47784a5ed426c6e213e201423c750890f64e4c379114dade67dfb9?s=96&d=mm&r=g","caption":"Reda\u00e7\u00e3o"}}]}},"amp_enabled":true,"_links":{"self":[{"href":"https:\/\/www.notibras.com\/site\/wp-json\/wp\/v2\/posts\/31175","targetHints":{"allow":["GET"]}}],"collection":[{"href":"https:\/\/www.notibras.com\/site\/wp-json\/wp\/v2\/posts"}],"about":[{"href":"https:\/\/www.notibras.com\/site\/wp-json\/wp\/v2\/types\/post"}],"author":[{"embeddable":true,"href":"https:\/\/www.notibras.com\/site\/wp-json\/wp\/v2\/users\/1"}],"replies":[{"embeddable":true,"href":"https:\/\/www.notibras.com\/site\/wp-json\/wp\/v2\/comments?post=31175"}],"version-history":[{"count":0,"href":"https:\/\/www.notibras.com\/site\/wp-json\/wp\/v2\/posts\/31175\/revisions"}],"wp:featuredmedia":[{"embeddable":true,"href":"https:\/\/www.notibras.com\/site\/wp-json\/wp\/v2\/media\/31176"}],"wp:attachment":[{"href":"https:\/\/www.notibras.com\/site\/wp-json\/wp\/v2\/media?parent=31175"}],"wp:term":[{"taxonomy":"category","embeddable":true,"href":"https:\/\/www.notibras.com\/site\/wp-json\/wp\/v2\/categories?post=31175"},{"taxonomy":"post_tag","embeddable":true,"href":"https:\/\/www.notibras.com\/site\/wp-json\/wp\/v2\/tags?post=31175"}],"curies":[{"name":"wp","href":"https:\/\/api.w.org\/{rel}","templated":true}]}}